{"id":2337,"date":"2025-04-29T12:39:58","date_gmt":"2025-04-29T15:39:58","guid":{"rendered":"https:\/\/diariodelsurdigital.com.ar\/?p=2337"},"modified":"2025-04-29T12:39:59","modified_gmt":"2025-04-29T15:39:59","slug":"la-camara-de-diputados-interpela-a-funcionarios-por-el-caso-libra","status":"publish","type":"post","link":"https:\/\/diariodelsurdigital.com.ar\/?p=2337","title":{"rendered":"La C\u00e1mara de Diputados interpela a funcionarios por el caso $LIBRA"},"content":{"rendered":"\n<p>La sesi\u00f3n est\u00e1 convocada para este martes a las 14. El principal protagonista ser\u00e1 el jefe de Gabinete, Guillermo Francos, aunque tambi\u00e9n vendr\u00eda el ministro de Justicia, Mariano C\u00faneo Libarona. Estiman m\u00e1s de 10 horas.<\/p>\n\n\n\n<p><\/p>\n\n\n\n<p>Tras una semana m\u00e1s de espera, por la postergaci\u00f3n de agenda por la muerte del papa Francisco, la oposici\u00f3n ver\u00e1 finalmente este martes la concreci\u00f3n de la sesi\u00f3n para la interpelaci\u00f3n de funcionarios del Gobierno nacional dentro del recinto de la C\u00e1mara de Diputados, una instancia de la cual el \u00faltimo registro data de 1996 con Domingo Cavallo como protagonista.<\/p>\n\n\n\n<p>Los bloques de Uni\u00f3n por la Patria, Encuentro Federal, Democracia para Siempre, Coalici\u00f3n C\u00edvica y Frente de Izquierda lograron hace 20 d\u00edas aprobar por 131 votos a favor y 96 en contra (hubo adem\u00e1s por la positiva un pu\u00f1ado de cinco legisladores de otras bancadas) la convocatoria al jefe de Gabinete, Guillermo Francos, los ministros Mariano C\u00faneo Libarona (Justicia) y Luis Caputo (Econom\u00eda), y el titular de la Comisi\u00f3n Nacional de Valores, Roberto Silva, para que sean interrogados por la presunta estafa de $LIBRA, criptomoneda que el presidente Javier Milei promocion\u00f3 por sus redes sociales el D\u00eda de los Enamorados.<\/p>\n\n\n\n<p>Tal cual se anticipa, Francos ser\u00e1 el principal protagonista y podr\u00eda estar acompa\u00f1ado por C\u00faneo Libarona. En el caso de Caputo, quien se reh\u00fasa a asistir al Congreso para rendir cualquier tipo de explicaci\u00f3n, sectores de la oposici\u00f3n m\u00e1s dura advirtieron que su ausencia podr\u00eda ser tomada como causal de juicio pol\u00edtico.<\/p>\n\n\n\n<p>Aunque el art\u00edculo 71 de la Constituci\u00f3n Nacional prev\u00e9 la interpelaci\u00f3n, al indicar que \u00abcada una de las C\u00e1maras puede hacer venir a su sala a los ministros del Poder Ejecutivo para recibir las explicaciones e informes que estime convenientes\u00bb, no hay establecida ninguna \u00abconsecuencia\u00bb sobre la falta; pero hay quienes interpretan que caer\u00eda en incumplimiento de los deberes de funcionario p\u00fablico.<\/p>\n\n\n\n<p>En cuanto a Silva, al no tener rango de ministro, en el oficialismo consideran que puede esquivar el asunto. No obstante, el titular de la CNV es una de las fichas puestas para ser citado por la comisi\u00f3n investigadora que se reunir\u00e1 este mi\u00e9rcoles, y donde la oposici\u00f3n tendr\u00e1 el desaf\u00edo de romper con una paridad de paralice las acciones.<\/p>\n\n\n\n<p>De acuerdo a la hoja de ruta que ya pens\u00f3 la oposici\u00f3n, pero que terminar\u00e1 de definirse antes de la sesi\u00f3n en reuni\u00f3n de Labor Parlamentaria, se estima que la interpelaci\u00f3n podr\u00eda durar m\u00e1s de 10 horas.<\/p>\n\n\n\n<p>Como primer paso, se prev\u00e9 una exposici\u00f3n de los funcionarios de una hora, que podr\u00e1 extenderse media hora m\u00e1s. En caso que asistan Francos y C\u00faneo Libarona, compartir\u00e1n tiempo. Luego se tomar\u00e1 la misma cantidad de tiempo para que los miembros interpelantes, es decir, los cinco bloques que impulsaron la citaci\u00f3n, formulen preguntas y los interpelados respondan.<\/p>\n\n\n\n<p>Despu\u00e9s se abrir\u00eda el tiempo para el resto de las bancadas, con una serie de preguntas agrupadas por tiempo, a ser contestadas por los funcionarios, en una mec\u00e1nica similar a las sesiones informativas del jefe de Gabinete.<\/p>\n\n\n\n<p>Finalmente, en la oposici\u00f3n pidieron que haya cierres de bloques para hacer consideraciones finales, donde sin duda podr\u00eda llegar a haber encendidos discursos pol\u00edticos respecto de lo que hayan sido las respuestas y en torno al episodio protagonizado por el presidente Milei, en lo que represent\u00f3 la primera crisis de la gesti\u00f3n libertaria y que el Gobierno buscaba que se diluya en el tiempo.<\/p>\n\n\n\n<p>Concluida la interpelaci\u00f3n, la cuesti\u00f3n $LIBRA continuar\u00e1 al d\u00eda siguiente con la constituci\u00f3n de la comisi\u00f3n investigadora, donde la oposici\u00f3n se prepara para trabajar durante tres meses en el tema, con la facultad para citar testigos y recibir denuncias. Por estas horas, hay discusi\u00f3n sobre hasta qu\u00e9 grado llegan sus atribuciones para que los citados concurran.<\/p>\n\n\n\n<p>Sobre el caso $LIBRA, con denuncias de damnificados en Argentina y el extranjero, Francos decidi\u00f3 no responder en el \u00faltimo informe de gesti\u00f3n que envi\u00f3 por escrito, as\u00ed como tampoco verbalmente en la sesi\u00f3n del pasado 16 de abril. Este lunes, en la antesala de la interpelaci\u00f3n, dijo: \u00abEs un tema que poco tiene que ver con mi funci\u00f3n o con la administraci\u00f3n p\u00fablica, as\u00ed que es poco lo que puedo decir, pero iremos al Congreso cumpliendo con nuestra obligaci\u00f3n\u00bb.<\/p>\n\n\n\n<p>Adem\u00e1s de la creaci\u00f3n de la comisi\u00f3n investigadora y la interpelaci\u00f3n de funcionarios, en la sesi\u00f3n del 8 de abril pasado se aprob\u00f3 un pedido de informes al Poder Ejecutivo con m\u00e1s de 100 preguntas relacionadas a la organizaci\u00f3n y planificaci\u00f3n de $LIBRA; el asesoramiento previo a la publicaci\u00f3n por parte del presidente en la red social X; la responsabilidad del presidente y medidas a futuro; la participaci\u00f3n de Karina Milei, la defensa legal del presidente, la relaci\u00f3n con los promotores del activo y las visitas que recibi\u00f3 en Casa Rosada, entre otras. Varias de ellas, seguramente, ser\u00e1n las que se trasladen verbalmente este martes dentro del recinto, public\u00f3 Parlamentario.<\/p>\n","protected":false},"excerpt":{"rendered":"<p>La sesi\u00f3n est\u00e1 convocada para este martes a las 14. El principal protagonista ser\u00e1 el jefe de Gabinete, Guillermo Francos, aunque tambi\u00e9n vendr\u00eda el ministro de Justicia, Mariano C\u00faneo Libarona. Estiman m\u00e1s de 10 horas. Tras una semana m\u00e1s de espera, por la postergaci\u00f3n de agenda por la muerte del papa Francisco, la oposici\u00f3n ver\u00e1 [&hellip;]<\/p>\n","protected":false},"author":4,"featured_media":2338,"comment_status":"open","ping_status":"open","sticky":false,"template":"","format":"standard","meta":{"footnotes":""},"categories":[18,22],"tags":[],"class_list":{"0":"post-2337","1":"post","2":"type-post","3":"status-publish","4":"format-standard","5":"has-post-thumbnail","7":"category-nacionales","8":"category-politica"},"yoast_head":"<!-- This site is optimized with the Yoast SEO plugin v27.4 - https:\/\/yoast.com\/product\/yoast-seo-wordpress\/ -->\n<title>La C\u00e1mara de Diputados interpela a funcionarios por el caso $LIBRA - Diario del Sur<\/title>\n<meta name=\"robots\" content=\"index, follow, max-snippet:-1, max-image-preview:large, max-video-preview:-1\" \/>\n<link rel=\"canonical\" href=\"https:\/\/diariodelsurdigital.com.ar\/?p=2337\" \/>\n<meta property=\"og:locale\" content=\"es_ES\" \/>\n<meta property=\"og:type\" content=\"article\" \/>\n<meta property=\"og:title\" content=\"La C\u00e1mara de Diputados interpela a funcionarios por el caso $LIBRA - Diario del Sur\" \/>\n<meta property=\"og:description\" content=\"La sesi\u00f3n est\u00e1 convocada para este martes a las 14. El principal protagonista ser\u00e1 el jefe de Gabinete, Guillermo Francos, aunque tambi\u00e9n vendr\u00eda el ministro de Justicia, Mariano C\u00faneo Libarona. Estiman m\u00e1s de 10 horas. Tras una semana m\u00e1s de espera, por la postergaci\u00f3n de agenda por la muerte del papa Francisco, la oposici\u00f3n ver\u00e1 [&hellip;]\" \/>\n<meta property=\"og:url\" content=\"https:\/\/diariodelsurdigital.com.ar\/?p=2337\" \/>\n<meta property=\"og:site_name\" content=\"Diario del Sur\" \/>\n<meta property=\"article:published_time\" content=\"2025-04-29T15:39:58+00:00\" \/>\n<meta property=\"article:modified_time\" content=\"2025-04-29T15:39:59+00:00\" \/>\n<meta property=\"og:image\" content=\"https:\/\/diariodelsurdigital.com.ar\/wp-content\/uploads\/2025\/04\/md-25.webp\" \/>\n\t<meta property=\"og:image:width\" content=\"992\" \/>\n\t<meta property=\"og:image:height\" content=\"525\" \/>\n\t<meta property=\"og:image:type\" content=\"image\/webp\" \/>\n<meta name=\"author\" content=\"Diario del Sur Digital\" \/>\n<meta name=\"twitter:card\" content=\"summary_large_image\" \/>\n<meta name=\"twitter:label1\" content=\"Escrito por\" \/>\n\t<meta name=\"twitter:data1\" content=\"Diario del Sur Digital\" \/>\n\t<meta name=\"twitter:label2\" content=\"Tiempo de lectura\" \/>\n\t<meta name=\"twitter:data2\" content=\"4 minutos\" \/>\n<script type=\"application\/ld+json\" class=\"yoast-schema-graph\">{\"@context\":\"https:\\\/\\\/schema.org\",\"@graph\":[{\"@type\":\"Article\",\"@id\":\"https:\\\/\\\/diariodelsurdigital.com.ar\\\/?p=2337#article\",\"isPartOf\":{\"@id\":\"https:\\\/\\\/diariodelsurdigital.com.ar\\\/?p=2337\"},\"author\":{\"name\":\"Diario del Sur Digital\",\"@id\":\"https:\\\/\\\/diariodelsurdigital.com.ar\\\/#\\\/schema\\\/person\\\/1a4992532ed62965c968031b49195c81\"},\"headline\":\"La C\u00e1mara de Diputados interpela a funcionarios por el caso $LIBRA\",\"datePublished\":\"2025-04-29T15:39:58+00:00\",\"dateModified\":\"2025-04-29T15:39:59+00:00\",\"mainEntityOfPage\":{\"@id\":\"https:\\\/\\\/diariodelsurdigital.com.ar\\\/?p=2337\"},\"wordCount\":896,\"commentCount\":0,\"image\":{\"@id\":\"https:\\\/\\\/diariodelsurdigital.com.ar\\\/?p=2337#primaryimage\"},\"thumbnailUrl\":\"https:\\\/\\\/diariodelsurdigital.com.ar\\\/wp-content\\\/uploads\\\/2025\\\/04\\\/md-25.webp\",\"articleSection\":[\"Nacionales\",\"Pol\u00edtica\"],\"inLanguage\":\"es\",\"potentialAction\":[{\"@type\":\"CommentAction\",\"name\":\"Comment\",\"target\":[\"https:\\\/\\\/diariodelsurdigital.com.ar\\\/?p=2337#respond\"]}]},{\"@type\":\"WebPage\",\"@id\":\"https:\\\/\\\/diariodelsurdigital.com.ar\\\/?p=2337\",\"url\":\"https:\\\/\\\/diariodelsurdigital.com.ar\\\/?p=2337\",\"name\":\"La C\u00e1mara de Diputados interpela a funcionarios por el caso $LIBRA - Diario del Sur\",\"isPartOf\":{\"@id\":\"https:\\\/\\\/diariodelsurdigital.com.ar\\\/#website\"},\"primaryImageOfPage\":{\"@id\":\"https:\\\/\\\/diariodelsurdigital.com.ar\\\/?p=2337#primaryimage\"},\"image\":{\"@id\":\"https:\\\/\\\/diariodelsurdigital.com.ar\\\/?p=2337#primaryimage\"},\"thumbnailUrl\":\"https:\\\/\\\/diariodelsurdigital.com.ar\\\/wp-content\\\/uploads\\\/2025\\\/04\\\/md-25.webp\",\"datePublished\":\"2025-04-29T15:39:58+00:00\",\"dateModified\":\"2025-04-29T15:39:59+00:00\",\"author\":{\"@id\":\"https:\\\/\\\/diariodelsurdigital.com.ar\\\/#\\\/schema\\\/person\\\/1a4992532ed62965c968031b49195c81\"},\"breadcrumb\":{\"@id\":\"https:\\\/\\\/diariodelsurdigital.com.ar\\\/?p=2337#breadcrumb\"},\"inLanguage\":\"es\",\"potentialAction\":[{\"@type\":\"ReadAction\",\"target\":[\"https:\\\/\\\/diariodelsurdigital.com.ar\\\/?p=2337\"]}]},{\"@type\":\"ImageObject\",\"inLanguage\":\"es\",\"@id\":\"https:\\\/\\\/diariodelsurdigital.com.ar\\\/?p=2337#primaryimage\",\"url\":\"https:\\\/\\\/diariodelsurdigital.com.ar\\\/wp-content\\\/uploads\\\/2025\\\/04\\\/md-25.webp\",\"contentUrl\":\"https:\\\/\\\/diariodelsurdigital.com.ar\\\/wp-content\\\/uploads\\\/2025\\\/04\\\/md-25.webp\",\"width\":992,\"height\":525},{\"@type\":\"BreadcrumbList\",\"@id\":\"https:\\\/\\\/diariodelsurdigital.com.ar\\\/?p=2337#breadcrumb\",\"itemListElement\":[{\"@type\":\"ListItem\",\"position\":1,\"name\":\"Portada\",\"item\":\"https:\\\/\\\/diariodelsurdigital.com.ar\\\/\"},{\"@type\":\"ListItem\",\"position\":2,\"name\":\"La C\u00e1mara de Diputados interpela a funcionarios por el caso $LIBRA\"}]},{\"@type\":\"WebSite\",\"@id\":\"https:\\\/\\\/diariodelsurdigital.com.ar\\\/#website\",\"url\":\"https:\\\/\\\/diariodelsurdigital.com.ar\\\/\",\"name\":\"Diario del Sur\",\"description\":\"Digital\",\"potentialAction\":[{\"@type\":\"SearchAction\",\"target\":{\"@type\":\"EntryPoint\",\"urlTemplate\":\"https:\\\/\\\/diariodelsurdigital.com.ar\\\/?s={search_term_string}\"},\"query-input\":{\"@type\":\"PropertyValueSpecification\",\"valueRequired\":true,\"valueName\":\"search_term_string\"}}],\"inLanguage\":\"es\"},{\"@type\":\"Person\",\"@id\":\"https:\\\/\\\/diariodelsurdigital.com.ar\\\/#\\\/schema\\\/person\\\/1a4992532ed62965c968031b49195c81\",\"name\":\"Diario del Sur Digital\",\"image\":{\"@type\":\"ImageObject\",\"inLanguage\":\"es\",\"@id\":\"https:\\\/\\\/secure.gravatar.com\\\/avatar\\\/f0c7c47fc7146d19828273b9b8eda651c9c7ab583767e6338d3d3bee825adf76?s=96&d=mm&r=g\",\"url\":\"https:\\\/\\\/secure.gravatar.com\\\/avatar\\\/f0c7c47fc7146d19828273b9b8eda651c9c7ab583767e6338d3d3bee825adf76?s=96&d=mm&r=g\",\"contentUrl\":\"https:\\\/\\\/secure.gravatar.com\\\/avatar\\\/f0c7c47fc7146d19828273b9b8eda651c9c7ab583767e6338d3d3bee825adf76?s=96&d=mm&r=g\",\"caption\":\"Diario del Sur Digital\"},\"url\":\"https:\\\/\\\/diariodelsurdigital.com.ar\\\/?author=4\"}]}<\/script>\n<!-- \/ Yoast SEO plugin. -->","yoast_head_json":{"title":"La C\u00e1mara de Diputados interpela a funcionarios por el caso $LIBRA - Diario del Sur","robots":{"index":"index","follow":"follow","max-snippet":"max-snippet:-1","max-image-preview":"max-image-preview:large","max-video-preview":"max-video-preview:-1"},"canonical":"https:\/\/diariodelsurdigital.com.ar\/?p=2337","og_locale":"es_ES","og_type":"article","og_title":"La C\u00e1mara de Diputados interpela a funcionarios por el caso $LIBRA - Diario del Sur","og_description":"La sesi\u00f3n est\u00e1 convocada para este martes a las 14. El principal protagonista ser\u00e1 el jefe de Gabinete, Guillermo Francos, aunque tambi\u00e9n vendr\u00eda el ministro de Justicia, Mariano C\u00faneo Libarona. Estiman m\u00e1s de 10 horas. Tras una semana m\u00e1s de espera, por la postergaci\u00f3n de agenda por la muerte del papa Francisco, la oposici\u00f3n ver\u00e1 [&hellip;]","og_url":"https:\/\/diariodelsurdigital.com.ar\/?p=2337","og_site_name":"Diario del Sur","article_published_time":"2025-04-29T15:39:58+00:00","article_modified_time":"2025-04-29T15:39:59+00:00","og_image":[{"width":992,"height":525,"url":"https:\/\/diariodelsurdigital.com.ar\/wp-content\/uploads\/2025\/04\/md-25.webp","type":"image\/webp"}],"author":"Diario del Sur Digital","twitter_card":"summary_large_image","twitter_misc":{"Escrito por":"Diario del Sur Digital","Tiempo de lectura":"4 minutos"},"schema":{"@context":"https:\/\/schema.org","@graph":[{"@type":"Article","@id":"https:\/\/diariodelsurdigital.com.ar\/?p=2337#article","isPartOf":{"@id":"https:\/\/diariodelsurdigital.com.ar\/?p=2337"},"author":{"name":"Diario del Sur Digital","@id":"https:\/\/diariodelsurdigital.com.ar\/#\/schema\/person\/1a4992532ed62965c968031b49195c81"},"headline":"La C\u00e1mara de Diputados interpela a funcionarios por el caso $LIBRA","datePublished":"2025-04-29T15:39:58+00:00","dateModified":"2025-04-29T15:39:59+00:00","mainEntityOfPage":{"@id":"https:\/\/diariodelsurdigital.com.ar\/?p=2337"},"wordCount":896,"commentCount":0,"image":{"@id":"https:\/\/diariodelsurdigital.com.ar\/?p=2337#primaryimage"},"thumbnailUrl":"https:\/\/diariodelsurdigital.com.ar\/wp-content\/uploads\/2025\/04\/md-25.webp","articleSection":["Nacionales","Pol\u00edtica"],"inLanguage":"es","potentialAction":[{"@type":"CommentAction","name":"Comment","target":["https:\/\/diariodelsurdigital.com.ar\/?p=2337#respond"]}]},{"@type":"WebPage","@id":"https:\/\/diariodelsurdigital.com.ar\/?p=2337","url":"https:\/\/diariodelsurdigital.com.ar\/?p=2337","name":"La C\u00e1mara de Diputados interpela a funcionarios por el caso $LIBRA - Diario del Sur","isPartOf":{"@id":"https:\/\/diariodelsurdigital.com.ar\/#website"},"primaryImageOfPage":{"@id":"https:\/\/diariodelsurdigital.com.ar\/?p=2337#primaryimage"},"image":{"@id":"https:\/\/diariodelsurdigital.com.ar\/?p=2337#primaryimage"},"thumbnailUrl":"https:\/\/diariodelsurdigital.com.ar\/wp-content\/uploads\/2025\/04\/md-25.webp","datePublished":"2025-04-29T15:39:58+00:00","dateModified":"2025-04-29T15:39:59+00:00","author":{"@id":"https:\/\/diariodelsurdigital.com.ar\/#\/schema\/person\/1a4992532ed62965c968031b49195c81"},"breadcrumb":{"@id":"https:\/\/diariodelsurdigital.com.ar\/?p=2337#breadcrumb"},"inLanguage":"es","potentialAction":[{"@type":"ReadAction","target":["https:\/\/diariodelsurdigital.com.ar\/?p=2337"]}]},{"@type":"ImageObject","inLanguage":"es","@id":"https:\/\/diariodelsurdigital.com.ar\/?p=2337#primaryimage","url":"https:\/\/diariodelsurdigital.com.ar\/wp-content\/uploads\/2025\/04\/md-25.webp","contentUrl":"https:\/\/diariodelsurdigital.com.ar\/wp-content\/uploads\/2025\/04\/md-25.webp","width":992,"height":525},{"@type":"BreadcrumbList","@id":"https:\/\/diariodelsurdigital.com.ar\/?p=2337#breadcrumb","itemListElement":[{"@type":"ListItem","position":1,"name":"Portada","item":"https:\/\/diariodelsurdigital.com.ar\/"},{"@type":"ListItem","position":2,"name":"La C\u00e1mara de Diputados interpela a funcionarios por el caso $LIBRA"}]},{"@type":"WebSite","@id":"https:\/\/diariodelsurdigital.com.ar\/#website","url":"https:\/\/diariodelsurdigital.com.ar\/","name":"Diario del Sur","description":"Digital","potentialAction":[{"@type":"SearchAction","target":{"@type":"EntryPoint","urlTemplate":"https:\/\/diariodelsurdigital.com.ar\/?s={search_term_string}"},"query-input":{"@type":"PropertyValueSpecification","valueRequired":true,"valueName":"search_term_string"}}],"inLanguage":"es"},{"@type":"Person","@id":"https:\/\/diariodelsurdigital.com.ar\/#\/schema\/person\/1a4992532ed62965c968031b49195c81","name":"Diario del Sur Digital","image":{"@type":"ImageObject","inLanguage":"es","@id":"https:\/\/secure.gravatar.com\/avatar\/f0c7c47fc7146d19828273b9b8eda651c9c7ab583767e6338d3d3bee825adf76?s=96&d=mm&r=g","url":"https:\/\/secure.gravatar.com\/avatar\/f0c7c47fc7146d19828273b9b8eda651c9c7ab583767e6338d3d3bee825adf76?s=96&d=mm&r=g","contentUrl":"https:\/\/secure.gravatar.com\/avatar\/f0c7c47fc7146d19828273b9b8eda651c9c7ab583767e6338d3d3bee825adf76?s=96&d=mm&r=g","caption":"Diario del Sur Digital"},"url":"https:\/\/diariodelsurdigital.com.ar\/?author=4"}]}},"_links":{"self":[{"href":"https:\/\/diariodelsurdigital.com.ar\/index.php?rest_route=\/wp\/v2\/posts\/2337","targetHints":{"allow":["GET"]}}],"collection":[{"href":"https:\/\/diariodelsurdigital.com.ar\/index.php?rest_route=\/wp\/v2\/posts"}],"about":[{"href":"https:\/\/diariodelsurdigital.com.ar\/index.php?rest_route=\/wp\/v2\/types\/post"}],"author":[{"embeddable":true,"href":"https:\/\/diariodelsurdigital.com.ar\/index.php?rest_route=\/wp\/v2\/users\/4"}],"replies":[{"embeddable":true,"href":"https:\/\/diariodelsurdigital.com.ar\/index.php?rest_route=%2Fwp%2Fv2%2Fcomments&post=2337"}],"version-history":[{"count":1,"href":"https:\/\/diariodelsurdigital.com.ar\/index.php?rest_route=\/wp\/v2\/posts\/2337\/revisions"}],"predecessor-version":[{"id":2339,"href":"https:\/\/diariodelsurdigital.com.ar\/index.php?rest_route=\/wp\/v2\/posts\/2337\/revisions\/2339"}],"wp:featuredmedia":[{"embeddable":true,"href":"https:\/\/diariodelsurdigital.com.ar\/index.php?rest_route=\/wp\/v2\/media\/2338"}],"wp:attachment":[{"href":"https:\/\/diariodelsurdigital.com.ar\/index.php?rest_route=%2Fwp%2Fv2%2Fmedia&parent=2337"}],"wp:term":[{"taxonomy":"category","embeddable":true,"href":"https:\/\/diariodelsurdigital.com.ar\/index.php?rest_route=%2Fwp%2Fv2%2Fcategories&post=2337"},{"taxonomy":"post_tag","embeddable":true,"href":"https:\/\/diariodelsurdigital.com.ar\/index.php?rest_route=%2Fwp%2Fv2%2Ftags&post=2337"}],"curies":[{"name":"wp","href":"https:\/\/api.w.org\/{rel}","templated":true}]}}