{"id":2340,"date":"2025-04-29T12:45:52","date_gmt":"2025-04-29T15:45:52","guid":{"rendered":"https:\/\/diariodelsurdigital.com.ar\/?p=2340"},"modified":"2025-04-29T12:46:39","modified_gmt":"2025-04-29T15:46:39","slug":"el-conclave-para-elegir-al-nuevo-papa-comenzara-el-7-de-mayo","status":"publish","type":"post","link":"https:\/\/diariodelsurdigital.com.ar\/?p=2340","title":{"rendered":"El c\u00f3nclave para elegir al nuevo Papa comenzar\u00e1 el 7 de mayo"},"content":{"rendered":"\n<p>Unos 135 cardenales, todos menores de 80 a\u00f1os y procedentes de todo el mundo, son elegibles para suceder a Francisco. La Capilla Sixtina, donde tendr\u00e1 lugar la votaci\u00f3n, ya fue cerrada al p\u00fablico.<\/p>\n\n\n\n<p>El c\u00f3nclave para elegir al sucesor del papa Francisco comenzar\u00e1 el 7 de mayo, decidieron el lunes los cardenales de la Iglesia cat\u00f3lica en medio de la expectativa que despierta la elecci\u00f3n del nuevo l\u00edder espiritual de 1.400 millones de fieles.<\/p>\n\n\n\n<p>El portavoz del Vaticano inform\u00f3 la fecha, al tiempo que el Museo Vaticano anunci\u00f3 el cierre de la Capilla Sixtina, la majestuosa estancia adornada con los c\u00e9lebres frescos de Miguel \u00c1ngel, situada en el Palacio Apost\u00f3lico.<\/p>\n\n\n\n<p>Los cardenales participar\u00e1n el pr\u00f3ximo mi\u00e9rcoles en una misa solemne en la Bas\u00edlica de San Pedro del Vaticano, tras la cual los que tengan derecho a voto -menores de 80 a\u00f1os- pasan a encerrarse para votar en un proceso secreto que puede durar varios d\u00edas.<\/p>\n\n\n\n<p>El primer pont\u00edfice latinoamericano fue enterrado el s\u00e1bado tras un solemne adi\u00f3s en presencia de l\u00edderes internacionales y de 400.000 personas.<\/p>\n\n\n\n<p>Los cardenales fueron convocados a Roma para elegir al nuevo papa. Del total de 135 con derecho a voto &#8211;porque tienen menos de 80 a\u00f1os&#8211;, 80% fue designado por Francisco.<\/p>\n\n\n\n<p>Pero vienen de todas partes del mundo y muchos no se conocen.<\/p>\n","protected":false},"excerpt":{"rendered":"<p>Unos 135 cardenales, todos menores de 80 a\u00f1os y procedentes de todo el mundo, son elegibles para suceder a Francisco. La Capilla Sixtina, donde tendr\u00e1 lugar la votaci\u00f3n, ya fue cerrada al p\u00fablico. El c\u00f3nclave para elegir al sucesor del papa Francisco comenzar\u00e1 el 7 de mayo, decidieron el lunes los cardenales de la Iglesia [&hellip;]<\/p>\n","protected":false},"author":4,"featured_media":2341,"comment_status":"open","ping_status":"open","sticky":false,"template":"","format":"standard","meta":{"footnotes":""},"categories":[20],"tags":[],"class_list":{"0":"post-2340","1":"post","2":"type-post","3":"status-publish","4":"format-standard","5":"has-post-thumbnail","7":"category-internacionales"},"yoast_head":"<!-- This site is optimized with the Yoast SEO plugin v27.4 - https:\/\/yoast.com\/product\/yoast-seo-wordpress\/ -->\n<title>El c\u00f3nclave para elegir al nuevo Papa comenzar\u00e1 el 7 de mayo - Diario del Sur<\/title>\n<meta name=\"robots\" content=\"index, follow, max-snippet:-1, max-image-preview:large, max-video-preview:-1\" \/>\n<link rel=\"canonical\" href=\"https:\/\/diariodelsurdigital.com.ar\/?p=2340\" \/>\n<meta property=\"og:locale\" content=\"es_ES\" \/>\n<meta property=\"og:type\" content=\"article\" \/>\n<meta property=\"og:title\" content=\"El c\u00f3nclave para elegir al nuevo Papa comenzar\u00e1 el 7 de mayo - Diario del Sur\" \/>\n<meta property=\"og:description\" content=\"Unos 135 cardenales, todos menores de 80 a\u00f1os y procedentes de todo el mundo, son elegibles para suceder a Francisco. La Capilla Sixtina, donde tendr\u00e1 lugar la votaci\u00f3n, ya fue cerrada al p\u00fablico. El c\u00f3nclave para elegir al sucesor del papa Francisco comenzar\u00e1 el 7 de mayo, decidieron el lunes los cardenales de la Iglesia [&hellip;]\" \/>\n<meta property=\"og:url\" content=\"https:\/\/diariodelsurdigital.com.ar\/?p=2340\" \/>\n<meta property=\"og:site_name\" content=\"Diario del Sur\" \/>\n<meta property=\"article:published_time\" content=\"2025-04-29T15:45:52+00:00\" \/>\n<meta property=\"article:modified_time\" content=\"2025-04-29T15:46:39+00:00\" \/>\n<meta property=\"og:image\" content=\"https:\/\/diariodelsurdigital.com.ar\/wp-content\/uploads\/2025\/04\/md-26.webp\" \/>\n\t<meta property=\"og:image:width\" content=\"992\" \/>\n\t<meta property=\"og:image:height\" content=\"607\" \/>\n\t<meta property=\"og:image:type\" content=\"image\/webp\" \/>\n<meta name=\"author\" content=\"Diario del Sur Digital\" \/>\n<meta name=\"twitter:card\" content=\"summary_large_image\" \/>\n<meta name=\"twitter:label1\" content=\"Escrito por\" \/>\n\t<meta name=\"twitter:data1\" content=\"Diario del Sur Digital\" \/>\n\t<meta name=\"twitter:label2\" content=\"Tiempo de lectura\" \/>\n\t<meta name=\"twitter:data2\" content=\"2 minutos\" \/>\n<script type=\"application\/ld+json\" class=\"yoast-schema-graph\">{\"@context\":\"https:\\\/\\\/schema.org\",\"@graph\":[{\"@type\":\"Article\",\"@id\":\"https:\\\/\\\/diariodelsurdigital.com.ar\\\/?p=2340#article\",\"isPartOf\":{\"@id\":\"https:\\\/\\\/diariodelsurdigital.com.ar\\\/?p=2340\"},\"author\":{\"name\":\"Diario del Sur Digital\",\"@id\":\"https:\\\/\\\/diariodelsurdigital.com.ar\\\/#\\\/schema\\\/person\\\/1a4992532ed62965c968031b49195c81\"},\"headline\":\"El c\u00f3nclave para elegir al nuevo Papa comenzar\u00e1 el 7 de mayo\",\"datePublished\":\"2025-04-29T15:45:52+00:00\",\"dateModified\":\"2025-04-29T15:46:39+00:00\",\"mainEntityOfPage\":{\"@id\":\"https:\\\/\\\/diariodelsurdigital.com.ar\\\/?p=2340\"},\"wordCount\":241,\"commentCount\":0,\"image\":{\"@id\":\"https:\\\/\\\/diariodelsurdigital.com.ar\\\/?p=2340#primaryimage\"},\"thumbnailUrl\":\"https:\\\/\\\/diariodelsurdigital.com.ar\\\/wp-content\\\/uploads\\\/2025\\\/04\\\/md-26.webp\",\"articleSection\":[\"Internacionales\"],\"inLanguage\":\"es\",\"potentialAction\":[{\"@type\":\"CommentAction\",\"name\":\"Comment\",\"target\":[\"https:\\\/\\\/diariodelsurdigital.com.ar\\\/?p=2340#respond\"]}]},{\"@type\":\"WebPage\",\"@id\":\"https:\\\/\\\/diariodelsurdigital.com.ar\\\/?p=2340\",\"url\":\"https:\\\/\\\/diariodelsurdigital.com.ar\\\/?p=2340\",\"name\":\"El c\u00f3nclave para elegir al nuevo Papa comenzar\u00e1 el 7 de mayo - Diario del Sur\",\"isPartOf\":{\"@id\":\"https:\\\/\\\/diariodelsurdigital.com.ar\\\/#website\"},\"primaryImageOfPage\":{\"@id\":\"https:\\\/\\\/diariodelsurdigital.com.ar\\\/?p=2340#primaryimage\"},\"image\":{\"@id\":\"https:\\\/\\\/diariodelsurdigital.com.ar\\\/?p=2340#primaryimage\"},\"thumbnailUrl\":\"https:\\\/\\\/diariodelsurdigital.com.ar\\\/wp-content\\\/uploads\\\/2025\\\/04\\\/md-26.webp\",\"datePublished\":\"2025-04-29T15:45:52+00:00\",\"dateModified\":\"2025-04-29T15:46:39+00:00\",\"author\":{\"@id\":\"https:\\\/\\\/diariodelsurdigital.com.ar\\\/#\\\/schema\\\/person\\\/1a4992532ed62965c968031b49195c81\"},\"breadcrumb\":{\"@id\":\"https:\\\/\\\/diariodelsurdigital.com.ar\\\/?p=2340#breadcrumb\"},\"inLanguage\":\"es\",\"potentialAction\":[{\"@type\":\"ReadAction\",\"target\":[\"https:\\\/\\\/diariodelsurdigital.com.ar\\\/?p=2340\"]}]},{\"@type\":\"ImageObject\",\"inLanguage\":\"es\",\"@id\":\"https:\\\/\\\/diariodelsurdigital.com.ar\\\/?p=2340#primaryimage\",\"url\":\"https:\\\/\\\/diariodelsurdigital.com.ar\\\/wp-content\\\/uploads\\\/2025\\\/04\\\/md-26.webp\",\"contentUrl\":\"https:\\\/\\\/diariodelsurdigital.com.ar\\\/wp-content\\\/uploads\\\/2025\\\/04\\\/md-26.webp\",\"width\":992,\"height\":607},{\"@type\":\"BreadcrumbList\",\"@id\":\"https:\\\/\\\/diariodelsurdigital.com.ar\\\/?p=2340#breadcrumb\",\"itemListElement\":[{\"@type\":\"ListItem\",\"position\":1,\"name\":\"Portada\",\"item\":\"https:\\\/\\\/diariodelsurdigital.com.ar\\\/\"},{\"@type\":\"ListItem\",\"position\":2,\"name\":\"El c\u00f3nclave para elegir al nuevo Papa comenzar\u00e1 el 7 de mayo\"}]},{\"@type\":\"WebSite\",\"@id\":\"https:\\\/\\\/diariodelsurdigital.com.ar\\\/#website\",\"url\":\"https:\\\/\\\/diariodelsurdigital.com.ar\\\/\",\"name\":\"Diario del Sur\",\"description\":\"Digital\",\"potentialAction\":[{\"@type\":\"SearchAction\",\"target\":{\"@type\":\"EntryPoint\",\"urlTemplate\":\"https:\\\/\\\/diariodelsurdigital.com.ar\\\/?s={search_term_string}\"},\"query-input\":{\"@type\":\"PropertyValueSpecification\",\"valueRequired\":true,\"valueName\":\"search_term_string\"}}],\"inLanguage\":\"es\"},{\"@type\":\"Person\",\"@id\":\"https:\\\/\\\/diariodelsurdigital.com.ar\\\/#\\\/schema\\\/person\\\/1a4992532ed62965c968031b49195c81\",\"name\":\"Diario del Sur Digital\",\"image\":{\"@type\":\"ImageObject\",\"inLanguage\":\"es\",\"@id\":\"https:\\\/\\\/secure.gravatar.com\\\/avatar\\\/f0c7c47fc7146d19828273b9b8eda651c9c7ab583767e6338d3d3bee825adf76?s=96&d=mm&r=g\",\"url\":\"https:\\\/\\\/secure.gravatar.com\\\/avatar\\\/f0c7c47fc7146d19828273b9b8eda651c9c7ab583767e6338d3d3bee825adf76?s=96&d=mm&r=g\",\"contentUrl\":\"https:\\\/\\\/secure.gravatar.com\\\/avatar\\\/f0c7c47fc7146d19828273b9b8eda651c9c7ab583767e6338d3d3bee825adf76?s=96&d=mm&r=g\",\"caption\":\"Diario del Sur Digital\"},\"url\":\"https:\\\/\\\/diariodelsurdigital.com.ar\\\/?author=4\"}]}<\/script>\n<!-- \/ Yoast SEO plugin. -->","yoast_head_json":{"title":"El c\u00f3nclave para elegir al nuevo Papa comenzar\u00e1 el 7 de mayo - Diario del Sur","robots":{"index":"index","follow":"follow","max-snippet":"max-snippet:-1","max-image-preview":"max-image-preview:large","max-video-preview":"max-video-preview:-1"},"canonical":"https:\/\/diariodelsurdigital.com.ar\/?p=2340","og_locale":"es_ES","og_type":"article","og_title":"El c\u00f3nclave para elegir al nuevo Papa comenzar\u00e1 el 7 de mayo - Diario del Sur","og_description":"Unos 135 cardenales, todos menores de 80 a\u00f1os y procedentes de todo el mundo, son elegibles para suceder a Francisco. La Capilla Sixtina, donde tendr\u00e1 lugar la votaci\u00f3n, ya fue cerrada al p\u00fablico. El c\u00f3nclave para elegir al sucesor del papa Francisco comenzar\u00e1 el 7 de mayo, decidieron el lunes los cardenales de la Iglesia [&hellip;]","og_url":"https:\/\/diariodelsurdigital.com.ar\/?p=2340","og_site_name":"Diario del Sur","article_published_time":"2025-04-29T15:45:52+00:00","article_modified_time":"2025-04-29T15:46:39+00:00","og_image":[{"width":992,"height":607,"url":"https:\/\/diariodelsurdigital.com.ar\/wp-content\/uploads\/2025\/04\/md-26.webp","type":"image\/webp"}],"author":"Diario del Sur Digital","twitter_card":"summary_large_image","twitter_misc":{"Escrito por":"Diario del Sur Digital","Tiempo de lectura":"2 minutos"},"schema":{"@context":"https:\/\/schema.org","@graph":[{"@type":"Article","@id":"https:\/\/diariodelsurdigital.com.ar\/?p=2340#article","isPartOf":{"@id":"https:\/\/diariodelsurdigital.com.ar\/?p=2340"},"author":{"name":"Diario del Sur Digital","@id":"https:\/\/diariodelsurdigital.com.ar\/#\/schema\/person\/1a4992532ed62965c968031b49195c81"},"headline":"El c\u00f3nclave para elegir al nuevo Papa comenzar\u00e1 el 7 de mayo","datePublished":"2025-04-29T15:45:52+00:00","dateModified":"2025-04-29T15:46:39+00:00","mainEntityOfPage":{"@id":"https:\/\/diariodelsurdigital.com.ar\/?p=2340"},"wordCount":241,"commentCount":0,"image":{"@id":"https:\/\/diariodelsurdigital.com.ar\/?p=2340#primaryimage"},"thumbnailUrl":"https:\/\/diariodelsurdigital.com.ar\/wp-content\/uploads\/2025\/04\/md-26.webp","articleSection":["Internacionales"],"inLanguage":"es","potentialAction":[{"@type":"CommentAction","name":"Comment","target":["https:\/\/diariodelsurdigital.com.ar\/?p=2340#respond"]}]},{"@type":"WebPage","@id":"https:\/\/diariodelsurdigital.com.ar\/?p=2340","url":"https:\/\/diariodelsurdigital.com.ar\/?p=2340","name":"El c\u00f3nclave para elegir al nuevo Papa comenzar\u00e1 el 7 de mayo - Diario del Sur","isPartOf":{"@id":"https:\/\/diariodelsurdigital.com.ar\/#website"},"primaryImageOfPage":{"@id":"https:\/\/diariodelsurdigital.com.ar\/?p=2340#primaryimage"},"image":{"@id":"https:\/\/diariodelsurdigital.com.ar\/?p=2340#primaryimage"},"thumbnailUrl":"https:\/\/diariodelsurdigital.com.ar\/wp-content\/uploads\/2025\/04\/md-26.webp","datePublished":"2025-04-29T15:45:52+00:00","dateModified":"2025-04-29T15:46:39+00:00","author":{"@id":"https:\/\/diariodelsurdigital.com.ar\/#\/schema\/person\/1a4992532ed62965c968031b49195c81"},"breadcrumb":{"@id":"https:\/\/diariodelsurdigital.com.ar\/?p=2340#breadcrumb"},"inLanguage":"es","potentialAction":[{"@type":"ReadAction","target":["https:\/\/diariodelsurdigital.com.ar\/?p=2340"]}]},{"@type":"ImageObject","inLanguage":"es","@id":"https:\/\/diariodelsurdigital.com.ar\/?p=2340#primaryimage","url":"https:\/\/diariodelsurdigital.com.ar\/wp-content\/uploads\/2025\/04\/md-26.webp","contentUrl":"https:\/\/diariodelsurdigital.com.ar\/wp-content\/uploads\/2025\/04\/md-26.webp","width":992,"height":607},{"@type":"BreadcrumbList","@id":"https:\/\/diariodelsurdigital.com.ar\/?p=2340#breadcrumb","itemListElement":[{"@type":"ListItem","position":1,"name":"Portada","item":"https:\/\/diariodelsurdigital.com.ar\/"},{"@type":"ListItem","position":2,"name":"El c\u00f3nclave para elegir al nuevo Papa comenzar\u00e1 el 7 de mayo"}]},{"@type":"WebSite","@id":"https:\/\/diariodelsurdigital.com.ar\/#website","url":"https:\/\/diariodelsurdigital.com.ar\/","name":"Diario del Sur","description":"Digital","potentialAction":[{"@type":"SearchAction","target":{"@type":"EntryPoint","urlTemplate":"https:\/\/diariodelsurdigital.com.ar\/?s={search_term_string}"},"query-input":{"@type":"PropertyValueSpecification","valueRequired":true,"valueName":"search_term_string"}}],"inLanguage":"es"},{"@type":"Person","@id":"https:\/\/diariodelsurdigital.com.ar\/#\/schema\/person\/1a4992532ed62965c968031b49195c81","name":"Diario del Sur Digital","image":{"@type":"ImageObject","inLanguage":"es","@id":"https:\/\/secure.gravatar.com\/avatar\/f0c7c47fc7146d19828273b9b8eda651c9c7ab583767e6338d3d3bee825adf76?s=96&d=mm&r=g","url":"https:\/\/secure.gravatar.com\/avatar\/f0c7c47fc7146d19828273b9b8eda651c9c7ab583767e6338d3d3bee825adf76?s=96&d=mm&r=g","contentUrl":"https:\/\/secure.gravatar.com\/avatar\/f0c7c47fc7146d19828273b9b8eda651c9c7ab583767e6338d3d3bee825adf76?s=96&d=mm&r=g","caption":"Diario del Sur Digital"},"url":"https:\/\/diariodelsurdigital.com.ar\/?author=4"}]}},"_links":{"self":[{"href":"https:\/\/diariodelsurdigital.com.ar\/index.php?rest_route=\/wp\/v2\/posts\/2340","targetHints":{"allow":["GET"]}}],"collection":[{"href":"https:\/\/diariodelsurdigital.com.ar\/index.php?rest_route=\/wp\/v2\/posts"}],"about":[{"href":"https:\/\/diariodelsurdigital.com.ar\/index.php?rest_route=\/wp\/v2\/types\/post"}],"author":[{"embeddable":true,"href":"https:\/\/diariodelsurdigital.com.ar\/index.php?rest_route=\/wp\/v2\/users\/4"}],"replies":[{"embeddable":true,"href":"https:\/\/diariodelsurdigital.com.ar\/index.php?rest_route=%2Fwp%2Fv2%2Fcomments&post=2340"}],"version-history":[{"count":2,"href":"https:\/\/diariodelsurdigital.com.ar\/index.php?rest_route=\/wp\/v2\/posts\/2340\/revisions"}],"predecessor-version":[{"id":2343,"href":"https:\/\/diariodelsurdigital.com.ar\/index.php?rest_route=\/wp\/v2\/posts\/2340\/revisions\/2343"}],"wp:featuredmedia":[{"embeddable":true,"href":"https:\/\/diariodelsurdigital.com.ar\/index.php?rest_route=\/wp\/v2\/media\/2341"}],"wp:attachment":[{"href":"https:\/\/diariodelsurdigital.com.ar\/index.php?rest_route=%2Fwp%2Fv2%2Fmedia&parent=2340"}],"wp:term":[{"taxonomy":"category","embeddable":true,"href":"https:\/\/diariodelsurdigital.com.ar\/index.php?rest_route=%2Fwp%2Fv2%2Fcategories&post=2340"},{"taxonomy":"post_tag","embeddable":true,"href":"https:\/\/diariodelsurdigital.com.ar\/index.php?rest_route=%2Fwp%2Fv2%2Ftags&post=2340"}],"curies":[{"name":"wp","href":"https:\/\/api.w.org\/{rel}","templated":true}]}}