{"id":2356,"date":"2025-04-30T16:59:19","date_gmt":"2025-04-30T19:59:19","guid":{"rendered":"https:\/\/diariodelsurdigital.com.ar\/?p=2356"},"modified":"2025-04-30T16:59:20","modified_gmt":"2025-04-30T19:59:20","slug":"cerro-la-paritaria-de-los-empleados-de-comercio-el-salario-basico-llego-a-1-123-000","status":"publish","type":"post","link":"https:\/\/diariodelsurdigital.com.ar\/?p=2356","title":{"rendered":"Cerr\u00f3 la paritaria de los empleados de comercio: el salario b\u00e1sico lleg\u00f3 a $ 1.123.000"},"content":{"rendered":"\n<p>Se consensu\u00f3 un acuerdo paritario que establece aumentos salariales escalonados para abril, mayo y junio, adem\u00e1s de sumas fijas. La paritaria de comercio contempla una cl\u00e1usula de revisi\u00f3n para ajustar justamente los incrementos, en caso de que la inflaci\u00f3n sea superior a la prevista.<\/p>\n\n\n\n<p>La Federaci\u00f3n Argentina de Empleados de Comercio y Servicios (Faecys) y las principales c\u00e1maras empresarias del sector \u2014la C\u00e1mara Argentina de Comercio (CAC), la Confederaci\u00f3n Argentina de la Mediana Empresa (Came) y la Uni\u00f3n de Entidades Comerciales (Udeca) acordaron un nuevo acuerdo paritario. As\u00ed, establecieron una actualizaci\u00f3n salarial en paritaria para los meses de abril, mayo y junio.<\/p>\n\n\n\n<p>El convenio contempla un incremento del 5,4 % acumulativo, distribuido en tres tramos: 1,9 % en abril, 1,8 % en mayo y 1,7 % en junio. Estos porcentajes se volver\u00e1n remunerativos al mes siguiente.<\/p>\n\n\n\n<p>Adem\u00e1s, se acord\u00f3 el pago de sumas fijas no remunerativas que totalizan $115.000, desglosadas en tres cuotas de $35.000, $40.000 y $40.000, respectivamente. La \u00faltima de estas cuotas se incorporar\u00e1 de manera permanente al salario b\u00e1sico a partir de julio.<\/p>\n\n\n\n<p>Con esta actualizaci\u00f3n, el salario b\u00e1sico de los trabajadores de comercio que cumplan con los requisitos de presentismo alcanzar\u00e1 los $1.123.000 mensuales.<\/p>\n\n\n\n<p>Qu\u00e9 dijo el gremio<\/p>\n\n\n\n<p>La paritaria de Comercio es la m\u00e1s numerosa del pa\u00eds, dado que el sindicato agrupa a m\u00e1s de 1,2 millones de empleados.<\/p>\n\n\n\n<p>En ese marco, el secretario general de FAECYS, Armando Cavalieri, destac\u00f3 que \u201cel objetivo central de la negociaci\u00f3n es sostener el poder adquisitivo de los trabajadores en un contexto de inflaci\u00f3n persistente\u201d.<\/p>\n\n\n\n<p>El dirigente sindical subray\u00f3 adem\u00e1s que el acuerdo forma parte de un monitoreo permanente de la situaci\u00f3n econ\u00f3mica y de empleo en el sector.<\/p>\n\n\n\n<p>\u201cEstamos siguiendo de cerca la situaci\u00f3n del empleo formal en comercio, ya que vemos con preocupaci\u00f3n algunas se\u00f1ales de desaceleraci\u00f3n\u201d, agreg\u00f3 Cavalieri, en referencia al retroceso que registr\u00f3 la actividad comercial en los \u00faltimos meses, afectada por la ca\u00edda del consumo y el ajuste econ\u00f3mico en curso. Desde el gremio que lidera Armando Cavalieri emitieron este martes una circular anticipando el acuerdo paritario alcanzado con las empresas<\/p>\n\n\n\n<p>Este nuevo entendimiento complementa el acuerdo alcanzado en el primer trimestre del a\u00f1o, cuando se pact\u00f3 un incremento acumulativo del 5,1 %, distribuido tambi\u00e9n en subas mensuales del 1,7 % en enero, febrero y marzo.<\/p>\n\n\n\n<p>En la actual negociaci\u00f3n se tom\u00f3 en cuenta la disparada de precios de marzo, que alcanz\u00f3 el 3,7 % (con las sumas fijas), pero la preocupaci\u00f3n sobre la evoluci\u00f3n de los precios, en el actual contexto cambiario, se mantiene latente.<\/p>\n\n\n\n<p>De todas maneras, las fuentes recordaron que la paritaria de Comercio contempla una cl\u00e1usula de revisi\u00f3n para ajustar justamente los incrementos, en caso de que la inflaci\u00f3n sea superior a la prevista.<\/p>\n","protected":false},"excerpt":{"rendered":"<p>Se consensu\u00f3 un acuerdo paritario que establece aumentos salariales escalonados para abril, mayo y junio, adem\u00e1s de sumas fijas. La paritaria de comercio contempla una cl\u00e1usula de revisi\u00f3n para ajustar justamente los incrementos, en caso de que la inflaci\u00f3n sea superior a la prevista. La Federaci\u00f3n Argentina de Empleados de Comercio y Servicios (Faecys) y [&hellip;]<\/p>\n","protected":false},"author":4,"featured_media":2357,"comment_status":"open","ping_status":"open","sticky":false,"template":"","format":"standard","meta":{"footnotes":""},"categories":[19,18],"tags":[],"class_list":{"0":"post-2356","1":"post","2":"type-post","3":"status-publish","4":"format-standard","5":"has-post-thumbnail","7":"category-interes-general","8":"category-nacionales"},"yoast_head":"<!-- This site is optimized with the Yoast SEO plugin v27.4 - https:\/\/yoast.com\/product\/yoast-seo-wordpress\/ -->\n<title>Cerr\u00f3 la paritaria de los empleados de comercio: el salario b\u00e1sico lleg\u00f3 a $ 1.123.000 - Diario del Sur<\/title>\n<meta name=\"robots\" content=\"index, follow, max-snippet:-1, max-image-preview:large, max-video-preview:-1\" \/>\n<link rel=\"canonical\" href=\"https:\/\/diariodelsurdigital.com.ar\/?p=2356\" \/>\n<meta property=\"og:locale\" content=\"es_ES\" \/>\n<meta property=\"og:type\" content=\"article\" \/>\n<meta property=\"og:title\" content=\"Cerr\u00f3 la paritaria de los empleados de comercio: el salario b\u00e1sico lleg\u00f3 a $ 1.123.000 - Diario del Sur\" \/>\n<meta property=\"og:description\" content=\"Se consensu\u00f3 un acuerdo paritario que establece aumentos salariales escalonados para abril, mayo y junio, adem\u00e1s de sumas fijas. La paritaria de comercio contempla una cl\u00e1usula de revisi\u00f3n para ajustar justamente los incrementos, en caso de que la inflaci\u00f3n sea superior a la prevista. La Federaci\u00f3n Argentina de Empleados de Comercio y Servicios (Faecys) y [&hellip;]\" \/>\n<meta property=\"og:url\" content=\"https:\/\/diariodelsurdigital.com.ar\/?p=2356\" \/>\n<meta property=\"og:site_name\" content=\"Diario del Sur\" \/>\n<meta property=\"article:published_time\" content=\"2025-04-30T19:59:19+00:00\" \/>\n<meta property=\"article:modified_time\" content=\"2025-04-30T19:59:20+00:00\" \/>\n<meta property=\"og:image\" content=\"https:\/\/diariodelsurdigital.com.ar\/wp-content\/uploads\/2025\/04\/md-31-1.webp\" \/>\n\t<meta property=\"og:image:width\" content=\"992\" \/>\n\t<meta property=\"og:image:height\" content=\"561\" \/>\n\t<meta property=\"og:image:type\" content=\"image\/webp\" \/>\n<meta name=\"author\" content=\"Diario del Sur Digital\" \/>\n<meta name=\"twitter:card\" content=\"summary_large_image\" \/>\n<meta name=\"twitter:label1\" content=\"Escrito por\" \/>\n\t<meta name=\"twitter:data1\" content=\"Diario del Sur Digital\" \/>\n\t<meta name=\"twitter:label2\" content=\"Tiempo de lectura\" \/>\n\t<meta name=\"twitter:data2\" content=\"3 minutos\" \/>\n<script type=\"application\/ld+json\" class=\"yoast-schema-graph\">{\"@context\":\"https:\\\/\\\/schema.org\",\"@graph\":[{\"@type\":\"Article\",\"@id\":\"https:\\\/\\\/diariodelsurdigital.com.ar\\\/?p=2356#article\",\"isPartOf\":{\"@id\":\"https:\\\/\\\/diariodelsurdigital.com.ar\\\/?p=2356\"},\"author\":{\"name\":\"Diario del Sur Digital\",\"@id\":\"https:\\\/\\\/diariodelsurdigital.com.ar\\\/#\\\/schema\\\/person\\\/1a4992532ed62965c968031b49195c81\"},\"headline\":\"Cerr\u00f3 la paritaria de los empleados de comercio: el salario b\u00e1sico lleg\u00f3 a $ 1.123.000\",\"datePublished\":\"2025-04-30T19:59:19+00:00\",\"dateModified\":\"2025-04-30T19:59:20+00:00\",\"mainEntityOfPage\":{\"@id\":\"https:\\\/\\\/diariodelsurdigital.com.ar\\\/?p=2356\"},\"wordCount\":485,\"commentCount\":0,\"image\":{\"@id\":\"https:\\\/\\\/diariodelsurdigital.com.ar\\\/?p=2356#primaryimage\"},\"thumbnailUrl\":\"https:\\\/\\\/diariodelsurdigital.com.ar\\\/wp-content\\\/uploads\\\/2025\\\/04\\\/md-31-1.webp\",\"articleSection\":[\"Inter\u00e9s General\",\"Nacionales\"],\"inLanguage\":\"es\",\"potentialAction\":[{\"@type\":\"CommentAction\",\"name\":\"Comment\",\"target\":[\"https:\\\/\\\/diariodelsurdigital.com.ar\\\/?p=2356#respond\"]}]},{\"@type\":\"WebPage\",\"@id\":\"https:\\\/\\\/diariodelsurdigital.com.ar\\\/?p=2356\",\"url\":\"https:\\\/\\\/diariodelsurdigital.com.ar\\\/?p=2356\",\"name\":\"Cerr\u00f3 la paritaria de los empleados de comercio: el salario b\u00e1sico lleg\u00f3 a $ 1.123.000 - Diario del Sur\",\"isPartOf\":{\"@id\":\"https:\\\/\\\/diariodelsurdigital.com.ar\\\/#website\"},\"primaryImageOfPage\":{\"@id\":\"https:\\\/\\\/diariodelsurdigital.com.ar\\\/?p=2356#primaryimage\"},\"image\":{\"@id\":\"https:\\\/\\\/diariodelsurdigital.com.ar\\\/?p=2356#primaryimage\"},\"thumbnailUrl\":\"https:\\\/\\\/diariodelsurdigital.com.ar\\\/wp-content\\\/uploads\\\/2025\\\/04\\\/md-31-1.webp\",\"datePublished\":\"2025-04-30T19:59:19+00:00\",\"dateModified\":\"2025-04-30T19:59:20+00:00\",\"author\":{\"@id\":\"https:\\\/\\\/diariodelsurdigital.com.ar\\\/#\\\/schema\\\/person\\\/1a4992532ed62965c968031b49195c81\"},\"breadcrumb\":{\"@id\":\"https:\\\/\\\/diariodelsurdigital.com.ar\\\/?p=2356#breadcrumb\"},\"inLanguage\":\"es\",\"potentialAction\":[{\"@type\":\"ReadAction\",\"target\":[\"https:\\\/\\\/diariodelsurdigital.com.ar\\\/?p=2356\"]}]},{\"@type\":\"ImageObject\",\"inLanguage\":\"es\",\"@id\":\"https:\\\/\\\/diariodelsurdigital.com.ar\\\/?p=2356#primaryimage\",\"url\":\"https:\\\/\\\/diariodelsurdigital.com.ar\\\/wp-content\\\/uploads\\\/2025\\\/04\\\/md-31-1.webp\",\"contentUrl\":\"https:\\\/\\\/diariodelsurdigital.com.ar\\\/wp-content\\\/uploads\\\/2025\\\/04\\\/md-31-1.webp\",\"width\":992,\"height\":561},{\"@type\":\"BreadcrumbList\",\"@id\":\"https:\\\/\\\/diariodelsurdigital.com.ar\\\/?p=2356#breadcrumb\",\"itemListElement\":[{\"@type\":\"ListItem\",\"position\":1,\"name\":\"Portada\",\"item\":\"https:\\\/\\\/diariodelsurdigital.com.ar\\\/\"},{\"@type\":\"ListItem\",\"position\":2,\"name\":\"Cerr\u00f3 la paritaria de los empleados de comercio: el salario b\u00e1sico lleg\u00f3 a $ 1.123.000\"}]},{\"@type\":\"WebSite\",\"@id\":\"https:\\\/\\\/diariodelsurdigital.com.ar\\\/#website\",\"url\":\"https:\\\/\\\/diariodelsurdigital.com.ar\\\/\",\"name\":\"Diario del Sur\",\"description\":\"Digital\",\"potentialAction\":[{\"@type\":\"SearchAction\",\"target\":{\"@type\":\"EntryPoint\",\"urlTemplate\":\"https:\\\/\\\/diariodelsurdigital.com.ar\\\/?s={search_term_string}\"},\"query-input\":{\"@type\":\"PropertyValueSpecification\",\"valueRequired\":true,\"valueName\":\"search_term_string\"}}],\"inLanguage\":\"es\"},{\"@type\":\"Person\",\"@id\":\"https:\\\/\\\/diariodelsurdigital.com.ar\\\/#\\\/schema\\\/person\\\/1a4992532ed62965c968031b49195c81\",\"name\":\"Diario del Sur Digital\",\"image\":{\"@type\":\"ImageObject\",\"inLanguage\":\"es\",\"@id\":\"https:\\\/\\\/secure.gravatar.com\\\/avatar\\\/f0c7c47fc7146d19828273b9b8eda651c9c7ab583767e6338d3d3bee825adf76?s=96&d=mm&r=g\",\"url\":\"https:\\\/\\\/secure.gravatar.com\\\/avatar\\\/f0c7c47fc7146d19828273b9b8eda651c9c7ab583767e6338d3d3bee825adf76?s=96&d=mm&r=g\",\"contentUrl\":\"https:\\\/\\\/secure.gravatar.com\\\/avatar\\\/f0c7c47fc7146d19828273b9b8eda651c9c7ab583767e6338d3d3bee825adf76?s=96&d=mm&r=g\",\"caption\":\"Diario del Sur Digital\"},\"url\":\"https:\\\/\\\/diariodelsurdigital.com.ar\\\/?author=4\"}]}<\/script>\n<!-- \/ Yoast SEO plugin. -->","yoast_head_json":{"title":"Cerr\u00f3 la paritaria de los empleados de comercio: el salario b\u00e1sico lleg\u00f3 a $ 1.123.000 - Diario del Sur","robots":{"index":"index","follow":"follow","max-snippet":"max-snippet:-1","max-image-preview":"max-image-preview:large","max-video-preview":"max-video-preview:-1"},"canonical":"https:\/\/diariodelsurdigital.com.ar\/?p=2356","og_locale":"es_ES","og_type":"article","og_title":"Cerr\u00f3 la paritaria de los empleados de comercio: el salario b\u00e1sico lleg\u00f3 a $ 1.123.000 - Diario del Sur","og_description":"Se consensu\u00f3 un acuerdo paritario que establece aumentos salariales escalonados para abril, mayo y junio, adem\u00e1s de sumas fijas. La paritaria de comercio contempla una cl\u00e1usula de revisi\u00f3n para ajustar justamente los incrementos, en caso de que la inflaci\u00f3n sea superior a la prevista. La Federaci\u00f3n Argentina de Empleados de Comercio y Servicios (Faecys) y [&hellip;]","og_url":"https:\/\/diariodelsurdigital.com.ar\/?p=2356","og_site_name":"Diario del Sur","article_published_time":"2025-04-30T19:59:19+00:00","article_modified_time":"2025-04-30T19:59:20+00:00","og_image":[{"width":992,"height":561,"url":"https:\/\/diariodelsurdigital.com.ar\/wp-content\/uploads\/2025\/04\/md-31-1.webp","type":"image\/webp"}],"author":"Diario del Sur Digital","twitter_card":"summary_large_image","twitter_misc":{"Escrito por":"Diario del Sur Digital","Tiempo de lectura":"3 minutos"},"schema":{"@context":"https:\/\/schema.org","@graph":[{"@type":"Article","@id":"https:\/\/diariodelsurdigital.com.ar\/?p=2356#article","isPartOf":{"@id":"https:\/\/diariodelsurdigital.com.ar\/?p=2356"},"author":{"name":"Diario del Sur Digital","@id":"https:\/\/diariodelsurdigital.com.ar\/#\/schema\/person\/1a4992532ed62965c968031b49195c81"},"headline":"Cerr\u00f3 la paritaria de los empleados de comercio: el salario b\u00e1sico lleg\u00f3 a $ 1.123.000","datePublished":"2025-04-30T19:59:19+00:00","dateModified":"2025-04-30T19:59:20+00:00","mainEntityOfPage":{"@id":"https:\/\/diariodelsurdigital.com.ar\/?p=2356"},"wordCount":485,"commentCount":0,"image":{"@id":"https:\/\/diariodelsurdigital.com.ar\/?p=2356#primaryimage"},"thumbnailUrl":"https:\/\/diariodelsurdigital.com.ar\/wp-content\/uploads\/2025\/04\/md-31-1.webp","articleSection":["Inter\u00e9s General","Nacionales"],"inLanguage":"es","potentialAction":[{"@type":"CommentAction","name":"Comment","target":["https:\/\/diariodelsurdigital.com.ar\/?p=2356#respond"]}]},{"@type":"WebPage","@id":"https:\/\/diariodelsurdigital.com.ar\/?p=2356","url":"https:\/\/diariodelsurdigital.com.ar\/?p=2356","name":"Cerr\u00f3 la paritaria de los empleados de comercio: el salario b\u00e1sico lleg\u00f3 a $ 1.123.000 - Diario del Sur","isPartOf":{"@id":"https:\/\/diariodelsurdigital.com.ar\/#website"},"primaryImageOfPage":{"@id":"https:\/\/diariodelsurdigital.com.ar\/?p=2356#primaryimage"},"image":{"@id":"https:\/\/diariodelsurdigital.com.ar\/?p=2356#primaryimage"},"thumbnailUrl":"https:\/\/diariodelsurdigital.com.ar\/wp-content\/uploads\/2025\/04\/md-31-1.webp","datePublished":"2025-04-30T19:59:19+00:00","dateModified":"2025-04-30T19:59:20+00:00","author":{"@id":"https:\/\/diariodelsurdigital.com.ar\/#\/schema\/person\/1a4992532ed62965c968031b49195c81"},"breadcrumb":{"@id":"https:\/\/diariodelsurdigital.com.ar\/?p=2356#breadcrumb"},"inLanguage":"es","potentialAction":[{"@type":"ReadAction","target":["https:\/\/diariodelsurdigital.com.ar\/?p=2356"]}]},{"@type":"ImageObject","inLanguage":"es","@id":"https:\/\/diariodelsurdigital.com.ar\/?p=2356#primaryimage","url":"https:\/\/diariodelsurdigital.com.ar\/wp-content\/uploads\/2025\/04\/md-31-1.webp","contentUrl":"https:\/\/diariodelsurdigital.com.ar\/wp-content\/uploads\/2025\/04\/md-31-1.webp","width":992,"height":561},{"@type":"BreadcrumbList","@id":"https:\/\/diariodelsurdigital.com.ar\/?p=2356#breadcrumb","itemListElement":[{"@type":"ListItem","position":1,"name":"Portada","item":"https:\/\/diariodelsurdigital.com.ar\/"},{"@type":"ListItem","position":2,"name":"Cerr\u00f3 la paritaria de los empleados de comercio: el salario b\u00e1sico lleg\u00f3 a $ 1.123.000"}]},{"@type":"WebSite","@id":"https:\/\/diariodelsurdigital.com.ar\/#website","url":"https:\/\/diariodelsurdigital.com.ar\/","name":"Diario del Sur","description":"Digital","potentialAction":[{"@type":"SearchAction","target":{"@type":"EntryPoint","urlTemplate":"https:\/\/diariodelsurdigital.com.ar\/?s={search_term_string}"},"query-input":{"@type":"PropertyValueSpecification","valueRequired":true,"valueName":"search_term_string"}}],"inLanguage":"es"},{"@type":"Person","@id":"https:\/\/diariodelsurdigital.com.ar\/#\/schema\/person\/1a4992532ed62965c968031b49195c81","name":"Diario del Sur Digital","image":{"@type":"ImageObject","inLanguage":"es","@id":"https:\/\/secure.gravatar.com\/avatar\/f0c7c47fc7146d19828273b9b8eda651c9c7ab583767e6338d3d3bee825adf76?s=96&d=mm&r=g","url":"https:\/\/secure.gravatar.com\/avatar\/f0c7c47fc7146d19828273b9b8eda651c9c7ab583767e6338d3d3bee825adf76?s=96&d=mm&r=g","contentUrl":"https:\/\/secure.gravatar.com\/avatar\/f0c7c47fc7146d19828273b9b8eda651c9c7ab583767e6338d3d3bee825adf76?s=96&d=mm&r=g","caption":"Diario del Sur Digital"},"url":"https:\/\/diariodelsurdigital.com.ar\/?author=4"}]}},"_links":{"self":[{"href":"https:\/\/diariodelsurdigital.com.ar\/index.php?rest_route=\/wp\/v2\/posts\/2356","targetHints":{"allow":["GET"]}}],"collection":[{"href":"https:\/\/diariodelsurdigital.com.ar\/index.php?rest_route=\/wp\/v2\/posts"}],"about":[{"href":"https:\/\/diariodelsurdigital.com.ar\/index.php?rest_route=\/wp\/v2\/types\/post"}],"author":[{"embeddable":true,"href":"https:\/\/diariodelsurdigital.com.ar\/index.php?rest_route=\/wp\/v2\/users\/4"}],"replies":[{"embeddable":true,"href":"https:\/\/diariodelsurdigital.com.ar\/index.php?rest_route=%2Fwp%2Fv2%2Fcomments&post=2356"}],"version-history":[{"count":1,"href":"https:\/\/diariodelsurdigital.com.ar\/index.php?rest_route=\/wp\/v2\/posts\/2356\/revisions"}],"predecessor-version":[{"id":2358,"href":"https:\/\/diariodelsurdigital.com.ar\/index.php?rest_route=\/wp\/v2\/posts\/2356\/revisions\/2358"}],"wp:featuredmedia":[{"embeddable":true,"href":"https:\/\/diariodelsurdigital.com.ar\/index.php?rest_route=\/wp\/v2\/media\/2357"}],"wp:attachment":[{"href":"https:\/\/diariodelsurdigital.com.ar\/index.php?rest_route=%2Fwp%2Fv2%2Fmedia&parent=2356"}],"wp:term":[{"taxonomy":"category","embeddable":true,"href":"https:\/\/diariodelsurdigital.com.ar\/index.php?rest_route=%2Fwp%2Fv2%2Fcategories&post=2356"},{"taxonomy":"post_tag","embeddable":true,"href":"https:\/\/diariodelsurdigital.com.ar\/index.php?rest_route=%2Fwp%2Fv2%2Ftags&post=2356"}],"curies":[{"name":"wp","href":"https:\/\/api.w.org\/{rel}","templated":true}]}}