{"id":2362,"date":"2025-04-30T19:01:40","date_gmt":"2025-04-30T22:01:40","guid":{"rendered":"https:\/\/diariodelsurdigital.com.ar\/?p=2362"},"modified":"2025-04-30T19:01:41","modified_gmt":"2025-04-30T22:01:41","slug":"el-senador-dal-molin-cruzo-a-bravo-federacion-recibio-un-monto-muy-superior-a-la-inflacion","status":"publish","type":"post","link":"https:\/\/diariodelsurdigital.com.ar\/?p=2362","title":{"rendered":"El senador Dal Mol\u00edn cruz\u00f3 a Bravo: \u00abFederaci\u00f3n recibi\u00f3 un monto muy superior a la inflaci\u00f3n\u00bb"},"content":{"rendered":"\n<p><\/p>\n\n\n\n<p>\u00a0En respuesta al planteo formulado al gobierno provincial desde la Liga de Intendentes del PJ, a ra\u00edz de una \u201creducci\u00f3n abrupta de la coparticipaci\u00f3n municipal\u201d, el senador Rub\u00e9n Dal Mol\u00edn (<em>Juntos por Entre R\u00edos \/ Federaci\u00f3n<\/em>) pidi\u00f3 \u201cmenos relato y m\u00e1s responsabilidad\u201d.<\/p>\n\n\n\n<p>\u201cResulta llamativo -y preocupante- que algunos intendentes del justicialismo pretendan confundir a la ciudadan\u00eda con acusaciones infundadas sobre una supuesta \u2018responsabilidad provincial\u2019 en la ca\u00edda de los fondos coparticipables\u201d, manifest\u00f3, aclarando que esta merma \u201cresponde a decisiones adoptadas por el gobierno nacional y no a medidas de la administraci\u00f3n provincial\u201d.<a href=\"https:\/\/www.elentrerios.com\/uid-213962\"><\/a><\/p>\n\n\n\n<p>Dirigi\u00e9ndose al presidente municipal de Federaci\u00f3n y referente de la Liga, Ricardo Bravo, lo invit\u00f3 a revisar el informe que la Direcci\u00f3n de Relaciones Municipales envi\u00f3 el pasado 7 de abril a todos los municipios. \u201cAll\u00ed se detallan -con informaci\u00f3n oficial y verificable- las causas de la ca\u00edda de la coparticipaci\u00f3n. Se trata, principalmente, de la aplicaci\u00f3n de la resoluci\u00f3n N\u00ba 331 del Ministerio de Capital Humano, firmada el pasado 13 de marzo, en el marco del Decreto de Necesidad y Urgencia N\u00ba 186 del presidente Javier Milei, publicado un d\u00eda antes\u201d, apunt\u00f3 el legislador oficialista.<\/p>\n\n\n\n<p>\u201cEsa normativa, que modifica los criterios de distribuci\u00f3n de fondos nacionales, afecta no solo a Entre R\u00edos, sino a todas las provincias y municipios del pa\u00eds. As\u00ed lo advertimos con claridad desde el gobierno provincial. La proyecci\u00f3n indica que esta retracci\u00f3n se extender\u00e1, al menos, durante los pr\u00f3ximos cuatro meses\u201d, detall\u00f3 luego.<\/p>\n\n\n\n<p>Con ese antecedente, Dal Mol\u00edn sali\u00f3 en defensa del gobierno provincial: \u201cLo dijimos con tiempo, con transparencia y con responsabilidad. Lamentablemente, algunos prefieren mirar hacia otro lado, o peor a\u00fan, trasladar culpas con fines pol\u00edticos\u201d.<\/p>\n\n\n\n<p>\u201cNo desconocemos el contexto cr\u00edtico que vive la Argentina. Por eso, m\u00e1s que nunca, los tiempos exigen gesti\u00f3n eficiente, austeridad y creatividad para gobernar. Es hora de mirar hacia adentro, de abandonar el discurso f\u00e1cil, y asumir que gobernar implica tomar decisiones, administrar con seriedad y dejar de lado el c\u00e1lculo partidario\u201d, apel\u00f3 en su mensaje.<\/p>\n\n\n\n<figure class=\"wp-block-image\" id=\"embed-220868\"><a class=\"big-img open-popup-link\" href=\"https:\/\/www.elentrerios.com\/actualidad\/ldquola-verdad-sobre-la-coparticipacinrdquo-el-senador-dal-moln-cruz-a-intendentes-del-pj-y-pidi-ldquomenos-relatordquo.htm#embed-220868-popup\"><img decoding=\"async\" src=\"https:\/\/media.elentrerios.com\/fotos-emb\/2025\/04\/30\/o_1746024903.jpg\" alt=\"\"\/><\/a><\/figure>\n\n\n\n<p>A pesar del \u201ccomplejo panorama\u201d actual, el senador destac\u00f3 que \u201cen el primer trimestre del a\u00f1o, su municipio (<em>Federaci\u00f3n<\/em>) recibi\u00f3 en concepto de coparticipaci\u00f3n un monto muy superior a la inflaci\u00f3n acumulada anual publicada por el Indec\u201d. \u201cEs un dato objetivo, que relativiza a\u00fan m\u00e1s las expresiones alarmistas\u201d, se\u00f1al\u00f3.<\/p>\n\n\n\n<p>\u201cNo es momento de sembrar confusi\u00f3n ni de buscar responsables en la vereda de enfrente, es momento de decir la verdad\u201d, concluy\u00f3.<\/p>\n\n\n\n<p><strong>Fuente:<\/strong>\u00a0El Entre R\u00edos \/ Prensa Francisco Dal Mol\u00edn<\/p>\n","protected":false},"excerpt":{"rendered":"<p>\u00a0En respuesta al planteo formulado al gobierno provincial desde la Liga de Intendentes del PJ, a ra\u00edz de una \u201creducci\u00f3n abrupta de la coparticipaci\u00f3n municipal\u201d, el senador Rub\u00e9n Dal Mol\u00edn (Juntos por Entre R\u00edos \/ Federaci\u00f3n) pidi\u00f3 \u201cmenos relato y m\u00e1s responsabilidad\u201d. \u201cResulta llamativo -y preocupante- que algunos intendentes del justicialismo pretendan confundir a la [&hellip;]<\/p>\n","protected":false},"author":2,"featured_media":2363,"comment_status":"open","ping_status":"open","sticky":false,"template":"","format":"standard","meta":{"footnotes":""},"categories":[17],"tags":[],"class_list":{"0":"post-2362","1":"post","2":"type-post","3":"status-publish","4":"format-standard","5":"has-post-thumbnail","7":"category-provinciales"},"yoast_head":"<!-- This site is optimized with the Yoast SEO plugin v27.4 - https:\/\/yoast.com\/product\/yoast-seo-wordpress\/ -->\n<title>El senador Dal Mol\u00edn cruz\u00f3 a Bravo: &quot;Federaci\u00f3n recibi\u00f3 un monto muy superior a la inflaci\u00f3n&quot; - Diario del Sur<\/title>\n<meta name=\"robots\" content=\"index, follow, max-snippet:-1, max-image-preview:large, max-video-preview:-1\" \/>\n<link rel=\"canonical\" href=\"https:\/\/diariodelsurdigital.com.ar\/?p=2362\" \/>\n<meta property=\"og:locale\" content=\"es_ES\" \/>\n<meta property=\"og:type\" content=\"article\" \/>\n<meta property=\"og:title\" content=\"El senador Dal Mol\u00edn cruz\u00f3 a Bravo: &quot;Federaci\u00f3n recibi\u00f3 un monto muy superior a la inflaci\u00f3n&quot; - Diario del Sur\" \/>\n<meta property=\"og:description\" content=\"\u00a0En respuesta al planteo formulado al gobierno provincial desde la Liga de Intendentes del PJ, a ra\u00edz de una \u201creducci\u00f3n abrupta de la coparticipaci\u00f3n municipal\u201d, el senador Rub\u00e9n Dal Mol\u00edn (Juntos por Entre R\u00edos \/ Federaci\u00f3n) pidi\u00f3 \u201cmenos relato y m\u00e1s responsabilidad\u201d. \u201cResulta llamativo -y preocupante- que algunos intendentes del justicialismo pretendan confundir a la [&hellip;]\" \/>\n<meta property=\"og:url\" content=\"https:\/\/diariodelsurdigital.com.ar\/?p=2362\" \/>\n<meta property=\"og:site_name\" content=\"Diario del Sur\" \/>\n<meta property=\"article:published_time\" content=\"2025-04-30T22:01:40+00:00\" \/>\n<meta property=\"article:modified_time\" content=\"2025-04-30T22:01:41+00:00\" \/>\n<meta property=\"og:image\" content=\"https:\/\/diariodelsurdigital.com.ar\/wp-content\/uploads\/2025\/04\/l_1686583730.jpg\" \/>\n\t<meta property=\"og:image:width\" content=\"500\" \/>\n\t<meta property=\"og:image:height\" content=\"365\" \/>\n\t<meta property=\"og:image:type\" content=\"image\/jpeg\" \/>\n<meta name=\"author\" content=\"Diario del Sur Digital\" \/>\n<meta name=\"twitter:card\" content=\"summary_large_image\" \/>\n<meta name=\"twitter:label1\" content=\"Escrito por\" \/>\n\t<meta name=\"twitter:data1\" content=\"Diario del Sur Digital\" \/>\n\t<meta name=\"twitter:label2\" content=\"Tiempo de lectura\" \/>\n\t<meta name=\"twitter:data2\" content=\"3 minutos\" \/>\n<script type=\"application\/ld+json\" class=\"yoast-schema-graph\">{\"@context\":\"https:\\\/\\\/schema.org\",\"@graph\":[{\"@type\":\"Article\",\"@id\":\"https:\\\/\\\/diariodelsurdigital.com.ar\\\/?p=2362#article\",\"isPartOf\":{\"@id\":\"https:\\\/\\\/diariodelsurdigital.com.ar\\\/?p=2362\"},\"author\":{\"name\":\"Diario del Sur Digital\",\"@id\":\"https:\\\/\\\/diariodelsurdigital.com.ar\\\/#\\\/schema\\\/person\\\/6136a32571657f7dba980b88b04c5465\"},\"headline\":\"El senador Dal Mol\u00edn cruz\u00f3 a Bravo: \u00abFederaci\u00f3n recibi\u00f3 un monto muy superior a la inflaci\u00f3n\u00bb\",\"datePublished\":\"2025-04-30T22:01:40+00:00\",\"dateModified\":\"2025-04-30T22:01:41+00:00\",\"mainEntityOfPage\":{\"@id\":\"https:\\\/\\\/diariodelsurdigital.com.ar\\\/?p=2362\"},\"wordCount\":468,\"commentCount\":0,\"image\":{\"@id\":\"https:\\\/\\\/diariodelsurdigital.com.ar\\\/?p=2362#primaryimage\"},\"thumbnailUrl\":\"https:\\\/\\\/diariodelsurdigital.com.ar\\\/wp-content\\\/uploads\\\/2025\\\/04\\\/l_1686583730.jpg\",\"articleSection\":[\"Provinciales\"],\"inLanguage\":\"es\",\"potentialAction\":[{\"@type\":\"CommentAction\",\"name\":\"Comment\",\"target\":[\"https:\\\/\\\/diariodelsurdigital.com.ar\\\/?p=2362#respond\"]}]},{\"@type\":\"WebPage\",\"@id\":\"https:\\\/\\\/diariodelsurdigital.com.ar\\\/?p=2362\",\"url\":\"https:\\\/\\\/diariodelsurdigital.com.ar\\\/?p=2362\",\"name\":\"El senador Dal Mol\u00edn cruz\u00f3 a Bravo: \\\"Federaci\u00f3n recibi\u00f3 un monto muy superior a la inflaci\u00f3n\\\" - Diario del Sur\",\"isPartOf\":{\"@id\":\"https:\\\/\\\/diariodelsurdigital.com.ar\\\/#website\"},\"primaryImageOfPage\":{\"@id\":\"https:\\\/\\\/diariodelsurdigital.com.ar\\\/?p=2362#primaryimage\"},\"image\":{\"@id\":\"https:\\\/\\\/diariodelsurdigital.com.ar\\\/?p=2362#primaryimage\"},\"thumbnailUrl\":\"https:\\\/\\\/diariodelsurdigital.com.ar\\\/wp-content\\\/uploads\\\/2025\\\/04\\\/l_1686583730.jpg\",\"datePublished\":\"2025-04-30T22:01:40+00:00\",\"dateModified\":\"2025-04-30T22:01:41+00:00\",\"author\":{\"@id\":\"https:\\\/\\\/diariodelsurdigital.com.ar\\\/#\\\/schema\\\/person\\\/6136a32571657f7dba980b88b04c5465\"},\"breadcrumb\":{\"@id\":\"https:\\\/\\\/diariodelsurdigital.com.ar\\\/?p=2362#breadcrumb\"},\"inLanguage\":\"es\",\"potentialAction\":[{\"@type\":\"ReadAction\",\"target\":[\"https:\\\/\\\/diariodelsurdigital.com.ar\\\/?p=2362\"]}]},{\"@type\":\"ImageObject\",\"inLanguage\":\"es\",\"@id\":\"https:\\\/\\\/diariodelsurdigital.com.ar\\\/?p=2362#primaryimage\",\"url\":\"https:\\\/\\\/diariodelsurdigital.com.ar\\\/wp-content\\\/uploads\\\/2025\\\/04\\\/l_1686583730.jpg\",\"contentUrl\":\"https:\\\/\\\/diariodelsurdigital.com.ar\\\/wp-content\\\/uploads\\\/2025\\\/04\\\/l_1686583730.jpg\",\"width\":500,\"height\":365},{\"@type\":\"BreadcrumbList\",\"@id\":\"https:\\\/\\\/diariodelsurdigital.com.ar\\\/?p=2362#breadcrumb\",\"itemListElement\":[{\"@type\":\"ListItem\",\"position\":1,\"name\":\"Portada\",\"item\":\"https:\\\/\\\/diariodelsurdigital.com.ar\\\/\"},{\"@type\":\"ListItem\",\"position\":2,\"name\":\"El senador Dal Mol\u00edn cruz\u00f3 a Bravo: \u00abFederaci\u00f3n recibi\u00f3 un monto muy superior a la inflaci\u00f3n\u00bb\"}]},{\"@type\":\"WebSite\",\"@id\":\"https:\\\/\\\/diariodelsurdigital.com.ar\\\/#website\",\"url\":\"https:\\\/\\\/diariodelsurdigital.com.ar\\\/\",\"name\":\"Diario del Sur\",\"description\":\"Digital\",\"potentialAction\":[{\"@type\":\"SearchAction\",\"target\":{\"@type\":\"EntryPoint\",\"urlTemplate\":\"https:\\\/\\\/diariodelsurdigital.com.ar\\\/?s={search_term_string}\"},\"query-input\":{\"@type\":\"PropertyValueSpecification\",\"valueRequired\":true,\"valueName\":\"search_term_string\"}}],\"inLanguage\":\"es\"},{\"@type\":\"Person\",\"@id\":\"https:\\\/\\\/diariodelsurdigital.com.ar\\\/#\\\/schema\\\/person\\\/6136a32571657f7dba980b88b04c5465\",\"name\":\"Diario del Sur Digital\",\"image\":{\"@type\":\"ImageObject\",\"inLanguage\":\"es\",\"@id\":\"https:\\\/\\\/secure.gravatar.com\\\/avatar\\\/4c29ceac98541dd42460b2474aaa5dd37594d6ce6cb3cf2c101d09b48ee287ba?s=96&d=mm&r=g\",\"url\":\"https:\\\/\\\/secure.gravatar.com\\\/avatar\\\/4c29ceac98541dd42460b2474aaa5dd37594d6ce6cb3cf2c101d09b48ee287ba?s=96&d=mm&r=g\",\"contentUrl\":\"https:\\\/\\\/secure.gravatar.com\\\/avatar\\\/4c29ceac98541dd42460b2474aaa5dd37594d6ce6cb3cf2c101d09b48ee287ba?s=96&d=mm&r=g\",\"caption\":\"Diario del Sur Digital\"},\"url\":\"https:\\\/\\\/diariodelsurdigital.com.ar\\\/?author=2\"}]}<\/script>\n<!-- \/ Yoast SEO plugin. -->","yoast_head_json":{"title":"El senador Dal Mol\u00edn cruz\u00f3 a Bravo: \"Federaci\u00f3n recibi\u00f3 un monto muy superior a la inflaci\u00f3n\" - Diario del Sur","robots":{"index":"index","follow":"follow","max-snippet":"max-snippet:-1","max-image-preview":"max-image-preview:large","max-video-preview":"max-video-preview:-1"},"canonical":"https:\/\/diariodelsurdigital.com.ar\/?p=2362","og_locale":"es_ES","og_type":"article","og_title":"El senador Dal Mol\u00edn cruz\u00f3 a Bravo: \"Federaci\u00f3n recibi\u00f3 un monto muy superior a la inflaci\u00f3n\" - Diario del Sur","og_description":"\u00a0En respuesta al planteo formulado al gobierno provincial desde la Liga de Intendentes del PJ, a ra\u00edz de una \u201creducci\u00f3n abrupta de la coparticipaci\u00f3n municipal\u201d, el senador Rub\u00e9n Dal Mol\u00edn (Juntos por Entre R\u00edos \/ Federaci\u00f3n) pidi\u00f3 \u201cmenos relato y m\u00e1s responsabilidad\u201d. \u201cResulta llamativo -y preocupante- que algunos intendentes del justicialismo pretendan confundir a la [&hellip;]","og_url":"https:\/\/diariodelsurdigital.com.ar\/?p=2362","og_site_name":"Diario del Sur","article_published_time":"2025-04-30T22:01:40+00:00","article_modified_time":"2025-04-30T22:01:41+00:00","og_image":[{"width":500,"height":365,"url":"https:\/\/diariodelsurdigital.com.ar\/wp-content\/uploads\/2025\/04\/l_1686583730.jpg","type":"image\/jpeg"}],"author":"Diario del Sur Digital","twitter_card":"summary_large_image","twitter_misc":{"Escrito por":"Diario del Sur Digital","Tiempo de lectura":"3 minutos"},"schema":{"@context":"https:\/\/schema.org","@graph":[{"@type":"Article","@id":"https:\/\/diariodelsurdigital.com.ar\/?p=2362#article","isPartOf":{"@id":"https:\/\/diariodelsurdigital.com.ar\/?p=2362"},"author":{"name":"Diario del Sur Digital","@id":"https:\/\/diariodelsurdigital.com.ar\/#\/schema\/person\/6136a32571657f7dba980b88b04c5465"},"headline":"El senador Dal Mol\u00edn cruz\u00f3 a Bravo: \u00abFederaci\u00f3n recibi\u00f3 un monto muy superior a la inflaci\u00f3n\u00bb","datePublished":"2025-04-30T22:01:40+00:00","dateModified":"2025-04-30T22:01:41+00:00","mainEntityOfPage":{"@id":"https:\/\/diariodelsurdigital.com.ar\/?p=2362"},"wordCount":468,"commentCount":0,"image":{"@id":"https:\/\/diariodelsurdigital.com.ar\/?p=2362#primaryimage"},"thumbnailUrl":"https:\/\/diariodelsurdigital.com.ar\/wp-content\/uploads\/2025\/04\/l_1686583730.jpg","articleSection":["Provinciales"],"inLanguage":"es","potentialAction":[{"@type":"CommentAction","name":"Comment","target":["https:\/\/diariodelsurdigital.com.ar\/?p=2362#respond"]}]},{"@type":"WebPage","@id":"https:\/\/diariodelsurdigital.com.ar\/?p=2362","url":"https:\/\/diariodelsurdigital.com.ar\/?p=2362","name":"El senador Dal Mol\u00edn cruz\u00f3 a Bravo: \"Federaci\u00f3n recibi\u00f3 un monto muy superior a la inflaci\u00f3n\" - Diario del Sur","isPartOf":{"@id":"https:\/\/diariodelsurdigital.com.ar\/#website"},"primaryImageOfPage":{"@id":"https:\/\/diariodelsurdigital.com.ar\/?p=2362#primaryimage"},"image":{"@id":"https:\/\/diariodelsurdigital.com.ar\/?p=2362#primaryimage"},"thumbnailUrl":"https:\/\/diariodelsurdigital.com.ar\/wp-content\/uploads\/2025\/04\/l_1686583730.jpg","datePublished":"2025-04-30T22:01:40+00:00","dateModified":"2025-04-30T22:01:41+00:00","author":{"@id":"https:\/\/diariodelsurdigital.com.ar\/#\/schema\/person\/6136a32571657f7dba980b88b04c5465"},"breadcrumb":{"@id":"https:\/\/diariodelsurdigital.com.ar\/?p=2362#breadcrumb"},"inLanguage":"es","potentialAction":[{"@type":"ReadAction","target":["https:\/\/diariodelsurdigital.com.ar\/?p=2362"]}]},{"@type":"ImageObject","inLanguage":"es","@id":"https:\/\/diariodelsurdigital.com.ar\/?p=2362#primaryimage","url":"https:\/\/diariodelsurdigital.com.ar\/wp-content\/uploads\/2025\/04\/l_1686583730.jpg","contentUrl":"https:\/\/diariodelsurdigital.com.ar\/wp-content\/uploads\/2025\/04\/l_1686583730.jpg","width":500,"height":365},{"@type":"BreadcrumbList","@id":"https:\/\/diariodelsurdigital.com.ar\/?p=2362#breadcrumb","itemListElement":[{"@type":"ListItem","position":1,"name":"Portada","item":"https:\/\/diariodelsurdigital.com.ar\/"},{"@type":"ListItem","position":2,"name":"El senador Dal Mol\u00edn cruz\u00f3 a Bravo: \u00abFederaci\u00f3n recibi\u00f3 un monto muy superior a la inflaci\u00f3n\u00bb"}]},{"@type":"WebSite","@id":"https:\/\/diariodelsurdigital.com.ar\/#website","url":"https:\/\/diariodelsurdigital.com.ar\/","name":"Diario del Sur","description":"Digital","potentialAction":[{"@type":"SearchAction","target":{"@type":"EntryPoint","urlTemplate":"https:\/\/diariodelsurdigital.com.ar\/?s={search_term_string}"},"query-input":{"@type":"PropertyValueSpecification","valueRequired":true,"valueName":"search_term_string"}}],"inLanguage":"es"},{"@type":"Person","@id":"https:\/\/diariodelsurdigital.com.ar\/#\/schema\/person\/6136a32571657f7dba980b88b04c5465","name":"Diario del Sur Digital","image":{"@type":"ImageObject","inLanguage":"es","@id":"https:\/\/secure.gravatar.com\/avatar\/4c29ceac98541dd42460b2474aaa5dd37594d6ce6cb3cf2c101d09b48ee287ba?s=96&d=mm&r=g","url":"https:\/\/secure.gravatar.com\/avatar\/4c29ceac98541dd42460b2474aaa5dd37594d6ce6cb3cf2c101d09b48ee287ba?s=96&d=mm&r=g","contentUrl":"https:\/\/secure.gravatar.com\/avatar\/4c29ceac98541dd42460b2474aaa5dd37594d6ce6cb3cf2c101d09b48ee287ba?s=96&d=mm&r=g","caption":"Diario del Sur Digital"},"url":"https:\/\/diariodelsurdigital.com.ar\/?author=2"}]}},"_links":{"self":[{"href":"https:\/\/diariodelsurdigital.com.ar\/index.php?rest_route=\/wp\/v2\/posts\/2362","targetHints":{"allow":["GET"]}}],"collection":[{"href":"https:\/\/diariodelsurdigital.com.ar\/index.php?rest_route=\/wp\/v2\/posts"}],"about":[{"href":"https:\/\/diariodelsurdigital.com.ar\/index.php?rest_route=\/wp\/v2\/types\/post"}],"author":[{"embeddable":true,"href":"https:\/\/diariodelsurdigital.com.ar\/index.php?rest_route=\/wp\/v2\/users\/2"}],"replies":[{"embeddable":true,"href":"https:\/\/diariodelsurdigital.com.ar\/index.php?rest_route=%2Fwp%2Fv2%2Fcomments&post=2362"}],"version-history":[{"count":1,"href":"https:\/\/diariodelsurdigital.com.ar\/index.php?rest_route=\/wp\/v2\/posts\/2362\/revisions"}],"predecessor-version":[{"id":2364,"href":"https:\/\/diariodelsurdigital.com.ar\/index.php?rest_route=\/wp\/v2\/posts\/2362\/revisions\/2364"}],"wp:featuredmedia":[{"embeddable":true,"href":"https:\/\/diariodelsurdigital.com.ar\/index.php?rest_route=\/wp\/v2\/media\/2363"}],"wp:attachment":[{"href":"https:\/\/diariodelsurdigital.com.ar\/index.php?rest_route=%2Fwp%2Fv2%2Fmedia&parent=2362"}],"wp:term":[{"taxonomy":"category","embeddable":true,"href":"https:\/\/diariodelsurdigital.com.ar\/index.php?rest_route=%2Fwp%2Fv2%2Fcategories&post=2362"},{"taxonomy":"post_tag","embeddable":true,"href":"https:\/\/diariodelsurdigital.com.ar\/index.php?rest_route=%2Fwp%2Fv2%2Ftags&post=2362"}],"curies":[{"name":"wp","href":"https:\/\/api.w.org\/{rel}","templated":true}]}}