{"id":2365,"date":"2025-04-30T19:14:57","date_gmt":"2025-04-30T22:14:57","guid":{"rendered":"https:\/\/diariodelsurdigital.com.ar\/?p=2365"},"modified":"2025-04-30T19:16:08","modified_gmt":"2025-04-30T22:16:08","slug":"defensores-pidieron-que-se-nombren-a-los-legisladores-que-firmaron-los-contratos-truchos","status":"publish","type":"post","link":"https:\/\/diariodelsurdigital.com.ar\/?p=2365","title":{"rendered":"Defensores pidieron que se nombren a los legisladores que firmaron los contratos truchos"},"content":{"rendered":"\n<h1 class=\"wp-block-heading\"><\/h1>\n\n\n\n<p> <\/p>\n\n\n\n<p>El abogado Leopoldo Lambruschini fue quien tom\u00f3 la iniciativa en la audiencia de este mi\u00e9rcoles donde se discute la remisi\u00f3n a juicio de la causa Contratos Truchos de la Legislatura. La jornada dio inicio a las respuestas defensivas a la acusaci\u00f3n del Ministerio P\u00fablico Fiscal (MPF).&nbsp;<\/p>\n\n\n\n<p>Lambruschini defiende junto a Julio Federik al contador Juan Domingo Orabona, acusado por los fiscales de haber participado de una Asociaci\u00f3n Il\u00edcita mientras era el responsable del Servicio Administrativo Contable del Senado. El abogado defensor afirm\u00f3 que los fiscales no son suficientes para endilgarle a Orabona formar parte de dicha Asociaci\u00f3n.<\/p>\n\n\n\n<p>En un alegato t\u00e9cnico que busc\u00f3 poner en tela de juicio la calificaci\u00f3n legal realizada por Fiscal\u00eda, la defensa de Orabona asegur\u00f3 que \u201cel hecho no puede ser subsumido en el delito de Asociaci\u00f3n Il\u00edcita\u201d, atacaron la acusaci\u00f3n del delito de Peculado y la forma en que el MPF concurs\u00f3 ambos delitos. Adem\u00e1s, Lambruschini asever\u00f3 que Fiscal\u00eda \u201ccambi\u00f3 el hecho\u201d en la audiencia de remisi\u00f3n cuando aleg\u00f3 la fiscal Patricia Yedro y modific\u00f3 el monto sustra\u00eddo mediante el il\u00edcito: \u201cEsto determina la cuant\u00eda de la pena. Los montos no pueden ser actualizados, sino que forman parte del hecho hist\u00f3rico investigado\u201d.&nbsp;<\/p>\n\n\n\n<p>A los argumentos de Lambruschini adhirieron todos los abogados que alegaron posteriormente: Emilio Fouces, Dami\u00e1n Petenatti y Jos\u00e9 Vel\u00e1zquez. Todos pidieron la nulidad de la remisi\u00f3n a juicio.&nbsp;<\/p>\n\n\n\n<p>Como parte de la estrategia defensiva, el abogado Emilio Fouces puntualiz\u00f3 m\u00e1s en los hechos denunciados por el MPF y asegur\u00f3 que \u201clos contratos no fueron realizados por acusados sino que son los legisladores y las autoridades de C\u00e1mara\u201d. El eje central del argumento defensivo se bas\u00f3 en los procedimientos administrativos que establecen la formalidad de los contratos, es decir la norma por la que deben realizarse los contratos legislativos.&nbsp;<\/p>\n\n\n\n<p>Fouces defiende a Sergio Cardoso, Jos\u00e9 Javier Schneider y Jorge L\u00e1zzaro. Los tres est\u00e1n acusados de haber garantizado la ejecuci\u00f3n de la maniobra delicitiva desde su condici\u00f3n de funcionarios administrativos de las \u00e1reas contables de la C\u00e1mara de Diputados y la de Senadores. \u201cLos fiscales no hablaron de los procedimientos, no dijeron siquiera que si fueron violados. Esos contratos eran productos de un proceso administrativo en el que interven\u00edan distintas partes de ambas C\u00e1maras y finalizaban con decretos aprobatorios por parte de las autoridades de la C\u00e1mara. No fueron Cardoso, L\u00e1zzaro ni Schneider los que hicieron los contratos, fueron las C\u00e1maras de Diputados y Senadores a trav\u00e9s de un decreto firmado\u201d, expres\u00f3 Fouces.&nbsp;<\/p>\n\n\n\n<p>El abogado puntualiz\u00f3 en que Fiscal\u00eda no puede desconocer quienes suscribieron los contratos porque los legisladores figuran en cada contrato y las autoridades de C\u00e1mara \u201cson cuatro\u201d,&nbsp;informaci\u00f3n que se puede chequear con la fecha de los contratos. Apunt\u00f3 al argumento de los fiscales que aducen que en la elaboraci\u00f3n de los contratos participaron \u201cpersonas a\u00fan no identificadas\u201d en relaci\u00f3n a las autoridades. Cabe recordar que desde el MPF se ha dejado trascender que se realizar\u00e1 una segunda investigaci\u00f3n que apunte contra los legisladores que firmaron cada contrato y las autoridades m\u00e1ximas de cada C\u00e1mara.<\/p>\n\n\n\n<p>Adem\u00e1s detallaron sumarios administrativos realizados una vez que tom\u00f3 estado p\u00fablico el hecho y la investigaci\u00f3n de los fiscales. Seg\u00fan los abogados, Fiscal\u00eda desconoce la realizaci\u00f3n y resultados de los contratos denunciados: \u201cEsos contratos hoy son actos administrativos v\u00e1lidos hasta el d\u00eda de la fecha. No lo hicieron los acusados sino que fueron parte de un procedimiento\u201d.&nbsp;<\/p>\n\n\n\n<p>Como se sab\u00eda, las audiencias exponen nombres de legisladores que firmaron los contratos y en este caso es por el accionar de algunas de las defensas. Fouces puntualiz\u00f3 en dirigentes del Partido Justicialista al defender a Cardoso criticando la tesis de Fiscal\u00eda: \u00abDicen los que fiscales que los diputados Juan Carlos Navarro, Leticia Angelosa, Juan Carlos Darrich\u00f3n, Gustavo Osuna y Jos\u00e9 Mar\u00eda Kramer admitieron celebrar a su nombre contratos de obra falsos, dici\u00e9ndoles que por orden de las autoridades de la C\u00e1mara deb\u00edan suscribirlos para evitar que esas personas se queden sin trabajo. Vale decir, la acusaci\u00f3n sostiene que Cardoso enga\u00f1\u00f3 a estos diputados y los oblig\u00f3 o los persuadi\u00f3 a que firmen. Analicemos el planteo del MPF: Navarro, fue senador presidente de bloque, dos veces diputados provincial; Angelosa fue dos veces diputada; Darrich\u00f3n fue dos veces intendente de Diamante y dos veces diputados; etc\u00e9tera. Osea, estos incautos inocentes cayeron en las garras de Cardoso que los enga\u00f1\u00f3 para que firmen los contratos. Lo que no dice la acusaci\u00f3n es que estos diputados, al igual que todos los diputados, ten\u00edan cientos de contratos firmados. Es decir, sab\u00edan que era lo que estaban firmando\u00bb.<\/p>\n\n\n\n<p>Respecto a la situaci\u00f3n particular de Cardoso, L\u00e1zzaro y Schneider, Fouces asegur\u00f3 que todos los mails que constan como evidencia son parte de sus tareas laborales: \u201cSe pretende endilgar una Asociaci\u00f3n il\u00edcita por las tareas habituales de sus trabajos\u201d. Puntualiz\u00f3 que ninguno de sus defendidos pod\u00eda conocer la existencia de las tareas realizadas por Hugo Mena, Flavia Beckman y el resto de la banda que se dedicaba a reclutar, cobrar y distribuir el dinero sustra\u00eddo: \u201cNinguno de mis defendidos fueron vistos fuera de su \u00e1mbito laboral\u201d, agreg\u00f3.&nbsp;<\/p>\n\n\n\n<p><strong>Piden a la jueza que le ordene a Fiscal\u00eda nombrar a legisladores y autoridades<\/strong><\/p>\n\n\n\n<p>Dami\u00e1n Petenatti defiende junto a Ivan Vernengo a Alfredo Bilbao. Aseguraron que la Fiscal\u00eda realiz\u00f3 \u201cuna investigaci\u00f3n sesgada intencionalmente\u201d y que eso afecta el derecho a la defensa. \u201cHay ausencia de informaci\u00f3n, hay una investigaci\u00f3n e imputaci\u00f3n sesgada, parcializada. Una &nbsp;decisi\u00f3n deliberada de no mencionar en el hecho toda la informaci\u00f3n que se podr\u00eda mencionar, que servir\u00eda para nuestra defensa\u201d.&nbsp;<\/p>\n\n\n\n<p>Critic\u00f3 sin mencionar al Procurador General Jorge Amilcar Garc\u00eda: \u201cEs una decisi\u00f3n pol\u00edtica, no de pol\u00edtica criminal, de retacear la informaci\u00f3n. De hacer todo lo posible para que ninguna de las personas que ten\u00edan la responsabilidad de representar a la gente tengan que estar ac\u00e1. Es una decisi\u00f3n pol\u00edtica que usted debe ponerle un freno porque afecta los derechos de los acusados ya que los fiscales debieron exacerbar las responsabilidades de los acusados en este expediente\u201d.&nbsp;<\/p>\n\n\n\n<p>\u201cNo pedimos que usted ordene a Fiscal\u00eda que investigue a estas personas que no son nombradas en la imputaci\u00f3n, lo que si queremos es que anule el escrito de remisi\u00f3n a juicio o en su defecto, le ordene a la Fiscal\u00eda dar estas precisiones\u201d, agreg\u00f3 Petenatti. Es decir, que la jueza Marina Barbagelata le ordene a los fiscales que nombren a todos los legisladores que firmaron los contratos truchos y las autoridades de bloque y de cada C\u00e1mara.<\/p>\n\n\n\n<p><strong>\u201c\u00bfCu\u00e1les son los contratos truchos?\u201d<\/strong><\/p>\n\n\n\n<p>Dos acusados clave en la tesis de fiscal\u00eda son Flavia Beckman y Hugo Mena, su abogado es Jos\u00e9 Vel\u00e1zquez. El defensor adhiri\u00f3 a la mayor\u00eda de lo expresado por los abogados anteriores, tanto en lo que hace a la cuesti\u00f3n procesal como as\u00ed tambi\u00e9n al hecho concreto: \u201cEstoy un poco cansado de que todo en esta causa recaiga sobre la expert\u00edz de Beckman y Mena para evadir todos los controles\u201d.<\/p>\n\n\n\n<p>\u201cAc\u00e1 falta informaci\u00f3n que afecta el derecho a defensa. Hay tres momentos claros del hecho: decisi\u00f3n, ejecuci\u00f3n y sustracci\u00f3n. Mis defendidos est\u00e1n en la \u00faltima parte pero en la imputaci\u00f3n falta toda la parte inicial y eso afecta a nuestra defensa, porque las personas que no est\u00e1n mencionadas pueden aportar claridad sobre el hecho que nos podr\u00eda servir a nosotros para defendernos\u201d, expres\u00f3 Vel\u00e1zquez en sinton\u00eda con los otros defensores.&nbsp;<\/p>\n\n\n\n<p>En esa l\u00ednea, enfatiz\u00f3: \u201c\u00bfCu\u00e1les son los supuestamente contratos truchos? \u00bfTodos? \u00bfAlgunos? Todos los pagos que salieron de la legislatura conforme a los expedientes que est\u00e1n en este legajo, cumpl\u00edan con todos los requisitos. Claramente los contratos eran legales \u00bfCuales son los contratos truchos? Ac\u00e1 falta informaci\u00f3n\u201d.<\/p>\n\n\n\n<p>\u201cNecesitamos saber quienes son los que contrataron a estas personas. Si no es un realismo m\u00e1gico del que no nos podemos defender\u201d, agreg\u00f3.<\/p>\n\n\n\n<p><strong>La defensa de qui\u00e9nes auditaban los contratos<\/strong><\/p>\n\n\n\n<p>Dentro de la acusaci\u00f3n del MPF est\u00e1n imputados quienes formaban parte del equipo de auditorias del Tribunal de Cuentas tanto en la C\u00e1mara de Senadores como la de Diputados. Dos de ellos, Mariano Feroni y Diego Mart\u00edn Pagnoni son defendidos por Victoria Halle, quien cerr\u00f3 la jornada de este mi\u00e9rcoles.<\/p>\n\n\n\n<p>Halle adhiri\u00f3 a los planteos de nulidad y expres\u00f3 que hay un \u201cgrave error\u201d en la imputaci\u00f3n ya que refiere a un per\u00edodo que excede al tiempo que sus defendidos trabajaron para el Tribunal de Cuentas. Pero adem\u00e1s asegur\u00f3 que sus defendidos realizaron \u201cel control legal\u201d de los contratos de la manera que prev\u00e9 la norma y que se le endilgan responsabilidades que \u201cescapan a su competencia\u201d.&nbsp;<\/p>\n\n\n\n<p>\u201cLo que es el control de eficiencia de los gastos, los destinos de los mismos, escapa a la competencia de mis defendidos, es m\u00e1s, est\u00e1n vedados. La decisi\u00f3n de como se invierten esos fondos es decisi\u00f3n del Poder Legislativo. Ellos controlaban la legalidad de los contratos y nosotros creemos que lo hicieron seg\u00fan el marco normativo\u201d, explic\u00f3.<\/p>\n\n\n\n<p>En esa l\u00ednea, argument\u00f3: \u201cLos auditores se fijan si los contratos cumplen con lo que est\u00e1 incluido en el presupuesto\u201d pero que no pueden advertir -como sostienen los fiscales- que por la magnitud de este tipo de contrataciones estaban frente a la comisi\u00f3n de un delito. \u201cComo auditor escapa de sus competencias evaluar o dar cuenta de que por la magnitud presupuestaria de los contratos y prever el hecho. Escapa de estas personas controlar si los contratados cumpl\u00edan tareas o no, a que hora ingresaban o no. Escapa a ellos saber quien cobraban los cheques\u201d, agreg\u00f3.<br>&nbsp;<br>Explic\u00f3 que \u201clas auditorias se realizan sobre cuentas de un a\u00f1o, un a\u00f1o y medio para atr\u00e1s, no se audita el presente\u201d y que los auditores deben analizar la informaci\u00f3n que le brindan las C\u00e1maras en el lugar y no pueden llevarse la documental.&nbsp;<\/p>\n\n\n\n<p>Adem\u00e1s, puntualiz\u00f3 en que si bien las auditorias son aleatorias -no sobre el total de las contrataciones- \u201cno hay ninguna prueba de que la seleci\u00f3n de los contratos auditados haya sido por parte de las autoridades de la C\u00e1mara\u201d como sostiene la acusaci\u00f3n.&nbsp;<\/p>\n\n\n\n<p>Las audiencias se retoman el pr\u00f3ximo lunes a las 9 de la ma\u00f1ana y se prev\u00e9 la posibilidad de que los abogados defensores concluyan con esta etapa de respuesta a Fiscal\u00eda.<\/p>\n\n\n\n<h3 class=\"wp-block-heading\"><\/h3>\n","protected":false},"excerpt":{"rendered":"<p>El abogado Leopoldo Lambruschini fue quien tom\u00f3 la iniciativa en la audiencia de este mi\u00e9rcoles donde se discute la remisi\u00f3n a juicio de la causa Contratos Truchos de la Legislatura. La jornada dio inicio a las respuestas defensivas a la acusaci\u00f3n del Ministerio P\u00fablico Fiscal (MPF).&nbsp; Lambruschini defiende junto a Julio Federik al contador Juan [&hellip;]<\/p>\n","protected":false},"author":2,"featured_media":2366,"comment_status":"open","ping_status":"open","sticky":false,"template":"","format":"standard","meta":{"footnotes":""},"categories":[17],"tags":[],"class_list":{"0":"post-2365","1":"post","2":"type-post","3":"status-publish","4":"format-standard","5":"has-post-thumbnail","7":"category-provinciales"},"yoast_head":"<!-- This site is optimized with the Yoast SEO plugin v27.4 - https:\/\/yoast.com\/product\/yoast-seo-wordpress\/ -->\n<title>Defensores pidieron que se nombren a los legisladores que firmaron los contratos truchos - Diario del Sur<\/title>\n<meta name=\"robots\" content=\"index, follow, max-snippet:-1, max-image-preview:large, max-video-preview:-1\" \/>\n<link rel=\"canonical\" href=\"https:\/\/diariodelsurdigital.com.ar\/?p=2365\" \/>\n<meta property=\"og:locale\" content=\"es_ES\" \/>\n<meta property=\"og:type\" content=\"article\" \/>\n<meta property=\"og:title\" content=\"Defensores pidieron que se nombren a los legisladores que firmaron los contratos truchos - Diario del Sur\" \/>\n<meta property=\"og:description\" content=\"El abogado Leopoldo Lambruschini fue quien tom\u00f3 la iniciativa en la audiencia de este mi\u00e9rcoles donde se discute la remisi\u00f3n a juicio de la causa Contratos Truchos de la Legislatura. La jornada dio inicio a las respuestas defensivas a la acusaci\u00f3n del Ministerio P\u00fablico Fiscal (MPF).&nbsp; Lambruschini defiende junto a Julio Federik al contador Juan [&hellip;]\" \/>\n<meta property=\"og:url\" content=\"https:\/\/diariodelsurdigital.com.ar\/?p=2365\" \/>\n<meta property=\"og:site_name\" content=\"Diario del Sur\" \/>\n<meta property=\"article:published_time\" content=\"2025-04-30T22:14:57+00:00\" \/>\n<meta property=\"article:modified_time\" content=\"2025-04-30T22:16:08+00:00\" \/>\n<meta property=\"og:image\" content=\"https:\/\/diariodelsurdigital.com.ar\/wp-content\/uploads\/2025\/04\/defensas_causa_contratos.jpg\" \/>\n\t<meta property=\"og:image:width\" content=\"519\" \/>\n\t<meta property=\"og:image:height\" content=\"333\" \/>\n\t<meta property=\"og:image:type\" content=\"image\/jpeg\" \/>\n<meta name=\"author\" content=\"Diario del Sur Digital\" \/>\n<meta name=\"twitter:card\" content=\"summary_large_image\" \/>\n<meta name=\"twitter:label1\" content=\"Escrito por\" \/>\n\t<meta name=\"twitter:data1\" content=\"Diario del Sur Digital\" \/>\n\t<meta name=\"twitter:label2\" content=\"Tiempo de lectura\" \/>\n\t<meta name=\"twitter:data2\" content=\"8 minutos\" \/>\n<script type=\"application\/ld+json\" class=\"yoast-schema-graph\">{\"@context\":\"https:\\\/\\\/schema.org\",\"@graph\":[{\"@type\":\"Article\",\"@id\":\"https:\\\/\\\/diariodelsurdigital.com.ar\\\/?p=2365#article\",\"isPartOf\":{\"@id\":\"https:\\\/\\\/diariodelsurdigital.com.ar\\\/?p=2365\"},\"author\":{\"name\":\"Diario del Sur Digital\",\"@id\":\"https:\\\/\\\/diariodelsurdigital.com.ar\\\/#\\\/schema\\\/person\\\/6136a32571657f7dba980b88b04c5465\"},\"headline\":\"Defensores pidieron que se nombren a los legisladores que firmaron los contratos truchos\",\"datePublished\":\"2025-04-30T22:14:57+00:00\",\"dateModified\":\"2025-04-30T22:16:08+00:00\",\"mainEntityOfPage\":{\"@id\":\"https:\\\/\\\/diariodelsurdigital.com.ar\\\/?p=2365\"},\"wordCount\":1854,\"commentCount\":0,\"image\":{\"@id\":\"https:\\\/\\\/diariodelsurdigital.com.ar\\\/?p=2365#primaryimage\"},\"thumbnailUrl\":\"https:\\\/\\\/diariodelsurdigital.com.ar\\\/wp-content\\\/uploads\\\/2025\\\/04\\\/defensas_causa_contratos.jpg\",\"articleSection\":[\"Provinciales\"],\"inLanguage\":\"es\",\"potentialAction\":[{\"@type\":\"CommentAction\",\"name\":\"Comment\",\"target\":[\"https:\\\/\\\/diariodelsurdigital.com.ar\\\/?p=2365#respond\"]}]},{\"@type\":\"WebPage\",\"@id\":\"https:\\\/\\\/diariodelsurdigital.com.ar\\\/?p=2365\",\"url\":\"https:\\\/\\\/diariodelsurdigital.com.ar\\\/?p=2365\",\"name\":\"Defensores pidieron que se nombren a los legisladores que firmaron los contratos truchos - Diario del Sur\",\"isPartOf\":{\"@id\":\"https:\\\/\\\/diariodelsurdigital.com.ar\\\/#website\"},\"primaryImageOfPage\":{\"@id\":\"https:\\\/\\\/diariodelsurdigital.com.ar\\\/?p=2365#primaryimage\"},\"image\":{\"@id\":\"https:\\\/\\\/diariodelsurdigital.com.ar\\\/?p=2365#primaryimage\"},\"thumbnailUrl\":\"https:\\\/\\\/diariodelsurdigital.com.ar\\\/wp-content\\\/uploads\\\/2025\\\/04\\\/defensas_causa_contratos.jpg\",\"datePublished\":\"2025-04-30T22:14:57+00:00\",\"dateModified\":\"2025-04-30T22:16:08+00:00\",\"author\":{\"@id\":\"https:\\\/\\\/diariodelsurdigital.com.ar\\\/#\\\/schema\\\/person\\\/6136a32571657f7dba980b88b04c5465\"},\"breadcrumb\":{\"@id\":\"https:\\\/\\\/diariodelsurdigital.com.ar\\\/?p=2365#breadcrumb\"},\"inLanguage\":\"es\",\"potentialAction\":[{\"@type\":\"ReadAction\",\"target\":[\"https:\\\/\\\/diariodelsurdigital.com.ar\\\/?p=2365\"]}]},{\"@type\":\"ImageObject\",\"inLanguage\":\"es\",\"@id\":\"https:\\\/\\\/diariodelsurdigital.com.ar\\\/?p=2365#primaryimage\",\"url\":\"https:\\\/\\\/diariodelsurdigital.com.ar\\\/wp-content\\\/uploads\\\/2025\\\/04\\\/defensas_causa_contratos.jpg\",\"contentUrl\":\"https:\\\/\\\/diariodelsurdigital.com.ar\\\/wp-content\\\/uploads\\\/2025\\\/04\\\/defensas_causa_contratos.jpg\",\"width\":519,\"height\":333},{\"@type\":\"BreadcrumbList\",\"@id\":\"https:\\\/\\\/diariodelsurdigital.com.ar\\\/?p=2365#breadcrumb\",\"itemListElement\":[{\"@type\":\"ListItem\",\"position\":1,\"name\":\"Portada\",\"item\":\"https:\\\/\\\/diariodelsurdigital.com.ar\\\/\"},{\"@type\":\"ListItem\",\"position\":2,\"name\":\"Defensores pidieron que se nombren a los legisladores que firmaron los contratos truchos\"}]},{\"@type\":\"WebSite\",\"@id\":\"https:\\\/\\\/diariodelsurdigital.com.ar\\\/#website\",\"url\":\"https:\\\/\\\/diariodelsurdigital.com.ar\\\/\",\"name\":\"Diario del Sur\",\"description\":\"Digital\",\"potentialAction\":[{\"@type\":\"SearchAction\",\"target\":{\"@type\":\"EntryPoint\",\"urlTemplate\":\"https:\\\/\\\/diariodelsurdigital.com.ar\\\/?s={search_term_string}\"},\"query-input\":{\"@type\":\"PropertyValueSpecification\",\"valueRequired\":true,\"valueName\":\"search_term_string\"}}],\"inLanguage\":\"es\"},{\"@type\":\"Person\",\"@id\":\"https:\\\/\\\/diariodelsurdigital.com.ar\\\/#\\\/schema\\\/person\\\/6136a32571657f7dba980b88b04c5465\",\"name\":\"Diario del Sur Digital\",\"image\":{\"@type\":\"ImageObject\",\"inLanguage\":\"es\",\"@id\":\"https:\\\/\\\/secure.gravatar.com\\\/avatar\\\/4c29ceac98541dd42460b2474aaa5dd37594d6ce6cb3cf2c101d09b48ee287ba?s=96&d=mm&r=g\",\"url\":\"https:\\\/\\\/secure.gravatar.com\\\/avatar\\\/4c29ceac98541dd42460b2474aaa5dd37594d6ce6cb3cf2c101d09b48ee287ba?s=96&d=mm&r=g\",\"contentUrl\":\"https:\\\/\\\/secure.gravatar.com\\\/avatar\\\/4c29ceac98541dd42460b2474aaa5dd37594d6ce6cb3cf2c101d09b48ee287ba?s=96&d=mm&r=g\",\"caption\":\"Diario del Sur Digital\"},\"url\":\"https:\\\/\\\/diariodelsurdigital.com.ar\\\/?author=2\"}]}<\/script>\n<!-- \/ Yoast SEO plugin. -->","yoast_head_json":{"title":"Defensores pidieron que se nombren a los legisladores que firmaron los contratos truchos - Diario del Sur","robots":{"index":"index","follow":"follow","max-snippet":"max-snippet:-1","max-image-preview":"max-image-preview:large","max-video-preview":"max-video-preview:-1"},"canonical":"https:\/\/diariodelsurdigital.com.ar\/?p=2365","og_locale":"es_ES","og_type":"article","og_title":"Defensores pidieron que se nombren a los legisladores que firmaron los contratos truchos - Diario del Sur","og_description":"El abogado Leopoldo Lambruschini fue quien tom\u00f3 la iniciativa en la audiencia de este mi\u00e9rcoles donde se discute la remisi\u00f3n a juicio de la causa Contratos Truchos de la Legislatura. La jornada dio inicio a las respuestas defensivas a la acusaci\u00f3n del Ministerio P\u00fablico Fiscal (MPF).&nbsp; Lambruschini defiende junto a Julio Federik al contador Juan [&hellip;]","og_url":"https:\/\/diariodelsurdigital.com.ar\/?p=2365","og_site_name":"Diario del Sur","article_published_time":"2025-04-30T22:14:57+00:00","article_modified_time":"2025-04-30T22:16:08+00:00","og_image":[{"width":519,"height":333,"url":"https:\/\/diariodelsurdigital.com.ar\/wp-content\/uploads\/2025\/04\/defensas_causa_contratos.jpg","type":"image\/jpeg"}],"author":"Diario del Sur Digital","twitter_card":"summary_large_image","twitter_misc":{"Escrito por":"Diario del Sur Digital","Tiempo de lectura":"8 minutos"},"schema":{"@context":"https:\/\/schema.org","@graph":[{"@type":"Article","@id":"https:\/\/diariodelsurdigital.com.ar\/?p=2365#article","isPartOf":{"@id":"https:\/\/diariodelsurdigital.com.ar\/?p=2365"},"author":{"name":"Diario del Sur Digital","@id":"https:\/\/diariodelsurdigital.com.ar\/#\/schema\/person\/6136a32571657f7dba980b88b04c5465"},"headline":"Defensores pidieron que se nombren a los legisladores que firmaron los contratos truchos","datePublished":"2025-04-30T22:14:57+00:00","dateModified":"2025-04-30T22:16:08+00:00","mainEntityOfPage":{"@id":"https:\/\/diariodelsurdigital.com.ar\/?p=2365"},"wordCount":1854,"commentCount":0,"image":{"@id":"https:\/\/diariodelsurdigital.com.ar\/?p=2365#primaryimage"},"thumbnailUrl":"https:\/\/diariodelsurdigital.com.ar\/wp-content\/uploads\/2025\/04\/defensas_causa_contratos.jpg","articleSection":["Provinciales"],"inLanguage":"es","potentialAction":[{"@type":"CommentAction","name":"Comment","target":["https:\/\/diariodelsurdigital.com.ar\/?p=2365#respond"]}]},{"@type":"WebPage","@id":"https:\/\/diariodelsurdigital.com.ar\/?p=2365","url":"https:\/\/diariodelsurdigital.com.ar\/?p=2365","name":"Defensores pidieron que se nombren a los legisladores que firmaron los contratos truchos - Diario del Sur","isPartOf":{"@id":"https:\/\/diariodelsurdigital.com.ar\/#website"},"primaryImageOfPage":{"@id":"https:\/\/diariodelsurdigital.com.ar\/?p=2365#primaryimage"},"image":{"@id":"https:\/\/diariodelsurdigital.com.ar\/?p=2365#primaryimage"},"thumbnailUrl":"https:\/\/diariodelsurdigital.com.ar\/wp-content\/uploads\/2025\/04\/defensas_causa_contratos.jpg","datePublished":"2025-04-30T22:14:57+00:00","dateModified":"2025-04-30T22:16:08+00:00","author":{"@id":"https:\/\/diariodelsurdigital.com.ar\/#\/schema\/person\/6136a32571657f7dba980b88b04c5465"},"breadcrumb":{"@id":"https:\/\/diariodelsurdigital.com.ar\/?p=2365#breadcrumb"},"inLanguage":"es","potentialAction":[{"@type":"ReadAction","target":["https:\/\/diariodelsurdigital.com.ar\/?p=2365"]}]},{"@type":"ImageObject","inLanguage":"es","@id":"https:\/\/diariodelsurdigital.com.ar\/?p=2365#primaryimage","url":"https:\/\/diariodelsurdigital.com.ar\/wp-content\/uploads\/2025\/04\/defensas_causa_contratos.jpg","contentUrl":"https:\/\/diariodelsurdigital.com.ar\/wp-content\/uploads\/2025\/04\/defensas_causa_contratos.jpg","width":519,"height":333},{"@type":"BreadcrumbList","@id":"https:\/\/diariodelsurdigital.com.ar\/?p=2365#breadcrumb","itemListElement":[{"@type":"ListItem","position":1,"name":"Portada","item":"https:\/\/diariodelsurdigital.com.ar\/"},{"@type":"ListItem","position":2,"name":"Defensores pidieron que se nombren a los legisladores que firmaron los contratos truchos"}]},{"@type":"WebSite","@id":"https:\/\/diariodelsurdigital.com.ar\/#website","url":"https:\/\/diariodelsurdigital.com.ar\/","name":"Diario del Sur","description":"Digital","potentialAction":[{"@type":"SearchAction","target":{"@type":"EntryPoint","urlTemplate":"https:\/\/diariodelsurdigital.com.ar\/?s={search_term_string}"},"query-input":{"@type":"PropertyValueSpecification","valueRequired":true,"valueName":"search_term_string"}}],"inLanguage":"es"},{"@type":"Person","@id":"https:\/\/diariodelsurdigital.com.ar\/#\/schema\/person\/6136a32571657f7dba980b88b04c5465","name":"Diario del Sur Digital","image":{"@type":"ImageObject","inLanguage":"es","@id":"https:\/\/secure.gravatar.com\/avatar\/4c29ceac98541dd42460b2474aaa5dd37594d6ce6cb3cf2c101d09b48ee287ba?s=96&d=mm&r=g","url":"https:\/\/secure.gravatar.com\/avatar\/4c29ceac98541dd42460b2474aaa5dd37594d6ce6cb3cf2c101d09b48ee287ba?s=96&d=mm&r=g","contentUrl":"https:\/\/secure.gravatar.com\/avatar\/4c29ceac98541dd42460b2474aaa5dd37594d6ce6cb3cf2c101d09b48ee287ba?s=96&d=mm&r=g","caption":"Diario del Sur Digital"},"url":"https:\/\/diariodelsurdigital.com.ar\/?author=2"}]}},"_links":{"self":[{"href":"https:\/\/diariodelsurdigital.com.ar\/index.php?rest_route=\/wp\/v2\/posts\/2365","targetHints":{"allow":["GET"]}}],"collection":[{"href":"https:\/\/diariodelsurdigital.com.ar\/index.php?rest_route=\/wp\/v2\/posts"}],"about":[{"href":"https:\/\/diariodelsurdigital.com.ar\/index.php?rest_route=\/wp\/v2\/types\/post"}],"author":[{"embeddable":true,"href":"https:\/\/diariodelsurdigital.com.ar\/index.php?rest_route=\/wp\/v2\/users\/2"}],"replies":[{"embeddable":true,"href":"https:\/\/diariodelsurdigital.com.ar\/index.php?rest_route=%2Fwp%2Fv2%2Fcomments&post=2365"}],"version-history":[{"count":2,"href":"https:\/\/diariodelsurdigital.com.ar\/index.php?rest_route=\/wp\/v2\/posts\/2365\/revisions"}],"predecessor-version":[{"id":2368,"href":"https:\/\/diariodelsurdigital.com.ar\/index.php?rest_route=\/wp\/v2\/posts\/2365\/revisions\/2368"}],"wp:featuredmedia":[{"embeddable":true,"href":"https:\/\/diariodelsurdigital.com.ar\/index.php?rest_route=\/wp\/v2\/media\/2366"}],"wp:attachment":[{"href":"https:\/\/diariodelsurdigital.com.ar\/index.php?rest_route=%2Fwp%2Fv2%2Fmedia&parent=2365"}],"wp:term":[{"taxonomy":"category","embeddable":true,"href":"https:\/\/diariodelsurdigital.com.ar\/index.php?rest_route=%2Fwp%2Fv2%2Fcategories&post=2365"},{"taxonomy":"post_tag","embeddable":true,"href":"https:\/\/diariodelsurdigital.com.ar\/index.php?rest_route=%2Fwp%2Fv2%2Ftags&post=2365"}],"curies":[{"name":"wp","href":"https:\/\/api.w.org\/{rel}","templated":true}]}}