{"id":2375,"date":"2025-05-01T23:18:55","date_gmt":"2025-05-02T02:18:55","guid":{"rendered":"https:\/\/diariodelsurdigital.com.ar\/?p=2375"},"modified":"2025-05-01T23:18:55","modified_gmt":"2025-05-02T02:18:55","slug":"cresto-propone-participacion-ciudadana-en-la-reforma-del-codigo-procesal-penal-de-la-provincia","status":"publish","type":"post","link":"https:\/\/diariodelsurdigital.com.ar\/?p=2375","title":{"rendered":"Cresto propone participaci\u00f3n ciudadana en la reforma del c\u00f3digo procesal penal de la provincia"},"content":{"rendered":"\n<p><\/p>\n\n\n\n<p>El Diputado Provincial Enrique Cresto solicit\u00f3, mediante un proyecto de Resoluci\u00f3n, al Poder Ejecutivo la conformaci\u00f3n de foros de participaci\u00f3n ciudadana para el tratamiento de la reforma del C\u00f3digo Procesal Penal de la provincia de Entre R\u00edos. La iniciativa busca garantizar una participaci\u00f3n amplia de profesionales del derecho, asociaciones de v\u00edctimas, el Poder Judicial y especialistas en la materia, que asegure solidez t\u00e9cnica y consenso social en el proceso de reforma. El diputado provincial afirma que \u00abno alcanza con consultar a los colegios profesionales o a las autoridades del Poder Judicial. Es necesario abrir el debate y dar participaci\u00f3n a todos los actores del sistema: profesionales de la abogac\u00eda, jueces, secretarios de juzgado y personal de las distintas \u00e1reas involucradas\u00bb<\/p>\n\n\n\n<p>Cresto fundamenta su propuesta en el reciente anuncio del Senado de Entre R\u00edos sobre el retiro del proyecto de reforma del C\u00f3digo Procesal Penal enviado por el Poder Ejecutivo Provincial, con el objetivo de elaborar una nueva iniciativa que garantice mayor equidad, actualizaci\u00f3n normativa y justicia para todos los sectores de la sociedad.<\/p>\n\n\n\n<p>En los \u00faltimos a\u00f1os, la cuesti\u00f3n de la participaci\u00f3n legal ha cobrado relevancia en diversas partes del mundo, reflejada en la incorporaci\u00f3n de ciudadanos comunes en la administraci\u00f3n de justicia penal, como se evidencia en el sistema de juicios por jurado.<\/p>\n\n\n\n<p>Sin embargo, \u201cel desencuentro entre las necesidades sociales de justicia y el aparato destinado a administrarla acaso sea la mayor fuente de insatisfacci\u00f3n ciudadana en este tema\u201d, se\u00f1ala Luis P\u00e1sara (2004) en Lecciones, \u00bfaprendidas o por aprender?, publicado en En busca de una justicia distinta. Experiencias de reforma en Am\u00e9rica Latina (compilador: Luis P\u00e1sara, Ed. Universidad Aut\u00f3noma de M\u00e9xico).<\/p>\n\n\n\n<p>En ese sentido, las leyes y los procedimientos para aplicarlas no deben aprobarse \u00fanicamente mediante la opini\u00f3n o consulta legislativa: deben construirse de modo tal que no solo expresen una posici\u00f3n doctrinaria, sino que resulten comprensibles y factibles de aplicar para quienes intervienen diariamente en esos procesos.<\/p>\n\n\n\n<p>No alcanza con consultar a los colegios profesionales o a las autoridades del Poder Judicial. Es necesario abrir el debate y dar participaci\u00f3n a todos los actores del sistema: profesionales de la abogac\u00eda, jueces, secretarios de juzgado y personal de las distintas \u00e1reas involucradas.<\/p>\n\n\n\n<p>Desde esta perspectiva, y con un criterio de participaci\u00f3n democr\u00e1tica e igualitaria, el proyecto propone la conformaci\u00f3n de foros en las distintas jurisdicciones del Colegio de la Abogac\u00eda de Entre R\u00edos, a trav\u00e9s de los Institutos Penales; en los Juzgados de Garant\u00edas; Unidades Fiscales; asociaciones de v\u00edctimas; comisar\u00edas departamentales de la Polic\u00eda Provincial; y otros espacios que se consideren necesarios, para analizar las reformas propuestas.<\/p>\n\n\n\n<p>El debate y el an\u00e1lisis colectivo enriquecer\u00e1n los cambios que se impulsen, y dar\u00e1n a las normas una base de consenso firme y amplio sobre la cual avanzar hacia la implementaci\u00f3n de nuevas formas que permitan lograr un servicio de justicia m\u00e1s eficaz.<\/p>\n","protected":false},"excerpt":{"rendered":"<p>El Diputado Provincial Enrique Cresto solicit\u00f3, mediante un proyecto de Resoluci\u00f3n, al Poder Ejecutivo la conformaci\u00f3n de foros de participaci\u00f3n ciudadana para el tratamiento de la reforma del C\u00f3digo Procesal Penal de la provincia de Entre R\u00edos. La iniciativa busca garantizar una participaci\u00f3n amplia de profesionales del derecho, asociaciones de v\u00edctimas, el Poder Judicial y [&hellip;]<\/p>\n","protected":false},"author":2,"featured_media":2376,"comment_status":"open","ping_status":"open","sticky":false,"template":"","format":"standard","meta":{"footnotes":""},"categories":[17],"tags":[],"class_list":{"0":"post-2375","1":"post","2":"type-post","3":"status-publish","4":"format-standard","5":"has-post-thumbnail","7":"category-provinciales"},"yoast_head":"<!-- This site is optimized with the Yoast SEO plugin v27.4 - https:\/\/yoast.com\/product\/yoast-seo-wordpress\/ -->\n<title>Cresto propone participaci\u00f3n ciudadana en la reforma del c\u00f3digo procesal penal de la provincia - Diario del Sur<\/title>\n<meta name=\"robots\" content=\"index, follow, max-snippet:-1, max-image-preview:large, max-video-preview:-1\" \/>\n<link rel=\"canonical\" href=\"https:\/\/diariodelsurdigital.com.ar\/?p=2375\" \/>\n<meta property=\"og:locale\" content=\"es_ES\" \/>\n<meta property=\"og:type\" content=\"article\" \/>\n<meta property=\"og:title\" content=\"Cresto propone participaci\u00f3n ciudadana en la reforma del c\u00f3digo procesal penal de la provincia - Diario del Sur\" \/>\n<meta property=\"og:description\" content=\"El Diputado Provincial Enrique Cresto solicit\u00f3, mediante un proyecto de Resoluci\u00f3n, al Poder Ejecutivo la conformaci\u00f3n de foros de participaci\u00f3n ciudadana para el tratamiento de la reforma del C\u00f3digo Procesal Penal de la provincia de Entre R\u00edos. La iniciativa busca garantizar una participaci\u00f3n amplia de profesionales del derecho, asociaciones de v\u00edctimas, el Poder Judicial y [&hellip;]\" \/>\n<meta property=\"og:url\" content=\"https:\/\/diariodelsurdigital.com.ar\/?p=2375\" \/>\n<meta property=\"og:site_name\" content=\"Diario del Sur\" \/>\n<meta property=\"article:published_time\" content=\"2025-05-02T02:18:55+00:00\" \/>\n<meta property=\"og:image\" content=\"https:\/\/diariodelsurdigital.com.ar\/wp-content\/uploads\/2025\/05\/cresto-nvita.png\" \/>\n\t<meta property=\"og:image:width\" content=\"416\" \/>\n\t<meta property=\"og:image:height\" content=\"316\" \/>\n\t<meta property=\"og:image:type\" content=\"image\/png\" \/>\n<meta name=\"author\" content=\"Diario del Sur Digital\" \/>\n<meta name=\"twitter:card\" content=\"summary_large_image\" \/>\n<meta name=\"twitter:label1\" content=\"Escrito por\" \/>\n\t<meta name=\"twitter:data1\" content=\"Diario del Sur Digital\" \/>\n\t<meta name=\"twitter:label2\" content=\"Tiempo de lectura\" \/>\n\t<meta name=\"twitter:data2\" content=\"3 minutos\" \/>\n<script type=\"application\/ld+json\" class=\"yoast-schema-graph\">{\"@context\":\"https:\\\/\\\/schema.org\",\"@graph\":[{\"@type\":\"Article\",\"@id\":\"https:\\\/\\\/diariodelsurdigital.com.ar\\\/?p=2375#article\",\"isPartOf\":{\"@id\":\"https:\\\/\\\/diariodelsurdigital.com.ar\\\/?p=2375\"},\"author\":{\"name\":\"Diario del Sur Digital\",\"@id\":\"https:\\\/\\\/diariodelsurdigital.com.ar\\\/#\\\/schema\\\/person\\\/6136a32571657f7dba980b88b04c5465\"},\"headline\":\"Cresto propone participaci\u00f3n ciudadana en la reforma del c\u00f3digo procesal penal de la provincia\",\"datePublished\":\"2025-05-02T02:18:55+00:00\",\"mainEntityOfPage\":{\"@id\":\"https:\\\/\\\/diariodelsurdigital.com.ar\\\/?p=2375\"},\"wordCount\":531,\"commentCount\":0,\"image\":{\"@id\":\"https:\\\/\\\/diariodelsurdigital.com.ar\\\/?p=2375#primaryimage\"},\"thumbnailUrl\":\"https:\\\/\\\/diariodelsurdigital.com.ar\\\/wp-content\\\/uploads\\\/2025\\\/05\\\/cresto-nvita.png\",\"articleSection\":[\"Provinciales\"],\"inLanguage\":\"es\",\"potentialAction\":[{\"@type\":\"CommentAction\",\"name\":\"Comment\",\"target\":[\"https:\\\/\\\/diariodelsurdigital.com.ar\\\/?p=2375#respond\"]}]},{\"@type\":\"WebPage\",\"@id\":\"https:\\\/\\\/diariodelsurdigital.com.ar\\\/?p=2375\",\"url\":\"https:\\\/\\\/diariodelsurdigital.com.ar\\\/?p=2375\",\"name\":\"Cresto propone participaci\u00f3n ciudadana en la reforma del c\u00f3digo procesal penal de la provincia - Diario del Sur\",\"isPartOf\":{\"@id\":\"https:\\\/\\\/diariodelsurdigital.com.ar\\\/#website\"},\"primaryImageOfPage\":{\"@id\":\"https:\\\/\\\/diariodelsurdigital.com.ar\\\/?p=2375#primaryimage\"},\"image\":{\"@id\":\"https:\\\/\\\/diariodelsurdigital.com.ar\\\/?p=2375#primaryimage\"},\"thumbnailUrl\":\"https:\\\/\\\/diariodelsurdigital.com.ar\\\/wp-content\\\/uploads\\\/2025\\\/05\\\/cresto-nvita.png\",\"datePublished\":\"2025-05-02T02:18:55+00:00\",\"author\":{\"@id\":\"https:\\\/\\\/diariodelsurdigital.com.ar\\\/#\\\/schema\\\/person\\\/6136a32571657f7dba980b88b04c5465\"},\"breadcrumb\":{\"@id\":\"https:\\\/\\\/diariodelsurdigital.com.ar\\\/?p=2375#breadcrumb\"},\"inLanguage\":\"es\",\"potentialAction\":[{\"@type\":\"ReadAction\",\"target\":[\"https:\\\/\\\/diariodelsurdigital.com.ar\\\/?p=2375\"]}]},{\"@type\":\"ImageObject\",\"inLanguage\":\"es\",\"@id\":\"https:\\\/\\\/diariodelsurdigital.com.ar\\\/?p=2375#primaryimage\",\"url\":\"https:\\\/\\\/diariodelsurdigital.com.ar\\\/wp-content\\\/uploads\\\/2025\\\/05\\\/cresto-nvita.png\",\"contentUrl\":\"https:\\\/\\\/diariodelsurdigital.com.ar\\\/wp-content\\\/uploads\\\/2025\\\/05\\\/cresto-nvita.png\",\"width\":416,\"height\":316},{\"@type\":\"BreadcrumbList\",\"@id\":\"https:\\\/\\\/diariodelsurdigital.com.ar\\\/?p=2375#breadcrumb\",\"itemListElement\":[{\"@type\":\"ListItem\",\"position\":1,\"name\":\"Portada\",\"item\":\"https:\\\/\\\/diariodelsurdigital.com.ar\\\/\"},{\"@type\":\"ListItem\",\"position\":2,\"name\":\"Cresto propone participaci\u00f3n ciudadana en la reforma del c\u00f3digo procesal penal de la provincia\"}]},{\"@type\":\"WebSite\",\"@id\":\"https:\\\/\\\/diariodelsurdigital.com.ar\\\/#website\",\"url\":\"https:\\\/\\\/diariodelsurdigital.com.ar\\\/\",\"name\":\"Diario del Sur\",\"description\":\"Digital\",\"potentialAction\":[{\"@type\":\"SearchAction\",\"target\":{\"@type\":\"EntryPoint\",\"urlTemplate\":\"https:\\\/\\\/diariodelsurdigital.com.ar\\\/?s={search_term_string}\"},\"query-input\":{\"@type\":\"PropertyValueSpecification\",\"valueRequired\":true,\"valueName\":\"search_term_string\"}}],\"inLanguage\":\"es\"},{\"@type\":\"Person\",\"@id\":\"https:\\\/\\\/diariodelsurdigital.com.ar\\\/#\\\/schema\\\/person\\\/6136a32571657f7dba980b88b04c5465\",\"name\":\"Diario del Sur Digital\",\"image\":{\"@type\":\"ImageObject\",\"inLanguage\":\"es\",\"@id\":\"https:\\\/\\\/secure.gravatar.com\\\/avatar\\\/4c29ceac98541dd42460b2474aaa5dd37594d6ce6cb3cf2c101d09b48ee287ba?s=96&d=mm&r=g\",\"url\":\"https:\\\/\\\/secure.gravatar.com\\\/avatar\\\/4c29ceac98541dd42460b2474aaa5dd37594d6ce6cb3cf2c101d09b48ee287ba?s=96&d=mm&r=g\",\"contentUrl\":\"https:\\\/\\\/secure.gravatar.com\\\/avatar\\\/4c29ceac98541dd42460b2474aaa5dd37594d6ce6cb3cf2c101d09b48ee287ba?s=96&d=mm&r=g\",\"caption\":\"Diario del Sur Digital\"},\"url\":\"https:\\\/\\\/diariodelsurdigital.com.ar\\\/?author=2\"}]}<\/script>\n<!-- \/ Yoast SEO plugin. -->","yoast_head_json":{"title":"Cresto propone participaci\u00f3n ciudadana en la reforma del c\u00f3digo procesal penal de la provincia - Diario del Sur","robots":{"index":"index","follow":"follow","max-snippet":"max-snippet:-1","max-image-preview":"max-image-preview:large","max-video-preview":"max-video-preview:-1"},"canonical":"https:\/\/diariodelsurdigital.com.ar\/?p=2375","og_locale":"es_ES","og_type":"article","og_title":"Cresto propone participaci\u00f3n ciudadana en la reforma del c\u00f3digo procesal penal de la provincia - Diario del Sur","og_description":"El Diputado Provincial Enrique Cresto solicit\u00f3, mediante un proyecto de Resoluci\u00f3n, al Poder Ejecutivo la conformaci\u00f3n de foros de participaci\u00f3n ciudadana para el tratamiento de la reforma del C\u00f3digo Procesal Penal de la provincia de Entre R\u00edos. La iniciativa busca garantizar una participaci\u00f3n amplia de profesionales del derecho, asociaciones de v\u00edctimas, el Poder Judicial y [&hellip;]","og_url":"https:\/\/diariodelsurdigital.com.ar\/?p=2375","og_site_name":"Diario del Sur","article_published_time":"2025-05-02T02:18:55+00:00","og_image":[{"width":416,"height":316,"url":"https:\/\/diariodelsurdigital.com.ar\/wp-content\/uploads\/2025\/05\/cresto-nvita.png","type":"image\/png"}],"author":"Diario del Sur Digital","twitter_card":"summary_large_image","twitter_misc":{"Escrito por":"Diario del Sur Digital","Tiempo de lectura":"3 minutos"},"schema":{"@context":"https:\/\/schema.org","@graph":[{"@type":"Article","@id":"https:\/\/diariodelsurdigital.com.ar\/?p=2375#article","isPartOf":{"@id":"https:\/\/diariodelsurdigital.com.ar\/?p=2375"},"author":{"name":"Diario del Sur Digital","@id":"https:\/\/diariodelsurdigital.com.ar\/#\/schema\/person\/6136a32571657f7dba980b88b04c5465"},"headline":"Cresto propone participaci\u00f3n ciudadana en la reforma del c\u00f3digo procesal penal de la provincia","datePublished":"2025-05-02T02:18:55+00:00","mainEntityOfPage":{"@id":"https:\/\/diariodelsurdigital.com.ar\/?p=2375"},"wordCount":531,"commentCount":0,"image":{"@id":"https:\/\/diariodelsurdigital.com.ar\/?p=2375#primaryimage"},"thumbnailUrl":"https:\/\/diariodelsurdigital.com.ar\/wp-content\/uploads\/2025\/05\/cresto-nvita.png","articleSection":["Provinciales"],"inLanguage":"es","potentialAction":[{"@type":"CommentAction","name":"Comment","target":["https:\/\/diariodelsurdigital.com.ar\/?p=2375#respond"]}]},{"@type":"WebPage","@id":"https:\/\/diariodelsurdigital.com.ar\/?p=2375","url":"https:\/\/diariodelsurdigital.com.ar\/?p=2375","name":"Cresto propone participaci\u00f3n ciudadana en la reforma del c\u00f3digo procesal penal de la provincia - Diario del Sur","isPartOf":{"@id":"https:\/\/diariodelsurdigital.com.ar\/#website"},"primaryImageOfPage":{"@id":"https:\/\/diariodelsurdigital.com.ar\/?p=2375#primaryimage"},"image":{"@id":"https:\/\/diariodelsurdigital.com.ar\/?p=2375#primaryimage"},"thumbnailUrl":"https:\/\/diariodelsurdigital.com.ar\/wp-content\/uploads\/2025\/05\/cresto-nvita.png","datePublished":"2025-05-02T02:18:55+00:00","author":{"@id":"https:\/\/diariodelsurdigital.com.ar\/#\/schema\/person\/6136a32571657f7dba980b88b04c5465"},"breadcrumb":{"@id":"https:\/\/diariodelsurdigital.com.ar\/?p=2375#breadcrumb"},"inLanguage":"es","potentialAction":[{"@type":"ReadAction","target":["https:\/\/diariodelsurdigital.com.ar\/?p=2375"]}]},{"@type":"ImageObject","inLanguage":"es","@id":"https:\/\/diariodelsurdigital.com.ar\/?p=2375#primaryimage","url":"https:\/\/diariodelsurdigital.com.ar\/wp-content\/uploads\/2025\/05\/cresto-nvita.png","contentUrl":"https:\/\/diariodelsurdigital.com.ar\/wp-content\/uploads\/2025\/05\/cresto-nvita.png","width":416,"height":316},{"@type":"BreadcrumbList","@id":"https:\/\/diariodelsurdigital.com.ar\/?p=2375#breadcrumb","itemListElement":[{"@type":"ListItem","position":1,"name":"Portada","item":"https:\/\/diariodelsurdigital.com.ar\/"},{"@type":"ListItem","position":2,"name":"Cresto propone participaci\u00f3n ciudadana en la reforma del c\u00f3digo procesal penal de la provincia"}]},{"@type":"WebSite","@id":"https:\/\/diariodelsurdigital.com.ar\/#website","url":"https:\/\/diariodelsurdigital.com.ar\/","name":"Diario del Sur","description":"Digital","potentialAction":[{"@type":"SearchAction","target":{"@type":"EntryPoint","urlTemplate":"https:\/\/diariodelsurdigital.com.ar\/?s={search_term_string}"},"query-input":{"@type":"PropertyValueSpecification","valueRequired":true,"valueName":"search_term_string"}}],"inLanguage":"es"},{"@type":"Person","@id":"https:\/\/diariodelsurdigital.com.ar\/#\/schema\/person\/6136a32571657f7dba980b88b04c5465","name":"Diario del Sur Digital","image":{"@type":"ImageObject","inLanguage":"es","@id":"https:\/\/secure.gravatar.com\/avatar\/4c29ceac98541dd42460b2474aaa5dd37594d6ce6cb3cf2c101d09b48ee287ba?s=96&d=mm&r=g","url":"https:\/\/secure.gravatar.com\/avatar\/4c29ceac98541dd42460b2474aaa5dd37594d6ce6cb3cf2c101d09b48ee287ba?s=96&d=mm&r=g","contentUrl":"https:\/\/secure.gravatar.com\/avatar\/4c29ceac98541dd42460b2474aaa5dd37594d6ce6cb3cf2c101d09b48ee287ba?s=96&d=mm&r=g","caption":"Diario del Sur Digital"},"url":"https:\/\/diariodelsurdigital.com.ar\/?author=2"}]}},"_links":{"self":[{"href":"https:\/\/diariodelsurdigital.com.ar\/index.php?rest_route=\/wp\/v2\/posts\/2375","targetHints":{"allow":["GET"]}}],"collection":[{"href":"https:\/\/diariodelsurdigital.com.ar\/index.php?rest_route=\/wp\/v2\/posts"}],"about":[{"href":"https:\/\/diariodelsurdigital.com.ar\/index.php?rest_route=\/wp\/v2\/types\/post"}],"author":[{"embeddable":true,"href":"https:\/\/diariodelsurdigital.com.ar\/index.php?rest_route=\/wp\/v2\/users\/2"}],"replies":[{"embeddable":true,"href":"https:\/\/diariodelsurdigital.com.ar\/index.php?rest_route=%2Fwp%2Fv2%2Fcomments&post=2375"}],"version-history":[{"count":1,"href":"https:\/\/diariodelsurdigital.com.ar\/index.php?rest_route=\/wp\/v2\/posts\/2375\/revisions"}],"predecessor-version":[{"id":2377,"href":"https:\/\/diariodelsurdigital.com.ar\/index.php?rest_route=\/wp\/v2\/posts\/2375\/revisions\/2377"}],"wp:featuredmedia":[{"embeddable":true,"href":"https:\/\/diariodelsurdigital.com.ar\/index.php?rest_route=\/wp\/v2\/media\/2376"}],"wp:attachment":[{"href":"https:\/\/diariodelsurdigital.com.ar\/index.php?rest_route=%2Fwp%2Fv2%2Fmedia&parent=2375"}],"wp:term":[{"taxonomy":"category","embeddable":true,"href":"https:\/\/diariodelsurdigital.com.ar\/index.php?rest_route=%2Fwp%2Fv2%2Fcategories&post=2375"},{"taxonomy":"post_tag","embeddable":true,"href":"https:\/\/diariodelsurdigital.com.ar\/index.php?rest_route=%2Fwp%2Fv2%2Ftags&post=2375"}],"curies":[{"name":"wp","href":"https:\/\/api.w.org\/{rel}","templated":true}]}}