{"id":2386,"date":"2025-05-02T20:10:15","date_gmt":"2025-05-02T23:10:15","guid":{"rendered":"https:\/\/diariodelsurdigital.com.ar\/?p=2386"},"modified":"2025-05-02T20:10:16","modified_gmt":"2025-05-02T23:10:16","slug":"la-justicia-declaro-la-quiebra-de-caminos-del-rio-uruguay-y-clausuro-sus-oficinas","status":"publish","type":"post","link":"https:\/\/diariodelsurdigital.com.ar\/?p=2386","title":{"rendered":"La Justicia declar\u00f3 la quiebra de Caminos del R\u00edo Uruguay y clausur\u00f3 sus oficinas"},"content":{"rendered":"\n<p>La quiebra fue declarada el pasado 29 de abril y, por disposici\u00f3n de la Justicia, las oficinas centrales de la concesionaria fueron clausuradas para incautar todos los documentos y realizar un inventario de sus bienes.<\/p>\n\n\n\n<p>De acuerdo con lo publicado por Diario R\u00edo Uruguay, la jueza al frente del procedimiento, la Dra. Paula Mar\u00eda Hualde, determin\u00f3 que \u201cla quiebra de Caminos del R\u00edo Uruguay S.A. de Construcciones y Concesiones Viales fue decretada el d\u00eda 29.5.25\u201d.<\/p>\n\n\n\n<p>A ra\u00edz de esto, la justicia estableci\u00f3 \u201cla inmediata clausura de la sede social\u201d de la empresa, cuyo domicilio se encontraba en la provincia de Buenos Aires y, como parte del procedimiento, orden\u00f3 \u201cincautar los libros, papeles y bienes que se encuentren en el lugar\u201d, as\u00ed como tambi\u00e9n \u201cconstatar el estado de ocupaci\u00f3n e identificar eventuales ocupantes, requiri\u00e9ndoles el t\u00edtulo respectivo\u201d.<\/p>\n\n\n\n<p>Por otro lado, determinaron que, con motivo de la quiebra de la firma, el oficial de justicia \u201cdeber\u00e1 realizar un inventario de los bienes, el cual comprender\u00e1 s\u00f3lo rubros generales, encontr\u00e1ndose autorizado a hacer uso de la fuerza p\u00fablica, allanar domicilios y requerir los servicios de un cerrajero en caso necesario, debiendo retrotraer los inmuebles a las condiciones de seguridad en que los hall\u00f3\u201d.&nbsp;<\/p>\n","protected":false},"excerpt":{"rendered":"<p>La quiebra fue declarada el pasado 29 de abril y, por disposici\u00f3n de la Justicia, las oficinas centrales de la concesionaria fueron clausuradas para incautar todos los documentos y realizar un inventario de sus bienes. De acuerdo con lo publicado por Diario R\u00edo Uruguay, la jueza al frente del procedimiento, la Dra. Paula Mar\u00eda Hualde, [&hellip;]<\/p>\n","protected":false},"author":4,"featured_media":2387,"comment_status":"open","ping_status":"open","sticky":false,"template":"","format":"standard","meta":{"footnotes":""},"categories":[26,16],"tags":[],"class_list":{"0":"post-2386","1":"post","2":"type-post","3":"status-publish","4":"format-standard","5":"has-post-thumbnail","7":"category-judiciales","8":"category-locales"},"yoast_head":"<!-- This site is optimized with the Yoast SEO plugin v27.4 - https:\/\/yoast.com\/product\/yoast-seo-wordpress\/ -->\n<title>La Justicia declar\u00f3 la quiebra de Caminos del R\u00edo Uruguay y clausur\u00f3 sus oficinas - Diario del Sur<\/title>\n<meta name=\"robots\" content=\"index, follow, max-snippet:-1, max-image-preview:large, max-video-preview:-1\" \/>\n<link rel=\"canonical\" href=\"https:\/\/diariodelsurdigital.com.ar\/?p=2386\" \/>\n<meta property=\"og:locale\" content=\"es_ES\" \/>\n<meta property=\"og:type\" content=\"article\" \/>\n<meta property=\"og:title\" content=\"La Justicia declar\u00f3 la quiebra de Caminos del R\u00edo Uruguay y clausur\u00f3 sus oficinas - Diario del Sur\" \/>\n<meta property=\"og:description\" content=\"La quiebra fue declarada el pasado 29 de abril y, por disposici\u00f3n de la Justicia, las oficinas centrales de la concesionaria fueron clausuradas para incautar todos los documentos y realizar un inventario de sus bienes. De acuerdo con lo publicado por Diario R\u00edo Uruguay, la jueza al frente del procedimiento, la Dra. Paula Mar\u00eda Hualde, [&hellip;]\" \/>\n<meta property=\"og:url\" content=\"https:\/\/diariodelsurdigital.com.ar\/?p=2386\" \/>\n<meta property=\"og:site_name\" content=\"Diario del Sur\" \/>\n<meta property=\"article:published_time\" content=\"2025-05-02T23:10:15+00:00\" \/>\n<meta property=\"article:modified_time\" content=\"2025-05-02T23:10:16+00:00\" \/>\n<meta property=\"og:image\" content=\"https:\/\/diariodelsurdigital.com.ar\/wp-content\/uploads\/2025\/05\/md-35.webp\" \/>\n\t<meta property=\"og:image:width\" content=\"992\" \/>\n\t<meta property=\"og:image:height\" content=\"557\" \/>\n\t<meta property=\"og:image:type\" content=\"image\/webp\" \/>\n<meta name=\"author\" content=\"Diario del Sur Digital\" \/>\n<meta name=\"twitter:card\" content=\"summary_large_image\" \/>\n<meta name=\"twitter:label1\" content=\"Escrito por\" \/>\n\t<meta name=\"twitter:data1\" content=\"Diario del Sur Digital\" \/>\n\t<meta name=\"twitter:label2\" content=\"Tiempo de lectura\" \/>\n\t<meta name=\"twitter:data2\" content=\"2 minutos\" \/>\n<script type=\"application\/ld+json\" class=\"yoast-schema-graph\">{\"@context\":\"https:\\\/\\\/schema.org\",\"@graph\":[{\"@type\":\"Article\",\"@id\":\"https:\\\/\\\/diariodelsurdigital.com.ar\\\/?p=2386#article\",\"isPartOf\":{\"@id\":\"https:\\\/\\\/diariodelsurdigital.com.ar\\\/?p=2386\"},\"author\":{\"name\":\"Diario del Sur Digital\",\"@id\":\"https:\\\/\\\/diariodelsurdigital.com.ar\\\/#\\\/schema\\\/person\\\/1a4992532ed62965c968031b49195c81\"},\"headline\":\"La Justicia declar\u00f3 la quiebra de Caminos del R\u00edo Uruguay y clausur\u00f3 sus oficinas\",\"datePublished\":\"2025-05-02T23:10:15+00:00\",\"dateModified\":\"2025-05-02T23:10:16+00:00\",\"mainEntityOfPage\":{\"@id\":\"https:\\\/\\\/diariodelsurdigital.com.ar\\\/?p=2386\"},\"wordCount\":228,\"commentCount\":0,\"image\":{\"@id\":\"https:\\\/\\\/diariodelsurdigital.com.ar\\\/?p=2386#primaryimage\"},\"thumbnailUrl\":\"https:\\\/\\\/diariodelsurdigital.com.ar\\\/wp-content\\\/uploads\\\/2025\\\/05\\\/md-35.webp\",\"articleSection\":[\"Judiciales\",\"Locales\"],\"inLanguage\":\"es\",\"potentialAction\":[{\"@type\":\"CommentAction\",\"name\":\"Comment\",\"target\":[\"https:\\\/\\\/diariodelsurdigital.com.ar\\\/?p=2386#respond\"]}]},{\"@type\":\"WebPage\",\"@id\":\"https:\\\/\\\/diariodelsurdigital.com.ar\\\/?p=2386\",\"url\":\"https:\\\/\\\/diariodelsurdigital.com.ar\\\/?p=2386\",\"name\":\"La Justicia declar\u00f3 la quiebra de Caminos del R\u00edo Uruguay y clausur\u00f3 sus oficinas - Diario del Sur\",\"isPartOf\":{\"@id\":\"https:\\\/\\\/diariodelsurdigital.com.ar\\\/#website\"},\"primaryImageOfPage\":{\"@id\":\"https:\\\/\\\/diariodelsurdigital.com.ar\\\/?p=2386#primaryimage\"},\"image\":{\"@id\":\"https:\\\/\\\/diariodelsurdigital.com.ar\\\/?p=2386#primaryimage\"},\"thumbnailUrl\":\"https:\\\/\\\/diariodelsurdigital.com.ar\\\/wp-content\\\/uploads\\\/2025\\\/05\\\/md-35.webp\",\"datePublished\":\"2025-05-02T23:10:15+00:00\",\"dateModified\":\"2025-05-02T23:10:16+00:00\",\"author\":{\"@id\":\"https:\\\/\\\/diariodelsurdigital.com.ar\\\/#\\\/schema\\\/person\\\/1a4992532ed62965c968031b49195c81\"},\"breadcrumb\":{\"@id\":\"https:\\\/\\\/diariodelsurdigital.com.ar\\\/?p=2386#breadcrumb\"},\"inLanguage\":\"es\",\"potentialAction\":[{\"@type\":\"ReadAction\",\"target\":[\"https:\\\/\\\/diariodelsurdigital.com.ar\\\/?p=2386\"]}]},{\"@type\":\"ImageObject\",\"inLanguage\":\"es\",\"@id\":\"https:\\\/\\\/diariodelsurdigital.com.ar\\\/?p=2386#primaryimage\",\"url\":\"https:\\\/\\\/diariodelsurdigital.com.ar\\\/wp-content\\\/uploads\\\/2025\\\/05\\\/md-35.webp\",\"contentUrl\":\"https:\\\/\\\/diariodelsurdigital.com.ar\\\/wp-content\\\/uploads\\\/2025\\\/05\\\/md-35.webp\",\"width\":992,\"height\":557},{\"@type\":\"BreadcrumbList\",\"@id\":\"https:\\\/\\\/diariodelsurdigital.com.ar\\\/?p=2386#breadcrumb\",\"itemListElement\":[{\"@type\":\"ListItem\",\"position\":1,\"name\":\"Portada\",\"item\":\"https:\\\/\\\/diariodelsurdigital.com.ar\\\/\"},{\"@type\":\"ListItem\",\"position\":2,\"name\":\"La Justicia declar\u00f3 la quiebra de Caminos del R\u00edo Uruguay y clausur\u00f3 sus oficinas\"}]},{\"@type\":\"WebSite\",\"@id\":\"https:\\\/\\\/diariodelsurdigital.com.ar\\\/#website\",\"url\":\"https:\\\/\\\/diariodelsurdigital.com.ar\\\/\",\"name\":\"Diario del Sur\",\"description\":\"Digital\",\"potentialAction\":[{\"@type\":\"SearchAction\",\"target\":{\"@type\":\"EntryPoint\",\"urlTemplate\":\"https:\\\/\\\/diariodelsurdigital.com.ar\\\/?s={search_term_string}\"},\"query-input\":{\"@type\":\"PropertyValueSpecification\",\"valueRequired\":true,\"valueName\":\"search_term_string\"}}],\"inLanguage\":\"es\"},{\"@type\":\"Person\",\"@id\":\"https:\\\/\\\/diariodelsurdigital.com.ar\\\/#\\\/schema\\\/person\\\/1a4992532ed62965c968031b49195c81\",\"name\":\"Diario del Sur Digital\",\"image\":{\"@type\":\"ImageObject\",\"inLanguage\":\"es\",\"@id\":\"https:\\\/\\\/secure.gravatar.com\\\/avatar\\\/f0c7c47fc7146d19828273b9b8eda651c9c7ab583767e6338d3d3bee825adf76?s=96&d=mm&r=g\",\"url\":\"https:\\\/\\\/secure.gravatar.com\\\/avatar\\\/f0c7c47fc7146d19828273b9b8eda651c9c7ab583767e6338d3d3bee825adf76?s=96&d=mm&r=g\",\"contentUrl\":\"https:\\\/\\\/secure.gravatar.com\\\/avatar\\\/f0c7c47fc7146d19828273b9b8eda651c9c7ab583767e6338d3d3bee825adf76?s=96&d=mm&r=g\",\"caption\":\"Diario del Sur Digital\"},\"url\":\"https:\\\/\\\/diariodelsurdigital.com.ar\\\/?author=4\"}]}<\/script>\n<!-- \/ Yoast SEO plugin. -->","yoast_head_json":{"title":"La Justicia declar\u00f3 la quiebra de Caminos del R\u00edo Uruguay y clausur\u00f3 sus oficinas - Diario del Sur","robots":{"index":"index","follow":"follow","max-snippet":"max-snippet:-1","max-image-preview":"max-image-preview:large","max-video-preview":"max-video-preview:-1"},"canonical":"https:\/\/diariodelsurdigital.com.ar\/?p=2386","og_locale":"es_ES","og_type":"article","og_title":"La Justicia declar\u00f3 la quiebra de Caminos del R\u00edo Uruguay y clausur\u00f3 sus oficinas - Diario del Sur","og_description":"La quiebra fue declarada el pasado 29 de abril y, por disposici\u00f3n de la Justicia, las oficinas centrales de la concesionaria fueron clausuradas para incautar todos los documentos y realizar un inventario de sus bienes. De acuerdo con lo publicado por Diario R\u00edo Uruguay, la jueza al frente del procedimiento, la Dra. Paula Mar\u00eda Hualde, [&hellip;]","og_url":"https:\/\/diariodelsurdigital.com.ar\/?p=2386","og_site_name":"Diario del Sur","article_published_time":"2025-05-02T23:10:15+00:00","article_modified_time":"2025-05-02T23:10:16+00:00","og_image":[{"width":992,"height":557,"url":"https:\/\/diariodelsurdigital.com.ar\/wp-content\/uploads\/2025\/05\/md-35.webp","type":"image\/webp"}],"author":"Diario del Sur Digital","twitter_card":"summary_large_image","twitter_misc":{"Escrito por":"Diario del Sur Digital","Tiempo de lectura":"2 minutos"},"schema":{"@context":"https:\/\/schema.org","@graph":[{"@type":"Article","@id":"https:\/\/diariodelsurdigital.com.ar\/?p=2386#article","isPartOf":{"@id":"https:\/\/diariodelsurdigital.com.ar\/?p=2386"},"author":{"name":"Diario del Sur Digital","@id":"https:\/\/diariodelsurdigital.com.ar\/#\/schema\/person\/1a4992532ed62965c968031b49195c81"},"headline":"La Justicia declar\u00f3 la quiebra de Caminos del R\u00edo Uruguay y clausur\u00f3 sus oficinas","datePublished":"2025-05-02T23:10:15+00:00","dateModified":"2025-05-02T23:10:16+00:00","mainEntityOfPage":{"@id":"https:\/\/diariodelsurdigital.com.ar\/?p=2386"},"wordCount":228,"commentCount":0,"image":{"@id":"https:\/\/diariodelsurdigital.com.ar\/?p=2386#primaryimage"},"thumbnailUrl":"https:\/\/diariodelsurdigital.com.ar\/wp-content\/uploads\/2025\/05\/md-35.webp","articleSection":["Judiciales","Locales"],"inLanguage":"es","potentialAction":[{"@type":"CommentAction","name":"Comment","target":["https:\/\/diariodelsurdigital.com.ar\/?p=2386#respond"]}]},{"@type":"WebPage","@id":"https:\/\/diariodelsurdigital.com.ar\/?p=2386","url":"https:\/\/diariodelsurdigital.com.ar\/?p=2386","name":"La Justicia declar\u00f3 la quiebra de Caminos del R\u00edo Uruguay y clausur\u00f3 sus oficinas - Diario del Sur","isPartOf":{"@id":"https:\/\/diariodelsurdigital.com.ar\/#website"},"primaryImageOfPage":{"@id":"https:\/\/diariodelsurdigital.com.ar\/?p=2386#primaryimage"},"image":{"@id":"https:\/\/diariodelsurdigital.com.ar\/?p=2386#primaryimage"},"thumbnailUrl":"https:\/\/diariodelsurdigital.com.ar\/wp-content\/uploads\/2025\/05\/md-35.webp","datePublished":"2025-05-02T23:10:15+00:00","dateModified":"2025-05-02T23:10:16+00:00","author":{"@id":"https:\/\/diariodelsurdigital.com.ar\/#\/schema\/person\/1a4992532ed62965c968031b49195c81"},"breadcrumb":{"@id":"https:\/\/diariodelsurdigital.com.ar\/?p=2386#breadcrumb"},"inLanguage":"es","potentialAction":[{"@type":"ReadAction","target":["https:\/\/diariodelsurdigital.com.ar\/?p=2386"]}]},{"@type":"ImageObject","inLanguage":"es","@id":"https:\/\/diariodelsurdigital.com.ar\/?p=2386#primaryimage","url":"https:\/\/diariodelsurdigital.com.ar\/wp-content\/uploads\/2025\/05\/md-35.webp","contentUrl":"https:\/\/diariodelsurdigital.com.ar\/wp-content\/uploads\/2025\/05\/md-35.webp","width":992,"height":557},{"@type":"BreadcrumbList","@id":"https:\/\/diariodelsurdigital.com.ar\/?p=2386#breadcrumb","itemListElement":[{"@type":"ListItem","position":1,"name":"Portada","item":"https:\/\/diariodelsurdigital.com.ar\/"},{"@type":"ListItem","position":2,"name":"La Justicia declar\u00f3 la quiebra de Caminos del R\u00edo Uruguay y clausur\u00f3 sus oficinas"}]},{"@type":"WebSite","@id":"https:\/\/diariodelsurdigital.com.ar\/#website","url":"https:\/\/diariodelsurdigital.com.ar\/","name":"Diario del Sur","description":"Digital","potentialAction":[{"@type":"SearchAction","target":{"@type":"EntryPoint","urlTemplate":"https:\/\/diariodelsurdigital.com.ar\/?s={search_term_string}"},"query-input":{"@type":"PropertyValueSpecification","valueRequired":true,"valueName":"search_term_string"}}],"inLanguage":"es"},{"@type":"Person","@id":"https:\/\/diariodelsurdigital.com.ar\/#\/schema\/person\/1a4992532ed62965c968031b49195c81","name":"Diario del Sur Digital","image":{"@type":"ImageObject","inLanguage":"es","@id":"https:\/\/secure.gravatar.com\/avatar\/f0c7c47fc7146d19828273b9b8eda651c9c7ab583767e6338d3d3bee825adf76?s=96&d=mm&r=g","url":"https:\/\/secure.gravatar.com\/avatar\/f0c7c47fc7146d19828273b9b8eda651c9c7ab583767e6338d3d3bee825adf76?s=96&d=mm&r=g","contentUrl":"https:\/\/secure.gravatar.com\/avatar\/f0c7c47fc7146d19828273b9b8eda651c9c7ab583767e6338d3d3bee825adf76?s=96&d=mm&r=g","caption":"Diario del Sur Digital"},"url":"https:\/\/diariodelsurdigital.com.ar\/?author=4"}]}},"_links":{"self":[{"href":"https:\/\/diariodelsurdigital.com.ar\/index.php?rest_route=\/wp\/v2\/posts\/2386","targetHints":{"allow":["GET"]}}],"collection":[{"href":"https:\/\/diariodelsurdigital.com.ar\/index.php?rest_route=\/wp\/v2\/posts"}],"about":[{"href":"https:\/\/diariodelsurdigital.com.ar\/index.php?rest_route=\/wp\/v2\/types\/post"}],"author":[{"embeddable":true,"href":"https:\/\/diariodelsurdigital.com.ar\/index.php?rest_route=\/wp\/v2\/users\/4"}],"replies":[{"embeddable":true,"href":"https:\/\/diariodelsurdigital.com.ar\/index.php?rest_route=%2Fwp%2Fv2%2Fcomments&post=2386"}],"version-history":[{"count":1,"href":"https:\/\/diariodelsurdigital.com.ar\/index.php?rest_route=\/wp\/v2\/posts\/2386\/revisions"}],"predecessor-version":[{"id":2388,"href":"https:\/\/diariodelsurdigital.com.ar\/index.php?rest_route=\/wp\/v2\/posts\/2386\/revisions\/2388"}],"wp:featuredmedia":[{"embeddable":true,"href":"https:\/\/diariodelsurdigital.com.ar\/index.php?rest_route=\/wp\/v2\/media\/2387"}],"wp:attachment":[{"href":"https:\/\/diariodelsurdigital.com.ar\/index.php?rest_route=%2Fwp%2Fv2%2Fmedia&parent=2386"}],"wp:term":[{"taxonomy":"category","embeddable":true,"href":"https:\/\/diariodelsurdigital.com.ar\/index.php?rest_route=%2Fwp%2Fv2%2Fcategories&post=2386"},{"taxonomy":"post_tag","embeddable":true,"href":"https:\/\/diariodelsurdigital.com.ar\/index.php?rest_route=%2Fwp%2Fv2%2Ftags&post=2386"}],"curies":[{"name":"wp","href":"https:\/\/api.w.org\/{rel}","templated":true}]}}