{"id":2389,"date":"2025-05-02T20:12:55","date_gmt":"2025-05-02T23:12:55","guid":{"rendered":"https:\/\/diariodelsurdigital.com.ar\/?p=2389"},"modified":"2025-05-02T20:12:57","modified_gmt":"2025-05-02T23:12:57","slug":"la-deuda-publica-de-entre-rios-crecio-un-28-en-el-primer-ano-de-la-gestion-de-frigerio","status":"publish","type":"post","link":"https:\/\/diariodelsurdigital.com.ar\/?p=2389","title":{"rendered":"La deuda P\u00fablica de Entre R\u00edos creci\u00f3 un 28% en el primer a\u00f1o de la gesti\u00f3n de Frigerio"},"content":{"rendered":"\n<p>Seg\u00fan datos oficiales, al cierre de 2024 la deuda provincial super\u00f3 los 750 mil millones de pesos, marcando un incremento significativo respecto al a\u00f1o anterior.<\/p>\n\n\n\n<p>Un informe reciente de la Contadur\u00eda General de la Provincia de Entre R\u00edos revela un notable aumento en la deuda p\u00fablica provincial durante el primer a\u00f1o de gesti\u00f3n del gobernador Rogelio Frigerio. Al 31 de diciembre de 2024, la deuda ascendi\u00f3 a la cifra de $ 750.497,87 millones, lo que representa un incremento del 28% en comparaci\u00f3n con los $ 584.777 millones registrados en diciembre de 2023.<\/p>\n\n\n\n<p>El an\u00e1lisis de la composici\u00f3n de esta deuda, seg\u00fan el gr\u00e1fico proporcionado por la Contadur\u00eda, indica que los principales acreedores son el Nuevo Banco de Entre R\u00edos (por m\u00e1s de 110.000millones),elGobiernoNacional( 250.219 millones) y tenedores de T\u00edtulos P\u00fablicos (superando los $ 390.000 millones).<\/p>\n\n\n\n<p>Esta situaci\u00f3n contrasta con el escenario previo a la asunci\u00f3n de la actual administraci\u00f3n, donde la provincia no presentaba deudas con el sector financiero y exhib\u00eda un bajo ratio deuda\/PBG (Producto Bruto Geogr\u00e1fico).<\/p>\n\n\n\n<p>El Magister en Econom\u00eda, \u00c1lvaro Gab\u00e1s, autor del an\u00e1lisis basado en los datos oficiales, plantea interrogantes cruciales sobre el destino de estos fondos. \u00ab\u00bfD\u00f3nde se invirtieron?\u00bb, se pregunta, a\u00f1adiendo: \u00ab\u00bfSe utilizaron para obra p\u00fablica, para servicios p\u00fablicos y programas sociales, o para mejorar la calidad de vida de los entrerrianos?\u00bb.<\/p>\n\n\n\n<p>Si bien los detalles espec\u00edficos sobre la aplicaci\u00f3n de estos empr\u00e9stitos a\u00fan no son claros, la informaci\u00f3n oficial confirma un aumento sustancial en el endeudamiento de la provincia durante el \u00faltimo a\u00f1o. Esta situaci\u00f3n plantea desaf\u00edos y genera interrogantes sobre la sostenibilidad financiera y el impacto en el futuro de Entre R\u00edos.<\/p>\n","protected":false},"excerpt":{"rendered":"<p>Seg\u00fan datos oficiales, al cierre de 2024 la deuda provincial super\u00f3 los 750 mil millones de pesos, marcando un incremento significativo respecto al a\u00f1o anterior. Un informe reciente de la Contadur\u00eda General de la Provincia de Entre R\u00edos revela un notable aumento en la deuda p\u00fablica provincial durante el primer a\u00f1o de gesti\u00f3n del gobernador [&hellip;]<\/p>\n","protected":false},"author":4,"featured_media":2390,"comment_status":"open","ping_status":"open","sticky":false,"template":"","format":"standard","meta":{"footnotes":""},"categories":[17],"tags":[],"class_list":{"0":"post-2389","1":"post","2":"type-post","3":"status-publish","4":"format-standard","5":"has-post-thumbnail","7":"category-provinciales"},"yoast_head":"<!-- This site is optimized with the Yoast SEO plugin v27.4 - https:\/\/yoast.com\/product\/yoast-seo-wordpress\/ -->\n<title>La deuda P\u00fablica de Entre R\u00edos creci\u00f3 un 28% en el primer a\u00f1o de la gesti\u00f3n de Frigerio - Diario del Sur<\/title>\n<meta name=\"robots\" content=\"index, follow, max-snippet:-1, max-image-preview:large, max-video-preview:-1\" \/>\n<link rel=\"canonical\" href=\"https:\/\/diariodelsurdigital.com.ar\/?p=2389\" \/>\n<meta property=\"og:locale\" content=\"es_ES\" \/>\n<meta property=\"og:type\" content=\"article\" \/>\n<meta property=\"og:title\" content=\"La deuda P\u00fablica de Entre R\u00edos creci\u00f3 un 28% en el primer a\u00f1o de la gesti\u00f3n de Frigerio - Diario del Sur\" \/>\n<meta property=\"og:description\" content=\"Seg\u00fan datos oficiales, al cierre de 2024 la deuda provincial super\u00f3 los 750 mil millones de pesos, marcando un incremento significativo respecto al a\u00f1o anterior. Un informe reciente de la Contadur\u00eda General de la Provincia de Entre R\u00edos revela un notable aumento en la deuda p\u00fablica provincial durante el primer a\u00f1o de gesti\u00f3n del gobernador [&hellip;]\" \/>\n<meta property=\"og:url\" content=\"https:\/\/diariodelsurdigital.com.ar\/?p=2389\" \/>\n<meta property=\"og:site_name\" content=\"Diario del Sur\" \/>\n<meta property=\"article:published_time\" content=\"2025-05-02T23:12:55+00:00\" \/>\n<meta property=\"article:modified_time\" content=\"2025-05-02T23:12:57+00:00\" \/>\n<meta property=\"og:image\" content=\"https:\/\/diariodelsurdigital.com.ar\/wp-content\/uploads\/2025\/05\/md-37.webp\" \/>\n\t<meta property=\"og:image:width\" content=\"992\" \/>\n\t<meta property=\"og:image:height\" content=\"659\" \/>\n\t<meta property=\"og:image:type\" content=\"image\/webp\" \/>\n<meta name=\"author\" content=\"Diario del Sur Digital\" \/>\n<meta name=\"twitter:card\" content=\"summary_large_image\" \/>\n<meta name=\"twitter:label1\" content=\"Escrito por\" \/>\n\t<meta name=\"twitter:data1\" content=\"Diario del Sur Digital\" \/>\n\t<meta name=\"twitter:label2\" content=\"Tiempo de lectura\" \/>\n\t<meta name=\"twitter:data2\" content=\"2 minutos\" \/>\n<script type=\"application\/ld+json\" class=\"yoast-schema-graph\">{\"@context\":\"https:\\\/\\\/schema.org\",\"@graph\":[{\"@type\":\"Article\",\"@id\":\"https:\\\/\\\/diariodelsurdigital.com.ar\\\/?p=2389#article\",\"isPartOf\":{\"@id\":\"https:\\\/\\\/diariodelsurdigital.com.ar\\\/?p=2389\"},\"author\":{\"name\":\"Diario del Sur Digital\",\"@id\":\"https:\\\/\\\/diariodelsurdigital.com.ar\\\/#\\\/schema\\\/person\\\/1a4992532ed62965c968031b49195c81\"},\"headline\":\"La deuda P\u00fablica de Entre R\u00edos creci\u00f3 un 28% en el primer a\u00f1o de la gesti\u00f3n de Frigerio\",\"datePublished\":\"2025-05-02T23:12:55+00:00\",\"dateModified\":\"2025-05-02T23:12:57+00:00\",\"mainEntityOfPage\":{\"@id\":\"https:\\\/\\\/diariodelsurdigital.com.ar\\\/?p=2389\"},\"wordCount\":318,\"commentCount\":0,\"image\":{\"@id\":\"https:\\\/\\\/diariodelsurdigital.com.ar\\\/?p=2389#primaryimage\"},\"thumbnailUrl\":\"https:\\\/\\\/diariodelsurdigital.com.ar\\\/wp-content\\\/uploads\\\/2025\\\/05\\\/md-37.webp\",\"articleSection\":[\"Provinciales\"],\"inLanguage\":\"es\",\"potentialAction\":[{\"@type\":\"CommentAction\",\"name\":\"Comment\",\"target\":[\"https:\\\/\\\/diariodelsurdigital.com.ar\\\/?p=2389#respond\"]}]},{\"@type\":\"WebPage\",\"@id\":\"https:\\\/\\\/diariodelsurdigital.com.ar\\\/?p=2389\",\"url\":\"https:\\\/\\\/diariodelsurdigital.com.ar\\\/?p=2389\",\"name\":\"La deuda P\u00fablica de Entre R\u00edos creci\u00f3 un 28% en el primer a\u00f1o de la gesti\u00f3n de Frigerio - Diario del Sur\",\"isPartOf\":{\"@id\":\"https:\\\/\\\/diariodelsurdigital.com.ar\\\/#website\"},\"primaryImageOfPage\":{\"@id\":\"https:\\\/\\\/diariodelsurdigital.com.ar\\\/?p=2389#primaryimage\"},\"image\":{\"@id\":\"https:\\\/\\\/diariodelsurdigital.com.ar\\\/?p=2389#primaryimage\"},\"thumbnailUrl\":\"https:\\\/\\\/diariodelsurdigital.com.ar\\\/wp-content\\\/uploads\\\/2025\\\/05\\\/md-37.webp\",\"datePublished\":\"2025-05-02T23:12:55+00:00\",\"dateModified\":\"2025-05-02T23:12:57+00:00\",\"author\":{\"@id\":\"https:\\\/\\\/diariodelsurdigital.com.ar\\\/#\\\/schema\\\/person\\\/1a4992532ed62965c968031b49195c81\"},\"breadcrumb\":{\"@id\":\"https:\\\/\\\/diariodelsurdigital.com.ar\\\/?p=2389#breadcrumb\"},\"inLanguage\":\"es\",\"potentialAction\":[{\"@type\":\"ReadAction\",\"target\":[\"https:\\\/\\\/diariodelsurdigital.com.ar\\\/?p=2389\"]}]},{\"@type\":\"ImageObject\",\"inLanguage\":\"es\",\"@id\":\"https:\\\/\\\/diariodelsurdigital.com.ar\\\/?p=2389#primaryimage\",\"url\":\"https:\\\/\\\/diariodelsurdigital.com.ar\\\/wp-content\\\/uploads\\\/2025\\\/05\\\/md-37.webp\",\"contentUrl\":\"https:\\\/\\\/diariodelsurdigital.com.ar\\\/wp-content\\\/uploads\\\/2025\\\/05\\\/md-37.webp\",\"width\":992,\"height\":659},{\"@type\":\"BreadcrumbList\",\"@id\":\"https:\\\/\\\/diariodelsurdigital.com.ar\\\/?p=2389#breadcrumb\",\"itemListElement\":[{\"@type\":\"ListItem\",\"position\":1,\"name\":\"Portada\",\"item\":\"https:\\\/\\\/diariodelsurdigital.com.ar\\\/\"},{\"@type\":\"ListItem\",\"position\":2,\"name\":\"La deuda P\u00fablica de Entre R\u00edos creci\u00f3 un 28% en el primer a\u00f1o de la gesti\u00f3n de Frigerio\"}]},{\"@type\":\"WebSite\",\"@id\":\"https:\\\/\\\/diariodelsurdigital.com.ar\\\/#website\",\"url\":\"https:\\\/\\\/diariodelsurdigital.com.ar\\\/\",\"name\":\"Diario del Sur\",\"description\":\"Digital\",\"potentialAction\":[{\"@type\":\"SearchAction\",\"target\":{\"@type\":\"EntryPoint\",\"urlTemplate\":\"https:\\\/\\\/diariodelsurdigital.com.ar\\\/?s={search_term_string}\"},\"query-input\":{\"@type\":\"PropertyValueSpecification\",\"valueRequired\":true,\"valueName\":\"search_term_string\"}}],\"inLanguage\":\"es\"},{\"@type\":\"Person\",\"@id\":\"https:\\\/\\\/diariodelsurdigital.com.ar\\\/#\\\/schema\\\/person\\\/1a4992532ed62965c968031b49195c81\",\"name\":\"Diario del Sur Digital\",\"image\":{\"@type\":\"ImageObject\",\"inLanguage\":\"es\",\"@id\":\"https:\\\/\\\/secure.gravatar.com\\\/avatar\\\/f0c7c47fc7146d19828273b9b8eda651c9c7ab583767e6338d3d3bee825adf76?s=96&d=mm&r=g\",\"url\":\"https:\\\/\\\/secure.gravatar.com\\\/avatar\\\/f0c7c47fc7146d19828273b9b8eda651c9c7ab583767e6338d3d3bee825adf76?s=96&d=mm&r=g\",\"contentUrl\":\"https:\\\/\\\/secure.gravatar.com\\\/avatar\\\/f0c7c47fc7146d19828273b9b8eda651c9c7ab583767e6338d3d3bee825adf76?s=96&d=mm&r=g\",\"caption\":\"Diario del Sur Digital\"},\"url\":\"https:\\\/\\\/diariodelsurdigital.com.ar\\\/?author=4\"}]}<\/script>\n<!-- \/ Yoast SEO plugin. -->","yoast_head_json":{"title":"La deuda P\u00fablica de Entre R\u00edos creci\u00f3 un 28% en el primer a\u00f1o de la gesti\u00f3n de Frigerio - Diario del Sur","robots":{"index":"index","follow":"follow","max-snippet":"max-snippet:-1","max-image-preview":"max-image-preview:large","max-video-preview":"max-video-preview:-1"},"canonical":"https:\/\/diariodelsurdigital.com.ar\/?p=2389","og_locale":"es_ES","og_type":"article","og_title":"La deuda P\u00fablica de Entre R\u00edos creci\u00f3 un 28% en el primer a\u00f1o de la gesti\u00f3n de Frigerio - Diario del Sur","og_description":"Seg\u00fan datos oficiales, al cierre de 2024 la deuda provincial super\u00f3 los 750 mil millones de pesos, marcando un incremento significativo respecto al a\u00f1o anterior. Un informe reciente de la Contadur\u00eda General de la Provincia de Entre R\u00edos revela un notable aumento en la deuda p\u00fablica provincial durante el primer a\u00f1o de gesti\u00f3n del gobernador [&hellip;]","og_url":"https:\/\/diariodelsurdigital.com.ar\/?p=2389","og_site_name":"Diario del Sur","article_published_time":"2025-05-02T23:12:55+00:00","article_modified_time":"2025-05-02T23:12:57+00:00","og_image":[{"width":992,"height":659,"url":"https:\/\/diariodelsurdigital.com.ar\/wp-content\/uploads\/2025\/05\/md-37.webp","type":"image\/webp"}],"author":"Diario del Sur Digital","twitter_card":"summary_large_image","twitter_misc":{"Escrito por":"Diario del Sur Digital","Tiempo de lectura":"2 minutos"},"schema":{"@context":"https:\/\/schema.org","@graph":[{"@type":"Article","@id":"https:\/\/diariodelsurdigital.com.ar\/?p=2389#article","isPartOf":{"@id":"https:\/\/diariodelsurdigital.com.ar\/?p=2389"},"author":{"name":"Diario del Sur Digital","@id":"https:\/\/diariodelsurdigital.com.ar\/#\/schema\/person\/1a4992532ed62965c968031b49195c81"},"headline":"La deuda P\u00fablica de Entre R\u00edos creci\u00f3 un 28% en el primer a\u00f1o de la gesti\u00f3n de Frigerio","datePublished":"2025-05-02T23:12:55+00:00","dateModified":"2025-05-02T23:12:57+00:00","mainEntityOfPage":{"@id":"https:\/\/diariodelsurdigital.com.ar\/?p=2389"},"wordCount":318,"commentCount":0,"image":{"@id":"https:\/\/diariodelsurdigital.com.ar\/?p=2389#primaryimage"},"thumbnailUrl":"https:\/\/diariodelsurdigital.com.ar\/wp-content\/uploads\/2025\/05\/md-37.webp","articleSection":["Provinciales"],"inLanguage":"es","potentialAction":[{"@type":"CommentAction","name":"Comment","target":["https:\/\/diariodelsurdigital.com.ar\/?p=2389#respond"]}]},{"@type":"WebPage","@id":"https:\/\/diariodelsurdigital.com.ar\/?p=2389","url":"https:\/\/diariodelsurdigital.com.ar\/?p=2389","name":"La deuda P\u00fablica de Entre R\u00edos creci\u00f3 un 28% en el primer a\u00f1o de la gesti\u00f3n de Frigerio - Diario del Sur","isPartOf":{"@id":"https:\/\/diariodelsurdigital.com.ar\/#website"},"primaryImageOfPage":{"@id":"https:\/\/diariodelsurdigital.com.ar\/?p=2389#primaryimage"},"image":{"@id":"https:\/\/diariodelsurdigital.com.ar\/?p=2389#primaryimage"},"thumbnailUrl":"https:\/\/diariodelsurdigital.com.ar\/wp-content\/uploads\/2025\/05\/md-37.webp","datePublished":"2025-05-02T23:12:55+00:00","dateModified":"2025-05-02T23:12:57+00:00","author":{"@id":"https:\/\/diariodelsurdigital.com.ar\/#\/schema\/person\/1a4992532ed62965c968031b49195c81"},"breadcrumb":{"@id":"https:\/\/diariodelsurdigital.com.ar\/?p=2389#breadcrumb"},"inLanguage":"es","potentialAction":[{"@type":"ReadAction","target":["https:\/\/diariodelsurdigital.com.ar\/?p=2389"]}]},{"@type":"ImageObject","inLanguage":"es","@id":"https:\/\/diariodelsurdigital.com.ar\/?p=2389#primaryimage","url":"https:\/\/diariodelsurdigital.com.ar\/wp-content\/uploads\/2025\/05\/md-37.webp","contentUrl":"https:\/\/diariodelsurdigital.com.ar\/wp-content\/uploads\/2025\/05\/md-37.webp","width":992,"height":659},{"@type":"BreadcrumbList","@id":"https:\/\/diariodelsurdigital.com.ar\/?p=2389#breadcrumb","itemListElement":[{"@type":"ListItem","position":1,"name":"Portada","item":"https:\/\/diariodelsurdigital.com.ar\/"},{"@type":"ListItem","position":2,"name":"La deuda P\u00fablica de Entre R\u00edos creci\u00f3 un 28% en el primer a\u00f1o de la gesti\u00f3n de Frigerio"}]},{"@type":"WebSite","@id":"https:\/\/diariodelsurdigital.com.ar\/#website","url":"https:\/\/diariodelsurdigital.com.ar\/","name":"Diario del Sur","description":"Digital","potentialAction":[{"@type":"SearchAction","target":{"@type":"EntryPoint","urlTemplate":"https:\/\/diariodelsurdigital.com.ar\/?s={search_term_string}"},"query-input":{"@type":"PropertyValueSpecification","valueRequired":true,"valueName":"search_term_string"}}],"inLanguage":"es"},{"@type":"Person","@id":"https:\/\/diariodelsurdigital.com.ar\/#\/schema\/person\/1a4992532ed62965c968031b49195c81","name":"Diario del Sur Digital","image":{"@type":"ImageObject","inLanguage":"es","@id":"https:\/\/secure.gravatar.com\/avatar\/f0c7c47fc7146d19828273b9b8eda651c9c7ab583767e6338d3d3bee825adf76?s=96&d=mm&r=g","url":"https:\/\/secure.gravatar.com\/avatar\/f0c7c47fc7146d19828273b9b8eda651c9c7ab583767e6338d3d3bee825adf76?s=96&d=mm&r=g","contentUrl":"https:\/\/secure.gravatar.com\/avatar\/f0c7c47fc7146d19828273b9b8eda651c9c7ab583767e6338d3d3bee825adf76?s=96&d=mm&r=g","caption":"Diario del Sur Digital"},"url":"https:\/\/diariodelsurdigital.com.ar\/?author=4"}]}},"_links":{"self":[{"href":"https:\/\/diariodelsurdigital.com.ar\/index.php?rest_route=\/wp\/v2\/posts\/2389","targetHints":{"allow":["GET"]}}],"collection":[{"href":"https:\/\/diariodelsurdigital.com.ar\/index.php?rest_route=\/wp\/v2\/posts"}],"about":[{"href":"https:\/\/diariodelsurdigital.com.ar\/index.php?rest_route=\/wp\/v2\/types\/post"}],"author":[{"embeddable":true,"href":"https:\/\/diariodelsurdigital.com.ar\/index.php?rest_route=\/wp\/v2\/users\/4"}],"replies":[{"embeddable":true,"href":"https:\/\/diariodelsurdigital.com.ar\/index.php?rest_route=%2Fwp%2Fv2%2Fcomments&post=2389"}],"version-history":[{"count":1,"href":"https:\/\/diariodelsurdigital.com.ar\/index.php?rest_route=\/wp\/v2\/posts\/2389\/revisions"}],"predecessor-version":[{"id":2391,"href":"https:\/\/diariodelsurdigital.com.ar\/index.php?rest_route=\/wp\/v2\/posts\/2389\/revisions\/2391"}],"wp:featuredmedia":[{"embeddable":true,"href":"https:\/\/diariodelsurdigital.com.ar\/index.php?rest_route=\/wp\/v2\/media\/2390"}],"wp:attachment":[{"href":"https:\/\/diariodelsurdigital.com.ar\/index.php?rest_route=%2Fwp%2Fv2%2Fmedia&parent=2389"}],"wp:term":[{"taxonomy":"category","embeddable":true,"href":"https:\/\/diariodelsurdigital.com.ar\/index.php?rest_route=%2Fwp%2Fv2%2Fcategories&post=2389"},{"taxonomy":"post_tag","embeddable":true,"href":"https:\/\/diariodelsurdigital.com.ar\/index.php?rest_route=%2Fwp%2Fv2%2Ftags&post=2389"}],"curies":[{"name":"wp","href":"https:\/\/api.w.org\/{rel}","templated":true}]}}