{"id":2392,"date":"2025-05-03T15:06:31","date_gmt":"2025-05-03T18:06:31","guid":{"rendered":"https:\/\/diariodelsurdigital.com.ar\/?p=2392"},"modified":"2025-05-03T15:06:33","modified_gmt":"2025-05-03T18:06:33","slug":"se-viene-el-super-iva-la-apuesta-de-milei-y-caputo-avalada-por-el-fondo-monetario","status":"publish","type":"post","link":"https:\/\/diariodelsurdigital.com.ar\/?p=2392","title":{"rendered":"Se viene el \u201cs\u00faper-IVA\u201d, la apuesta de Milei y Caputo avalada por el Fondo Monetario"},"content":{"rendered":"\n<p><strong>Todos ganan. Salvo unos interesados directos, a los que la sola idea del \u201cs\u00faper-IVA\u201d los aterra.<\/strong>&nbsp;Los mism\u00edsimos gobernadores, que ven con espanto la posibilidad de tener que derivar a la Naci\u00f3n la recaudaci\u00f3n de la mayor fuente de dinero obtenido en el territorio. Esto pese a reconocer que Ingresos Brutos es el peor invento de la historia de los impuestos mundiales.<\/p>\n\n\n\n<p><strong>En definitiva, Ingresos Brutos (IIBB) es un tributo medieval<\/strong>. No es una met\u00e1fora o una opini\u00f3n. Es una realidad. Se trata de un impuesto creado hace casi mil a\u00f1os (literal) por los alcaldes y barones feudales, buscando un mecanismo para incrementar su poder econ\u00f3mico frente al de los reyes. Buscaba recaudar de manera directa, afectando la econom\u00eda local a cambio de una mayor cantidad de dinero limpio y r\u00e1pido para poder incrementar sus propios bienes y, eventualmente, armarse para contrarrestar las embestidas de otros barones. O invasiones de reinos externos.<\/p>\n\n\n\n<p>Pas\u00f3 el tiempo y la propia l\u00f3gica de la evoluci\u00f3n moderna de la ciencia tributaria (progresista o liberal) apunt\u00f3 a la eliminaci\u00f3n del impuesto y la aplicaci\u00f3n de lo que en el pa\u00eds se llam\u00f3 IVA. Un tributo que grava toda la cadena productiva y no el final. Con sus errores, ya no se trata de un impuesto \u201ccascada\u201d como Ingresos Brutos, sino a toda la l\u00ednea de generaci\u00f3n de riqueza; lo que lo hace m\u00e1s justo y efectivo.<strong>&nbsp;Hoy son pocos los sistemas tributarios que aplican IIB<\/strong>B. Solo alguno que otro pa\u00eds poco integrado y con sistemas impositivos regionales y nacionales sin vasos comunicantes. Salvo Argentina.<\/p>\n\n\n\n<p>Milei busca dar vuelta la creaci\u00f3n de la gesti\u00f3n Alberto Fern\u00e1ndez, donde se aprob\u00f3 el consenso fiscal, que avalaba la posibilidad de incrementar el tributo provincial hasta las nubes del 9% dependiendo del sector, y liberarlo para otros.<\/p>\n\n\n\n<p>Es verdad que el tributo va al contrario de la modernidad tributaria mundial. Y un severo retroceso a la producci\u00f3n y el crecimiento. Sin embargo, priman otras cuestiones. B\u00e1sicamente una. Que los gobernadores tengan m\u00e1s dinero, y que a partir de esta pi\u00f1ata apoyen a la Naci\u00f3n en la aplicaci\u00f3n de una mayor carga impositiva que permita evitar los ajustes, que siempre reclama el FMI. De m\u00e1s est\u00e1 decir que desde este organismo se aplaude de pie la alternativa del \u201cs\u00faper-IVA\u201d.<\/p>\n\n\n\n<p><strong>Ingresos Brutos fue introducido en el sistema impositivo local en 1977, durante la \u00faltima dictadura y en el marco de la reforma tributaria integral que el pa\u00eds aplic\u00f3 con la creaci\u00f3n del IVA<\/strong>, y en reemplazo del anterior impuesto a las actividades comerciales. Se aplica a todas las provincias y la Ciudad de Buenos Aires, con al\u00edcuotas que van del 1,5% al 5%; las que con la nueva autorizaci\u00f3n del Congreso pueden a\u00fan incrementarse m\u00e1s. Se aplica a las empresas involucradas en actividades comerciales, industriales, agr\u00edcolas, financieras o profesionales, y la al\u00edcuota depende del distrito y de la industria.<\/p>\n\n\n\n<p>Hubo dos intentos fallidos por disminuir su presi\u00f3n o directamente eliminarlos de manera gradual. El primero, en 1993, con la firma del Segundo Pacto Federal, por el cual las provincias se compromet\u00edan frente al gobierno nacional a eliminar el impuesto a los ingresos brutos; algo que, obviamente, nunca ocurri\u00f3 ni se aplic\u00f3. El segundo, en 2017, el que qued\u00f3 enterrado el jueves pasado.<\/p>\n\n\n\n<p>Es un lugar ya com\u00fan que&nbsp;<strong>el IIBB sea el impuesto m\u00e1s rechazado, repudiado y odiado de todo el sistema tributario nacional, provincial o municipal<\/strong>. Algo notable teniendo en cuenta que Argentina es un pa\u00eds donde se combinan m\u00e1s de 125 clases diferentes de impuestos, con un promedio de creaci\u00f3n de uno cada dos a\u00f1os en los \u00faltimos treinta. Todos los tributaristas, sin importar la escuela donde abreven, mencionan el IIBB como el primero en eliminar si se quiere modernizar y sanear un sistema tributario donde los promedios de evasi\u00f3n y elusi\u00f3n superan hoy el 35%. Y con c\u00e1lculos conservadores.<\/p>\n\n\n\n<p>Se lo considera como el culpable de gran parte de la distorsi\u00f3n en el momento de la medici\u00f3n de costos y valores finales de venta al p\u00fablico y como el principal conspirador en el momento de poder atacar la inflaci\u00f3n o medir la competitividad de la producci\u00f3n local hacia el exterior. Especialmente cuando se lo mide con la propia comarca latinoamericana, donde el IIBB es historia pasada, antigua y olvidada. Ni hablar del mundo desarrollado, donde la eficacia en la recaudaci\u00f3n de impuestos y la fiscalizaci\u00f3n para el consecuente gasto de ese dinero son norma p\u00e9trea.<\/p>\n\n\n\n<p><strong>Sin embargo, para los gobernadores el IIBB es aire fresco en tiempos de asfixiantes ajustes. Ya son muchos los gobernadores que, en alerta, comenzaron a watsapearse para asegurar una posici\u00f3n contraria a la idea<\/strong>. Sin embargo, lo saben, no es f\u00e1cil tener a Milei por delante. M\u00e1s en un a\u00f1o electoral, sin Presupuesto y con la dependencia absoluta de la firma de recursos por parte de Luis Caputo. O, aun peor, la de su primo, con el que comparte apellido y que habita como asesor de lujo en el edificio de enfrente del Palacio de Hacienda.<\/p>\n","protected":false},"excerpt":{"rendered":"<p>Todos ganan. Salvo unos interesados directos, a los que la sola idea del \u201cs\u00faper-IVA\u201d los aterra.&nbsp;Los mism\u00edsimos gobernadores, que ven con espanto la posibilidad de tener que derivar a la Naci\u00f3n la recaudaci\u00f3n de la mayor fuente de dinero obtenido en el territorio. Esto pese a reconocer que Ingresos Brutos es el peor invento de [&hellip;]<\/p>\n","protected":false},"author":2,"featured_media":2393,"comment_status":"open","ping_status":"open","sticky":false,"template":"","format":"standard","meta":{"footnotes":""},"categories":[18],"tags":[],"class_list":{"0":"post-2392","1":"post","2":"type-post","3":"status-publish","4":"format-standard","5":"has-post-thumbnail","7":"category-nacionales"},"yoast_head":"<!-- This site is optimized with the Yoast SEO plugin v27.4 - https:\/\/yoast.com\/product\/yoast-seo-wordpress\/ -->\n<title>Se viene el \u201cs\u00faper-IVA\u201d, la apuesta de Milei y Caputo avalada por el Fondo Monetario - Diario del Sur<\/title>\n<meta name=\"robots\" content=\"index, follow, max-snippet:-1, max-image-preview:large, max-video-preview:-1\" \/>\n<link rel=\"canonical\" href=\"https:\/\/diariodelsurdigital.com.ar\/?p=2392\" \/>\n<meta property=\"og:locale\" content=\"es_ES\" \/>\n<meta property=\"og:type\" content=\"article\" \/>\n<meta property=\"og:title\" content=\"Se viene el \u201cs\u00faper-IVA\u201d, la apuesta de Milei y Caputo avalada por el Fondo Monetario - Diario del Sur\" \/>\n<meta property=\"og:description\" content=\"Todos ganan. Salvo unos interesados directos, a los que la sola idea del \u201cs\u00faper-IVA\u201d los aterra.&nbsp;Los mism\u00edsimos gobernadores, que ven con espanto la posibilidad de tener que derivar a la Naci\u00f3n la recaudaci\u00f3n de la mayor fuente de dinero obtenido en el territorio. Esto pese a reconocer que Ingresos Brutos es el peor invento de [&hellip;]\" \/>\n<meta property=\"og:url\" content=\"https:\/\/diariodelsurdigital.com.ar\/?p=2392\" \/>\n<meta property=\"og:site_name\" content=\"Diario del Sur\" \/>\n<meta property=\"article:published_time\" content=\"2025-05-03T18:06:31+00:00\" \/>\n<meta property=\"article:modified_time\" content=\"2025-05-03T18:06:33+00:00\" \/>\n<meta property=\"og:image\" content=\"https:\/\/diariodelsurdigital.com.ar\/wp-content\/uploads\/2025\/05\/AA1E6bER.jpeg\" \/>\n\t<meta property=\"og:image:width\" content=\"460\" \/>\n\t<meta property=\"og:image:height\" content=\"259\" \/>\n\t<meta property=\"og:image:type\" content=\"image\/jpeg\" \/>\n<meta name=\"author\" content=\"Diario del Sur Digital\" \/>\n<meta name=\"twitter:card\" content=\"summary_large_image\" \/>\n<meta name=\"twitter:label1\" content=\"Escrito por\" \/>\n\t<meta name=\"twitter:data1\" content=\"Diario del Sur Digital\" \/>\n\t<meta name=\"twitter:label2\" content=\"Tiempo de lectura\" \/>\n\t<meta name=\"twitter:data2\" content=\"5 minutos\" \/>\n<script type=\"application\/ld+json\" class=\"yoast-schema-graph\">{\"@context\":\"https:\\\/\\\/schema.org\",\"@graph\":[{\"@type\":\"Article\",\"@id\":\"https:\\\/\\\/diariodelsurdigital.com.ar\\\/?p=2392#article\",\"isPartOf\":{\"@id\":\"https:\\\/\\\/diariodelsurdigital.com.ar\\\/?p=2392\"},\"author\":{\"name\":\"Diario del Sur Digital\",\"@id\":\"https:\\\/\\\/diariodelsurdigital.com.ar\\\/#\\\/schema\\\/person\\\/6136a32571657f7dba980b88b04c5465\"},\"headline\":\"Se viene el \u201cs\u00faper-IVA\u201d, la apuesta de Milei y Caputo avalada por el Fondo Monetario\",\"datePublished\":\"2025-05-03T18:06:31+00:00\",\"dateModified\":\"2025-05-03T18:06:33+00:00\",\"mainEntityOfPage\":{\"@id\":\"https:\\\/\\\/diariodelsurdigital.com.ar\\\/?p=2392\"},\"wordCount\":904,\"commentCount\":1,\"image\":{\"@id\":\"https:\\\/\\\/diariodelsurdigital.com.ar\\\/?p=2392#primaryimage\"},\"thumbnailUrl\":\"https:\\\/\\\/diariodelsurdigital.com.ar\\\/wp-content\\\/uploads\\\/2025\\\/05\\\/AA1E6bER.jpeg\",\"articleSection\":[\"Nacionales\"],\"inLanguage\":\"es\",\"potentialAction\":[{\"@type\":\"CommentAction\",\"name\":\"Comment\",\"target\":[\"https:\\\/\\\/diariodelsurdigital.com.ar\\\/?p=2392#respond\"]}]},{\"@type\":\"WebPage\",\"@id\":\"https:\\\/\\\/diariodelsurdigital.com.ar\\\/?p=2392\",\"url\":\"https:\\\/\\\/diariodelsurdigital.com.ar\\\/?p=2392\",\"name\":\"Se viene el \u201cs\u00faper-IVA\u201d, la apuesta de Milei y Caputo avalada por el Fondo Monetario - Diario del Sur\",\"isPartOf\":{\"@id\":\"https:\\\/\\\/diariodelsurdigital.com.ar\\\/#website\"},\"primaryImageOfPage\":{\"@id\":\"https:\\\/\\\/diariodelsurdigital.com.ar\\\/?p=2392#primaryimage\"},\"image\":{\"@id\":\"https:\\\/\\\/diariodelsurdigital.com.ar\\\/?p=2392#primaryimage\"},\"thumbnailUrl\":\"https:\\\/\\\/diariodelsurdigital.com.ar\\\/wp-content\\\/uploads\\\/2025\\\/05\\\/AA1E6bER.jpeg\",\"datePublished\":\"2025-05-03T18:06:31+00:00\",\"dateModified\":\"2025-05-03T18:06:33+00:00\",\"author\":{\"@id\":\"https:\\\/\\\/diariodelsurdigital.com.ar\\\/#\\\/schema\\\/person\\\/6136a32571657f7dba980b88b04c5465\"},\"breadcrumb\":{\"@id\":\"https:\\\/\\\/diariodelsurdigital.com.ar\\\/?p=2392#breadcrumb\"},\"inLanguage\":\"es\",\"potentialAction\":[{\"@type\":\"ReadAction\",\"target\":[\"https:\\\/\\\/diariodelsurdigital.com.ar\\\/?p=2392\"]}]},{\"@type\":\"ImageObject\",\"inLanguage\":\"es\",\"@id\":\"https:\\\/\\\/diariodelsurdigital.com.ar\\\/?p=2392#primaryimage\",\"url\":\"https:\\\/\\\/diariodelsurdigital.com.ar\\\/wp-content\\\/uploads\\\/2025\\\/05\\\/AA1E6bER.jpeg\",\"contentUrl\":\"https:\\\/\\\/diariodelsurdigital.com.ar\\\/wp-content\\\/uploads\\\/2025\\\/05\\\/AA1E6bER.jpeg\",\"width\":460,\"height\":259},{\"@type\":\"BreadcrumbList\",\"@id\":\"https:\\\/\\\/diariodelsurdigital.com.ar\\\/?p=2392#breadcrumb\",\"itemListElement\":[{\"@type\":\"ListItem\",\"position\":1,\"name\":\"Portada\",\"item\":\"https:\\\/\\\/diariodelsurdigital.com.ar\\\/\"},{\"@type\":\"ListItem\",\"position\":2,\"name\":\"Se viene el \u201cs\u00faper-IVA\u201d, la apuesta de Milei y Caputo avalada por el Fondo Monetario\"}]},{\"@type\":\"WebSite\",\"@id\":\"https:\\\/\\\/diariodelsurdigital.com.ar\\\/#website\",\"url\":\"https:\\\/\\\/diariodelsurdigital.com.ar\\\/\",\"name\":\"Diario del Sur\",\"description\":\"Digital\",\"potentialAction\":[{\"@type\":\"SearchAction\",\"target\":{\"@type\":\"EntryPoint\",\"urlTemplate\":\"https:\\\/\\\/diariodelsurdigital.com.ar\\\/?s={search_term_string}\"},\"query-input\":{\"@type\":\"PropertyValueSpecification\",\"valueRequired\":true,\"valueName\":\"search_term_string\"}}],\"inLanguage\":\"es\"},{\"@type\":\"Person\",\"@id\":\"https:\\\/\\\/diariodelsurdigital.com.ar\\\/#\\\/schema\\\/person\\\/6136a32571657f7dba980b88b04c5465\",\"name\":\"Diario del Sur Digital\",\"image\":{\"@type\":\"ImageObject\",\"inLanguage\":\"es\",\"@id\":\"https:\\\/\\\/secure.gravatar.com\\\/avatar\\\/4c29ceac98541dd42460b2474aaa5dd37594d6ce6cb3cf2c101d09b48ee287ba?s=96&d=mm&r=g\",\"url\":\"https:\\\/\\\/secure.gravatar.com\\\/avatar\\\/4c29ceac98541dd42460b2474aaa5dd37594d6ce6cb3cf2c101d09b48ee287ba?s=96&d=mm&r=g\",\"contentUrl\":\"https:\\\/\\\/secure.gravatar.com\\\/avatar\\\/4c29ceac98541dd42460b2474aaa5dd37594d6ce6cb3cf2c101d09b48ee287ba?s=96&d=mm&r=g\",\"caption\":\"Diario del Sur Digital\"},\"url\":\"https:\\\/\\\/diariodelsurdigital.com.ar\\\/?author=2\"}]}<\/script>\n<!-- \/ Yoast SEO plugin. -->","yoast_head_json":{"title":"Se viene el \u201cs\u00faper-IVA\u201d, la apuesta de Milei y Caputo avalada por el Fondo Monetario - Diario del Sur","robots":{"index":"index","follow":"follow","max-snippet":"max-snippet:-1","max-image-preview":"max-image-preview:large","max-video-preview":"max-video-preview:-1"},"canonical":"https:\/\/diariodelsurdigital.com.ar\/?p=2392","og_locale":"es_ES","og_type":"article","og_title":"Se viene el \u201cs\u00faper-IVA\u201d, la apuesta de Milei y Caputo avalada por el Fondo Monetario - Diario del Sur","og_description":"Todos ganan. Salvo unos interesados directos, a los que la sola idea del \u201cs\u00faper-IVA\u201d los aterra.&nbsp;Los mism\u00edsimos gobernadores, que ven con espanto la posibilidad de tener que derivar a la Naci\u00f3n la recaudaci\u00f3n de la mayor fuente de dinero obtenido en el territorio. Esto pese a reconocer que Ingresos Brutos es el peor invento de [&hellip;]","og_url":"https:\/\/diariodelsurdigital.com.ar\/?p=2392","og_site_name":"Diario del Sur","article_published_time":"2025-05-03T18:06:31+00:00","article_modified_time":"2025-05-03T18:06:33+00:00","og_image":[{"width":460,"height":259,"url":"https:\/\/diariodelsurdigital.com.ar\/wp-content\/uploads\/2025\/05\/AA1E6bER.jpeg","type":"image\/jpeg"}],"author":"Diario del Sur Digital","twitter_card":"summary_large_image","twitter_misc":{"Escrito por":"Diario del Sur Digital","Tiempo de lectura":"5 minutos"},"schema":{"@context":"https:\/\/schema.org","@graph":[{"@type":"Article","@id":"https:\/\/diariodelsurdigital.com.ar\/?p=2392#article","isPartOf":{"@id":"https:\/\/diariodelsurdigital.com.ar\/?p=2392"},"author":{"name":"Diario del Sur Digital","@id":"https:\/\/diariodelsurdigital.com.ar\/#\/schema\/person\/6136a32571657f7dba980b88b04c5465"},"headline":"Se viene el \u201cs\u00faper-IVA\u201d, la apuesta de Milei y Caputo avalada por el Fondo Monetario","datePublished":"2025-05-03T18:06:31+00:00","dateModified":"2025-05-03T18:06:33+00:00","mainEntityOfPage":{"@id":"https:\/\/diariodelsurdigital.com.ar\/?p=2392"},"wordCount":904,"commentCount":1,"image":{"@id":"https:\/\/diariodelsurdigital.com.ar\/?p=2392#primaryimage"},"thumbnailUrl":"https:\/\/diariodelsurdigital.com.ar\/wp-content\/uploads\/2025\/05\/AA1E6bER.jpeg","articleSection":["Nacionales"],"inLanguage":"es","potentialAction":[{"@type":"CommentAction","name":"Comment","target":["https:\/\/diariodelsurdigital.com.ar\/?p=2392#respond"]}]},{"@type":"WebPage","@id":"https:\/\/diariodelsurdigital.com.ar\/?p=2392","url":"https:\/\/diariodelsurdigital.com.ar\/?p=2392","name":"Se viene el \u201cs\u00faper-IVA\u201d, la apuesta de Milei y Caputo avalada por el Fondo Monetario - Diario del Sur","isPartOf":{"@id":"https:\/\/diariodelsurdigital.com.ar\/#website"},"primaryImageOfPage":{"@id":"https:\/\/diariodelsurdigital.com.ar\/?p=2392#primaryimage"},"image":{"@id":"https:\/\/diariodelsurdigital.com.ar\/?p=2392#primaryimage"},"thumbnailUrl":"https:\/\/diariodelsurdigital.com.ar\/wp-content\/uploads\/2025\/05\/AA1E6bER.jpeg","datePublished":"2025-05-03T18:06:31+00:00","dateModified":"2025-05-03T18:06:33+00:00","author":{"@id":"https:\/\/diariodelsurdigital.com.ar\/#\/schema\/person\/6136a32571657f7dba980b88b04c5465"},"breadcrumb":{"@id":"https:\/\/diariodelsurdigital.com.ar\/?p=2392#breadcrumb"},"inLanguage":"es","potentialAction":[{"@type":"ReadAction","target":["https:\/\/diariodelsurdigital.com.ar\/?p=2392"]}]},{"@type":"ImageObject","inLanguage":"es","@id":"https:\/\/diariodelsurdigital.com.ar\/?p=2392#primaryimage","url":"https:\/\/diariodelsurdigital.com.ar\/wp-content\/uploads\/2025\/05\/AA1E6bER.jpeg","contentUrl":"https:\/\/diariodelsurdigital.com.ar\/wp-content\/uploads\/2025\/05\/AA1E6bER.jpeg","width":460,"height":259},{"@type":"BreadcrumbList","@id":"https:\/\/diariodelsurdigital.com.ar\/?p=2392#breadcrumb","itemListElement":[{"@type":"ListItem","position":1,"name":"Portada","item":"https:\/\/diariodelsurdigital.com.ar\/"},{"@type":"ListItem","position":2,"name":"Se viene el \u201cs\u00faper-IVA\u201d, la apuesta de Milei y Caputo avalada por el Fondo Monetario"}]},{"@type":"WebSite","@id":"https:\/\/diariodelsurdigital.com.ar\/#website","url":"https:\/\/diariodelsurdigital.com.ar\/","name":"Diario del Sur","description":"Digital","potentialAction":[{"@type":"SearchAction","target":{"@type":"EntryPoint","urlTemplate":"https:\/\/diariodelsurdigital.com.ar\/?s={search_term_string}"},"query-input":{"@type":"PropertyValueSpecification","valueRequired":true,"valueName":"search_term_string"}}],"inLanguage":"es"},{"@type":"Person","@id":"https:\/\/diariodelsurdigital.com.ar\/#\/schema\/person\/6136a32571657f7dba980b88b04c5465","name":"Diario del Sur Digital","image":{"@type":"ImageObject","inLanguage":"es","@id":"https:\/\/secure.gravatar.com\/avatar\/4c29ceac98541dd42460b2474aaa5dd37594d6ce6cb3cf2c101d09b48ee287ba?s=96&d=mm&r=g","url":"https:\/\/secure.gravatar.com\/avatar\/4c29ceac98541dd42460b2474aaa5dd37594d6ce6cb3cf2c101d09b48ee287ba?s=96&d=mm&r=g","contentUrl":"https:\/\/secure.gravatar.com\/avatar\/4c29ceac98541dd42460b2474aaa5dd37594d6ce6cb3cf2c101d09b48ee287ba?s=96&d=mm&r=g","caption":"Diario del Sur Digital"},"url":"https:\/\/diariodelsurdigital.com.ar\/?author=2"}]}},"_links":{"self":[{"href":"https:\/\/diariodelsurdigital.com.ar\/index.php?rest_route=\/wp\/v2\/posts\/2392","targetHints":{"allow":["GET"]}}],"collection":[{"href":"https:\/\/diariodelsurdigital.com.ar\/index.php?rest_route=\/wp\/v2\/posts"}],"about":[{"href":"https:\/\/diariodelsurdigital.com.ar\/index.php?rest_route=\/wp\/v2\/types\/post"}],"author":[{"embeddable":true,"href":"https:\/\/diariodelsurdigital.com.ar\/index.php?rest_route=\/wp\/v2\/users\/2"}],"replies":[{"embeddable":true,"href":"https:\/\/diariodelsurdigital.com.ar\/index.php?rest_route=%2Fwp%2Fv2%2Fcomments&post=2392"}],"version-history":[{"count":1,"href":"https:\/\/diariodelsurdigital.com.ar\/index.php?rest_route=\/wp\/v2\/posts\/2392\/revisions"}],"predecessor-version":[{"id":2394,"href":"https:\/\/diariodelsurdigital.com.ar\/index.php?rest_route=\/wp\/v2\/posts\/2392\/revisions\/2394"}],"wp:featuredmedia":[{"embeddable":true,"href":"https:\/\/diariodelsurdigital.com.ar\/index.php?rest_route=\/wp\/v2\/media\/2393"}],"wp:attachment":[{"href":"https:\/\/diariodelsurdigital.com.ar\/index.php?rest_route=%2Fwp%2Fv2%2Fmedia&parent=2392"}],"wp:term":[{"taxonomy":"category","embeddable":true,"href":"https:\/\/diariodelsurdigital.com.ar\/index.php?rest_route=%2Fwp%2Fv2%2Fcategories&post=2392"},{"taxonomy":"post_tag","embeddable":true,"href":"https:\/\/diariodelsurdigital.com.ar\/index.php?rest_route=%2Fwp%2Fv2%2Ftags&post=2392"}],"curies":[{"name":"wp","href":"https:\/\/api.w.org\/{rel}","templated":true}]}}