{"id":2413,"date":"2025-05-05T19:31:31","date_gmt":"2025-05-05T22:31:31","guid":{"rendered":"https:\/\/diariodelsurdigital.com.ar\/?p=2413"},"modified":"2025-05-05T19:34:39","modified_gmt":"2025-05-05T22:34:39","slug":"condenaron-a-prision-a-dos-punteros-politicos-que-vendian-pensiones-por-invalidez","status":"publish","type":"post","link":"https:\/\/diariodelsurdigital.com.ar\/?p=2413","title":{"rendered":"Condenaron a prisi\u00f3n a dos punteros pol\u00edticos que vend\u00edan pensiones por invalidez"},"content":{"rendered":"\n<figure class=\"wp-block-image\"><img decoding=\"async\" src=\"https:\/\/media.elentrerios.com\/fotos-v2\/2025\/05\/05\/l_1746468739.jpg\" alt=\"\" title=\"\"\/><\/figure>\n\n\n\n<p>El Tribunal Oral Federal de Paran\u00e1 conden\u00f3 a dos punteros pol\u00edticos y a siete personas m\u00e1s por integrar asociaciones il\u00edcitas que tramitaban pensiones no contributivas (PNC) por invalidez de manera fraudulenta, causando un perjuicio millonario al Estado nacional.<\/p>\n\n\n\n<p>La causa se origin\u00f3 tras una extensa investigaci\u00f3n iniciada en 2022 por el Juzgado Federal de Concordia, que logr\u00f3 desarticular dos organizaciones delictivas compuestas por referentes barriales y punteros pol\u00edticos. Seg\u00fan se acredit\u00f3 en el expediente, los imputados presentaban documentaci\u00f3n m\u00e9dica falsa o adulterada para simular enfermedades y obtener pensiones destinadas a personas con discapacidad, en beneficio de personas que no reun\u00edan los requisitos legales.<\/p>\n\n\n\n<p>Durante la etapa de instrucci\u00f3n se ordenaron 22 allanamientos simult\u00e1neos que permitieron reunir pruebas clave. Aunque a\u00fan no se ha determinado con precisi\u00f3n el monto total del fraude, la maniobra signific\u00f3 un grave da\u00f1o al sistema de seguridad social.<\/p>\n\n\n\n<p>El expediente fue elevado a juicio oral y p\u00fablico, y en marzo de este a\u00f1o se dictaron las condenas en el marco de acuerdos de juicio abreviado. Los jefes de ambas organizaciones, identificados como Hugo Cabrera \u2014puntero del barrio Mar\u00eda Goretti\u2014 y Cristina Repetto \u2014referente del barrio El Silencio\u2014 recibieron penas de cuatro a\u00f1os de prisi\u00f3n efectiva. En tanto, los otros siete integrantes fueron condenados a tres a\u00f1os de prisi\u00f3n por su participaci\u00f3n en los hechos.<\/p>\n\n\n\n<p>Fuente: El Entre Rios<\/p>\n","protected":false},"excerpt":{"rendered":"<p>El Tribunal Oral Federal de Paran\u00e1 conden\u00f3 a dos punteros pol\u00edticos y a siete personas m\u00e1s por integrar asociaciones il\u00edcitas que tramitaban pensiones no contributivas (PNC) por invalidez de manera fraudulenta, causando un perjuicio millonario al Estado nacional. La causa se origin\u00f3 tras una extensa investigaci\u00f3n iniciada en 2022 por el Juzgado Federal de Concordia, [&hellip;]<\/p>\n","protected":false},"author":3,"featured_media":2415,"comment_status":"open","ping_status":"open","sticky":false,"template":"","format":"standard","meta":{"footnotes":""},"categories":[16,21],"tags":[],"class_list":{"0":"post-2413","1":"post","2":"type-post","3":"status-publish","4":"format-standard","5":"has-post-thumbnail","7":"category-locales","8":"category-policiales"},"yoast_head":"<!-- This site is optimized with the Yoast SEO plugin v27.4 - https:\/\/yoast.com\/product\/yoast-seo-wordpress\/ -->\n<title>Condenaron a prisi\u00f3n a dos punteros pol\u00edticos que vend\u00edan pensiones por invalidez - Diario del Sur<\/title>\n<meta name=\"robots\" content=\"index, follow, max-snippet:-1, max-image-preview:large, max-video-preview:-1\" \/>\n<link rel=\"canonical\" href=\"https:\/\/diariodelsurdigital.com.ar\/?p=2413\" \/>\n<meta property=\"og:locale\" content=\"es_ES\" \/>\n<meta property=\"og:type\" content=\"article\" \/>\n<meta property=\"og:title\" content=\"Condenaron a prisi\u00f3n a dos punteros pol\u00edticos que vend\u00edan pensiones por invalidez - Diario del Sur\" \/>\n<meta property=\"og:description\" content=\"El Tribunal Oral Federal de Paran\u00e1 conden\u00f3 a dos punteros pol\u00edticos y a siete personas m\u00e1s por integrar asociaciones il\u00edcitas que tramitaban pensiones no contributivas (PNC) por invalidez de manera fraudulenta, causando un perjuicio millonario al Estado nacional. La causa se origin\u00f3 tras una extensa investigaci\u00f3n iniciada en 2022 por el Juzgado Federal de Concordia, [&hellip;]\" \/>\n<meta property=\"og:url\" content=\"https:\/\/diariodelsurdigital.com.ar\/?p=2413\" \/>\n<meta property=\"og:site_name\" content=\"Diario del Sur\" \/>\n<meta property=\"article:published_time\" content=\"2025-05-05T22:31:31+00:00\" \/>\n<meta property=\"article:modified_time\" content=\"2025-05-05T22:34:39+00:00\" \/>\n<meta property=\"og:image\" content=\"https:\/\/diariodelsurdigital.com.ar\/wp-content\/uploads\/2025\/05\/l_1746468739.jpg\" \/>\n\t<meta property=\"og:image:width\" content=\"870\" \/>\n\t<meta property=\"og:image:height\" content=\"580\" \/>\n\t<meta property=\"og:image:type\" content=\"image\/jpeg\" \/>\n<meta name=\"author\" content=\"Diario del Sur Digital\" \/>\n<meta name=\"twitter:card\" content=\"summary_large_image\" \/>\n<meta name=\"twitter:label1\" content=\"Escrito por\" \/>\n\t<meta name=\"twitter:data1\" content=\"Diario del Sur Digital\" \/>\n\t<meta name=\"twitter:label2\" content=\"Tiempo de lectura\" \/>\n\t<meta name=\"twitter:data2\" content=\"2 minutos\" \/>\n<script type=\"application\/ld+json\" class=\"yoast-schema-graph\">{\"@context\":\"https:\\\/\\\/schema.org\",\"@graph\":[{\"@type\":\"Article\",\"@id\":\"https:\\\/\\\/diariodelsurdigital.com.ar\\\/?p=2413#article\",\"isPartOf\":{\"@id\":\"https:\\\/\\\/diariodelsurdigital.com.ar\\\/?p=2413\"},\"author\":{\"name\":\"Diario del Sur Digital\",\"@id\":\"https:\\\/\\\/diariodelsurdigital.com.ar\\\/#\\\/schema\\\/person\\\/d794acb23337e88c6e4004a39c32be62\"},\"headline\":\"Condenaron a prisi\u00f3n a dos punteros pol\u00edticos que vend\u00edan pensiones por invalidez\",\"datePublished\":\"2025-05-05T22:31:31+00:00\",\"dateModified\":\"2025-05-05T22:34:39+00:00\",\"mainEntityOfPage\":{\"@id\":\"https:\\\/\\\/diariodelsurdigital.com.ar\\\/?p=2413\"},\"wordCount\":257,\"commentCount\":0,\"image\":{\"@id\":\"https:\\\/\\\/diariodelsurdigital.com.ar\\\/?p=2413#primaryimage\"},\"thumbnailUrl\":\"https:\\\/\\\/diariodelsurdigital.com.ar\\\/wp-content\\\/uploads\\\/2025\\\/05\\\/l_1746468739.jpg\",\"articleSection\":[\"Locales\",\"Policiales\"],\"inLanguage\":\"es\",\"potentialAction\":[{\"@type\":\"CommentAction\",\"name\":\"Comment\",\"target\":[\"https:\\\/\\\/diariodelsurdigital.com.ar\\\/?p=2413#respond\"]}]},{\"@type\":\"WebPage\",\"@id\":\"https:\\\/\\\/diariodelsurdigital.com.ar\\\/?p=2413\",\"url\":\"https:\\\/\\\/diariodelsurdigital.com.ar\\\/?p=2413\",\"name\":\"Condenaron a prisi\u00f3n a dos punteros pol\u00edticos que vend\u00edan pensiones por invalidez - Diario del Sur\",\"isPartOf\":{\"@id\":\"https:\\\/\\\/diariodelsurdigital.com.ar\\\/#website\"},\"primaryImageOfPage\":{\"@id\":\"https:\\\/\\\/diariodelsurdigital.com.ar\\\/?p=2413#primaryimage\"},\"image\":{\"@id\":\"https:\\\/\\\/diariodelsurdigital.com.ar\\\/?p=2413#primaryimage\"},\"thumbnailUrl\":\"https:\\\/\\\/diariodelsurdigital.com.ar\\\/wp-content\\\/uploads\\\/2025\\\/05\\\/l_1746468739.jpg\",\"datePublished\":\"2025-05-05T22:31:31+00:00\",\"dateModified\":\"2025-05-05T22:34:39+00:00\",\"author\":{\"@id\":\"https:\\\/\\\/diariodelsurdigital.com.ar\\\/#\\\/schema\\\/person\\\/d794acb23337e88c6e4004a39c32be62\"},\"breadcrumb\":{\"@id\":\"https:\\\/\\\/diariodelsurdigital.com.ar\\\/?p=2413#breadcrumb\"},\"inLanguage\":\"es\",\"potentialAction\":[{\"@type\":\"ReadAction\",\"target\":[\"https:\\\/\\\/diariodelsurdigital.com.ar\\\/?p=2413\"]}]},{\"@type\":\"ImageObject\",\"inLanguage\":\"es\",\"@id\":\"https:\\\/\\\/diariodelsurdigital.com.ar\\\/?p=2413#primaryimage\",\"url\":\"https:\\\/\\\/diariodelsurdigital.com.ar\\\/wp-content\\\/uploads\\\/2025\\\/05\\\/l_1746468739.jpg\",\"contentUrl\":\"https:\\\/\\\/diariodelsurdigital.com.ar\\\/wp-content\\\/uploads\\\/2025\\\/05\\\/l_1746468739.jpg\",\"width\":870,\"height\":580},{\"@type\":\"BreadcrumbList\",\"@id\":\"https:\\\/\\\/diariodelsurdigital.com.ar\\\/?p=2413#breadcrumb\",\"itemListElement\":[{\"@type\":\"ListItem\",\"position\":1,\"name\":\"Portada\",\"item\":\"https:\\\/\\\/diariodelsurdigital.com.ar\\\/\"},{\"@type\":\"ListItem\",\"position\":2,\"name\":\"Condenaron a prisi\u00f3n a dos punteros pol\u00edticos que vend\u00edan pensiones por invalidez\"}]},{\"@type\":\"WebSite\",\"@id\":\"https:\\\/\\\/diariodelsurdigital.com.ar\\\/#website\",\"url\":\"https:\\\/\\\/diariodelsurdigital.com.ar\\\/\",\"name\":\"Diario del Sur\",\"description\":\"Digital\",\"potentialAction\":[{\"@type\":\"SearchAction\",\"target\":{\"@type\":\"EntryPoint\",\"urlTemplate\":\"https:\\\/\\\/diariodelsurdigital.com.ar\\\/?s={search_term_string}\"},\"query-input\":{\"@type\":\"PropertyValueSpecification\",\"valueRequired\":true,\"valueName\":\"search_term_string\"}}],\"inLanguage\":\"es\"},{\"@type\":\"Person\",\"@id\":\"https:\\\/\\\/diariodelsurdigital.com.ar\\\/#\\\/schema\\\/person\\\/d794acb23337e88c6e4004a39c32be62\",\"name\":\"Diario del Sur Digital\",\"image\":{\"@type\":\"ImageObject\",\"inLanguage\":\"es\",\"@id\":\"https:\\\/\\\/secure.gravatar.com\\\/avatar\\\/47679bcfa15734cfdefc176b6ad58adeeccac22b2e03e095ada6c622af2b463a?s=96&d=mm&r=g\",\"url\":\"https:\\\/\\\/secure.gravatar.com\\\/avatar\\\/47679bcfa15734cfdefc176b6ad58adeeccac22b2e03e095ada6c622af2b463a?s=96&d=mm&r=g\",\"contentUrl\":\"https:\\\/\\\/secure.gravatar.com\\\/avatar\\\/47679bcfa15734cfdefc176b6ad58adeeccac22b2e03e095ada6c622af2b463a?s=96&d=mm&r=g\",\"caption\":\"Diario del Sur Digital\"},\"url\":\"https:\\\/\\\/diariodelsurdigital.com.ar\\\/?author=3\"}]}<\/script>\n<!-- \/ Yoast SEO plugin. -->","yoast_head_json":{"title":"Condenaron a prisi\u00f3n a dos punteros pol\u00edticos que vend\u00edan pensiones por invalidez - Diario del Sur","robots":{"index":"index","follow":"follow","max-snippet":"max-snippet:-1","max-image-preview":"max-image-preview:large","max-video-preview":"max-video-preview:-1"},"canonical":"https:\/\/diariodelsurdigital.com.ar\/?p=2413","og_locale":"es_ES","og_type":"article","og_title":"Condenaron a prisi\u00f3n a dos punteros pol\u00edticos que vend\u00edan pensiones por invalidez - Diario del Sur","og_description":"El Tribunal Oral Federal de Paran\u00e1 conden\u00f3 a dos punteros pol\u00edticos y a siete personas m\u00e1s por integrar asociaciones il\u00edcitas que tramitaban pensiones no contributivas (PNC) por invalidez de manera fraudulenta, causando un perjuicio millonario al Estado nacional. La causa se origin\u00f3 tras una extensa investigaci\u00f3n iniciada en 2022 por el Juzgado Federal de Concordia, [&hellip;]","og_url":"https:\/\/diariodelsurdigital.com.ar\/?p=2413","og_site_name":"Diario del Sur","article_published_time":"2025-05-05T22:31:31+00:00","article_modified_time":"2025-05-05T22:34:39+00:00","og_image":[{"width":870,"height":580,"url":"https:\/\/diariodelsurdigital.com.ar\/wp-content\/uploads\/2025\/05\/l_1746468739.jpg","type":"image\/jpeg"}],"author":"Diario del Sur Digital","twitter_card":"summary_large_image","twitter_misc":{"Escrito por":"Diario del Sur Digital","Tiempo de lectura":"2 minutos"},"schema":{"@context":"https:\/\/schema.org","@graph":[{"@type":"Article","@id":"https:\/\/diariodelsurdigital.com.ar\/?p=2413#article","isPartOf":{"@id":"https:\/\/diariodelsurdigital.com.ar\/?p=2413"},"author":{"name":"Diario del Sur Digital","@id":"https:\/\/diariodelsurdigital.com.ar\/#\/schema\/person\/d794acb23337e88c6e4004a39c32be62"},"headline":"Condenaron a prisi\u00f3n a dos punteros pol\u00edticos que vend\u00edan pensiones por invalidez","datePublished":"2025-05-05T22:31:31+00:00","dateModified":"2025-05-05T22:34:39+00:00","mainEntityOfPage":{"@id":"https:\/\/diariodelsurdigital.com.ar\/?p=2413"},"wordCount":257,"commentCount":0,"image":{"@id":"https:\/\/diariodelsurdigital.com.ar\/?p=2413#primaryimage"},"thumbnailUrl":"https:\/\/diariodelsurdigital.com.ar\/wp-content\/uploads\/2025\/05\/l_1746468739.jpg","articleSection":["Locales","Policiales"],"inLanguage":"es","potentialAction":[{"@type":"CommentAction","name":"Comment","target":["https:\/\/diariodelsurdigital.com.ar\/?p=2413#respond"]}]},{"@type":"WebPage","@id":"https:\/\/diariodelsurdigital.com.ar\/?p=2413","url":"https:\/\/diariodelsurdigital.com.ar\/?p=2413","name":"Condenaron a prisi\u00f3n a dos punteros pol\u00edticos que vend\u00edan pensiones por invalidez - Diario del Sur","isPartOf":{"@id":"https:\/\/diariodelsurdigital.com.ar\/#website"},"primaryImageOfPage":{"@id":"https:\/\/diariodelsurdigital.com.ar\/?p=2413#primaryimage"},"image":{"@id":"https:\/\/diariodelsurdigital.com.ar\/?p=2413#primaryimage"},"thumbnailUrl":"https:\/\/diariodelsurdigital.com.ar\/wp-content\/uploads\/2025\/05\/l_1746468739.jpg","datePublished":"2025-05-05T22:31:31+00:00","dateModified":"2025-05-05T22:34:39+00:00","author":{"@id":"https:\/\/diariodelsurdigital.com.ar\/#\/schema\/person\/d794acb23337e88c6e4004a39c32be62"},"breadcrumb":{"@id":"https:\/\/diariodelsurdigital.com.ar\/?p=2413#breadcrumb"},"inLanguage":"es","potentialAction":[{"@type":"ReadAction","target":["https:\/\/diariodelsurdigital.com.ar\/?p=2413"]}]},{"@type":"ImageObject","inLanguage":"es","@id":"https:\/\/diariodelsurdigital.com.ar\/?p=2413#primaryimage","url":"https:\/\/diariodelsurdigital.com.ar\/wp-content\/uploads\/2025\/05\/l_1746468739.jpg","contentUrl":"https:\/\/diariodelsurdigital.com.ar\/wp-content\/uploads\/2025\/05\/l_1746468739.jpg","width":870,"height":580},{"@type":"BreadcrumbList","@id":"https:\/\/diariodelsurdigital.com.ar\/?p=2413#breadcrumb","itemListElement":[{"@type":"ListItem","position":1,"name":"Portada","item":"https:\/\/diariodelsurdigital.com.ar\/"},{"@type":"ListItem","position":2,"name":"Condenaron a prisi\u00f3n a dos punteros pol\u00edticos que vend\u00edan pensiones por invalidez"}]},{"@type":"WebSite","@id":"https:\/\/diariodelsurdigital.com.ar\/#website","url":"https:\/\/diariodelsurdigital.com.ar\/","name":"Diario del Sur","description":"Digital","potentialAction":[{"@type":"SearchAction","target":{"@type":"EntryPoint","urlTemplate":"https:\/\/diariodelsurdigital.com.ar\/?s={search_term_string}"},"query-input":{"@type":"PropertyValueSpecification","valueRequired":true,"valueName":"search_term_string"}}],"inLanguage":"es"},{"@type":"Person","@id":"https:\/\/diariodelsurdigital.com.ar\/#\/schema\/person\/d794acb23337e88c6e4004a39c32be62","name":"Diario del Sur Digital","image":{"@type":"ImageObject","inLanguage":"es","@id":"https:\/\/secure.gravatar.com\/avatar\/47679bcfa15734cfdefc176b6ad58adeeccac22b2e03e095ada6c622af2b463a?s=96&d=mm&r=g","url":"https:\/\/secure.gravatar.com\/avatar\/47679bcfa15734cfdefc176b6ad58adeeccac22b2e03e095ada6c622af2b463a?s=96&d=mm&r=g","contentUrl":"https:\/\/secure.gravatar.com\/avatar\/47679bcfa15734cfdefc176b6ad58adeeccac22b2e03e095ada6c622af2b463a?s=96&d=mm&r=g","caption":"Diario del Sur Digital"},"url":"https:\/\/diariodelsurdigital.com.ar\/?author=3"}]}},"_links":{"self":[{"href":"https:\/\/diariodelsurdigital.com.ar\/index.php?rest_route=\/wp\/v2\/posts\/2413","targetHints":{"allow":["GET"]}}],"collection":[{"href":"https:\/\/diariodelsurdigital.com.ar\/index.php?rest_route=\/wp\/v2\/posts"}],"about":[{"href":"https:\/\/diariodelsurdigital.com.ar\/index.php?rest_route=\/wp\/v2\/types\/post"}],"author":[{"embeddable":true,"href":"https:\/\/diariodelsurdigital.com.ar\/index.php?rest_route=\/wp\/v2\/users\/3"}],"replies":[{"embeddable":true,"href":"https:\/\/diariodelsurdigital.com.ar\/index.php?rest_route=%2Fwp%2Fv2%2Fcomments&post=2413"}],"version-history":[{"count":1,"href":"https:\/\/diariodelsurdigital.com.ar\/index.php?rest_route=\/wp\/v2\/posts\/2413\/revisions"}],"predecessor-version":[{"id":2416,"href":"https:\/\/diariodelsurdigital.com.ar\/index.php?rest_route=\/wp\/v2\/posts\/2413\/revisions\/2416"}],"wp:featuredmedia":[{"embeddable":true,"href":"https:\/\/diariodelsurdigital.com.ar\/index.php?rest_route=\/wp\/v2\/media\/2415"}],"wp:attachment":[{"href":"https:\/\/diariodelsurdigital.com.ar\/index.php?rest_route=%2Fwp%2Fv2%2Fmedia&parent=2413"}],"wp:term":[{"taxonomy":"category","embeddable":true,"href":"https:\/\/diariodelsurdigital.com.ar\/index.php?rest_route=%2Fwp%2Fv2%2Fcategories&post=2413"},{"taxonomy":"post_tag","embeddable":true,"href":"https:\/\/diariodelsurdigital.com.ar\/index.php?rest_route=%2Fwp%2Fv2%2Ftags&post=2413"}],"curies":[{"name":"wp","href":"https:\/\/api.w.org\/{rel}","templated":true}]}}