{"id":2434,"date":"2025-05-06T12:28:18","date_gmt":"2025-05-06T15:28:18","guid":{"rendered":"https:\/\/diariodelsurdigital.com.ar\/?p=2434"},"modified":"2025-05-06T12:28:20","modified_gmt":"2025-05-06T15:28:20","slug":"conclave-el-vaticano-confirmo-que-llegaron-a-roma-los-133-cardenales-que-elegiran-al-nuevo-papa","status":"publish","type":"post","link":"https:\/\/diariodelsurdigital.com.ar\/?p=2434","title":{"rendered":"C\u00f3nclave: el Vaticano confirm\u00f3 que llegaron a Roma los 133 cardenales que elegir\u00e1n al nuevo Papa"},"content":{"rendered":"\n<p>La Santa Sede inform\u00f3 este lunes que los cardenales que participar\u00e1n en el C\u00f3nclave ya se encuentran en la capital italiana. Todo listo para la elecci\u00f3n del nuevo Papa.<\/p>\n\n\n\n<p>Los 133 cardenales que votar\u00e1n para elegir al sucesor de Francisco ya se encuentran en Roma, inform\u00f3 el Vaticano. De este modo, la Santa Sede ya tiene todo listo para el inicio del C\u00f3nclaveque comenzar\u00e1 esta semana, donde se elegir\u00e1 al nuevo Papa.<\/p>\n\n\n\n<p>Actualmente hay 135 cardenales menores de 80 a\u00f1os con derecho a voto en el C\u00f3nclave, procedentes de 71 pa\u00edses diferentes. Es el encuentro de purpurados con mayor diversidad geogr\u00e1fica de la historia.<\/p>\n\n\n\n<p>Dos de los cardenales ya comunicaron formalmente a la Santa Sede que no podr\u00e1n asistir por motivos de salud, lo que reduce a 133 el n\u00famero de hombres que entrar\u00e1n en la Capilla Sixtina.<\/p>\n\n\n\n<p>Para ser elegido Papa se necesita una mayor\u00eda de dos tercios, lo que significa que si el n\u00famero de electores se mantiene en 133, el ganador debe obtener 89 votos.<\/p>\n\n\n\n<p>Nuevo Papa: el C\u00f3nclave m\u00e1s diverso de la historia<\/p>\n\n\n\n<p>Europa sigue siendo el continente con mayor representaci\u00f3n, con 53 cardenales habilitados para votar. Sin embargo, uno de los electores europeos, oriundo de Espa\u00f1a, ya anunci\u00f3 que no participar\u00e1 del c\u00f3nclave, por lo que se espera que finalmente sean 52 los europeos presentes en la Capilla Sixtina.<\/p>\n\n\n\n<p>Desde Asia, incluyendo Oriente Medio, llegar\u00e1n 23 cardenales, una cifra que refleja la creciente importancia de esta regi\u00f3n en la vida eclesial global. \u00c1frica, por su parte, contar\u00e1 con 18 representantes, aunque uno de ellos, proveniente de Kenia, tambi\u00e9n anticip\u00f3 que no asistir\u00e1, reduciendo a 17 el n\u00famero de electores africanos.<\/p>\n\n\n\n<p>Am\u00e9rica del Sur dir\u00e1 presente con 17 cardenales, entre ellos varios con trayectorias destacadas en sus comunidades. Am\u00e9rica del Norte aportar\u00e1 16 electores: 10 de Estados Unidos, 4 de Canad\u00e1 y 2 de M\u00e9xico, mostrando una fuerte presencia del hemisferio norte en esta elecci\u00f3n clave.<\/p>\n\n\n\n<p>Am\u00e9rica Central tendr\u00e1 una participaci\u00f3n m\u00e1s acotada, con 4 cardenales en total, mientras que desde los confines del planeta, Ocean\u00eda estar\u00e1 representada por otros 4: uno de Australia, uno de Nueva Zelanda, uno de Pap\u00faa Nueva Guinea y uno de Tonga.<\/p>\n\n\n\n<p>El Vaticano, bajo estrictos controles para el C\u00f3nclave<\/p>\n\n\n\n<p>Todo el personal, eclesi\u00e1stico o laico, desde los ceremonieros a los ascensoristas, que estar\u00e1n vinculados en la organizaci\u00f3n del c\u00f3nclave para elegir al nuevo papa, prestar\u00e1n este lunes juramento para guardar absoluto secreto de todo lo que ocurra.<\/p>\n\n\n\n<p>Todas ellas, aprobadas por el cardenal camarlengo y los tres cardenales asistentes, de acuerdo con la Constituci\u00f3n Apost\u00f3lica Universi Dominici Gregis, deber\u00e1n prestar y firmar el juramento a las 17.00 horas (15.00 GMT) en la Capilla Paulina.<\/p>\n\n\n\n<p>La medida afectar\u00e1 al Secretario del Colegio Cardenalicio, el maestro de las Celebraciones Lit\u00fargicas Pontificias y los Ceremonieros Pontificios, pero tambi\u00e9n m\u00e9dicos y enfermeras, ascensoristas del Palacio Apost\u00f3lico, personal encargado de los servicios de comedor y limpieza o incluso el personal de florister\u00eda y los servicios t\u00e9cnicos, as\u00ed como el coronel y un mayor de la Guardia Suiza Pontificia destinados a la vigilancia en las inmediaciones de la Capilla Sixtina.<\/p>\n\n\n\n<p>Despu\u00e9s de ser instruidos sobre el significado del juramento, deber\u00e1n pronunciar y firmar personalmente la f\u00f3rmula prescrita ante el camarlengo, Kevin Joseph Farrell.<\/p>\n\n\n\n<p>Una vez comenzado el c\u00f3nclave se sella la puerta de la Capilla Sixtina y se corta todo contacto con el mundo exterior.<\/p>\n\n\n\n<p>Al jurar confidencialidad significa que no podr\u00e1n revelar nunca, lo que ven o escuchan. La f\u00f3rmula del juramento, que ser\u00e1 un acto privado, lejos de c\u00e1maras y periodistas, es solemne y conlleva, en caso de incumplimiento, la excomuni\u00f3n.<\/p>\n\n\n\n<p>\u201cPrometo y juro observar absoluto secreto con cualquiera que no forme parte del colegio de cardenales electores, y esto a perpetuidad a no ser que reciba permiso especial expresamente dado por el nuevo pont\u00edfice elegido o por sus sucesores, sobre todo lo que directa o indirectamente se refiere a la votaci\u00f3n y al escrutinio para la elecci\u00f3n del sumo pont\u00edfice\u201d, reza el juramento.<\/p>\n\n\n\n<p>Y prosigue: \u201cAsimismo prometo y juro abstenerme de utilizar cualquier medio de grabaci\u00f3n, audici\u00f3n o visualizaci\u00f3n de cualquier cosa que tenga lugar en la Ciudad del Vaticano durante el per\u00edodo electoral y, en particular, de cualquier cosa que est\u00e9 relacionada directa o indirectamente con las operaciones conectadas con la elecci\u00f3n misma\u201d.<\/p>\n","protected":false},"excerpt":{"rendered":"<p>La Santa Sede inform\u00f3 este lunes que los cardenales que participar\u00e1n en el C\u00f3nclave ya se encuentran en la capital italiana. Todo listo para la elecci\u00f3n del nuevo Papa. Los 133 cardenales que votar\u00e1n para elegir al sucesor de Francisco ya se encuentran en Roma, inform\u00f3 el Vaticano. De este modo, la Santa Sede ya [&hellip;]<\/p>\n","protected":false},"author":4,"featured_media":2436,"comment_status":"open","ping_status":"open","sticky":false,"template":"","format":"standard","meta":{"footnotes":""},"categories":[20,1],"tags":[],"class_list":{"0":"post-2434","1":"post","2":"type-post","3":"status-publish","4":"format-standard","5":"has-post-thumbnail","7":"category-internacionales","8":"category-uncategorized"},"yoast_head":"<!-- This site is optimized with the Yoast SEO plugin v27.4 - https:\/\/yoast.com\/product\/yoast-seo-wordpress\/ -->\n<title>C\u00f3nclave: el Vaticano confirm\u00f3 que llegaron a Roma los 133 cardenales que elegir\u00e1n al nuevo Papa - Diario del Sur<\/title>\n<meta name=\"robots\" content=\"index, follow, max-snippet:-1, max-image-preview:large, max-video-preview:-1\" \/>\n<link rel=\"canonical\" href=\"https:\/\/diariodelsurdigital.com.ar\/?p=2434\" \/>\n<meta property=\"og:locale\" content=\"es_ES\" \/>\n<meta property=\"og:type\" content=\"article\" \/>\n<meta property=\"og:title\" content=\"C\u00f3nclave: el Vaticano confirm\u00f3 que llegaron a Roma los 133 cardenales que elegir\u00e1n al nuevo Papa - Diario del Sur\" \/>\n<meta property=\"og:description\" content=\"La Santa Sede inform\u00f3 este lunes que los cardenales que participar\u00e1n en el C\u00f3nclave ya se encuentran en la capital italiana. Todo listo para la elecci\u00f3n del nuevo Papa. Los 133 cardenales que votar\u00e1n para elegir al sucesor de Francisco ya se encuentran en Roma, inform\u00f3 el Vaticano. De este modo, la Santa Sede ya [&hellip;]\" \/>\n<meta property=\"og:url\" content=\"https:\/\/diariodelsurdigital.com.ar\/?p=2434\" \/>\n<meta property=\"og:site_name\" content=\"Diario del Sur\" \/>\n<meta property=\"article:published_time\" content=\"2025-05-06T15:28:18+00:00\" \/>\n<meta property=\"article:modified_time\" content=\"2025-05-06T15:28:20+00:00\" \/>\n<meta property=\"og:image\" content=\"https:\/\/diariodelsurdigital.com.ar\/wp-content\/uploads\/2025\/05\/md-2.webp\" \/>\n\t<meta property=\"og:image:width\" content=\"992\" \/>\n\t<meta property=\"og:image:height\" content=\"557\" \/>\n\t<meta property=\"og:image:type\" content=\"image\/webp\" \/>\n<meta name=\"author\" content=\"Diario del Sur Digital\" \/>\n<meta name=\"twitter:card\" content=\"summary_large_image\" \/>\n<meta name=\"twitter:label1\" content=\"Escrito por\" \/>\n\t<meta name=\"twitter:data1\" content=\"Diario del Sur Digital\" \/>\n\t<meta name=\"twitter:label2\" content=\"Tiempo de lectura\" \/>\n\t<meta name=\"twitter:data2\" content=\"4 minutos\" \/>\n<script type=\"application\/ld+json\" class=\"yoast-schema-graph\">{\"@context\":\"https:\\\/\\\/schema.org\",\"@graph\":[{\"@type\":\"Article\",\"@id\":\"https:\\\/\\\/diariodelsurdigital.com.ar\\\/?p=2434#article\",\"isPartOf\":{\"@id\":\"https:\\\/\\\/diariodelsurdigital.com.ar\\\/?p=2434\"},\"author\":{\"name\":\"Diario del Sur Digital\",\"@id\":\"https:\\\/\\\/diariodelsurdigital.com.ar\\\/#\\\/schema\\\/person\\\/1a4992532ed62965c968031b49195c81\"},\"headline\":\"C\u00f3nclave: el Vaticano confirm\u00f3 que llegaron a Roma los 133 cardenales que elegir\u00e1n al nuevo Papa\",\"datePublished\":\"2025-05-06T15:28:18+00:00\",\"dateModified\":\"2025-05-06T15:28:20+00:00\",\"mainEntityOfPage\":{\"@id\":\"https:\\\/\\\/diariodelsurdigital.com.ar\\\/?p=2434\"},\"wordCount\":771,\"commentCount\":0,\"image\":{\"@id\":\"https:\\\/\\\/diariodelsurdigital.com.ar\\\/?p=2434#primaryimage\"},\"thumbnailUrl\":\"https:\\\/\\\/diariodelsurdigital.com.ar\\\/wp-content\\\/uploads\\\/2025\\\/05\\\/md-2.webp\",\"articleSection\":[\"Internacionales\",\"Uncategorized\"],\"inLanguage\":\"es\",\"potentialAction\":[{\"@type\":\"CommentAction\",\"name\":\"Comment\",\"target\":[\"https:\\\/\\\/diariodelsurdigital.com.ar\\\/?p=2434#respond\"]}]},{\"@type\":\"WebPage\",\"@id\":\"https:\\\/\\\/diariodelsurdigital.com.ar\\\/?p=2434\",\"url\":\"https:\\\/\\\/diariodelsurdigital.com.ar\\\/?p=2434\",\"name\":\"C\u00f3nclave: el Vaticano confirm\u00f3 que llegaron a Roma los 133 cardenales que elegir\u00e1n al nuevo Papa - Diario del Sur\",\"isPartOf\":{\"@id\":\"https:\\\/\\\/diariodelsurdigital.com.ar\\\/#website\"},\"primaryImageOfPage\":{\"@id\":\"https:\\\/\\\/diariodelsurdigital.com.ar\\\/?p=2434#primaryimage\"},\"image\":{\"@id\":\"https:\\\/\\\/diariodelsurdigital.com.ar\\\/?p=2434#primaryimage\"},\"thumbnailUrl\":\"https:\\\/\\\/diariodelsurdigital.com.ar\\\/wp-content\\\/uploads\\\/2025\\\/05\\\/md-2.webp\",\"datePublished\":\"2025-05-06T15:28:18+00:00\",\"dateModified\":\"2025-05-06T15:28:20+00:00\",\"author\":{\"@id\":\"https:\\\/\\\/diariodelsurdigital.com.ar\\\/#\\\/schema\\\/person\\\/1a4992532ed62965c968031b49195c81\"},\"breadcrumb\":{\"@id\":\"https:\\\/\\\/diariodelsurdigital.com.ar\\\/?p=2434#breadcrumb\"},\"inLanguage\":\"es\",\"potentialAction\":[{\"@type\":\"ReadAction\",\"target\":[\"https:\\\/\\\/diariodelsurdigital.com.ar\\\/?p=2434\"]}]},{\"@type\":\"ImageObject\",\"inLanguage\":\"es\",\"@id\":\"https:\\\/\\\/diariodelsurdigital.com.ar\\\/?p=2434#primaryimage\",\"url\":\"https:\\\/\\\/diariodelsurdigital.com.ar\\\/wp-content\\\/uploads\\\/2025\\\/05\\\/md-2.webp\",\"contentUrl\":\"https:\\\/\\\/diariodelsurdigital.com.ar\\\/wp-content\\\/uploads\\\/2025\\\/05\\\/md-2.webp\",\"width\":992,\"height\":557},{\"@type\":\"BreadcrumbList\",\"@id\":\"https:\\\/\\\/diariodelsurdigital.com.ar\\\/?p=2434#breadcrumb\",\"itemListElement\":[{\"@type\":\"ListItem\",\"position\":1,\"name\":\"Portada\",\"item\":\"https:\\\/\\\/diariodelsurdigital.com.ar\\\/\"},{\"@type\":\"ListItem\",\"position\":2,\"name\":\"C\u00f3nclave: el Vaticano confirm\u00f3 que llegaron a Roma los 133 cardenales que elegir\u00e1n al nuevo Papa\"}]},{\"@type\":\"WebSite\",\"@id\":\"https:\\\/\\\/diariodelsurdigital.com.ar\\\/#website\",\"url\":\"https:\\\/\\\/diariodelsurdigital.com.ar\\\/\",\"name\":\"Diario del Sur\",\"description\":\"Digital\",\"potentialAction\":[{\"@type\":\"SearchAction\",\"target\":{\"@type\":\"EntryPoint\",\"urlTemplate\":\"https:\\\/\\\/diariodelsurdigital.com.ar\\\/?s={search_term_string}\"},\"query-input\":{\"@type\":\"PropertyValueSpecification\",\"valueRequired\":true,\"valueName\":\"search_term_string\"}}],\"inLanguage\":\"es\"},{\"@type\":\"Person\",\"@id\":\"https:\\\/\\\/diariodelsurdigital.com.ar\\\/#\\\/schema\\\/person\\\/1a4992532ed62965c968031b49195c81\",\"name\":\"Diario del Sur Digital\",\"image\":{\"@type\":\"ImageObject\",\"inLanguage\":\"es\",\"@id\":\"https:\\\/\\\/secure.gravatar.com\\\/avatar\\\/f0c7c47fc7146d19828273b9b8eda651c9c7ab583767e6338d3d3bee825adf76?s=96&d=mm&r=g\",\"url\":\"https:\\\/\\\/secure.gravatar.com\\\/avatar\\\/f0c7c47fc7146d19828273b9b8eda651c9c7ab583767e6338d3d3bee825adf76?s=96&d=mm&r=g\",\"contentUrl\":\"https:\\\/\\\/secure.gravatar.com\\\/avatar\\\/f0c7c47fc7146d19828273b9b8eda651c9c7ab583767e6338d3d3bee825adf76?s=96&d=mm&r=g\",\"caption\":\"Diario del Sur Digital\"},\"url\":\"https:\\\/\\\/diariodelsurdigital.com.ar\\\/?author=4\"}]}<\/script>\n<!-- \/ Yoast SEO plugin. -->","yoast_head_json":{"title":"C\u00f3nclave: el Vaticano confirm\u00f3 que llegaron a Roma los 133 cardenales que elegir\u00e1n al nuevo Papa - Diario del Sur","robots":{"index":"index","follow":"follow","max-snippet":"max-snippet:-1","max-image-preview":"max-image-preview:large","max-video-preview":"max-video-preview:-1"},"canonical":"https:\/\/diariodelsurdigital.com.ar\/?p=2434","og_locale":"es_ES","og_type":"article","og_title":"C\u00f3nclave: el Vaticano confirm\u00f3 que llegaron a Roma los 133 cardenales que elegir\u00e1n al nuevo Papa - Diario del Sur","og_description":"La Santa Sede inform\u00f3 este lunes que los cardenales que participar\u00e1n en el C\u00f3nclave ya se encuentran en la capital italiana. Todo listo para la elecci\u00f3n del nuevo Papa. Los 133 cardenales que votar\u00e1n para elegir al sucesor de Francisco ya se encuentran en Roma, inform\u00f3 el Vaticano. De este modo, la Santa Sede ya [&hellip;]","og_url":"https:\/\/diariodelsurdigital.com.ar\/?p=2434","og_site_name":"Diario del Sur","article_published_time":"2025-05-06T15:28:18+00:00","article_modified_time":"2025-05-06T15:28:20+00:00","og_image":[{"width":992,"height":557,"url":"https:\/\/diariodelsurdigital.com.ar\/wp-content\/uploads\/2025\/05\/md-2.webp","type":"image\/webp"}],"author":"Diario del Sur Digital","twitter_card":"summary_large_image","twitter_misc":{"Escrito por":"Diario del Sur Digital","Tiempo de lectura":"4 minutos"},"schema":{"@context":"https:\/\/schema.org","@graph":[{"@type":"Article","@id":"https:\/\/diariodelsurdigital.com.ar\/?p=2434#article","isPartOf":{"@id":"https:\/\/diariodelsurdigital.com.ar\/?p=2434"},"author":{"name":"Diario del Sur Digital","@id":"https:\/\/diariodelsurdigital.com.ar\/#\/schema\/person\/1a4992532ed62965c968031b49195c81"},"headline":"C\u00f3nclave: el Vaticano confirm\u00f3 que llegaron a Roma los 133 cardenales que elegir\u00e1n al nuevo Papa","datePublished":"2025-05-06T15:28:18+00:00","dateModified":"2025-05-06T15:28:20+00:00","mainEntityOfPage":{"@id":"https:\/\/diariodelsurdigital.com.ar\/?p=2434"},"wordCount":771,"commentCount":0,"image":{"@id":"https:\/\/diariodelsurdigital.com.ar\/?p=2434#primaryimage"},"thumbnailUrl":"https:\/\/diariodelsurdigital.com.ar\/wp-content\/uploads\/2025\/05\/md-2.webp","articleSection":["Internacionales","Uncategorized"],"inLanguage":"es","potentialAction":[{"@type":"CommentAction","name":"Comment","target":["https:\/\/diariodelsurdigital.com.ar\/?p=2434#respond"]}]},{"@type":"WebPage","@id":"https:\/\/diariodelsurdigital.com.ar\/?p=2434","url":"https:\/\/diariodelsurdigital.com.ar\/?p=2434","name":"C\u00f3nclave: el Vaticano confirm\u00f3 que llegaron a Roma los 133 cardenales que elegir\u00e1n al nuevo Papa - Diario del Sur","isPartOf":{"@id":"https:\/\/diariodelsurdigital.com.ar\/#website"},"primaryImageOfPage":{"@id":"https:\/\/diariodelsurdigital.com.ar\/?p=2434#primaryimage"},"image":{"@id":"https:\/\/diariodelsurdigital.com.ar\/?p=2434#primaryimage"},"thumbnailUrl":"https:\/\/diariodelsurdigital.com.ar\/wp-content\/uploads\/2025\/05\/md-2.webp","datePublished":"2025-05-06T15:28:18+00:00","dateModified":"2025-05-06T15:28:20+00:00","author":{"@id":"https:\/\/diariodelsurdigital.com.ar\/#\/schema\/person\/1a4992532ed62965c968031b49195c81"},"breadcrumb":{"@id":"https:\/\/diariodelsurdigital.com.ar\/?p=2434#breadcrumb"},"inLanguage":"es","potentialAction":[{"@type":"ReadAction","target":["https:\/\/diariodelsurdigital.com.ar\/?p=2434"]}]},{"@type":"ImageObject","inLanguage":"es","@id":"https:\/\/diariodelsurdigital.com.ar\/?p=2434#primaryimage","url":"https:\/\/diariodelsurdigital.com.ar\/wp-content\/uploads\/2025\/05\/md-2.webp","contentUrl":"https:\/\/diariodelsurdigital.com.ar\/wp-content\/uploads\/2025\/05\/md-2.webp","width":992,"height":557},{"@type":"BreadcrumbList","@id":"https:\/\/diariodelsurdigital.com.ar\/?p=2434#breadcrumb","itemListElement":[{"@type":"ListItem","position":1,"name":"Portada","item":"https:\/\/diariodelsurdigital.com.ar\/"},{"@type":"ListItem","position":2,"name":"C\u00f3nclave: el Vaticano confirm\u00f3 que llegaron a Roma los 133 cardenales que elegir\u00e1n al nuevo Papa"}]},{"@type":"WebSite","@id":"https:\/\/diariodelsurdigital.com.ar\/#website","url":"https:\/\/diariodelsurdigital.com.ar\/","name":"Diario del Sur","description":"Digital","potentialAction":[{"@type":"SearchAction","target":{"@type":"EntryPoint","urlTemplate":"https:\/\/diariodelsurdigital.com.ar\/?s={search_term_string}"},"query-input":{"@type":"PropertyValueSpecification","valueRequired":true,"valueName":"search_term_string"}}],"inLanguage":"es"},{"@type":"Person","@id":"https:\/\/diariodelsurdigital.com.ar\/#\/schema\/person\/1a4992532ed62965c968031b49195c81","name":"Diario del Sur Digital","image":{"@type":"ImageObject","inLanguage":"es","@id":"https:\/\/secure.gravatar.com\/avatar\/f0c7c47fc7146d19828273b9b8eda651c9c7ab583767e6338d3d3bee825adf76?s=96&d=mm&r=g","url":"https:\/\/secure.gravatar.com\/avatar\/f0c7c47fc7146d19828273b9b8eda651c9c7ab583767e6338d3d3bee825adf76?s=96&d=mm&r=g","contentUrl":"https:\/\/secure.gravatar.com\/avatar\/f0c7c47fc7146d19828273b9b8eda651c9c7ab583767e6338d3d3bee825adf76?s=96&d=mm&r=g","caption":"Diario del Sur Digital"},"url":"https:\/\/diariodelsurdigital.com.ar\/?author=4"}]}},"_links":{"self":[{"href":"https:\/\/diariodelsurdigital.com.ar\/index.php?rest_route=\/wp\/v2\/posts\/2434","targetHints":{"allow":["GET"]}}],"collection":[{"href":"https:\/\/diariodelsurdigital.com.ar\/index.php?rest_route=\/wp\/v2\/posts"}],"about":[{"href":"https:\/\/diariodelsurdigital.com.ar\/index.php?rest_route=\/wp\/v2\/types\/post"}],"author":[{"embeddable":true,"href":"https:\/\/diariodelsurdigital.com.ar\/index.php?rest_route=\/wp\/v2\/users\/4"}],"replies":[{"embeddable":true,"href":"https:\/\/diariodelsurdigital.com.ar\/index.php?rest_route=%2Fwp%2Fv2%2Fcomments&post=2434"}],"version-history":[{"count":1,"href":"https:\/\/diariodelsurdigital.com.ar\/index.php?rest_route=\/wp\/v2\/posts\/2434\/revisions"}],"predecessor-version":[{"id":2437,"href":"https:\/\/diariodelsurdigital.com.ar\/index.php?rest_route=\/wp\/v2\/posts\/2434\/revisions\/2437"}],"wp:featuredmedia":[{"embeddable":true,"href":"https:\/\/diariodelsurdigital.com.ar\/index.php?rest_route=\/wp\/v2\/media\/2436"}],"wp:attachment":[{"href":"https:\/\/diariodelsurdigital.com.ar\/index.php?rest_route=%2Fwp%2Fv2%2Fmedia&parent=2434"}],"wp:term":[{"taxonomy":"category","embeddable":true,"href":"https:\/\/diariodelsurdigital.com.ar\/index.php?rest_route=%2Fwp%2Fv2%2Fcategories&post=2434"},{"taxonomy":"post_tag","embeddable":true,"href":"https:\/\/diariodelsurdigital.com.ar\/index.php?rest_route=%2Fwp%2Fv2%2Ftags&post=2434"}],"curies":[{"name":"wp","href":"https:\/\/api.w.org\/{rel}","templated":true}]}}