{"id":2441,"date":"2025-05-06T12:35:30","date_gmt":"2025-05-06T15:35:30","guid":{"rendered":"https:\/\/diariodelsurdigital.com.ar\/?p=2441"},"modified":"2025-05-06T12:35:32","modified_gmt":"2025-05-06T15:35:32","slug":"el-fuerte-temporal-en-el-norte-entrerriano-afecto-el-suministro-electrico","status":"publish","type":"post","link":"https:\/\/diariodelsurdigital.com.ar\/?p=2441","title":{"rendered":"El fuerte temporal en el norte entrerriano afect\u00f3 el suministro el\u00e9ctrico"},"content":{"rendered":"\n<p>El temporal de lluvia, granizo y fuerte actividad el\u00e9ctrica en el norte entrerriano interrumpi\u00f3 el suministro el\u00e9ctrico este lunes en zonas de Federal y Feliciano, y afect\u00f3 otras de los departamentos Federaci\u00f3n, Federal y Feliciano con voladuras de techos y la ca\u00edda de algunos postes de tendido el\u00e9ctrico en San Pedro, entre Chajar\u00ed y Los Conquistadores.<\/p>\n\n\n\n<p>Seg\u00fan indic\u00f3 Enersa, en el norte de la provincia se produjo una falla en la l\u00ednea de alta tensi\u00f3n \u00abConquistadores\u00bb que afect\u00f3 el suministro el\u00e9ctrico a los usuarios de Federal, Feliciano y zonas de influencia. Los operarios trabajaron en la reparaci\u00f3n y la situaci\u00f3n se normaliz\u00f3 alrededor de las 21.<\/p>\n\n\n\n<p>\u00abDebido a fuertes tormentas con intensos vientos, descargas el\u00e9ctricas y ca\u00edda de granizo en el norte de la Provincia, se produjo a las 19.20 el desenganche de la l\u00ednea de alta tensi\u00f3n \u00abConquistadores\u00bb. La falla obedeci\u00f3 a la ca\u00eda de un \u00e1rbol de eucaliptus de gran porte sobre dicha l\u00ednea y afect\u00f3 el suministro el\u00e9ctrico a las localidades de Federal, Feliciano y zonas de influencia\u00bb, detallaron desde Enersa.<\/p>\n\n\n\n<p>Ante la imposibilidad de habilitar la l\u00ednea de manera remota desde el Centro de Control Operativo, los operarios de la distribuidora el\u00e9ctrica se abocaron a recorrer el tramo de la l\u00ednea afectada para reparar la aver\u00eda, a pesar de las inclemencias del tiempo. A las 21:30 pudo restituirse el suministro de manera parcial al entrar en servicio los distribuidores de las zonas urbanas de Federal y Feliciano, alimentados desde fuentes alternativas.<\/p>\n\n\n\n<p>No obstante, y debido al anegamiento de caminos y accesos y al granizo que segu\u00eda cayendo, las cuadrillas no pod\u00edan circular ni acceder a las zonas rurales afectadas, lo que dificultaba la reposici\u00f3n del suministro en dichas \u00e1reas.<\/p>\n\n\n\n<p>Fuerte granizada afect\u00f3 al norte entrerriano<br>A medida que las condiciones clim\u00e1ticas y del terreno lo permit\u00edan, el servicio el\u00e9ctrico fue restituido paulatinamente en dichas zonas hasta su normalizaci\u00f3n a las 23:15.<\/p>\n\n\n\n<p>Por \u00faltimo, se indic\u00f3 que, en situaciones como \u00e9sta, Enersa refuerza el n\u00famero de cuadrillas para solucionar los inconvenientes el\u00e9ctricos con la celeridad que la situaci\u00f3n amerita.<\/p>\n","protected":false},"excerpt":{"rendered":"<p>El temporal de lluvia, granizo y fuerte actividad el\u00e9ctrica en el norte entrerriano interrumpi\u00f3 el suministro el\u00e9ctrico este lunes en zonas de Federal y Feliciano, y afect\u00f3 otras de los departamentos Federaci\u00f3n, Federal y Feliciano con voladuras de techos y la ca\u00edda de algunos postes de tendido el\u00e9ctrico en San Pedro, entre Chajar\u00ed y Los [&hellip;]<\/p>\n","protected":false},"author":4,"featured_media":2442,"comment_status":"open","ping_status":"open","sticky":false,"template":"","format":"standard","meta":{"footnotes":""},"categories":[17],"tags":[],"class_list":{"0":"post-2441","1":"post","2":"type-post","3":"status-publish","4":"format-standard","5":"has-post-thumbnail","7":"category-provinciales"},"yoast_head":"<!-- This site is optimized with the Yoast SEO plugin v27.4 - https:\/\/yoast.com\/product\/yoast-seo-wordpress\/ -->\n<title>El fuerte temporal en el norte entrerriano afect\u00f3 el suministro el\u00e9ctrico - Diario del Sur<\/title>\n<meta name=\"robots\" content=\"index, follow, max-snippet:-1, max-image-preview:large, max-video-preview:-1\" \/>\n<link rel=\"canonical\" href=\"https:\/\/diariodelsurdigital.com.ar\/?p=2441\" \/>\n<meta property=\"og:locale\" content=\"es_ES\" \/>\n<meta property=\"og:type\" content=\"article\" \/>\n<meta property=\"og:title\" content=\"El fuerte temporal en el norte entrerriano afect\u00f3 el suministro el\u00e9ctrico - Diario del Sur\" \/>\n<meta property=\"og:description\" content=\"El temporal de lluvia, granizo y fuerte actividad el\u00e9ctrica en el norte entrerriano interrumpi\u00f3 el suministro el\u00e9ctrico este lunes en zonas de Federal y Feliciano, y afect\u00f3 otras de los departamentos Federaci\u00f3n, Federal y Feliciano con voladuras de techos y la ca\u00edda de algunos postes de tendido el\u00e9ctrico en San Pedro, entre Chajar\u00ed y Los [&hellip;]\" \/>\n<meta property=\"og:url\" content=\"https:\/\/diariodelsurdigital.com.ar\/?p=2441\" \/>\n<meta property=\"og:site_name\" content=\"Diario del Sur\" \/>\n<meta property=\"article:published_time\" content=\"2025-05-06T15:35:30+00:00\" \/>\n<meta property=\"article:modified_time\" content=\"2025-05-06T15:35:32+00:00\" \/>\n<meta property=\"og:image\" content=\"https:\/\/diariodelsurdigital.com.ar\/wp-content\/uploads\/2025\/05\/md-4.webp\" \/>\n\t<meta property=\"og:image:width\" content=\"992\" \/>\n\t<meta property=\"og:image:height\" content=\"753\" \/>\n\t<meta property=\"og:image:type\" content=\"image\/webp\" \/>\n<meta name=\"author\" content=\"Diario del Sur Digital\" \/>\n<meta name=\"twitter:card\" content=\"summary_large_image\" \/>\n<meta name=\"twitter:label1\" content=\"Escrito por\" \/>\n\t<meta name=\"twitter:data1\" content=\"Diario del Sur Digital\" \/>\n\t<meta name=\"twitter:label2\" content=\"Tiempo de lectura\" \/>\n\t<meta name=\"twitter:data2\" content=\"2 minutos\" \/>\n<script type=\"application\/ld+json\" class=\"yoast-schema-graph\">{\"@context\":\"https:\\\/\\\/schema.org\",\"@graph\":[{\"@type\":\"Article\",\"@id\":\"https:\\\/\\\/diariodelsurdigital.com.ar\\\/?p=2441#article\",\"isPartOf\":{\"@id\":\"https:\\\/\\\/diariodelsurdigital.com.ar\\\/?p=2441\"},\"author\":{\"name\":\"Diario del Sur Digital\",\"@id\":\"https:\\\/\\\/diariodelsurdigital.com.ar\\\/#\\\/schema\\\/person\\\/1a4992532ed62965c968031b49195c81\"},\"headline\":\"El fuerte temporal en el norte entrerriano afect\u00f3 el suministro el\u00e9ctrico\",\"datePublished\":\"2025-05-06T15:35:30+00:00\",\"dateModified\":\"2025-05-06T15:35:32+00:00\",\"mainEntityOfPage\":{\"@id\":\"https:\\\/\\\/diariodelsurdigital.com.ar\\\/?p=2441\"},\"wordCount\":381,\"commentCount\":0,\"image\":{\"@id\":\"https:\\\/\\\/diariodelsurdigital.com.ar\\\/?p=2441#primaryimage\"},\"thumbnailUrl\":\"https:\\\/\\\/diariodelsurdigital.com.ar\\\/wp-content\\\/uploads\\\/2025\\\/05\\\/md-4.webp\",\"articleSection\":[\"Provinciales\"],\"inLanguage\":\"es\",\"potentialAction\":[{\"@type\":\"CommentAction\",\"name\":\"Comment\",\"target\":[\"https:\\\/\\\/diariodelsurdigital.com.ar\\\/?p=2441#respond\"]}]},{\"@type\":\"WebPage\",\"@id\":\"https:\\\/\\\/diariodelsurdigital.com.ar\\\/?p=2441\",\"url\":\"https:\\\/\\\/diariodelsurdigital.com.ar\\\/?p=2441\",\"name\":\"El fuerte temporal en el norte entrerriano afect\u00f3 el suministro el\u00e9ctrico - Diario del Sur\",\"isPartOf\":{\"@id\":\"https:\\\/\\\/diariodelsurdigital.com.ar\\\/#website\"},\"primaryImageOfPage\":{\"@id\":\"https:\\\/\\\/diariodelsurdigital.com.ar\\\/?p=2441#primaryimage\"},\"image\":{\"@id\":\"https:\\\/\\\/diariodelsurdigital.com.ar\\\/?p=2441#primaryimage\"},\"thumbnailUrl\":\"https:\\\/\\\/diariodelsurdigital.com.ar\\\/wp-content\\\/uploads\\\/2025\\\/05\\\/md-4.webp\",\"datePublished\":\"2025-05-06T15:35:30+00:00\",\"dateModified\":\"2025-05-06T15:35:32+00:00\",\"author\":{\"@id\":\"https:\\\/\\\/diariodelsurdigital.com.ar\\\/#\\\/schema\\\/person\\\/1a4992532ed62965c968031b49195c81\"},\"breadcrumb\":{\"@id\":\"https:\\\/\\\/diariodelsurdigital.com.ar\\\/?p=2441#breadcrumb\"},\"inLanguage\":\"es\",\"potentialAction\":[{\"@type\":\"ReadAction\",\"target\":[\"https:\\\/\\\/diariodelsurdigital.com.ar\\\/?p=2441\"]}]},{\"@type\":\"ImageObject\",\"inLanguage\":\"es\",\"@id\":\"https:\\\/\\\/diariodelsurdigital.com.ar\\\/?p=2441#primaryimage\",\"url\":\"https:\\\/\\\/diariodelsurdigital.com.ar\\\/wp-content\\\/uploads\\\/2025\\\/05\\\/md-4.webp\",\"contentUrl\":\"https:\\\/\\\/diariodelsurdigital.com.ar\\\/wp-content\\\/uploads\\\/2025\\\/05\\\/md-4.webp\",\"width\":992,\"height\":753},{\"@type\":\"BreadcrumbList\",\"@id\":\"https:\\\/\\\/diariodelsurdigital.com.ar\\\/?p=2441#breadcrumb\",\"itemListElement\":[{\"@type\":\"ListItem\",\"position\":1,\"name\":\"Portada\",\"item\":\"https:\\\/\\\/diariodelsurdigital.com.ar\\\/\"},{\"@type\":\"ListItem\",\"position\":2,\"name\":\"El fuerte temporal en el norte entrerriano afect\u00f3 el suministro el\u00e9ctrico\"}]},{\"@type\":\"WebSite\",\"@id\":\"https:\\\/\\\/diariodelsurdigital.com.ar\\\/#website\",\"url\":\"https:\\\/\\\/diariodelsurdigital.com.ar\\\/\",\"name\":\"Diario del Sur\",\"description\":\"Digital\",\"potentialAction\":[{\"@type\":\"SearchAction\",\"target\":{\"@type\":\"EntryPoint\",\"urlTemplate\":\"https:\\\/\\\/diariodelsurdigital.com.ar\\\/?s={search_term_string}\"},\"query-input\":{\"@type\":\"PropertyValueSpecification\",\"valueRequired\":true,\"valueName\":\"search_term_string\"}}],\"inLanguage\":\"es\"},{\"@type\":\"Person\",\"@id\":\"https:\\\/\\\/diariodelsurdigital.com.ar\\\/#\\\/schema\\\/person\\\/1a4992532ed62965c968031b49195c81\",\"name\":\"Diario del Sur Digital\",\"image\":{\"@type\":\"ImageObject\",\"inLanguage\":\"es\",\"@id\":\"https:\\\/\\\/secure.gravatar.com\\\/avatar\\\/f0c7c47fc7146d19828273b9b8eda651c9c7ab583767e6338d3d3bee825adf76?s=96&d=mm&r=g\",\"url\":\"https:\\\/\\\/secure.gravatar.com\\\/avatar\\\/f0c7c47fc7146d19828273b9b8eda651c9c7ab583767e6338d3d3bee825adf76?s=96&d=mm&r=g\",\"contentUrl\":\"https:\\\/\\\/secure.gravatar.com\\\/avatar\\\/f0c7c47fc7146d19828273b9b8eda651c9c7ab583767e6338d3d3bee825adf76?s=96&d=mm&r=g\",\"caption\":\"Diario del Sur Digital\"},\"url\":\"https:\\\/\\\/diariodelsurdigital.com.ar\\\/?author=4\"}]}<\/script>\n<!-- \/ Yoast SEO plugin. -->","yoast_head_json":{"title":"El fuerte temporal en el norte entrerriano afect\u00f3 el suministro el\u00e9ctrico - Diario del Sur","robots":{"index":"index","follow":"follow","max-snippet":"max-snippet:-1","max-image-preview":"max-image-preview:large","max-video-preview":"max-video-preview:-1"},"canonical":"https:\/\/diariodelsurdigital.com.ar\/?p=2441","og_locale":"es_ES","og_type":"article","og_title":"El fuerte temporal en el norte entrerriano afect\u00f3 el suministro el\u00e9ctrico - Diario del Sur","og_description":"El temporal de lluvia, granizo y fuerte actividad el\u00e9ctrica en el norte entrerriano interrumpi\u00f3 el suministro el\u00e9ctrico este lunes en zonas de Federal y Feliciano, y afect\u00f3 otras de los departamentos Federaci\u00f3n, Federal y Feliciano con voladuras de techos y la ca\u00edda de algunos postes de tendido el\u00e9ctrico en San Pedro, entre Chajar\u00ed y Los [&hellip;]","og_url":"https:\/\/diariodelsurdigital.com.ar\/?p=2441","og_site_name":"Diario del Sur","article_published_time":"2025-05-06T15:35:30+00:00","article_modified_time":"2025-05-06T15:35:32+00:00","og_image":[{"width":992,"height":753,"url":"https:\/\/diariodelsurdigital.com.ar\/wp-content\/uploads\/2025\/05\/md-4.webp","type":"image\/webp"}],"author":"Diario del Sur Digital","twitter_card":"summary_large_image","twitter_misc":{"Escrito por":"Diario del Sur Digital","Tiempo de lectura":"2 minutos"},"schema":{"@context":"https:\/\/schema.org","@graph":[{"@type":"Article","@id":"https:\/\/diariodelsurdigital.com.ar\/?p=2441#article","isPartOf":{"@id":"https:\/\/diariodelsurdigital.com.ar\/?p=2441"},"author":{"name":"Diario del Sur Digital","@id":"https:\/\/diariodelsurdigital.com.ar\/#\/schema\/person\/1a4992532ed62965c968031b49195c81"},"headline":"El fuerte temporal en el norte entrerriano afect\u00f3 el suministro el\u00e9ctrico","datePublished":"2025-05-06T15:35:30+00:00","dateModified":"2025-05-06T15:35:32+00:00","mainEntityOfPage":{"@id":"https:\/\/diariodelsurdigital.com.ar\/?p=2441"},"wordCount":381,"commentCount":0,"image":{"@id":"https:\/\/diariodelsurdigital.com.ar\/?p=2441#primaryimage"},"thumbnailUrl":"https:\/\/diariodelsurdigital.com.ar\/wp-content\/uploads\/2025\/05\/md-4.webp","articleSection":["Provinciales"],"inLanguage":"es","potentialAction":[{"@type":"CommentAction","name":"Comment","target":["https:\/\/diariodelsurdigital.com.ar\/?p=2441#respond"]}]},{"@type":"WebPage","@id":"https:\/\/diariodelsurdigital.com.ar\/?p=2441","url":"https:\/\/diariodelsurdigital.com.ar\/?p=2441","name":"El fuerte temporal en el norte entrerriano afect\u00f3 el suministro el\u00e9ctrico - Diario del Sur","isPartOf":{"@id":"https:\/\/diariodelsurdigital.com.ar\/#website"},"primaryImageOfPage":{"@id":"https:\/\/diariodelsurdigital.com.ar\/?p=2441#primaryimage"},"image":{"@id":"https:\/\/diariodelsurdigital.com.ar\/?p=2441#primaryimage"},"thumbnailUrl":"https:\/\/diariodelsurdigital.com.ar\/wp-content\/uploads\/2025\/05\/md-4.webp","datePublished":"2025-05-06T15:35:30+00:00","dateModified":"2025-05-06T15:35:32+00:00","author":{"@id":"https:\/\/diariodelsurdigital.com.ar\/#\/schema\/person\/1a4992532ed62965c968031b49195c81"},"breadcrumb":{"@id":"https:\/\/diariodelsurdigital.com.ar\/?p=2441#breadcrumb"},"inLanguage":"es","potentialAction":[{"@type":"ReadAction","target":["https:\/\/diariodelsurdigital.com.ar\/?p=2441"]}]},{"@type":"ImageObject","inLanguage":"es","@id":"https:\/\/diariodelsurdigital.com.ar\/?p=2441#primaryimage","url":"https:\/\/diariodelsurdigital.com.ar\/wp-content\/uploads\/2025\/05\/md-4.webp","contentUrl":"https:\/\/diariodelsurdigital.com.ar\/wp-content\/uploads\/2025\/05\/md-4.webp","width":992,"height":753},{"@type":"BreadcrumbList","@id":"https:\/\/diariodelsurdigital.com.ar\/?p=2441#breadcrumb","itemListElement":[{"@type":"ListItem","position":1,"name":"Portada","item":"https:\/\/diariodelsurdigital.com.ar\/"},{"@type":"ListItem","position":2,"name":"El fuerte temporal en el norte entrerriano afect\u00f3 el suministro el\u00e9ctrico"}]},{"@type":"WebSite","@id":"https:\/\/diariodelsurdigital.com.ar\/#website","url":"https:\/\/diariodelsurdigital.com.ar\/","name":"Diario del Sur","description":"Digital","potentialAction":[{"@type":"SearchAction","target":{"@type":"EntryPoint","urlTemplate":"https:\/\/diariodelsurdigital.com.ar\/?s={search_term_string}"},"query-input":{"@type":"PropertyValueSpecification","valueRequired":true,"valueName":"search_term_string"}}],"inLanguage":"es"},{"@type":"Person","@id":"https:\/\/diariodelsurdigital.com.ar\/#\/schema\/person\/1a4992532ed62965c968031b49195c81","name":"Diario del Sur Digital","image":{"@type":"ImageObject","inLanguage":"es","@id":"https:\/\/secure.gravatar.com\/avatar\/f0c7c47fc7146d19828273b9b8eda651c9c7ab583767e6338d3d3bee825adf76?s=96&d=mm&r=g","url":"https:\/\/secure.gravatar.com\/avatar\/f0c7c47fc7146d19828273b9b8eda651c9c7ab583767e6338d3d3bee825adf76?s=96&d=mm&r=g","contentUrl":"https:\/\/secure.gravatar.com\/avatar\/f0c7c47fc7146d19828273b9b8eda651c9c7ab583767e6338d3d3bee825adf76?s=96&d=mm&r=g","caption":"Diario del Sur Digital"},"url":"https:\/\/diariodelsurdigital.com.ar\/?author=4"}]}},"_links":{"self":[{"href":"https:\/\/diariodelsurdigital.com.ar\/index.php?rest_route=\/wp\/v2\/posts\/2441","targetHints":{"allow":["GET"]}}],"collection":[{"href":"https:\/\/diariodelsurdigital.com.ar\/index.php?rest_route=\/wp\/v2\/posts"}],"about":[{"href":"https:\/\/diariodelsurdigital.com.ar\/index.php?rest_route=\/wp\/v2\/types\/post"}],"author":[{"embeddable":true,"href":"https:\/\/diariodelsurdigital.com.ar\/index.php?rest_route=\/wp\/v2\/users\/4"}],"replies":[{"embeddable":true,"href":"https:\/\/diariodelsurdigital.com.ar\/index.php?rest_route=%2Fwp%2Fv2%2Fcomments&post=2441"}],"version-history":[{"count":1,"href":"https:\/\/diariodelsurdigital.com.ar\/index.php?rest_route=\/wp\/v2\/posts\/2441\/revisions"}],"predecessor-version":[{"id":2443,"href":"https:\/\/diariodelsurdigital.com.ar\/index.php?rest_route=\/wp\/v2\/posts\/2441\/revisions\/2443"}],"wp:featuredmedia":[{"embeddable":true,"href":"https:\/\/diariodelsurdigital.com.ar\/index.php?rest_route=\/wp\/v2\/media\/2442"}],"wp:attachment":[{"href":"https:\/\/diariodelsurdigital.com.ar\/index.php?rest_route=%2Fwp%2Fv2%2Fmedia&parent=2441"}],"wp:term":[{"taxonomy":"category","embeddable":true,"href":"https:\/\/diariodelsurdigital.com.ar\/index.php?rest_route=%2Fwp%2Fv2%2Fcategories&post=2441"},{"taxonomy":"post_tag","embeddable":true,"href":"https:\/\/diariodelsurdigital.com.ar\/index.php?rest_route=%2Fwp%2Fv2%2Ftags&post=2441"}],"curies":[{"name":"wp","href":"https:\/\/api.w.org\/{rel}","templated":true}]}}