{"id":2466,"date":"2025-05-06T22:06:56","date_gmt":"2025-05-07T01:06:56","guid":{"rendered":"https:\/\/diariodelsurdigital.com.ar\/?p=2466"},"modified":"2025-05-06T22:06:57","modified_gmt":"2025-05-07T01:06:57","slug":"el-eternauta-meneguin-se-impuso-con-su-grupo-y-dirigira-la-biblioteca-olegario-andrade","status":"publish","type":"post","link":"https:\/\/diariodelsurdigital.com.ar\/?p=2466","title":{"rendered":"El Eternauta Menegu\u00edn se impuso con su grupo y dirigir\u00e1 la Biblioteca Olegario Andrade"},"content":{"rendered":"\n<h2 class=\"wp-block-heading\" id=\"nota-title\"><\/h2>\n\n\n\n<p>En la noche de este martes se concret\u00f3 el acto eleccionario en la asamblea que defini\u00f3 la pr\u00f3xima conducci\u00f3n de la hist\u00f3rica biblioteca popular Olegario V\u00edctor Andrade.<\/p>\n\n\n\n<p><a href=\"whatsapp:\/\/send?text=DRU:%20Menegu%C3%ADn%20se%20impuso%20a%20la%20lista%20de%20varios%20concejales%20del%20oficialismo%20y%20dirigir%C3%A1%20la%20biblioteca%20Andrade%20-%20https:\/\/www.diarioriouruguay.com.ar\/uid-86575\"><\/a><a href=\"https:\/\/www.diarioriouruguay.com.ar\/concordia\/menegun-se-impuso-a-la-lista-de-varios-concejales-del-oficialismo-y-dirigir-la-biblioteca-andrade.htm#\"><\/a><a href=\"https:\/\/www.diarioriouruguay.com.ar\/concordia\/menegun-se-impuso-a-la-lista-de-varios-concejales-del-oficialismo-y-dirigir-la-biblioteca-andrade.htm#\"><\/a>En un hecho que muchos de los actores consideraron como \u201chist\u00f3rico\u201d, fueron dos las listas que se presentaron como opci\u00f3n para los aproximadamente 80 socios que estaban habilitados para votar y decidir.<\/p>\n\n\n\n<p>La denominada lista A, encabezada por el poeta&nbsp;<strong>Juan Menegu\u00edn&nbsp;<\/strong>y la propuesta oficialista de la opci\u00f3n B, que estaba encabezada por el actual concejal&nbsp;<strong>Mauricio Rey<\/strong>, junto a otros ediles de Juntos por el Cambio, como el caso de&nbsp;<strong>Felipe Sastre y Ver\u00f3nica Del Boca<\/strong>.<\/p>\n\n\n\n<p>Mientras que en el caso de Menegu\u00edn, estaba secundado por Silvana de Sousa Frade, Omar Lagra\u00f1a, Fernando Belottini, Federico Maidana, Amalia Ayala, Marta Sansoni, Marisa Beguiristain, Mar\u00eda Ema Papetti y Carlos Monn\u00e1.<\/p>\n\n\n\n<figure class=\"wp-block-image\"><img decoding=\"async\" src=\"https:\/\/www.diarioriouruguay.com.ar\/galeria\/fotos\/2025\/05\/06\/o_1746577534.jpg\" alt=\"\" title=\"\"\/><\/figure>\n\n\n\n<p>Previo al acto eleccionario, desde el sector ganador hab\u00edan planteado que la conducci\u00f3n que est\u00e1 por comenzar se plantear\u00e1 tres ejes centrales: normalizaci\u00f3n institucional, recuperaci\u00f3n edilicia respetando su valor patrimonial y reactivaci\u00f3n cultural de la biblioteca.<\/p>\n\n\n\n<p>De acuerdo a lo que pudo corroborar un cronista de<em> Diario R\u00edo Uruguay<\/em>, la lista A obtuvo un total de\u00a0<strong>50 votos<\/strong>, mientras que la propuesta para que contin\u00fae la actual conducci\u00f3n cosech\u00f3\u00a0<strong>30 votos.<\/strong><\/p>\n\n\n\n<p>Una vez conocido el resultado y delante de los asamble\u00edstas presentes, el escritor Juan Menegu\u00edn dijo que la situaci\u00f3n que hoy vive la biblioteca se debe a \u201cd\u00e9cadas de desidia y d\u00e9cadas de olvido\u201d, al punto que \u201cse instal\u00f3 en el imaginario de Concordia que esto no exist\u00eda m\u00e1s\u201d. Rescatando que \u201cgracias al despelote que armamos, al menos hicimos que ahora exista la biblioteca\u201d, evitando que siga el mismo camino de otras bibliotecas que tuvieron que cerrar sus puertas.<\/p>\n\n\n\n<p>Como cierre, pidi\u00f3 \u201cno perder el tesoro que tenemos, que es este edificio que es hermoso, son los libros viejos y los libros que incorporemos\u201d, adelantando que una de las tareas que se viene es la de \u201climpiar libro por libro, hoja por hoja\u201d, adem\u00e1s de tareas necesarias en sanitarios y otros espacios de la sede ubicada en calle 1\u00b0 de Mayo.<\/p>\n\n\n\n<p>Fuente: Diario R\u00edo Uruguay<\/p>\n","protected":false},"excerpt":{"rendered":"<p>En la noche de este martes se concret\u00f3 el acto eleccionario en la asamblea que defini\u00f3 la pr\u00f3xima conducci\u00f3n de la hist\u00f3rica biblioteca popular Olegario V\u00edctor Andrade. En un hecho que muchos de los actores consideraron como \u201chist\u00f3rico\u201d, fueron dos las listas que se presentaron como opci\u00f3n para los aproximadamente 80 socios que estaban habilitados [&hellip;]<\/p>\n","protected":false},"author":2,"featured_media":2467,"comment_status":"open","ping_status":"open","sticky":false,"template":"","format":"standard","meta":{"footnotes":""},"categories":[16],"tags":[],"class_list":{"0":"post-2466","1":"post","2":"type-post","3":"status-publish","4":"format-standard","5":"has-post-thumbnail","7":"category-locales"},"yoast_head":"<!-- This site is optimized with the Yoast SEO plugin v27.4 - https:\/\/yoast.com\/product\/yoast-seo-wordpress\/ -->\n<title>El Eternauta Menegu\u00edn se impuso con su grupo y dirigir\u00e1 la Biblioteca Olegario Andrade - Diario del Sur<\/title>\n<meta name=\"robots\" content=\"index, follow, max-snippet:-1, max-image-preview:large, max-video-preview:-1\" \/>\n<link rel=\"canonical\" href=\"https:\/\/diariodelsurdigital.com.ar\/?p=2466\" \/>\n<meta property=\"og:locale\" content=\"es_ES\" \/>\n<meta property=\"og:type\" content=\"article\" \/>\n<meta property=\"og:title\" content=\"El Eternauta Menegu\u00edn se impuso con su grupo y dirigir\u00e1 la Biblioteca Olegario Andrade - Diario del Sur\" \/>\n<meta property=\"og:description\" content=\"En la noche de este martes se concret\u00f3 el acto eleccionario en la asamblea que defini\u00f3 la pr\u00f3xima conducci\u00f3n de la hist\u00f3rica biblioteca popular Olegario V\u00edctor Andrade. En un hecho que muchos de los actores consideraron como \u201chist\u00f3rico\u201d, fueron dos las listas que se presentaron como opci\u00f3n para los aproximadamente 80 socios que estaban habilitados [&hellip;]\" \/>\n<meta property=\"og:url\" content=\"https:\/\/diariodelsurdigital.com.ar\/?p=2466\" \/>\n<meta property=\"og:site_name\" content=\"Diario del Sur\" \/>\n<meta property=\"article:published_time\" content=\"2025-05-07T01:06:56+00:00\" \/>\n<meta property=\"article:modified_time\" content=\"2025-05-07T01:06:57+00:00\" \/>\n<meta property=\"og:image\" content=\"https:\/\/diariodelsurdigital.com.ar\/wp-content\/uploads\/2025\/05\/r_1746577533.jpg\" \/>\n\t<meta property=\"og:image:width\" content=\"500\" \/>\n\t<meta property=\"og:image:height\" content=\"340\" \/>\n\t<meta property=\"og:image:type\" content=\"image\/jpeg\" \/>\n<meta name=\"author\" content=\"Diario del Sur Digital\" \/>\n<meta name=\"twitter:card\" content=\"summary_large_image\" \/>\n<meta name=\"twitter:label1\" content=\"Escrito por\" \/>\n\t<meta name=\"twitter:data1\" content=\"Diario del Sur Digital\" \/>\n\t<meta name=\"twitter:label2\" content=\"Tiempo de lectura\" \/>\n\t<meta name=\"twitter:data2\" content=\"3 minutos\" \/>\n<script type=\"application\/ld+json\" class=\"yoast-schema-graph\">{\"@context\":\"https:\\\/\\\/schema.org\",\"@graph\":[{\"@type\":\"Article\",\"@id\":\"https:\\\/\\\/diariodelsurdigital.com.ar\\\/?p=2466#article\",\"isPartOf\":{\"@id\":\"https:\\\/\\\/diariodelsurdigital.com.ar\\\/?p=2466\"},\"author\":{\"name\":\"Diario del Sur Digital\",\"@id\":\"https:\\\/\\\/diariodelsurdigital.com.ar\\\/#\\\/schema\\\/person\\\/6136a32571657f7dba980b88b04c5465\"},\"headline\":\"El Eternauta Menegu\u00edn se impuso con su grupo y dirigir\u00e1 la Biblioteca Olegario Andrade\",\"datePublished\":\"2025-05-07T01:06:56+00:00\",\"dateModified\":\"2025-05-07T01:06:57+00:00\",\"mainEntityOfPage\":{\"@id\":\"https:\\\/\\\/diariodelsurdigital.com.ar\\\/?p=2466\"},\"wordCount\":397,\"commentCount\":0,\"image\":{\"@id\":\"https:\\\/\\\/diariodelsurdigital.com.ar\\\/?p=2466#primaryimage\"},\"thumbnailUrl\":\"https:\\\/\\\/diariodelsurdigital.com.ar\\\/wp-content\\\/uploads\\\/2025\\\/05\\\/r_1746577533.jpg\",\"articleSection\":[\"Locales\"],\"inLanguage\":\"es\",\"potentialAction\":[{\"@type\":\"CommentAction\",\"name\":\"Comment\",\"target\":[\"https:\\\/\\\/diariodelsurdigital.com.ar\\\/?p=2466#respond\"]}]},{\"@type\":\"WebPage\",\"@id\":\"https:\\\/\\\/diariodelsurdigital.com.ar\\\/?p=2466\",\"url\":\"https:\\\/\\\/diariodelsurdigital.com.ar\\\/?p=2466\",\"name\":\"El Eternauta Menegu\u00edn se impuso con su grupo y dirigir\u00e1 la Biblioteca Olegario Andrade - Diario del Sur\",\"isPartOf\":{\"@id\":\"https:\\\/\\\/diariodelsurdigital.com.ar\\\/#website\"},\"primaryImageOfPage\":{\"@id\":\"https:\\\/\\\/diariodelsurdigital.com.ar\\\/?p=2466#primaryimage\"},\"image\":{\"@id\":\"https:\\\/\\\/diariodelsurdigital.com.ar\\\/?p=2466#primaryimage\"},\"thumbnailUrl\":\"https:\\\/\\\/diariodelsurdigital.com.ar\\\/wp-content\\\/uploads\\\/2025\\\/05\\\/r_1746577533.jpg\",\"datePublished\":\"2025-05-07T01:06:56+00:00\",\"dateModified\":\"2025-05-07T01:06:57+00:00\",\"author\":{\"@id\":\"https:\\\/\\\/diariodelsurdigital.com.ar\\\/#\\\/schema\\\/person\\\/6136a32571657f7dba980b88b04c5465\"},\"breadcrumb\":{\"@id\":\"https:\\\/\\\/diariodelsurdigital.com.ar\\\/?p=2466#breadcrumb\"},\"inLanguage\":\"es\",\"potentialAction\":[{\"@type\":\"ReadAction\",\"target\":[\"https:\\\/\\\/diariodelsurdigital.com.ar\\\/?p=2466\"]}]},{\"@type\":\"ImageObject\",\"inLanguage\":\"es\",\"@id\":\"https:\\\/\\\/diariodelsurdigital.com.ar\\\/?p=2466#primaryimage\",\"url\":\"https:\\\/\\\/diariodelsurdigital.com.ar\\\/wp-content\\\/uploads\\\/2025\\\/05\\\/r_1746577533.jpg\",\"contentUrl\":\"https:\\\/\\\/diariodelsurdigital.com.ar\\\/wp-content\\\/uploads\\\/2025\\\/05\\\/r_1746577533.jpg\",\"width\":500,\"height\":340},{\"@type\":\"BreadcrumbList\",\"@id\":\"https:\\\/\\\/diariodelsurdigital.com.ar\\\/?p=2466#breadcrumb\",\"itemListElement\":[{\"@type\":\"ListItem\",\"position\":1,\"name\":\"Portada\",\"item\":\"https:\\\/\\\/diariodelsurdigital.com.ar\\\/\"},{\"@type\":\"ListItem\",\"position\":2,\"name\":\"El Eternauta Menegu\u00edn se impuso con su grupo y dirigir\u00e1 la Biblioteca Olegario Andrade\"}]},{\"@type\":\"WebSite\",\"@id\":\"https:\\\/\\\/diariodelsurdigital.com.ar\\\/#website\",\"url\":\"https:\\\/\\\/diariodelsurdigital.com.ar\\\/\",\"name\":\"Diario del Sur\",\"description\":\"Digital\",\"potentialAction\":[{\"@type\":\"SearchAction\",\"target\":{\"@type\":\"EntryPoint\",\"urlTemplate\":\"https:\\\/\\\/diariodelsurdigital.com.ar\\\/?s={search_term_string}\"},\"query-input\":{\"@type\":\"PropertyValueSpecification\",\"valueRequired\":true,\"valueName\":\"search_term_string\"}}],\"inLanguage\":\"es\"},{\"@type\":\"Person\",\"@id\":\"https:\\\/\\\/diariodelsurdigital.com.ar\\\/#\\\/schema\\\/person\\\/6136a32571657f7dba980b88b04c5465\",\"name\":\"Diario del Sur Digital\",\"image\":{\"@type\":\"ImageObject\",\"inLanguage\":\"es\",\"@id\":\"https:\\\/\\\/secure.gravatar.com\\\/avatar\\\/4c29ceac98541dd42460b2474aaa5dd37594d6ce6cb3cf2c101d09b48ee287ba?s=96&d=mm&r=g\",\"url\":\"https:\\\/\\\/secure.gravatar.com\\\/avatar\\\/4c29ceac98541dd42460b2474aaa5dd37594d6ce6cb3cf2c101d09b48ee287ba?s=96&d=mm&r=g\",\"contentUrl\":\"https:\\\/\\\/secure.gravatar.com\\\/avatar\\\/4c29ceac98541dd42460b2474aaa5dd37594d6ce6cb3cf2c101d09b48ee287ba?s=96&d=mm&r=g\",\"caption\":\"Diario del Sur Digital\"},\"url\":\"https:\\\/\\\/diariodelsurdigital.com.ar\\\/?author=2\"}]}<\/script>\n<!-- \/ Yoast SEO plugin. -->","yoast_head_json":{"title":"El Eternauta Menegu\u00edn se impuso con su grupo y dirigir\u00e1 la Biblioteca Olegario Andrade - Diario del Sur","robots":{"index":"index","follow":"follow","max-snippet":"max-snippet:-1","max-image-preview":"max-image-preview:large","max-video-preview":"max-video-preview:-1"},"canonical":"https:\/\/diariodelsurdigital.com.ar\/?p=2466","og_locale":"es_ES","og_type":"article","og_title":"El Eternauta Menegu\u00edn se impuso con su grupo y dirigir\u00e1 la Biblioteca Olegario Andrade - Diario del Sur","og_description":"En la noche de este martes se concret\u00f3 el acto eleccionario en la asamblea que defini\u00f3 la pr\u00f3xima conducci\u00f3n de la hist\u00f3rica biblioteca popular Olegario V\u00edctor Andrade. En un hecho que muchos de los actores consideraron como \u201chist\u00f3rico\u201d, fueron dos las listas que se presentaron como opci\u00f3n para los aproximadamente 80 socios que estaban habilitados [&hellip;]","og_url":"https:\/\/diariodelsurdigital.com.ar\/?p=2466","og_site_name":"Diario del Sur","article_published_time":"2025-05-07T01:06:56+00:00","article_modified_time":"2025-05-07T01:06:57+00:00","og_image":[{"width":500,"height":340,"url":"https:\/\/diariodelsurdigital.com.ar\/wp-content\/uploads\/2025\/05\/r_1746577533.jpg","type":"image\/jpeg"}],"author":"Diario del Sur Digital","twitter_card":"summary_large_image","twitter_misc":{"Escrito por":"Diario del Sur Digital","Tiempo de lectura":"3 minutos"},"schema":{"@context":"https:\/\/schema.org","@graph":[{"@type":"Article","@id":"https:\/\/diariodelsurdigital.com.ar\/?p=2466#article","isPartOf":{"@id":"https:\/\/diariodelsurdigital.com.ar\/?p=2466"},"author":{"name":"Diario del Sur Digital","@id":"https:\/\/diariodelsurdigital.com.ar\/#\/schema\/person\/6136a32571657f7dba980b88b04c5465"},"headline":"El Eternauta Menegu\u00edn se impuso con su grupo y dirigir\u00e1 la Biblioteca Olegario Andrade","datePublished":"2025-05-07T01:06:56+00:00","dateModified":"2025-05-07T01:06:57+00:00","mainEntityOfPage":{"@id":"https:\/\/diariodelsurdigital.com.ar\/?p=2466"},"wordCount":397,"commentCount":0,"image":{"@id":"https:\/\/diariodelsurdigital.com.ar\/?p=2466#primaryimage"},"thumbnailUrl":"https:\/\/diariodelsurdigital.com.ar\/wp-content\/uploads\/2025\/05\/r_1746577533.jpg","articleSection":["Locales"],"inLanguage":"es","potentialAction":[{"@type":"CommentAction","name":"Comment","target":["https:\/\/diariodelsurdigital.com.ar\/?p=2466#respond"]}]},{"@type":"WebPage","@id":"https:\/\/diariodelsurdigital.com.ar\/?p=2466","url":"https:\/\/diariodelsurdigital.com.ar\/?p=2466","name":"El Eternauta Menegu\u00edn se impuso con su grupo y dirigir\u00e1 la Biblioteca Olegario Andrade - Diario del Sur","isPartOf":{"@id":"https:\/\/diariodelsurdigital.com.ar\/#website"},"primaryImageOfPage":{"@id":"https:\/\/diariodelsurdigital.com.ar\/?p=2466#primaryimage"},"image":{"@id":"https:\/\/diariodelsurdigital.com.ar\/?p=2466#primaryimage"},"thumbnailUrl":"https:\/\/diariodelsurdigital.com.ar\/wp-content\/uploads\/2025\/05\/r_1746577533.jpg","datePublished":"2025-05-07T01:06:56+00:00","dateModified":"2025-05-07T01:06:57+00:00","author":{"@id":"https:\/\/diariodelsurdigital.com.ar\/#\/schema\/person\/6136a32571657f7dba980b88b04c5465"},"breadcrumb":{"@id":"https:\/\/diariodelsurdigital.com.ar\/?p=2466#breadcrumb"},"inLanguage":"es","potentialAction":[{"@type":"ReadAction","target":["https:\/\/diariodelsurdigital.com.ar\/?p=2466"]}]},{"@type":"ImageObject","inLanguage":"es","@id":"https:\/\/diariodelsurdigital.com.ar\/?p=2466#primaryimage","url":"https:\/\/diariodelsurdigital.com.ar\/wp-content\/uploads\/2025\/05\/r_1746577533.jpg","contentUrl":"https:\/\/diariodelsurdigital.com.ar\/wp-content\/uploads\/2025\/05\/r_1746577533.jpg","width":500,"height":340},{"@type":"BreadcrumbList","@id":"https:\/\/diariodelsurdigital.com.ar\/?p=2466#breadcrumb","itemListElement":[{"@type":"ListItem","position":1,"name":"Portada","item":"https:\/\/diariodelsurdigital.com.ar\/"},{"@type":"ListItem","position":2,"name":"El Eternauta Menegu\u00edn se impuso con su grupo y dirigir\u00e1 la Biblioteca Olegario Andrade"}]},{"@type":"WebSite","@id":"https:\/\/diariodelsurdigital.com.ar\/#website","url":"https:\/\/diariodelsurdigital.com.ar\/","name":"Diario del Sur","description":"Digital","potentialAction":[{"@type":"SearchAction","target":{"@type":"EntryPoint","urlTemplate":"https:\/\/diariodelsurdigital.com.ar\/?s={search_term_string}"},"query-input":{"@type":"PropertyValueSpecification","valueRequired":true,"valueName":"search_term_string"}}],"inLanguage":"es"},{"@type":"Person","@id":"https:\/\/diariodelsurdigital.com.ar\/#\/schema\/person\/6136a32571657f7dba980b88b04c5465","name":"Diario del Sur Digital","image":{"@type":"ImageObject","inLanguage":"es","@id":"https:\/\/secure.gravatar.com\/avatar\/4c29ceac98541dd42460b2474aaa5dd37594d6ce6cb3cf2c101d09b48ee287ba?s=96&d=mm&r=g","url":"https:\/\/secure.gravatar.com\/avatar\/4c29ceac98541dd42460b2474aaa5dd37594d6ce6cb3cf2c101d09b48ee287ba?s=96&d=mm&r=g","contentUrl":"https:\/\/secure.gravatar.com\/avatar\/4c29ceac98541dd42460b2474aaa5dd37594d6ce6cb3cf2c101d09b48ee287ba?s=96&d=mm&r=g","caption":"Diario del Sur Digital"},"url":"https:\/\/diariodelsurdigital.com.ar\/?author=2"}]}},"_links":{"self":[{"href":"https:\/\/diariodelsurdigital.com.ar\/index.php?rest_route=\/wp\/v2\/posts\/2466","targetHints":{"allow":["GET"]}}],"collection":[{"href":"https:\/\/diariodelsurdigital.com.ar\/index.php?rest_route=\/wp\/v2\/posts"}],"about":[{"href":"https:\/\/diariodelsurdigital.com.ar\/index.php?rest_route=\/wp\/v2\/types\/post"}],"author":[{"embeddable":true,"href":"https:\/\/diariodelsurdigital.com.ar\/index.php?rest_route=\/wp\/v2\/users\/2"}],"replies":[{"embeddable":true,"href":"https:\/\/diariodelsurdigital.com.ar\/index.php?rest_route=%2Fwp%2Fv2%2Fcomments&post=2466"}],"version-history":[{"count":1,"href":"https:\/\/diariodelsurdigital.com.ar\/index.php?rest_route=\/wp\/v2\/posts\/2466\/revisions"}],"predecessor-version":[{"id":2468,"href":"https:\/\/diariodelsurdigital.com.ar\/index.php?rest_route=\/wp\/v2\/posts\/2466\/revisions\/2468"}],"wp:featuredmedia":[{"embeddable":true,"href":"https:\/\/diariodelsurdigital.com.ar\/index.php?rest_route=\/wp\/v2\/media\/2467"}],"wp:attachment":[{"href":"https:\/\/diariodelsurdigital.com.ar\/index.php?rest_route=%2Fwp%2Fv2%2Fmedia&parent=2466"}],"wp:term":[{"taxonomy":"category","embeddable":true,"href":"https:\/\/diariodelsurdigital.com.ar\/index.php?rest_route=%2Fwp%2Fv2%2Fcategories&post=2466"},{"taxonomy":"post_tag","embeddable":true,"href":"https:\/\/diariodelsurdigital.com.ar\/index.php?rest_route=%2Fwp%2Fv2%2Ftags&post=2466"}],"curies":[{"name":"wp","href":"https:\/\/api.w.org\/{rel}","templated":true}]}}