{"id":2469,"date":"2025-05-07T13:55:14","date_gmt":"2025-05-07T16:55:14","guid":{"rendered":"https:\/\/diariodelsurdigital.com.ar\/?p=2469"},"modified":"2025-05-07T13:55:16","modified_gmt":"2025-05-07T16:55:16","slug":"conflicto-en-uthgra-denuncian-ante-la-justicia-que-los-quieren-expulsar-del-gremio-por-presentarse-a-elecciones","status":"publish","type":"post","link":"https:\/\/diariodelsurdigital.com.ar\/?p=2469","title":{"rendered":"Conflicto en UTHGRA: Denuncian ante la Justicia que los quieren expulsar del gremio por presentarse a elecciones"},"content":{"rendered":"\n<h2 class=\"wp-block-heading\" id=\"nota-title\"><\/h2>\n\n\n\n<p>Alan Sch\u00f6nborn, Bel\u00e9n Moyano, Javier Navarro, Luis Sandro Bord\u00f3n, Pablo Garc\u00eda, Rub\u00e9n Trinidad y Vanesa Rolando hicieron llegar\u00a0un comunicado en el que dicen ser v\u00edctimas de \u201cmentiras y argumentos falaces\u201d, tendientes a expulsarlos del gremio de los hoteleros y gastron\u00f3micos, \u201cinjustamente acusados de promover divisiones\u201d.<\/p>\n\n\n\n<p>\u201cNo promovemos ninguna divisi\u00f3n \u2013replicaron-. Simplemente queremos ponernos a consideraci\u00f3n de los afiliados para dirigir los destinos de nuestra organizaci\u00f3n de conformidad a la ley sindical y al Estatuto de nuestro gremio. Estas normas consagran tanto el derecho a elegir como a ser elegidos, sin necesidad de contar con permiso o autorizaci\u00f3n de la actual conducci\u00f3n tal como ellos proclaman, desoyendo o desconociendo las leyes y normas constitucionales que consagran esos derechos, junto con el de libertad sindical\u201d.<\/p>\n\n\n\n<p>Los siete integran la Agrupaci\u00f3n 27 de Febrero Hoteleros Gastron\u00f3micos Costa del R\u00edo Uruguay, decidida a participar con una lista en las elecciones del pr\u00f3ximo mes de septiembre.<\/p>\n\n\n\n<p>Enterados de que en el punto 4 y 5 del orden del d\u00eda de la Asamblea General Extraordinaria convocada por Julio Daniel Roh, actual Secretario General, figura el \u201ctratamiento de conductas violatorias al Estatuto Social en la que incurrieran miembros de la Comisi\u00f3n Directiva\u201d y tambi\u00e9n \u201cafiliados\u201d, los integrantes de la agrupaci\u00f3n decidieron adelantarse a la jugada y denunciar en los tribunales lo que \u2013entienden- ser\u00eda una clara maniobra para impedirles no s\u00f3lo presentarse en las elecciones de septiembre sino incluso seguir perteneciendo al gremio.<\/p>\n\n\n\n<p>\u201cHemos decidido iniciar una acci\u00f3n judicial \u2013explicaron- para que sea la Justicia la que determine la arbitrariedad de las sanciones disciplinarias que nos impusieron y las que pretenden imponernos el pr\u00f3ximo lunes y, eventualmente, solicitar la intervenci\u00f3n de la Seccional por todos los motivos antes aludido\u201d.<\/p>\n\n\n\n<h5 class=\"wp-block-heading\">El comunicado de la Agrupaci\u00f3n 27 de Febrero:<\/h5>\n\n\n\n<p><em>Habida cuenta que por estos d\u00edas se est\u00e1n llevando a cabo maniobras tendientes a expulsarnos de la UTHGRA, esgrimiendo mentiras y argumentos falaces, nos vemos en la imperiosa necesidad de informar a nuestros afiliados y a la opini\u00f3n p\u00fablica en general que hemos sido injustamente acusados de promover divisiones dentro de la UTHGRA por el simple hecho de querer presentarnos a elecciones de la Comisi\u00f3n Directiva de la Seccional de la Costa del Uruguay. En realidad, no promovemos ninguna divisi\u00f3n. Simplemente queremos ponernos a consideraci\u00f3n de los afiliados para dirigir los destinos de nuestra organizaci\u00f3n de conformidad a la ley sindical y al Estatuto de nuestro gremio. Estas normas consagran tanto el derecho a elegir como a ser elegidos, sin necesidad de contar con permiso o autorizaci\u00f3n de la actual conducci\u00f3n tal como ellos proclaman, desoyendo o desconociendo las leyes y normas constitucionales que consagran esos derechos, junto con el de libertad sindical. No hay nada de malo o ilegal en ello. En definitiva, ser\u00e1n nuestros afiliados quienes decidan con su voto quienes ser\u00e1n los elegidos para conducir los destinos de nuestra organizaci\u00f3n. Esto \u00faltimo se conoce como democracia sindical. Ning\u00fan dirigente puede desconocer este principio de raigambre constitucional sin caer en una palmaria arbitrariedad. No obstante ello, pareciera ser que la tiran\u00eda reina en nuestra Seccional.<br><br>Nos proponemos llevar adelante una renovaci\u00f3n de la conducci\u00f3n teniendo en cuenta que han pasado ya doce a\u00f1os y nos hacemos eco de los reclamos de los afiliados los cuales giran acerca de que es hora que otros compa\u00f1eros tomen la conducci\u00f3n de la Seccional. A esto \u00faltimo se lo conoce como perioricidad en los cargos, propio del republicanismo y de nuestro Estado de Derecho.<br><br>Si estamos en lo cierto o no, se sabr\u00e1 oportunamente cuando se cuenten los votos. Por ello, solo exigimos que nos dejen participar y no nos persigan y hostiguen con suspensiones (como las que hemos sufrido) y amenazas de expulsi\u00f3n tal como lo tienen previsto hacer el pr\u00f3ximo lunes 12 de mayo del corriente a\u00f1o en una Asamblea General Extraordinaria donde intentar\u00e1n dejarnos afuera echando a mano al aparato para doblegar la voluntad de los afiliados y de quienes nos estamos jugando la vida para intentar lograr un recambio y con ello transformar la realidad del afiliado con trabajo, transparencia y empat\u00eda. Todos debemos ser responsables como integrantes de un gremio frente a los propios afiliados y ante la sociedad en la que nos desarrollamos. No podemos aceptar ni tolerar estos manejos abusivos y caprichosos en pos de perpetuarse al frente de una organizaci\u00f3n sindical.<br><br>Los afiliados no tenemos Jefes, tenemos representantes elegidos democr\u00e1ticamente por los afiliados, motivo por el cual no tenemos obligaci\u00f3n alguna de pedir permiso para ponernos a la consideraci\u00f3n de nuestros compa\u00f1eros. Y esto \u00faltimo, de ninguna manera implica promover divisiones o alterar la marcha de la administraci\u00f3n del gremio, tal como la conducci\u00f3n actual pretende hacerle creer a nuestros compa\u00f1eros.<br><br>Por \u00faltimo y atento a las persecuciones que estamos sufriendo, hemos decidido iniciar una acci\u00f3n judicial para que sea la Justicia la que determine la arbitrariedad de las sanciones disciplinarias que nos impusieron y las que pretenden imponernos el pr\u00f3ximo lunes y, eventualmente, solicitar la intervenci\u00f3n de la Seccional por todos los motivos antes aludidos.<br><br>Anhelando que todo se solucione de forma pac\u00edfica y org\u00e1nica de modo que podamos ejercer libremente nuestros derechos sindicales, enviamos un caluroso saludo a la familia gastron\u00f3mica esperando contar con su comprensi\u00f3n y apoyo.<br><br><strong>Alan Sch\u00f6nborn \u2013 Bel\u00e9n Moyano \u2013 Javier Navarro \u2013 Luis Sandro Bord\u00f3n \u2013 Pablo Garc\u00eda\u2013 Rub\u00e9n Trinidad \u2013 Vanesa Rolando<\/strong><br><br>Miembros de Comisi\u00f3n Directiva y Cuerpo de Delegados<\/em><\/p>\n\n\n\n<p><strong>Fuente:<\/strong>\u00a0El Entre R\u00edos<\/p>\n","protected":false},"excerpt":{"rendered":"<p>Alan Sch\u00f6nborn, Bel\u00e9n Moyano, Javier Navarro, Luis Sandro Bord\u00f3n, Pablo Garc\u00eda, Rub\u00e9n Trinidad y Vanesa Rolando hicieron llegar\u00a0un comunicado en el que dicen ser v\u00edctimas de \u201cmentiras y argumentos falaces\u201d, tendientes a expulsarlos del gremio de los hoteleros y gastron\u00f3micos, \u201cinjustamente acusados de promover divisiones\u201d. \u201cNo promovemos ninguna divisi\u00f3n \u2013replicaron-. Simplemente queremos ponernos a consideraci\u00f3n [&hellip;]<\/p>\n","protected":false},"author":2,"featured_media":2482,"comment_status":"open","ping_status":"open","sticky":false,"template":"","format":"standard","meta":{"footnotes":""},"categories":[17],"tags":[],"class_list":{"0":"post-2469","1":"post","2":"type-post","3":"status-publish","4":"format-standard","5":"has-post-thumbnail","7":"category-provinciales"},"yoast_head":"<!-- This site is optimized with the Yoast SEO plugin v27.4 - https:\/\/yoast.com\/product\/yoast-seo-wordpress\/ -->\n<title>Conflicto en UTHGRA: Denuncian ante la Justicia que los quieren expulsar del gremio por presentarse a elecciones - Diario del Sur<\/title>\n<meta name=\"robots\" content=\"index, follow, max-snippet:-1, max-image-preview:large, max-video-preview:-1\" \/>\n<link rel=\"canonical\" href=\"https:\/\/diariodelsurdigital.com.ar\/?p=2469\" \/>\n<meta property=\"og:locale\" content=\"es_ES\" \/>\n<meta property=\"og:type\" content=\"article\" \/>\n<meta property=\"og:title\" content=\"Conflicto en UTHGRA: Denuncian ante la Justicia que los quieren expulsar del gremio por presentarse a elecciones - Diario del Sur\" \/>\n<meta property=\"og:description\" content=\"Alan Sch\u00f6nborn, Bel\u00e9n Moyano, Javier Navarro, Luis Sandro Bord\u00f3n, Pablo Garc\u00eda, Rub\u00e9n Trinidad y Vanesa Rolando hicieron llegar\u00a0un comunicado en el que dicen ser v\u00edctimas de \u201cmentiras y argumentos falaces\u201d, tendientes a expulsarlos del gremio de los hoteleros y gastron\u00f3micos, \u201cinjustamente acusados de promover divisiones\u201d. \u201cNo promovemos ninguna divisi\u00f3n \u2013replicaron-. Simplemente queremos ponernos a consideraci\u00f3n [&hellip;]\" \/>\n<meta property=\"og:url\" content=\"https:\/\/diariodelsurdigital.com.ar\/?p=2469\" \/>\n<meta property=\"og:site_name\" content=\"Diario del Sur\" \/>\n<meta property=\"article:published_time\" content=\"2025-05-07T16:55:14+00:00\" \/>\n<meta property=\"article:modified_time\" content=\"2025-05-07T16:55:16+00:00\" \/>\n<meta property=\"og:image\" content=\"https:\/\/diariodelsurdigital.com.ar\/wp-content\/uploads\/2025\/05\/l_1746630403.jpg\" \/>\n\t<meta property=\"og:image:width\" content=\"435\" \/>\n\t<meta property=\"og:image:height\" content=\"290\" \/>\n\t<meta property=\"og:image:type\" content=\"image\/jpeg\" \/>\n<meta name=\"author\" content=\"Diario del Sur Digital\" \/>\n<meta name=\"twitter:card\" content=\"summary_large_image\" \/>\n<meta name=\"twitter:label1\" content=\"Escrito por\" \/>\n\t<meta name=\"twitter:data1\" content=\"Diario del Sur Digital\" \/>\n\t<meta name=\"twitter:label2\" content=\"Tiempo de lectura\" \/>\n\t<meta name=\"twitter:data2\" content=\"5 minutos\" \/>\n<script type=\"application\/ld+json\" class=\"yoast-schema-graph\">{\"@context\":\"https:\\\/\\\/schema.org\",\"@graph\":[{\"@type\":\"Article\",\"@id\":\"https:\\\/\\\/diariodelsurdigital.com.ar\\\/?p=2469#article\",\"isPartOf\":{\"@id\":\"https:\\\/\\\/diariodelsurdigital.com.ar\\\/?p=2469\"},\"author\":{\"name\":\"Diario del Sur Digital\",\"@id\":\"https:\\\/\\\/diariodelsurdigital.com.ar\\\/#\\\/schema\\\/person\\\/6136a32571657f7dba980b88b04c5465\"},\"headline\":\"Conflicto en UTHGRA: Denuncian ante la Justicia que los quieren expulsar del gremio por presentarse a elecciones\",\"datePublished\":\"2025-05-07T16:55:14+00:00\",\"dateModified\":\"2025-05-07T16:55:16+00:00\",\"mainEntityOfPage\":{\"@id\":\"https:\\\/\\\/diariodelsurdigital.com.ar\\\/?p=2469\"},\"wordCount\":979,\"commentCount\":0,\"image\":{\"@id\":\"https:\\\/\\\/diariodelsurdigital.com.ar\\\/?p=2469#primaryimage\"},\"thumbnailUrl\":\"https:\\\/\\\/diariodelsurdigital.com.ar\\\/wp-content\\\/uploads\\\/2025\\\/05\\\/l_1746630403.jpg\",\"articleSection\":[\"Provinciales\"],\"inLanguage\":\"es\",\"potentialAction\":[{\"@type\":\"CommentAction\",\"name\":\"Comment\",\"target\":[\"https:\\\/\\\/diariodelsurdigital.com.ar\\\/?p=2469#respond\"]}]},{\"@type\":\"WebPage\",\"@id\":\"https:\\\/\\\/diariodelsurdigital.com.ar\\\/?p=2469\",\"url\":\"https:\\\/\\\/diariodelsurdigital.com.ar\\\/?p=2469\",\"name\":\"Conflicto en UTHGRA: Denuncian ante la Justicia que los quieren expulsar del gremio por presentarse a elecciones - Diario del Sur\",\"isPartOf\":{\"@id\":\"https:\\\/\\\/diariodelsurdigital.com.ar\\\/#website\"},\"primaryImageOfPage\":{\"@id\":\"https:\\\/\\\/diariodelsurdigital.com.ar\\\/?p=2469#primaryimage\"},\"image\":{\"@id\":\"https:\\\/\\\/diariodelsurdigital.com.ar\\\/?p=2469#primaryimage\"},\"thumbnailUrl\":\"https:\\\/\\\/diariodelsurdigital.com.ar\\\/wp-content\\\/uploads\\\/2025\\\/05\\\/l_1746630403.jpg\",\"datePublished\":\"2025-05-07T16:55:14+00:00\",\"dateModified\":\"2025-05-07T16:55:16+00:00\",\"author\":{\"@id\":\"https:\\\/\\\/diariodelsurdigital.com.ar\\\/#\\\/schema\\\/person\\\/6136a32571657f7dba980b88b04c5465\"},\"breadcrumb\":{\"@id\":\"https:\\\/\\\/diariodelsurdigital.com.ar\\\/?p=2469#breadcrumb\"},\"inLanguage\":\"es\",\"potentialAction\":[{\"@type\":\"ReadAction\",\"target\":[\"https:\\\/\\\/diariodelsurdigital.com.ar\\\/?p=2469\"]}]},{\"@type\":\"ImageObject\",\"inLanguage\":\"es\",\"@id\":\"https:\\\/\\\/diariodelsurdigital.com.ar\\\/?p=2469#primaryimage\",\"url\":\"https:\\\/\\\/diariodelsurdigital.com.ar\\\/wp-content\\\/uploads\\\/2025\\\/05\\\/l_1746630403.jpg\",\"contentUrl\":\"https:\\\/\\\/diariodelsurdigital.com.ar\\\/wp-content\\\/uploads\\\/2025\\\/05\\\/l_1746630403.jpg\",\"width\":435,\"height\":290},{\"@type\":\"BreadcrumbList\",\"@id\":\"https:\\\/\\\/diariodelsurdigital.com.ar\\\/?p=2469#breadcrumb\",\"itemListElement\":[{\"@type\":\"ListItem\",\"position\":1,\"name\":\"Portada\",\"item\":\"https:\\\/\\\/diariodelsurdigital.com.ar\\\/\"},{\"@type\":\"ListItem\",\"position\":2,\"name\":\"Conflicto en UTHGRA: Denuncian ante la Justicia que los quieren expulsar del gremio por presentarse a elecciones\"}]},{\"@type\":\"WebSite\",\"@id\":\"https:\\\/\\\/diariodelsurdigital.com.ar\\\/#website\",\"url\":\"https:\\\/\\\/diariodelsurdigital.com.ar\\\/\",\"name\":\"Diario del Sur\",\"description\":\"Digital\",\"potentialAction\":[{\"@type\":\"SearchAction\",\"target\":{\"@type\":\"EntryPoint\",\"urlTemplate\":\"https:\\\/\\\/diariodelsurdigital.com.ar\\\/?s={search_term_string}\"},\"query-input\":{\"@type\":\"PropertyValueSpecification\",\"valueRequired\":true,\"valueName\":\"search_term_string\"}}],\"inLanguage\":\"es\"},{\"@type\":\"Person\",\"@id\":\"https:\\\/\\\/diariodelsurdigital.com.ar\\\/#\\\/schema\\\/person\\\/6136a32571657f7dba980b88b04c5465\",\"name\":\"Diario del Sur Digital\",\"image\":{\"@type\":\"ImageObject\",\"inLanguage\":\"es\",\"@id\":\"https:\\\/\\\/secure.gravatar.com\\\/avatar\\\/4c29ceac98541dd42460b2474aaa5dd37594d6ce6cb3cf2c101d09b48ee287ba?s=96&d=mm&r=g\",\"url\":\"https:\\\/\\\/secure.gravatar.com\\\/avatar\\\/4c29ceac98541dd42460b2474aaa5dd37594d6ce6cb3cf2c101d09b48ee287ba?s=96&d=mm&r=g\",\"contentUrl\":\"https:\\\/\\\/secure.gravatar.com\\\/avatar\\\/4c29ceac98541dd42460b2474aaa5dd37594d6ce6cb3cf2c101d09b48ee287ba?s=96&d=mm&r=g\",\"caption\":\"Diario del Sur Digital\"},\"url\":\"https:\\\/\\\/diariodelsurdigital.com.ar\\\/?author=2\"}]}<\/script>\n<!-- \/ Yoast SEO plugin. -->","yoast_head_json":{"title":"Conflicto en UTHGRA: Denuncian ante la Justicia que los quieren expulsar del gremio por presentarse a elecciones - Diario del Sur","robots":{"index":"index","follow":"follow","max-snippet":"max-snippet:-1","max-image-preview":"max-image-preview:large","max-video-preview":"max-video-preview:-1"},"canonical":"https:\/\/diariodelsurdigital.com.ar\/?p=2469","og_locale":"es_ES","og_type":"article","og_title":"Conflicto en UTHGRA: Denuncian ante la Justicia que los quieren expulsar del gremio por presentarse a elecciones - Diario del Sur","og_description":"Alan Sch\u00f6nborn, Bel\u00e9n Moyano, Javier Navarro, Luis Sandro Bord\u00f3n, Pablo Garc\u00eda, Rub\u00e9n Trinidad y Vanesa Rolando hicieron llegar\u00a0un comunicado en el que dicen ser v\u00edctimas de \u201cmentiras y argumentos falaces\u201d, tendientes a expulsarlos del gremio de los hoteleros y gastron\u00f3micos, \u201cinjustamente acusados de promover divisiones\u201d. \u201cNo promovemos ninguna divisi\u00f3n \u2013replicaron-. Simplemente queremos ponernos a consideraci\u00f3n [&hellip;]","og_url":"https:\/\/diariodelsurdigital.com.ar\/?p=2469","og_site_name":"Diario del Sur","article_published_time":"2025-05-07T16:55:14+00:00","article_modified_time":"2025-05-07T16:55:16+00:00","og_image":[{"width":435,"height":290,"url":"https:\/\/diariodelsurdigital.com.ar\/wp-content\/uploads\/2025\/05\/l_1746630403.jpg","type":"image\/jpeg"}],"author":"Diario del Sur Digital","twitter_card":"summary_large_image","twitter_misc":{"Escrito por":"Diario del Sur Digital","Tiempo de lectura":"5 minutos"},"schema":{"@context":"https:\/\/schema.org","@graph":[{"@type":"Article","@id":"https:\/\/diariodelsurdigital.com.ar\/?p=2469#article","isPartOf":{"@id":"https:\/\/diariodelsurdigital.com.ar\/?p=2469"},"author":{"name":"Diario del Sur Digital","@id":"https:\/\/diariodelsurdigital.com.ar\/#\/schema\/person\/6136a32571657f7dba980b88b04c5465"},"headline":"Conflicto en UTHGRA: Denuncian ante la Justicia que los quieren expulsar del gremio por presentarse a elecciones","datePublished":"2025-05-07T16:55:14+00:00","dateModified":"2025-05-07T16:55:16+00:00","mainEntityOfPage":{"@id":"https:\/\/diariodelsurdigital.com.ar\/?p=2469"},"wordCount":979,"commentCount":0,"image":{"@id":"https:\/\/diariodelsurdigital.com.ar\/?p=2469#primaryimage"},"thumbnailUrl":"https:\/\/diariodelsurdigital.com.ar\/wp-content\/uploads\/2025\/05\/l_1746630403.jpg","articleSection":["Provinciales"],"inLanguage":"es","potentialAction":[{"@type":"CommentAction","name":"Comment","target":["https:\/\/diariodelsurdigital.com.ar\/?p=2469#respond"]}]},{"@type":"WebPage","@id":"https:\/\/diariodelsurdigital.com.ar\/?p=2469","url":"https:\/\/diariodelsurdigital.com.ar\/?p=2469","name":"Conflicto en UTHGRA: Denuncian ante la Justicia que los quieren expulsar del gremio por presentarse a elecciones - Diario del Sur","isPartOf":{"@id":"https:\/\/diariodelsurdigital.com.ar\/#website"},"primaryImageOfPage":{"@id":"https:\/\/diariodelsurdigital.com.ar\/?p=2469#primaryimage"},"image":{"@id":"https:\/\/diariodelsurdigital.com.ar\/?p=2469#primaryimage"},"thumbnailUrl":"https:\/\/diariodelsurdigital.com.ar\/wp-content\/uploads\/2025\/05\/l_1746630403.jpg","datePublished":"2025-05-07T16:55:14+00:00","dateModified":"2025-05-07T16:55:16+00:00","author":{"@id":"https:\/\/diariodelsurdigital.com.ar\/#\/schema\/person\/6136a32571657f7dba980b88b04c5465"},"breadcrumb":{"@id":"https:\/\/diariodelsurdigital.com.ar\/?p=2469#breadcrumb"},"inLanguage":"es","potentialAction":[{"@type":"ReadAction","target":["https:\/\/diariodelsurdigital.com.ar\/?p=2469"]}]},{"@type":"ImageObject","inLanguage":"es","@id":"https:\/\/diariodelsurdigital.com.ar\/?p=2469#primaryimage","url":"https:\/\/diariodelsurdigital.com.ar\/wp-content\/uploads\/2025\/05\/l_1746630403.jpg","contentUrl":"https:\/\/diariodelsurdigital.com.ar\/wp-content\/uploads\/2025\/05\/l_1746630403.jpg","width":435,"height":290},{"@type":"BreadcrumbList","@id":"https:\/\/diariodelsurdigital.com.ar\/?p=2469#breadcrumb","itemListElement":[{"@type":"ListItem","position":1,"name":"Portada","item":"https:\/\/diariodelsurdigital.com.ar\/"},{"@type":"ListItem","position":2,"name":"Conflicto en UTHGRA: Denuncian ante la Justicia que los quieren expulsar del gremio por presentarse a elecciones"}]},{"@type":"WebSite","@id":"https:\/\/diariodelsurdigital.com.ar\/#website","url":"https:\/\/diariodelsurdigital.com.ar\/","name":"Diario del Sur","description":"Digital","potentialAction":[{"@type":"SearchAction","target":{"@type":"EntryPoint","urlTemplate":"https:\/\/diariodelsurdigital.com.ar\/?s={search_term_string}"},"query-input":{"@type":"PropertyValueSpecification","valueRequired":true,"valueName":"search_term_string"}}],"inLanguage":"es"},{"@type":"Person","@id":"https:\/\/diariodelsurdigital.com.ar\/#\/schema\/person\/6136a32571657f7dba980b88b04c5465","name":"Diario del Sur Digital","image":{"@type":"ImageObject","inLanguage":"es","@id":"https:\/\/secure.gravatar.com\/avatar\/4c29ceac98541dd42460b2474aaa5dd37594d6ce6cb3cf2c101d09b48ee287ba?s=96&d=mm&r=g","url":"https:\/\/secure.gravatar.com\/avatar\/4c29ceac98541dd42460b2474aaa5dd37594d6ce6cb3cf2c101d09b48ee287ba?s=96&d=mm&r=g","contentUrl":"https:\/\/secure.gravatar.com\/avatar\/4c29ceac98541dd42460b2474aaa5dd37594d6ce6cb3cf2c101d09b48ee287ba?s=96&d=mm&r=g","caption":"Diario del Sur Digital"},"url":"https:\/\/diariodelsurdigital.com.ar\/?author=2"}]}},"_links":{"self":[{"href":"https:\/\/diariodelsurdigital.com.ar\/index.php?rest_route=\/wp\/v2\/posts\/2469","targetHints":{"allow":["GET"]}}],"collection":[{"href":"https:\/\/diariodelsurdigital.com.ar\/index.php?rest_route=\/wp\/v2\/posts"}],"about":[{"href":"https:\/\/diariodelsurdigital.com.ar\/index.php?rest_route=\/wp\/v2\/types\/post"}],"author":[{"embeddable":true,"href":"https:\/\/diariodelsurdigital.com.ar\/index.php?rest_route=\/wp\/v2\/users\/2"}],"replies":[{"embeddable":true,"href":"https:\/\/diariodelsurdigital.com.ar\/index.php?rest_route=%2Fwp%2Fv2%2Fcomments&post=2469"}],"version-history":[{"count":1,"href":"https:\/\/diariodelsurdigital.com.ar\/index.php?rest_route=\/wp\/v2\/posts\/2469\/revisions"}],"predecessor-version":[{"id":2483,"href":"https:\/\/diariodelsurdigital.com.ar\/index.php?rest_route=\/wp\/v2\/posts\/2469\/revisions\/2483"}],"wp:featuredmedia":[{"embeddable":true,"href":"https:\/\/diariodelsurdigital.com.ar\/index.php?rest_route=\/wp\/v2\/media\/2482"}],"wp:attachment":[{"href":"https:\/\/diariodelsurdigital.com.ar\/index.php?rest_route=%2Fwp%2Fv2%2Fmedia&parent=2469"}],"wp:term":[{"taxonomy":"category","embeddable":true,"href":"https:\/\/diariodelsurdigital.com.ar\/index.php?rest_route=%2Fwp%2Fv2%2Fcategories&post=2469"},{"taxonomy":"post_tag","embeddable":true,"href":"https:\/\/diariodelsurdigital.com.ar\/index.php?rest_route=%2Fwp%2Fv2%2Ftags&post=2469"}],"curies":[{"name":"wp","href":"https:\/\/api.w.org\/{rel}","templated":true}]}}