{"id":2472,"date":"2025-05-07T13:45:57","date_gmt":"2025-05-07T16:45:57","guid":{"rendered":"https:\/\/diariodelsurdigital.com.ar\/?p=2472"},"modified":"2025-05-07T13:45:59","modified_gmt":"2025-05-07T16:45:59","slug":"osuna-advirtio-que-la-creacion-de-una-nueva-obra-social-es-un-negocio-encubierto","status":"publish","type":"post","link":"https:\/\/diariodelsurdigital.com.ar\/?p=2472","title":{"rendered":"Osuna advirti\u00f3 que la creaci\u00f3n de una nueva obra social \u201ces un negocio encubierto\u201d"},"content":{"rendered":"\n<p>La diputada nacional Blanca Osuna (Uni\u00f3n Por la Patria) sostuvo que la intenci\u00f3n del Gobierno provincial de avanzar en la creaci\u00f3n de una nueva obra social estatal, denominada OSER, en reemplazo del hist\u00f3rico Iosper no representa una modernizaci\u00f3n del sistema de salud provincial, sino un \u201cnegocio encubierto\u201d que concentra poder y recursos bajo control directo del Ejecutivo. Asever\u00f3: \u201cQuieren imponer un sistema digitado por porte\u00f1os para favorecer a empresas de CABA\u201d.<\/p>\n\n\n\n<p>\u201cOSER no es una reforma, es un negocio encubierto\u201d, public\u00f3 la diputada justicialista en sus redes sociales al cuestionar el proyecto que el Gobierno envi\u00f3 a la C\u00e1mara de Senadores con el fin de crear una nueva obra social y disolver el Iosper.<\/p>\n\n\n\n<p>\u201cLa eliminaci\u00f3n del Iosper para crear una nueva obra social, OSER, bajo control directo de Rogelio Frigerio es un vaciamiento brutal de una obra social que pertenece a las y los trabajadores\u201d, asever\u00f3 y fue m\u00e1s all\u00e1 al decir que \u201ces la destrucci\u00f3n de servicios de salud indispensables para empleados, jubilados, pensionados y sus familias\u201d.<\/p>\n\n\n\n<p>\u201cFrigerio no est\u00e1 \u2018modernizando0 la obra social. La est\u00e1 vaciando para concentrar poder y recursos en manos de unos pocos. La OSER le garantiza al Ejecutivo control absoluto sobre contratos con empresas de Buenos Aires como los que en este mes de intervenci\u00f3n se firmaron con Tesis SRL, MTG Group S.A., IPMAG S.A. y Cardiomed S.A.<\/p>\n\n\n\n<p>\u201cQuieren imponer un sistema digitado por porte\u00f1os para favorecer a empresas de CABA\u201d<\/p>\n\n\n\n<p>\u201cQuieren destruir d\u00e9cadas de autonom\u00eda y representatividad gremial. Frigerio quiere armar una estructura para amigos tal como es el interventor Mariano Gallegos, que antes estuvo a cargo de la vicepresidencia de la Obra Social de la Ciudad de Buenos Aires (ObSBA) entre 2009 y 2014\u201d.<\/p>\n\n\n\n<p>\u201cQuieren imponer un sistema opaco, tercerizado y digitado por porte\u00f1os para favorecer a empresas de CABA. Quieren manejar una caja millonaria sin controles reales. OSER es un modelo de ajuste y privatizaci\u00f3n disfrazado con un discurso de conveniencia\u201d.<\/p>\n","protected":false},"excerpt":{"rendered":"<p>La diputada nacional Blanca Osuna (Uni\u00f3n Por la Patria) sostuvo que la intenci\u00f3n del Gobierno provincial de avanzar en la creaci\u00f3n de una nueva obra social estatal, denominada OSER, en reemplazo del hist\u00f3rico Iosper no representa una modernizaci\u00f3n del sistema de salud provincial, sino un \u201cnegocio encubierto\u201d que concentra poder y recursos bajo control directo [&hellip;]<\/p>\n","protected":false},"author":4,"featured_media":2473,"comment_status":"open","ping_status":"open","sticky":false,"template":"","format":"standard","meta":{"footnotes":""},"categories":[17],"tags":[],"class_list":{"0":"post-2472","1":"post","2":"type-post","3":"status-publish","4":"format-standard","5":"has-post-thumbnail","7":"category-provinciales"},"yoast_head":"<!-- This site is optimized with the Yoast SEO plugin v27.4 - https:\/\/yoast.com\/product\/yoast-seo-wordpress\/ -->\n<title>Osuna advirti\u00f3 que la creaci\u00f3n de una nueva obra social \u201ces un negocio encubierto\u201d - Diario del Sur<\/title>\n<meta name=\"robots\" content=\"index, follow, max-snippet:-1, max-image-preview:large, max-video-preview:-1\" \/>\n<link rel=\"canonical\" href=\"https:\/\/diariodelsurdigital.com.ar\/?p=2472\" \/>\n<meta property=\"og:locale\" content=\"es_ES\" \/>\n<meta property=\"og:type\" content=\"article\" \/>\n<meta property=\"og:title\" content=\"Osuna advirti\u00f3 que la creaci\u00f3n de una nueva obra social \u201ces un negocio encubierto\u201d - Diario del Sur\" \/>\n<meta property=\"og:description\" content=\"La diputada nacional Blanca Osuna (Uni\u00f3n Por la Patria) sostuvo que la intenci\u00f3n del Gobierno provincial de avanzar en la creaci\u00f3n de una nueva obra social estatal, denominada OSER, en reemplazo del hist\u00f3rico Iosper no representa una modernizaci\u00f3n del sistema de salud provincial, sino un \u201cnegocio encubierto\u201d que concentra poder y recursos bajo control directo [&hellip;]\" \/>\n<meta property=\"og:url\" content=\"https:\/\/diariodelsurdigital.com.ar\/?p=2472\" \/>\n<meta property=\"og:site_name\" content=\"Diario del Sur\" \/>\n<meta property=\"article:published_time\" content=\"2025-05-07T16:45:57+00:00\" \/>\n<meta property=\"article:modified_time\" content=\"2025-05-07T16:45:59+00:00\" \/>\n<meta property=\"og:image\" content=\"https:\/\/diariodelsurdigital.com.ar\/wp-content\/uploads\/2025\/05\/md-6.webp\" \/>\n\t<meta property=\"og:image:width\" content=\"992\" \/>\n\t<meta property=\"og:image:height\" content=\"661\" \/>\n\t<meta property=\"og:image:type\" content=\"image\/webp\" \/>\n<meta name=\"author\" content=\"Diario del Sur Digital\" \/>\n<meta name=\"twitter:card\" content=\"summary_large_image\" \/>\n<meta name=\"twitter:label1\" content=\"Escrito por\" \/>\n\t<meta name=\"twitter:data1\" content=\"Diario del Sur Digital\" \/>\n\t<meta name=\"twitter:label2\" content=\"Tiempo de lectura\" \/>\n\t<meta name=\"twitter:data2\" content=\"2 minutos\" \/>\n<script type=\"application\/ld+json\" class=\"yoast-schema-graph\">{\"@context\":\"https:\\\/\\\/schema.org\",\"@graph\":[{\"@type\":\"Article\",\"@id\":\"https:\\\/\\\/diariodelsurdigital.com.ar\\\/?p=2472#article\",\"isPartOf\":{\"@id\":\"https:\\\/\\\/diariodelsurdigital.com.ar\\\/?p=2472\"},\"author\":{\"name\":\"Diario del Sur Digital\",\"@id\":\"https:\\\/\\\/diariodelsurdigital.com.ar\\\/#\\\/schema\\\/person\\\/1a4992532ed62965c968031b49195c81\"},\"headline\":\"Osuna advirti\u00f3 que la creaci\u00f3n de una nueva obra social \u201ces un negocio encubierto\u201d\",\"datePublished\":\"2025-05-07T16:45:57+00:00\",\"dateModified\":\"2025-05-07T16:45:59+00:00\",\"mainEntityOfPage\":{\"@id\":\"https:\\\/\\\/diariodelsurdigital.com.ar\\\/?p=2472\"},\"wordCount\":353,\"commentCount\":0,\"image\":{\"@id\":\"https:\\\/\\\/diariodelsurdigital.com.ar\\\/?p=2472#primaryimage\"},\"thumbnailUrl\":\"https:\\\/\\\/diariodelsurdigital.com.ar\\\/wp-content\\\/uploads\\\/2025\\\/05\\\/md-6.webp\",\"articleSection\":[\"Provinciales\"],\"inLanguage\":\"es\",\"potentialAction\":[{\"@type\":\"CommentAction\",\"name\":\"Comment\",\"target\":[\"https:\\\/\\\/diariodelsurdigital.com.ar\\\/?p=2472#respond\"]}]},{\"@type\":\"WebPage\",\"@id\":\"https:\\\/\\\/diariodelsurdigital.com.ar\\\/?p=2472\",\"url\":\"https:\\\/\\\/diariodelsurdigital.com.ar\\\/?p=2472\",\"name\":\"Osuna advirti\u00f3 que la creaci\u00f3n de una nueva obra social \u201ces un negocio encubierto\u201d - Diario del Sur\",\"isPartOf\":{\"@id\":\"https:\\\/\\\/diariodelsurdigital.com.ar\\\/#website\"},\"primaryImageOfPage\":{\"@id\":\"https:\\\/\\\/diariodelsurdigital.com.ar\\\/?p=2472#primaryimage\"},\"image\":{\"@id\":\"https:\\\/\\\/diariodelsurdigital.com.ar\\\/?p=2472#primaryimage\"},\"thumbnailUrl\":\"https:\\\/\\\/diariodelsurdigital.com.ar\\\/wp-content\\\/uploads\\\/2025\\\/05\\\/md-6.webp\",\"datePublished\":\"2025-05-07T16:45:57+00:00\",\"dateModified\":\"2025-05-07T16:45:59+00:00\",\"author\":{\"@id\":\"https:\\\/\\\/diariodelsurdigital.com.ar\\\/#\\\/schema\\\/person\\\/1a4992532ed62965c968031b49195c81\"},\"breadcrumb\":{\"@id\":\"https:\\\/\\\/diariodelsurdigital.com.ar\\\/?p=2472#breadcrumb\"},\"inLanguage\":\"es\",\"potentialAction\":[{\"@type\":\"ReadAction\",\"target\":[\"https:\\\/\\\/diariodelsurdigital.com.ar\\\/?p=2472\"]}]},{\"@type\":\"ImageObject\",\"inLanguage\":\"es\",\"@id\":\"https:\\\/\\\/diariodelsurdigital.com.ar\\\/?p=2472#primaryimage\",\"url\":\"https:\\\/\\\/diariodelsurdigital.com.ar\\\/wp-content\\\/uploads\\\/2025\\\/05\\\/md-6.webp\",\"contentUrl\":\"https:\\\/\\\/diariodelsurdigital.com.ar\\\/wp-content\\\/uploads\\\/2025\\\/05\\\/md-6.webp\",\"width\":992,\"height\":661},{\"@type\":\"BreadcrumbList\",\"@id\":\"https:\\\/\\\/diariodelsurdigital.com.ar\\\/?p=2472#breadcrumb\",\"itemListElement\":[{\"@type\":\"ListItem\",\"position\":1,\"name\":\"Portada\",\"item\":\"https:\\\/\\\/diariodelsurdigital.com.ar\\\/\"},{\"@type\":\"ListItem\",\"position\":2,\"name\":\"Osuna advirti\u00f3 que la creaci\u00f3n de una nueva obra social \u201ces un negocio encubierto\u201d\"}]},{\"@type\":\"WebSite\",\"@id\":\"https:\\\/\\\/diariodelsurdigital.com.ar\\\/#website\",\"url\":\"https:\\\/\\\/diariodelsurdigital.com.ar\\\/\",\"name\":\"Diario del Sur\",\"description\":\"Digital\",\"potentialAction\":[{\"@type\":\"SearchAction\",\"target\":{\"@type\":\"EntryPoint\",\"urlTemplate\":\"https:\\\/\\\/diariodelsurdigital.com.ar\\\/?s={search_term_string}\"},\"query-input\":{\"@type\":\"PropertyValueSpecification\",\"valueRequired\":true,\"valueName\":\"search_term_string\"}}],\"inLanguage\":\"es\"},{\"@type\":\"Person\",\"@id\":\"https:\\\/\\\/diariodelsurdigital.com.ar\\\/#\\\/schema\\\/person\\\/1a4992532ed62965c968031b49195c81\",\"name\":\"Diario del Sur Digital\",\"image\":{\"@type\":\"ImageObject\",\"inLanguage\":\"es\",\"@id\":\"https:\\\/\\\/secure.gravatar.com\\\/avatar\\\/f0c7c47fc7146d19828273b9b8eda651c9c7ab583767e6338d3d3bee825adf76?s=96&d=mm&r=g\",\"url\":\"https:\\\/\\\/secure.gravatar.com\\\/avatar\\\/f0c7c47fc7146d19828273b9b8eda651c9c7ab583767e6338d3d3bee825adf76?s=96&d=mm&r=g\",\"contentUrl\":\"https:\\\/\\\/secure.gravatar.com\\\/avatar\\\/f0c7c47fc7146d19828273b9b8eda651c9c7ab583767e6338d3d3bee825adf76?s=96&d=mm&r=g\",\"caption\":\"Diario del Sur Digital\"},\"url\":\"https:\\\/\\\/diariodelsurdigital.com.ar\\\/?author=4\"}]}<\/script>\n<!-- \/ Yoast SEO plugin. -->","yoast_head_json":{"title":"Osuna advirti\u00f3 que la creaci\u00f3n de una nueva obra social \u201ces un negocio encubierto\u201d - Diario del Sur","robots":{"index":"index","follow":"follow","max-snippet":"max-snippet:-1","max-image-preview":"max-image-preview:large","max-video-preview":"max-video-preview:-1"},"canonical":"https:\/\/diariodelsurdigital.com.ar\/?p=2472","og_locale":"es_ES","og_type":"article","og_title":"Osuna advirti\u00f3 que la creaci\u00f3n de una nueva obra social \u201ces un negocio encubierto\u201d - Diario del Sur","og_description":"La diputada nacional Blanca Osuna (Uni\u00f3n Por la Patria) sostuvo que la intenci\u00f3n del Gobierno provincial de avanzar en la creaci\u00f3n de una nueva obra social estatal, denominada OSER, en reemplazo del hist\u00f3rico Iosper no representa una modernizaci\u00f3n del sistema de salud provincial, sino un \u201cnegocio encubierto\u201d que concentra poder y recursos bajo control directo [&hellip;]","og_url":"https:\/\/diariodelsurdigital.com.ar\/?p=2472","og_site_name":"Diario del Sur","article_published_time":"2025-05-07T16:45:57+00:00","article_modified_time":"2025-05-07T16:45:59+00:00","og_image":[{"width":992,"height":661,"url":"https:\/\/diariodelsurdigital.com.ar\/wp-content\/uploads\/2025\/05\/md-6.webp","type":"image\/webp"}],"author":"Diario del Sur Digital","twitter_card":"summary_large_image","twitter_misc":{"Escrito por":"Diario del Sur Digital","Tiempo de lectura":"2 minutos"},"schema":{"@context":"https:\/\/schema.org","@graph":[{"@type":"Article","@id":"https:\/\/diariodelsurdigital.com.ar\/?p=2472#article","isPartOf":{"@id":"https:\/\/diariodelsurdigital.com.ar\/?p=2472"},"author":{"name":"Diario del Sur Digital","@id":"https:\/\/diariodelsurdigital.com.ar\/#\/schema\/person\/1a4992532ed62965c968031b49195c81"},"headline":"Osuna advirti\u00f3 que la creaci\u00f3n de una nueva obra social \u201ces un negocio encubierto\u201d","datePublished":"2025-05-07T16:45:57+00:00","dateModified":"2025-05-07T16:45:59+00:00","mainEntityOfPage":{"@id":"https:\/\/diariodelsurdigital.com.ar\/?p=2472"},"wordCount":353,"commentCount":0,"image":{"@id":"https:\/\/diariodelsurdigital.com.ar\/?p=2472#primaryimage"},"thumbnailUrl":"https:\/\/diariodelsurdigital.com.ar\/wp-content\/uploads\/2025\/05\/md-6.webp","articleSection":["Provinciales"],"inLanguage":"es","potentialAction":[{"@type":"CommentAction","name":"Comment","target":["https:\/\/diariodelsurdigital.com.ar\/?p=2472#respond"]}]},{"@type":"WebPage","@id":"https:\/\/diariodelsurdigital.com.ar\/?p=2472","url":"https:\/\/diariodelsurdigital.com.ar\/?p=2472","name":"Osuna advirti\u00f3 que la creaci\u00f3n de una nueva obra social \u201ces un negocio encubierto\u201d - Diario del Sur","isPartOf":{"@id":"https:\/\/diariodelsurdigital.com.ar\/#website"},"primaryImageOfPage":{"@id":"https:\/\/diariodelsurdigital.com.ar\/?p=2472#primaryimage"},"image":{"@id":"https:\/\/diariodelsurdigital.com.ar\/?p=2472#primaryimage"},"thumbnailUrl":"https:\/\/diariodelsurdigital.com.ar\/wp-content\/uploads\/2025\/05\/md-6.webp","datePublished":"2025-05-07T16:45:57+00:00","dateModified":"2025-05-07T16:45:59+00:00","author":{"@id":"https:\/\/diariodelsurdigital.com.ar\/#\/schema\/person\/1a4992532ed62965c968031b49195c81"},"breadcrumb":{"@id":"https:\/\/diariodelsurdigital.com.ar\/?p=2472#breadcrumb"},"inLanguage":"es","potentialAction":[{"@type":"ReadAction","target":["https:\/\/diariodelsurdigital.com.ar\/?p=2472"]}]},{"@type":"ImageObject","inLanguage":"es","@id":"https:\/\/diariodelsurdigital.com.ar\/?p=2472#primaryimage","url":"https:\/\/diariodelsurdigital.com.ar\/wp-content\/uploads\/2025\/05\/md-6.webp","contentUrl":"https:\/\/diariodelsurdigital.com.ar\/wp-content\/uploads\/2025\/05\/md-6.webp","width":992,"height":661},{"@type":"BreadcrumbList","@id":"https:\/\/diariodelsurdigital.com.ar\/?p=2472#breadcrumb","itemListElement":[{"@type":"ListItem","position":1,"name":"Portada","item":"https:\/\/diariodelsurdigital.com.ar\/"},{"@type":"ListItem","position":2,"name":"Osuna advirti\u00f3 que la creaci\u00f3n de una nueva obra social \u201ces un negocio encubierto\u201d"}]},{"@type":"WebSite","@id":"https:\/\/diariodelsurdigital.com.ar\/#website","url":"https:\/\/diariodelsurdigital.com.ar\/","name":"Diario del Sur","description":"Digital","potentialAction":[{"@type":"SearchAction","target":{"@type":"EntryPoint","urlTemplate":"https:\/\/diariodelsurdigital.com.ar\/?s={search_term_string}"},"query-input":{"@type":"PropertyValueSpecification","valueRequired":true,"valueName":"search_term_string"}}],"inLanguage":"es"},{"@type":"Person","@id":"https:\/\/diariodelsurdigital.com.ar\/#\/schema\/person\/1a4992532ed62965c968031b49195c81","name":"Diario del Sur Digital","image":{"@type":"ImageObject","inLanguage":"es","@id":"https:\/\/secure.gravatar.com\/avatar\/f0c7c47fc7146d19828273b9b8eda651c9c7ab583767e6338d3d3bee825adf76?s=96&d=mm&r=g","url":"https:\/\/secure.gravatar.com\/avatar\/f0c7c47fc7146d19828273b9b8eda651c9c7ab583767e6338d3d3bee825adf76?s=96&d=mm&r=g","contentUrl":"https:\/\/secure.gravatar.com\/avatar\/f0c7c47fc7146d19828273b9b8eda651c9c7ab583767e6338d3d3bee825adf76?s=96&d=mm&r=g","caption":"Diario del Sur Digital"},"url":"https:\/\/diariodelsurdigital.com.ar\/?author=4"}]}},"_links":{"self":[{"href":"https:\/\/diariodelsurdigital.com.ar\/index.php?rest_route=\/wp\/v2\/posts\/2472","targetHints":{"allow":["GET"]}}],"collection":[{"href":"https:\/\/diariodelsurdigital.com.ar\/index.php?rest_route=\/wp\/v2\/posts"}],"about":[{"href":"https:\/\/diariodelsurdigital.com.ar\/index.php?rest_route=\/wp\/v2\/types\/post"}],"author":[{"embeddable":true,"href":"https:\/\/diariodelsurdigital.com.ar\/index.php?rest_route=\/wp\/v2\/users\/4"}],"replies":[{"embeddable":true,"href":"https:\/\/diariodelsurdigital.com.ar\/index.php?rest_route=%2Fwp%2Fv2%2Fcomments&post=2472"}],"version-history":[{"count":1,"href":"https:\/\/diariodelsurdigital.com.ar\/index.php?rest_route=\/wp\/v2\/posts\/2472\/revisions"}],"predecessor-version":[{"id":2474,"href":"https:\/\/diariodelsurdigital.com.ar\/index.php?rest_route=\/wp\/v2\/posts\/2472\/revisions\/2474"}],"wp:featuredmedia":[{"embeddable":true,"href":"https:\/\/diariodelsurdigital.com.ar\/index.php?rest_route=\/wp\/v2\/media\/2473"}],"wp:attachment":[{"href":"https:\/\/diariodelsurdigital.com.ar\/index.php?rest_route=%2Fwp%2Fv2%2Fmedia&parent=2472"}],"wp:term":[{"taxonomy":"category","embeddable":true,"href":"https:\/\/diariodelsurdigital.com.ar\/index.php?rest_route=%2Fwp%2Fv2%2Fcategories&post=2472"},{"taxonomy":"post_tag","embeddable":true,"href":"https:\/\/diariodelsurdigital.com.ar\/index.php?rest_route=%2Fwp%2Fv2%2Ftags&post=2472"}],"curies":[{"name":"wp","href":"https:\/\/api.w.org\/{rel}","templated":true}]}}