{"id":2486,"date":"2025-05-07T14:09:05","date_gmt":"2025-05-07T17:09:05","guid":{"rendered":"https:\/\/diariodelsurdigital.com.ar\/?p=2486"},"modified":"2025-05-07T14:09:06","modified_gmt":"2025-05-07T17:09:06","slug":"anunciaron-que-la-fiesta-de-disfraces-no-se-realizara-en-parana","status":"publish","type":"post","link":"https:\/\/diariodelsurdigital.com.ar\/?p=2486","title":{"rendered":"Anunciaron que la Fiesta de Disfraces no se realizar\u00e1 en Paran\u00e1"},"content":{"rendered":"\n<h1 class=\"wp-block-heading\"><\/h1>\n\n\n\n<p>En un comunicado publicado este mi\u00e9rcoles, los organizadores de la Fiesta de Disfraces (FDD) confirmaron que la edici\u00f3n 2025 del tradicional evento no se realizar\u00e1 en Paran\u00e1, como ven\u00eda sucediendo desde sus or\u00edgenes, sino que por primera vez tendr\u00e1 lugar en otra ciudad del pa\u00eds. Si bien no se revel\u00f3 a\u00fan la nueva sede, destacaron que la decisi\u00f3n se tom\u00f3 luego de recibir m\u00faltiples propuestas de distintas localidades.<\/p>\n\n\n\n<p>\u201cQueremos compartir con ustedes que la edici\u00f3n 2025 de la FDD tendr\u00e1 lugar, por primera vez, en una nueva ciudad\u201d, se\u00f1alaron. La noticia marca un hito para uno de los eventos m\u00e1s convocantes de la regi\u00f3n, que a lo largo de los a\u00f1os se consolid\u00f3 como una de las fiestas tem\u00e1ticas m\u00e1s importantes de Am\u00e9rica Latina.<\/p>\n\n\n\n<p>Seg\u00fan explicaron, la iniciativa surgi\u00f3 como respuesta al inter\u00e9s demostrado desde otras partes del pa\u00eds: \u201cEsta oportunidad ha surgido gracias a la enorme cantidad de propuestas y muestras de inter\u00e9s recibidas en estos meses desde distintos puntos del pa\u00eds\u201d. No obstante, dejaron la puerta abierta a un eventual retorno: \u201cSiempre manteniendo la expectativa de que en el futuro la Fiesta pueda volver a realizarse en Paran\u00e1\u201d, public\u00f3&nbsp;<em>PlazaWeb<\/em>.<\/p>\n\n\n\n<p>Desde la organizaci\u00f3n pusieron especial \u00e9nfasis en destacar el valor del p\u00fablico que acompa\u00f1a cada edici\u00f3n: \u201cSabemos que lo m\u00e1s valioso que tiene la FDD es su gente: desde quienes crecimos con ella hasta quienes, desde todos los rincones de Argentina, la viven a\u00f1o tras a\u00f1o\u201d.<\/p>\n\n\n\n<figure class=\"wp-block-image size-large\"><img loading=\"lazy\" decoding=\"async\" width=\"1024\" height=\"576\" src=\"https:\/\/diariodelsurdigital.com.ar\/wp-content\/uploads\/2025\/05\/fiesta-disfraces-2023-1jpg-1024x576.webp\" alt=\"\" class=\"wp-image-2488\" srcset=\"https:\/\/diariodelsurdigital.com.ar\/wp-content\/uploads\/2025\/05\/fiesta-disfraces-2023-1jpg-1024x576.webp 1024w, https:\/\/diariodelsurdigital.com.ar\/wp-content\/uploads\/2025\/05\/fiesta-disfraces-2023-1jpg-300x169.webp 300w, https:\/\/diariodelsurdigital.com.ar\/wp-content\/uploads\/2025\/05\/fiesta-disfraces-2023-1jpg-768x432.webp 768w, https:\/\/diariodelsurdigital.com.ar\/wp-content\/uploads\/2025\/05\/fiesta-disfraces-2023-1jpg-747x420.webp 747w, https:\/\/diariodelsurdigital.com.ar\/wp-content\/uploads\/2025\/05\/fiesta-disfraces-2023-1jpg-696x392.webp 696w, https:\/\/diariodelsurdigital.com.ar\/wp-content\/uploads\/2025\/05\/fiesta-disfraces-2023-1jpg-1068x601.webp 1068w, https:\/\/diariodelsurdigital.com.ar\/wp-content\/uploads\/2025\/05\/fiesta-disfraces-2023-1jpg.webp 1200w\" sizes=\"auto, (max-width: 1024px) 100vw, 1024px\" \/><\/figure>\n","protected":false},"excerpt":{"rendered":"<p>En un comunicado publicado este mi\u00e9rcoles, los organizadores de la Fiesta de Disfraces (FDD) confirmaron que la edici\u00f3n 2025 del tradicional evento no se realizar\u00e1 en Paran\u00e1, como ven\u00eda sucediendo desde sus or\u00edgenes, sino que por primera vez tendr\u00e1 lugar en otra ciudad del pa\u00eds. Si bien no se revel\u00f3 a\u00fan la nueva sede, destacaron [&hellip;]<\/p>\n","protected":false},"author":2,"featured_media":2487,"comment_status":"open","ping_status":"open","sticky":false,"template":"","format":"standard","meta":{"footnotes":""},"categories":[17],"tags":[],"class_list":{"0":"post-2486","1":"post","2":"type-post","3":"status-publish","4":"format-standard","5":"has-post-thumbnail","7":"category-provinciales"},"yoast_head":"<!-- This site is optimized with the Yoast SEO plugin v27.4 - https:\/\/yoast.com\/product\/yoast-seo-wordpress\/ -->\n<title>Anunciaron que la Fiesta de Disfraces no se realizar\u00e1 en Paran\u00e1 - Diario del Sur<\/title>\n<meta name=\"robots\" content=\"index, follow, max-snippet:-1, max-image-preview:large, max-video-preview:-1\" \/>\n<link rel=\"canonical\" href=\"https:\/\/diariodelsurdigital.com.ar\/?p=2486\" \/>\n<meta property=\"og:locale\" content=\"es_ES\" \/>\n<meta property=\"og:type\" content=\"article\" \/>\n<meta property=\"og:title\" content=\"Anunciaron que la Fiesta de Disfraces no se realizar\u00e1 en Paran\u00e1 - Diario del Sur\" \/>\n<meta property=\"og:description\" content=\"En un comunicado publicado este mi\u00e9rcoles, los organizadores de la Fiesta de Disfraces (FDD) confirmaron que la edici\u00f3n 2025 del tradicional evento no se realizar\u00e1 en Paran\u00e1, como ven\u00eda sucediendo desde sus or\u00edgenes, sino que por primera vez tendr\u00e1 lugar en otra ciudad del pa\u00eds. Si bien no se revel\u00f3 a\u00fan la nueva sede, destacaron [&hellip;]\" \/>\n<meta property=\"og:url\" content=\"https:\/\/diariodelsurdigital.com.ar\/?p=2486\" \/>\n<meta property=\"og:site_name\" content=\"Diario del Sur\" \/>\n<meta property=\"article:published_time\" content=\"2025-05-07T17:09:05+00:00\" \/>\n<meta property=\"article:modified_time\" content=\"2025-05-07T17:09:06+00:00\" \/>\n<meta property=\"og:image\" content=\"https:\/\/diariodelsurdigital.com.ar\/wp-content\/uploads\/2025\/05\/o_1574055888.jpg\" \/>\n\t<meta property=\"og:image:width\" content=\"452\" \/>\n\t<meta property=\"og:image:height\" content=\"315\" \/>\n\t<meta property=\"og:image:type\" content=\"image\/jpeg\" \/>\n<meta name=\"author\" content=\"Diario del Sur Digital\" \/>\n<meta name=\"twitter:card\" content=\"summary_large_image\" \/>\n<meta name=\"twitter:label1\" content=\"Escrito por\" \/>\n\t<meta name=\"twitter:data1\" content=\"Diario del Sur Digital\" \/>\n\t<meta name=\"twitter:label2\" content=\"Tiempo de lectura\" \/>\n\t<meta name=\"twitter:data2\" content=\"2 minutos\" \/>\n<script type=\"application\/ld+json\" class=\"yoast-schema-graph\">{\"@context\":\"https:\\\/\\\/schema.org\",\"@graph\":[{\"@type\":\"Article\",\"@id\":\"https:\\\/\\\/diariodelsurdigital.com.ar\\\/?p=2486#article\",\"isPartOf\":{\"@id\":\"https:\\\/\\\/diariodelsurdigital.com.ar\\\/?p=2486\"},\"author\":{\"name\":\"Diario del Sur Digital\",\"@id\":\"https:\\\/\\\/diariodelsurdigital.com.ar\\\/#\\\/schema\\\/person\\\/6136a32571657f7dba980b88b04c5465\"},\"headline\":\"Anunciaron que la Fiesta de Disfraces no se realizar\u00e1 en Paran\u00e1\",\"datePublished\":\"2025-05-07T17:09:05+00:00\",\"dateModified\":\"2025-05-07T17:09:06+00:00\",\"mainEntityOfPage\":{\"@id\":\"https:\\\/\\\/diariodelsurdigital.com.ar\\\/?p=2486\"},\"wordCount\":276,\"commentCount\":0,\"image\":{\"@id\":\"https:\\\/\\\/diariodelsurdigital.com.ar\\\/?p=2486#primaryimage\"},\"thumbnailUrl\":\"https:\\\/\\\/diariodelsurdigital.com.ar\\\/wp-content\\\/uploads\\\/2025\\\/05\\\/o_1574055888.jpg\",\"articleSection\":[\"Provinciales\"],\"inLanguage\":\"es\",\"potentialAction\":[{\"@type\":\"CommentAction\",\"name\":\"Comment\",\"target\":[\"https:\\\/\\\/diariodelsurdigital.com.ar\\\/?p=2486#respond\"]}]},{\"@type\":\"WebPage\",\"@id\":\"https:\\\/\\\/diariodelsurdigital.com.ar\\\/?p=2486\",\"url\":\"https:\\\/\\\/diariodelsurdigital.com.ar\\\/?p=2486\",\"name\":\"Anunciaron que la Fiesta de Disfraces no se realizar\u00e1 en Paran\u00e1 - Diario del Sur\",\"isPartOf\":{\"@id\":\"https:\\\/\\\/diariodelsurdigital.com.ar\\\/#website\"},\"primaryImageOfPage\":{\"@id\":\"https:\\\/\\\/diariodelsurdigital.com.ar\\\/?p=2486#primaryimage\"},\"image\":{\"@id\":\"https:\\\/\\\/diariodelsurdigital.com.ar\\\/?p=2486#primaryimage\"},\"thumbnailUrl\":\"https:\\\/\\\/diariodelsurdigital.com.ar\\\/wp-content\\\/uploads\\\/2025\\\/05\\\/o_1574055888.jpg\",\"datePublished\":\"2025-05-07T17:09:05+00:00\",\"dateModified\":\"2025-05-07T17:09:06+00:00\",\"author\":{\"@id\":\"https:\\\/\\\/diariodelsurdigital.com.ar\\\/#\\\/schema\\\/person\\\/6136a32571657f7dba980b88b04c5465\"},\"breadcrumb\":{\"@id\":\"https:\\\/\\\/diariodelsurdigital.com.ar\\\/?p=2486#breadcrumb\"},\"inLanguage\":\"es\",\"potentialAction\":[{\"@type\":\"ReadAction\",\"target\":[\"https:\\\/\\\/diariodelsurdigital.com.ar\\\/?p=2486\"]}]},{\"@type\":\"ImageObject\",\"inLanguage\":\"es\",\"@id\":\"https:\\\/\\\/diariodelsurdigital.com.ar\\\/?p=2486#primaryimage\",\"url\":\"https:\\\/\\\/diariodelsurdigital.com.ar\\\/wp-content\\\/uploads\\\/2025\\\/05\\\/o_1574055888.jpg\",\"contentUrl\":\"https:\\\/\\\/diariodelsurdigital.com.ar\\\/wp-content\\\/uploads\\\/2025\\\/05\\\/o_1574055888.jpg\",\"width\":452,\"height\":315},{\"@type\":\"BreadcrumbList\",\"@id\":\"https:\\\/\\\/diariodelsurdigital.com.ar\\\/?p=2486#breadcrumb\",\"itemListElement\":[{\"@type\":\"ListItem\",\"position\":1,\"name\":\"Portada\",\"item\":\"https:\\\/\\\/diariodelsurdigital.com.ar\\\/\"},{\"@type\":\"ListItem\",\"position\":2,\"name\":\"Anunciaron que la Fiesta de Disfraces no se realizar\u00e1 en Paran\u00e1\"}]},{\"@type\":\"WebSite\",\"@id\":\"https:\\\/\\\/diariodelsurdigital.com.ar\\\/#website\",\"url\":\"https:\\\/\\\/diariodelsurdigital.com.ar\\\/\",\"name\":\"Diario del Sur\",\"description\":\"Digital\",\"potentialAction\":[{\"@type\":\"SearchAction\",\"target\":{\"@type\":\"EntryPoint\",\"urlTemplate\":\"https:\\\/\\\/diariodelsurdigital.com.ar\\\/?s={search_term_string}\"},\"query-input\":{\"@type\":\"PropertyValueSpecification\",\"valueRequired\":true,\"valueName\":\"search_term_string\"}}],\"inLanguage\":\"es\"},{\"@type\":\"Person\",\"@id\":\"https:\\\/\\\/diariodelsurdigital.com.ar\\\/#\\\/schema\\\/person\\\/6136a32571657f7dba980b88b04c5465\",\"name\":\"Diario del Sur Digital\",\"image\":{\"@type\":\"ImageObject\",\"inLanguage\":\"es\",\"@id\":\"https:\\\/\\\/secure.gravatar.com\\\/avatar\\\/4c29ceac98541dd42460b2474aaa5dd37594d6ce6cb3cf2c101d09b48ee287ba?s=96&d=mm&r=g\",\"url\":\"https:\\\/\\\/secure.gravatar.com\\\/avatar\\\/4c29ceac98541dd42460b2474aaa5dd37594d6ce6cb3cf2c101d09b48ee287ba?s=96&d=mm&r=g\",\"contentUrl\":\"https:\\\/\\\/secure.gravatar.com\\\/avatar\\\/4c29ceac98541dd42460b2474aaa5dd37594d6ce6cb3cf2c101d09b48ee287ba?s=96&d=mm&r=g\",\"caption\":\"Diario del Sur Digital\"},\"url\":\"https:\\\/\\\/diariodelsurdigital.com.ar\\\/?author=2\"}]}<\/script>\n<!-- \/ Yoast SEO plugin. -->","yoast_head_json":{"title":"Anunciaron que la Fiesta de Disfraces no se realizar\u00e1 en Paran\u00e1 - Diario del Sur","robots":{"index":"index","follow":"follow","max-snippet":"max-snippet:-1","max-image-preview":"max-image-preview:large","max-video-preview":"max-video-preview:-1"},"canonical":"https:\/\/diariodelsurdigital.com.ar\/?p=2486","og_locale":"es_ES","og_type":"article","og_title":"Anunciaron que la Fiesta de Disfraces no se realizar\u00e1 en Paran\u00e1 - Diario del Sur","og_description":"En un comunicado publicado este mi\u00e9rcoles, los organizadores de la Fiesta de Disfraces (FDD) confirmaron que la edici\u00f3n 2025 del tradicional evento no se realizar\u00e1 en Paran\u00e1, como ven\u00eda sucediendo desde sus or\u00edgenes, sino que por primera vez tendr\u00e1 lugar en otra ciudad del pa\u00eds. Si bien no se revel\u00f3 a\u00fan la nueva sede, destacaron [&hellip;]","og_url":"https:\/\/diariodelsurdigital.com.ar\/?p=2486","og_site_name":"Diario del Sur","article_published_time":"2025-05-07T17:09:05+00:00","article_modified_time":"2025-05-07T17:09:06+00:00","og_image":[{"width":452,"height":315,"url":"https:\/\/diariodelsurdigital.com.ar\/wp-content\/uploads\/2025\/05\/o_1574055888.jpg","type":"image\/jpeg"}],"author":"Diario del Sur Digital","twitter_card":"summary_large_image","twitter_misc":{"Escrito por":"Diario del Sur Digital","Tiempo de lectura":"2 minutos"},"schema":{"@context":"https:\/\/schema.org","@graph":[{"@type":"Article","@id":"https:\/\/diariodelsurdigital.com.ar\/?p=2486#article","isPartOf":{"@id":"https:\/\/diariodelsurdigital.com.ar\/?p=2486"},"author":{"name":"Diario del Sur Digital","@id":"https:\/\/diariodelsurdigital.com.ar\/#\/schema\/person\/6136a32571657f7dba980b88b04c5465"},"headline":"Anunciaron que la Fiesta de Disfraces no se realizar\u00e1 en Paran\u00e1","datePublished":"2025-05-07T17:09:05+00:00","dateModified":"2025-05-07T17:09:06+00:00","mainEntityOfPage":{"@id":"https:\/\/diariodelsurdigital.com.ar\/?p=2486"},"wordCount":276,"commentCount":0,"image":{"@id":"https:\/\/diariodelsurdigital.com.ar\/?p=2486#primaryimage"},"thumbnailUrl":"https:\/\/diariodelsurdigital.com.ar\/wp-content\/uploads\/2025\/05\/o_1574055888.jpg","articleSection":["Provinciales"],"inLanguage":"es","potentialAction":[{"@type":"CommentAction","name":"Comment","target":["https:\/\/diariodelsurdigital.com.ar\/?p=2486#respond"]}]},{"@type":"WebPage","@id":"https:\/\/diariodelsurdigital.com.ar\/?p=2486","url":"https:\/\/diariodelsurdigital.com.ar\/?p=2486","name":"Anunciaron que la Fiesta de Disfraces no se realizar\u00e1 en Paran\u00e1 - Diario del Sur","isPartOf":{"@id":"https:\/\/diariodelsurdigital.com.ar\/#website"},"primaryImageOfPage":{"@id":"https:\/\/diariodelsurdigital.com.ar\/?p=2486#primaryimage"},"image":{"@id":"https:\/\/diariodelsurdigital.com.ar\/?p=2486#primaryimage"},"thumbnailUrl":"https:\/\/diariodelsurdigital.com.ar\/wp-content\/uploads\/2025\/05\/o_1574055888.jpg","datePublished":"2025-05-07T17:09:05+00:00","dateModified":"2025-05-07T17:09:06+00:00","author":{"@id":"https:\/\/diariodelsurdigital.com.ar\/#\/schema\/person\/6136a32571657f7dba980b88b04c5465"},"breadcrumb":{"@id":"https:\/\/diariodelsurdigital.com.ar\/?p=2486#breadcrumb"},"inLanguage":"es","potentialAction":[{"@type":"ReadAction","target":["https:\/\/diariodelsurdigital.com.ar\/?p=2486"]}]},{"@type":"ImageObject","inLanguage":"es","@id":"https:\/\/diariodelsurdigital.com.ar\/?p=2486#primaryimage","url":"https:\/\/diariodelsurdigital.com.ar\/wp-content\/uploads\/2025\/05\/o_1574055888.jpg","contentUrl":"https:\/\/diariodelsurdigital.com.ar\/wp-content\/uploads\/2025\/05\/o_1574055888.jpg","width":452,"height":315},{"@type":"BreadcrumbList","@id":"https:\/\/diariodelsurdigital.com.ar\/?p=2486#breadcrumb","itemListElement":[{"@type":"ListItem","position":1,"name":"Portada","item":"https:\/\/diariodelsurdigital.com.ar\/"},{"@type":"ListItem","position":2,"name":"Anunciaron que la Fiesta de Disfraces no se realizar\u00e1 en Paran\u00e1"}]},{"@type":"WebSite","@id":"https:\/\/diariodelsurdigital.com.ar\/#website","url":"https:\/\/diariodelsurdigital.com.ar\/","name":"Diario del Sur","description":"Digital","potentialAction":[{"@type":"SearchAction","target":{"@type":"EntryPoint","urlTemplate":"https:\/\/diariodelsurdigital.com.ar\/?s={search_term_string}"},"query-input":{"@type":"PropertyValueSpecification","valueRequired":true,"valueName":"search_term_string"}}],"inLanguage":"es"},{"@type":"Person","@id":"https:\/\/diariodelsurdigital.com.ar\/#\/schema\/person\/6136a32571657f7dba980b88b04c5465","name":"Diario del Sur Digital","image":{"@type":"ImageObject","inLanguage":"es","@id":"https:\/\/secure.gravatar.com\/avatar\/4c29ceac98541dd42460b2474aaa5dd37594d6ce6cb3cf2c101d09b48ee287ba?s=96&d=mm&r=g","url":"https:\/\/secure.gravatar.com\/avatar\/4c29ceac98541dd42460b2474aaa5dd37594d6ce6cb3cf2c101d09b48ee287ba?s=96&d=mm&r=g","contentUrl":"https:\/\/secure.gravatar.com\/avatar\/4c29ceac98541dd42460b2474aaa5dd37594d6ce6cb3cf2c101d09b48ee287ba?s=96&d=mm&r=g","caption":"Diario del Sur Digital"},"url":"https:\/\/diariodelsurdigital.com.ar\/?author=2"}]}},"_links":{"self":[{"href":"https:\/\/diariodelsurdigital.com.ar\/index.php?rest_route=\/wp\/v2\/posts\/2486","targetHints":{"allow":["GET"]}}],"collection":[{"href":"https:\/\/diariodelsurdigital.com.ar\/index.php?rest_route=\/wp\/v2\/posts"}],"about":[{"href":"https:\/\/diariodelsurdigital.com.ar\/index.php?rest_route=\/wp\/v2\/types\/post"}],"author":[{"embeddable":true,"href":"https:\/\/diariodelsurdigital.com.ar\/index.php?rest_route=\/wp\/v2\/users\/2"}],"replies":[{"embeddable":true,"href":"https:\/\/diariodelsurdigital.com.ar\/index.php?rest_route=%2Fwp%2Fv2%2Fcomments&post=2486"}],"version-history":[{"count":1,"href":"https:\/\/diariodelsurdigital.com.ar\/index.php?rest_route=\/wp\/v2\/posts\/2486\/revisions"}],"predecessor-version":[{"id":2489,"href":"https:\/\/diariodelsurdigital.com.ar\/index.php?rest_route=\/wp\/v2\/posts\/2486\/revisions\/2489"}],"wp:featuredmedia":[{"embeddable":true,"href":"https:\/\/diariodelsurdigital.com.ar\/index.php?rest_route=\/wp\/v2\/media\/2487"}],"wp:attachment":[{"href":"https:\/\/diariodelsurdigital.com.ar\/index.php?rest_route=%2Fwp%2Fv2%2Fmedia&parent=2486"}],"wp:term":[{"taxonomy":"category","embeddable":true,"href":"https:\/\/diariodelsurdigital.com.ar\/index.php?rest_route=%2Fwp%2Fv2%2Fcategories&post=2486"},{"taxonomy":"post_tag","embeddable":true,"href":"https:\/\/diariodelsurdigital.com.ar\/index.php?rest_route=%2Fwp%2Fv2%2Ftags&post=2486"}],"curies":[{"name":"wp","href":"https:\/\/api.w.org\/{rel}","templated":true}]}}