{"id":2491,"date":"2025-05-07T19:39:38","date_gmt":"2025-05-07T22:39:38","guid":{"rendered":"https:\/\/diariodelsurdigital.com.ar\/?p=2491"},"modified":"2025-05-07T19:39:40","modified_gmt":"2025-05-07T22:39:40","slug":"la-justicia-mexicana-hallo-a-esteban-bruno-el-entrerriano-que-no-se-comunicaba-con-su-familia-desde-abril","status":"publish","type":"post","link":"https:\/\/diariodelsurdigital.com.ar\/?p=2491","title":{"rendered":"La Justicia mexicana hall\u00f3 a Esteban Bruno, el entrerriano que no se comunicaba con su familia desde abril"},"content":{"rendered":"\n<figure class=\"wp-block-image\"><img decoding=\"async\" src=\"https:\/\/media.elentrerios.com\/fotos-v2\/2025\/05\/07\/l_1746648048.jpg\" alt=\"\" title=\"\"\/><\/figure>\n\n\n\n<p>Fuentes cercanas a la Vicefiscal\u00eda de Personas Desaparecidas de Jalisco y la Secretar\u00eda de Inteligencia y B\u00fasqueda de Personas, informaron extraoficialmente que Esteban Bruno, el argentino de 33 a\u00f1os residente en Guadalajara, fue localizado con vida en Nayarit tras ser reportado como desaparecido desde el 21 de abril.<\/p>\n\n\n\n<p>El joven, oriundo de Concordia, se encontraba en un centro de rehabilitaci\u00f3n por posibles problemas de adicciones y aclararon que \u201cno fue v\u00edctima de ning\u00fan delito\u201d.<\/p>\n\n\n\n<p>La b\u00fasqueda comenz\u00f3 cuando familiares de Bruno, preocupados por su falta de comunicaci\u00f3n, lanzaron una alerta a trav\u00e9s de redes sociales desde Argentina, seg\u00fan hab\u00eda publicado El Entre R\u00edos.<\/p>\n\n\n\n<p>Sus amigos y familiares reportaron que no contestaba su tel\u00e9fono, lo que llev\u00f3 a contactar a las autoridades argentinas que, a la vez, coordinaron con la Fiscal\u00eda General de la Rep\u00fablica en M\u00e9xico para iniciar las investigaciones.<\/p>\n\n\n\n<p>Tras la intervenci\u00f3n de la Secretar\u00eda de Inteligencia y B\u00fasqueda de Personas, en colaboraci\u00f3n con las fiscal\u00edas de Jalisco y Nayarit, se logr\u00f3 ubicar a Bruno este mi\u00e9rcoles.<\/p>\n\n\n\n<p>\u201cLas autoridades mexicanas ya est\u00e1n en comunicaci\u00f3n con el gobierno argentino para gestionar su repatriaci\u00f3n, mientras se confirma que su ingreso al centro de rehabilitaci\u00f3n fue voluntario\u201d, consign\u00f3 el medio NTV.<\/p>\n\n\n\n<p>Fuente: El Entre Rios<\/p>\n","protected":false},"excerpt":{"rendered":"<p>Fuentes cercanas a la Vicefiscal\u00eda de Personas Desaparecidas de Jalisco y la Secretar\u00eda de Inteligencia y B\u00fasqueda de Personas, informaron extraoficialmente que Esteban Bruno, el argentino de 33 a\u00f1os residente en Guadalajara, fue localizado con vida en Nayarit tras ser reportado como desaparecido desde el 21 de abril. El joven, oriundo de Concordia, se encontraba [&hellip;]<\/p>\n","protected":false},"author":3,"featured_media":2492,"comment_status":"open","ping_status":"open","sticky":false,"template":"","format":"standard","meta":{"footnotes":""},"categories":[21],"tags":[],"class_list":{"0":"post-2491","1":"post","2":"type-post","3":"status-publish","4":"format-standard","5":"has-post-thumbnail","7":"category-policiales"},"yoast_head":"<!-- This site is optimized with the Yoast SEO plugin v27.4 - https:\/\/yoast.com\/product\/yoast-seo-wordpress\/ -->\n<title>La Justicia mexicana hall\u00f3 a Esteban Bruno, el entrerriano que no se comunicaba con su familia desde abril - Diario del Sur<\/title>\n<meta name=\"robots\" content=\"index, follow, max-snippet:-1, max-image-preview:large, max-video-preview:-1\" \/>\n<link rel=\"canonical\" href=\"https:\/\/diariodelsurdigital.com.ar\/?p=2491\" \/>\n<meta property=\"og:locale\" content=\"es_ES\" \/>\n<meta property=\"og:type\" content=\"article\" \/>\n<meta property=\"og:title\" content=\"La Justicia mexicana hall\u00f3 a Esteban Bruno, el entrerriano que no se comunicaba con su familia desde abril - Diario del Sur\" \/>\n<meta property=\"og:description\" content=\"Fuentes cercanas a la Vicefiscal\u00eda de Personas Desaparecidas de Jalisco y la Secretar\u00eda de Inteligencia y B\u00fasqueda de Personas, informaron extraoficialmente que Esteban Bruno, el argentino de 33 a\u00f1os residente en Guadalajara, fue localizado con vida en Nayarit tras ser reportado como desaparecido desde el 21 de abril. El joven, oriundo de Concordia, se encontraba [&hellip;]\" \/>\n<meta property=\"og:url\" content=\"https:\/\/diariodelsurdigital.com.ar\/?p=2491\" \/>\n<meta property=\"og:site_name\" content=\"Diario del Sur\" \/>\n<meta property=\"article:published_time\" content=\"2025-05-07T22:39:38+00:00\" \/>\n<meta property=\"article:modified_time\" content=\"2025-05-07T22:39:40+00:00\" \/>\n<meta property=\"og:image\" content=\"https:\/\/diariodelsurdigital.com.ar\/wp-content\/uploads\/2025\/05\/l_1746648048.jpg\" \/>\n\t<meta property=\"og:image:width\" content=\"870\" \/>\n\t<meta property=\"og:image:height\" content=\"580\" \/>\n\t<meta property=\"og:image:type\" content=\"image\/jpeg\" \/>\n<meta name=\"author\" content=\"Diario del Sur Digital\" \/>\n<meta name=\"twitter:card\" content=\"summary_large_image\" \/>\n<meta name=\"twitter:label1\" content=\"Escrito por\" \/>\n\t<meta name=\"twitter:data1\" content=\"Diario del Sur Digital\" \/>\n\t<meta name=\"twitter:label2\" content=\"Tiempo de lectura\" \/>\n\t<meta name=\"twitter:data2\" content=\"2 minutos\" \/>\n<script type=\"application\/ld+json\" class=\"yoast-schema-graph\">{\"@context\":\"https:\\\/\\\/schema.org\",\"@graph\":[{\"@type\":\"Article\",\"@id\":\"https:\\\/\\\/diariodelsurdigital.com.ar\\\/?p=2491#article\",\"isPartOf\":{\"@id\":\"https:\\\/\\\/diariodelsurdigital.com.ar\\\/?p=2491\"},\"author\":{\"name\":\"Diario del Sur Digital\",\"@id\":\"https:\\\/\\\/diariodelsurdigital.com.ar\\\/#\\\/schema\\\/person\\\/d794acb23337e88c6e4004a39c32be62\"},\"headline\":\"La Justicia mexicana hall\u00f3 a Esteban Bruno, el entrerriano que no se comunicaba con su familia desde abril\",\"datePublished\":\"2025-05-07T22:39:38+00:00\",\"dateModified\":\"2025-05-07T22:39:40+00:00\",\"mainEntityOfPage\":{\"@id\":\"https:\\\/\\\/diariodelsurdigital.com.ar\\\/?p=2491\"},\"wordCount\":246,\"commentCount\":0,\"image\":{\"@id\":\"https:\\\/\\\/diariodelsurdigital.com.ar\\\/?p=2491#primaryimage\"},\"thumbnailUrl\":\"https:\\\/\\\/diariodelsurdigital.com.ar\\\/wp-content\\\/uploads\\\/2025\\\/05\\\/l_1746648048.jpg\",\"articleSection\":[\"Policiales\"],\"inLanguage\":\"es\",\"potentialAction\":[{\"@type\":\"CommentAction\",\"name\":\"Comment\",\"target\":[\"https:\\\/\\\/diariodelsurdigital.com.ar\\\/?p=2491#respond\"]}]},{\"@type\":\"WebPage\",\"@id\":\"https:\\\/\\\/diariodelsurdigital.com.ar\\\/?p=2491\",\"url\":\"https:\\\/\\\/diariodelsurdigital.com.ar\\\/?p=2491\",\"name\":\"La Justicia mexicana hall\u00f3 a Esteban Bruno, el entrerriano que no se comunicaba con su familia desde abril - Diario del Sur\",\"isPartOf\":{\"@id\":\"https:\\\/\\\/diariodelsurdigital.com.ar\\\/#website\"},\"primaryImageOfPage\":{\"@id\":\"https:\\\/\\\/diariodelsurdigital.com.ar\\\/?p=2491#primaryimage\"},\"image\":{\"@id\":\"https:\\\/\\\/diariodelsurdigital.com.ar\\\/?p=2491#primaryimage\"},\"thumbnailUrl\":\"https:\\\/\\\/diariodelsurdigital.com.ar\\\/wp-content\\\/uploads\\\/2025\\\/05\\\/l_1746648048.jpg\",\"datePublished\":\"2025-05-07T22:39:38+00:00\",\"dateModified\":\"2025-05-07T22:39:40+00:00\",\"author\":{\"@id\":\"https:\\\/\\\/diariodelsurdigital.com.ar\\\/#\\\/schema\\\/person\\\/d794acb23337e88c6e4004a39c32be62\"},\"breadcrumb\":{\"@id\":\"https:\\\/\\\/diariodelsurdigital.com.ar\\\/?p=2491#breadcrumb\"},\"inLanguage\":\"es\",\"potentialAction\":[{\"@type\":\"ReadAction\",\"target\":[\"https:\\\/\\\/diariodelsurdigital.com.ar\\\/?p=2491\"]}]},{\"@type\":\"ImageObject\",\"inLanguage\":\"es\",\"@id\":\"https:\\\/\\\/diariodelsurdigital.com.ar\\\/?p=2491#primaryimage\",\"url\":\"https:\\\/\\\/diariodelsurdigital.com.ar\\\/wp-content\\\/uploads\\\/2025\\\/05\\\/l_1746648048.jpg\",\"contentUrl\":\"https:\\\/\\\/diariodelsurdigital.com.ar\\\/wp-content\\\/uploads\\\/2025\\\/05\\\/l_1746648048.jpg\",\"width\":870,\"height\":580},{\"@type\":\"BreadcrumbList\",\"@id\":\"https:\\\/\\\/diariodelsurdigital.com.ar\\\/?p=2491#breadcrumb\",\"itemListElement\":[{\"@type\":\"ListItem\",\"position\":1,\"name\":\"Portada\",\"item\":\"https:\\\/\\\/diariodelsurdigital.com.ar\\\/\"},{\"@type\":\"ListItem\",\"position\":2,\"name\":\"La Justicia mexicana hall\u00f3 a Esteban Bruno, el entrerriano que no se comunicaba con su familia desde abril\"}]},{\"@type\":\"WebSite\",\"@id\":\"https:\\\/\\\/diariodelsurdigital.com.ar\\\/#website\",\"url\":\"https:\\\/\\\/diariodelsurdigital.com.ar\\\/\",\"name\":\"Diario del Sur\",\"description\":\"Digital\",\"potentialAction\":[{\"@type\":\"SearchAction\",\"target\":{\"@type\":\"EntryPoint\",\"urlTemplate\":\"https:\\\/\\\/diariodelsurdigital.com.ar\\\/?s={search_term_string}\"},\"query-input\":{\"@type\":\"PropertyValueSpecification\",\"valueRequired\":true,\"valueName\":\"search_term_string\"}}],\"inLanguage\":\"es\"},{\"@type\":\"Person\",\"@id\":\"https:\\\/\\\/diariodelsurdigital.com.ar\\\/#\\\/schema\\\/person\\\/d794acb23337e88c6e4004a39c32be62\",\"name\":\"Diario del Sur Digital\",\"image\":{\"@type\":\"ImageObject\",\"inLanguage\":\"es\",\"@id\":\"https:\\\/\\\/secure.gravatar.com\\\/avatar\\\/47679bcfa15734cfdefc176b6ad58adeeccac22b2e03e095ada6c622af2b463a?s=96&d=mm&r=g\",\"url\":\"https:\\\/\\\/secure.gravatar.com\\\/avatar\\\/47679bcfa15734cfdefc176b6ad58adeeccac22b2e03e095ada6c622af2b463a?s=96&d=mm&r=g\",\"contentUrl\":\"https:\\\/\\\/secure.gravatar.com\\\/avatar\\\/47679bcfa15734cfdefc176b6ad58adeeccac22b2e03e095ada6c622af2b463a?s=96&d=mm&r=g\",\"caption\":\"Diario del Sur Digital\"},\"url\":\"https:\\\/\\\/diariodelsurdigital.com.ar\\\/?author=3\"}]}<\/script>\n<!-- \/ Yoast SEO plugin. -->","yoast_head_json":{"title":"La Justicia mexicana hall\u00f3 a Esteban Bruno, el entrerriano que no se comunicaba con su familia desde abril - Diario del Sur","robots":{"index":"index","follow":"follow","max-snippet":"max-snippet:-1","max-image-preview":"max-image-preview:large","max-video-preview":"max-video-preview:-1"},"canonical":"https:\/\/diariodelsurdigital.com.ar\/?p=2491","og_locale":"es_ES","og_type":"article","og_title":"La Justicia mexicana hall\u00f3 a Esteban Bruno, el entrerriano que no se comunicaba con su familia desde abril - Diario del Sur","og_description":"Fuentes cercanas a la Vicefiscal\u00eda de Personas Desaparecidas de Jalisco y la Secretar\u00eda de Inteligencia y B\u00fasqueda de Personas, informaron extraoficialmente que Esteban Bruno, el argentino de 33 a\u00f1os residente en Guadalajara, fue localizado con vida en Nayarit tras ser reportado como desaparecido desde el 21 de abril. El joven, oriundo de Concordia, se encontraba [&hellip;]","og_url":"https:\/\/diariodelsurdigital.com.ar\/?p=2491","og_site_name":"Diario del Sur","article_published_time":"2025-05-07T22:39:38+00:00","article_modified_time":"2025-05-07T22:39:40+00:00","og_image":[{"width":870,"height":580,"url":"https:\/\/diariodelsurdigital.com.ar\/wp-content\/uploads\/2025\/05\/l_1746648048.jpg","type":"image\/jpeg"}],"author":"Diario del Sur Digital","twitter_card":"summary_large_image","twitter_misc":{"Escrito por":"Diario del Sur Digital","Tiempo de lectura":"2 minutos"},"schema":{"@context":"https:\/\/schema.org","@graph":[{"@type":"Article","@id":"https:\/\/diariodelsurdigital.com.ar\/?p=2491#article","isPartOf":{"@id":"https:\/\/diariodelsurdigital.com.ar\/?p=2491"},"author":{"name":"Diario del Sur Digital","@id":"https:\/\/diariodelsurdigital.com.ar\/#\/schema\/person\/d794acb23337e88c6e4004a39c32be62"},"headline":"La Justicia mexicana hall\u00f3 a Esteban Bruno, el entrerriano que no se comunicaba con su familia desde abril","datePublished":"2025-05-07T22:39:38+00:00","dateModified":"2025-05-07T22:39:40+00:00","mainEntityOfPage":{"@id":"https:\/\/diariodelsurdigital.com.ar\/?p=2491"},"wordCount":246,"commentCount":0,"image":{"@id":"https:\/\/diariodelsurdigital.com.ar\/?p=2491#primaryimage"},"thumbnailUrl":"https:\/\/diariodelsurdigital.com.ar\/wp-content\/uploads\/2025\/05\/l_1746648048.jpg","articleSection":["Policiales"],"inLanguage":"es","potentialAction":[{"@type":"CommentAction","name":"Comment","target":["https:\/\/diariodelsurdigital.com.ar\/?p=2491#respond"]}]},{"@type":"WebPage","@id":"https:\/\/diariodelsurdigital.com.ar\/?p=2491","url":"https:\/\/diariodelsurdigital.com.ar\/?p=2491","name":"La Justicia mexicana hall\u00f3 a Esteban Bruno, el entrerriano que no se comunicaba con su familia desde abril - Diario del Sur","isPartOf":{"@id":"https:\/\/diariodelsurdigital.com.ar\/#website"},"primaryImageOfPage":{"@id":"https:\/\/diariodelsurdigital.com.ar\/?p=2491#primaryimage"},"image":{"@id":"https:\/\/diariodelsurdigital.com.ar\/?p=2491#primaryimage"},"thumbnailUrl":"https:\/\/diariodelsurdigital.com.ar\/wp-content\/uploads\/2025\/05\/l_1746648048.jpg","datePublished":"2025-05-07T22:39:38+00:00","dateModified":"2025-05-07T22:39:40+00:00","author":{"@id":"https:\/\/diariodelsurdigital.com.ar\/#\/schema\/person\/d794acb23337e88c6e4004a39c32be62"},"breadcrumb":{"@id":"https:\/\/diariodelsurdigital.com.ar\/?p=2491#breadcrumb"},"inLanguage":"es","potentialAction":[{"@type":"ReadAction","target":["https:\/\/diariodelsurdigital.com.ar\/?p=2491"]}]},{"@type":"ImageObject","inLanguage":"es","@id":"https:\/\/diariodelsurdigital.com.ar\/?p=2491#primaryimage","url":"https:\/\/diariodelsurdigital.com.ar\/wp-content\/uploads\/2025\/05\/l_1746648048.jpg","contentUrl":"https:\/\/diariodelsurdigital.com.ar\/wp-content\/uploads\/2025\/05\/l_1746648048.jpg","width":870,"height":580},{"@type":"BreadcrumbList","@id":"https:\/\/diariodelsurdigital.com.ar\/?p=2491#breadcrumb","itemListElement":[{"@type":"ListItem","position":1,"name":"Portada","item":"https:\/\/diariodelsurdigital.com.ar\/"},{"@type":"ListItem","position":2,"name":"La Justicia mexicana hall\u00f3 a Esteban Bruno, el entrerriano que no se comunicaba con su familia desde abril"}]},{"@type":"WebSite","@id":"https:\/\/diariodelsurdigital.com.ar\/#website","url":"https:\/\/diariodelsurdigital.com.ar\/","name":"Diario del Sur","description":"Digital","potentialAction":[{"@type":"SearchAction","target":{"@type":"EntryPoint","urlTemplate":"https:\/\/diariodelsurdigital.com.ar\/?s={search_term_string}"},"query-input":{"@type":"PropertyValueSpecification","valueRequired":true,"valueName":"search_term_string"}}],"inLanguage":"es"},{"@type":"Person","@id":"https:\/\/diariodelsurdigital.com.ar\/#\/schema\/person\/d794acb23337e88c6e4004a39c32be62","name":"Diario del Sur Digital","image":{"@type":"ImageObject","inLanguage":"es","@id":"https:\/\/secure.gravatar.com\/avatar\/47679bcfa15734cfdefc176b6ad58adeeccac22b2e03e095ada6c622af2b463a?s=96&d=mm&r=g","url":"https:\/\/secure.gravatar.com\/avatar\/47679bcfa15734cfdefc176b6ad58adeeccac22b2e03e095ada6c622af2b463a?s=96&d=mm&r=g","contentUrl":"https:\/\/secure.gravatar.com\/avatar\/47679bcfa15734cfdefc176b6ad58adeeccac22b2e03e095ada6c622af2b463a?s=96&d=mm&r=g","caption":"Diario del Sur Digital"},"url":"https:\/\/diariodelsurdigital.com.ar\/?author=3"}]}},"_links":{"self":[{"href":"https:\/\/diariodelsurdigital.com.ar\/index.php?rest_route=\/wp\/v2\/posts\/2491","targetHints":{"allow":["GET"]}}],"collection":[{"href":"https:\/\/diariodelsurdigital.com.ar\/index.php?rest_route=\/wp\/v2\/posts"}],"about":[{"href":"https:\/\/diariodelsurdigital.com.ar\/index.php?rest_route=\/wp\/v2\/types\/post"}],"author":[{"embeddable":true,"href":"https:\/\/diariodelsurdigital.com.ar\/index.php?rest_route=\/wp\/v2\/users\/3"}],"replies":[{"embeddable":true,"href":"https:\/\/diariodelsurdigital.com.ar\/index.php?rest_route=%2Fwp%2Fv2%2Fcomments&post=2491"}],"version-history":[{"count":1,"href":"https:\/\/diariodelsurdigital.com.ar\/index.php?rest_route=\/wp\/v2\/posts\/2491\/revisions"}],"predecessor-version":[{"id":2493,"href":"https:\/\/diariodelsurdigital.com.ar\/index.php?rest_route=\/wp\/v2\/posts\/2491\/revisions\/2493"}],"wp:featuredmedia":[{"embeddable":true,"href":"https:\/\/diariodelsurdigital.com.ar\/index.php?rest_route=\/wp\/v2\/media\/2492"}],"wp:attachment":[{"href":"https:\/\/diariodelsurdigital.com.ar\/index.php?rest_route=%2Fwp%2Fv2%2Fmedia&parent=2491"}],"wp:term":[{"taxonomy":"category","embeddable":true,"href":"https:\/\/diariodelsurdigital.com.ar\/index.php?rest_route=%2Fwp%2Fv2%2Fcategories&post=2491"},{"taxonomy":"post_tag","embeddable":true,"href":"https:\/\/diariodelsurdigital.com.ar\/index.php?rest_route=%2Fwp%2Fv2%2Ftags&post=2491"}],"curies":[{"name":"wp","href":"https:\/\/api.w.org\/{rel}","templated":true}]}}