{"id":2499,"date":"2025-05-08T13:53:23","date_gmt":"2025-05-08T16:53:23","guid":{"rendered":"https:\/\/diariodelsurdigital.com.ar\/?p=2499"},"modified":"2025-05-08T13:53:24","modified_gmt":"2025-05-08T16:53:24","slug":"el-padre-paco-olveira-fue-una-de-las-victimas-de-la-represion-en-la-marcha-de-jubilados","status":"publish","type":"post","link":"https:\/\/diariodelsurdigital.com.ar\/?p=2499","title":{"rendered":"El padre \u00abPaco\u00bb Olveira fue una de las v\u00edctimas de la represi\u00f3n en la marcha de jubilados"},"content":{"rendered":"\n<p>El padre Francisco \u00abPaco\u00bb Olveira, integrante del Grupo de curas en opci\u00f3n por los pobres, fue este mi\u00e9rcoles a la marcha de los jubilados, donde fue golpeado por agentes de la Prefectura en la zona de Congreso; y agredido y demorado por la Polic\u00eda Federal, que aplic\u00f3 el protocolo antipiquetes. \u00abMe siento bien, seguramente me habr\u00e1n dado con alguno de los escudos o con la mano. \u00a1No me di cuenta! Me tomaron los datos por si despu\u00e9s me quiere llamar el fiscal\u00bb, expres\u00f3 el sacerdote.<\/p>\n\n\n\n<p>El ataque ocurri\u00f3 este mi\u00e9rcoles en la marcha se realiz\u00f3, como todos los mi\u00e9rcoles, frente al Congreso, donde los jubilados reclaman por una mejora en sus haberes. Se produjo un tumulto con la Polic\u00eda Federal y el sacerdote sali\u00f3 a defender a una jubilada que estaba en el piso. Olveira recibi\u00f3 un golpe de un escudo en la frente y empez\u00f3 a sangrar.<\/p>\n\n\n\n<p>\u00abEstoy bien, los que est\u00e1n mal son los jubilados\u00bb, asegur\u00f3 el sacerdote, con el rostro ensangrentado y una venda sobre la frente. \u00abEst\u00e1bamos en la primera fila, dando la vuelta al Congreso, y en un momento empezaron a empujarnos fuerte y tiraron a una jubilada. Entonces nos acercamos para ayudarla y se quieren llevar preso a un compa\u00f1ero. Dijeron que estaba golpeando a la Polic\u00eda, pero estaba parando los escudos\u00bb, a\u00f1adi\u00f3 en declaraciones a C5N que reprodujo P\u00e1gina 12. Aparentemente, sigue detenido un jubilado y la mujer agredida tiene un hematoma en un brazo.<\/p>\n\n\n\n<p>\u00abMe siento bien, seguramente me habr\u00e1n dado con alguno de los escudos o con la mano. \u00a1No me di cuenta! Me tomaron los datos por si despu\u00e9s me quiere llamar el fiscal\u00bb, a\u00f1adi\u00f3 Olveira.<\/p>\n\n\n\n<p>El Parlamento hab\u00eda amanecido completamente vallado, en el marco de la habitual movilizaci\u00f3n de los mi\u00e9rcoles, mientras en el Congreso se debate Ficha Limpia. La represi\u00f3n dej\u00f3 al menos un detenido, mientras que otros manifestantes, entre ellos jubilados y periodistas, tambi\u00e9n denunciaron agresiones.<\/p>\n\n\n\n<p>En la manifestaci\u00f3n hubo gases y empujones, en un clima de tensi\u00f3n, mientras sesionan en la C\u00e1mara Alta. Las marchas de los mi\u00e9rcoles son una muestra de resistencia al ajuste de Javier Milei, desde que los hinchas de f\u00fatbol se plegaron de forma solidaria.<\/p>\n\n\n\n<p>Durante la movilizaci\u00f3n del 12 de marzo pasado se registr\u00f3 el ataque m\u00e1s brutal, con el impacto de una granada lacrim\u00f3gena en la cabeza del fot\u00f3grafo Pablo Grillo, que se recupera de la agresi\u00f3n en el Hospital Ramos Mej\u00eda.<\/p>\n\n\n\n<p>\u00abLa represi\u00f3n como siempre, pero al cura no se lo llevan detenido. Pero s\u00ed est\u00e1 demorado el otro compa\u00f1ero, que no hizo nada. Me voy a ir con \u00e9l. Yo tengo coronita, el pueblo no\u00bb, cerr\u00f3 Olveira.<\/p>\n","protected":false},"excerpt":{"rendered":"<p>El padre Francisco \u00abPaco\u00bb Olveira, integrante del Grupo de curas en opci\u00f3n por los pobres, fue este mi\u00e9rcoles a la marcha de los jubilados, donde fue golpeado por agentes de la Prefectura en la zona de Congreso; y agredido y demorado por la Polic\u00eda Federal, que aplic\u00f3 el protocolo antipiquetes. \u00abMe siento bien, seguramente me [&hellip;]<\/p>\n","protected":false},"author":4,"featured_media":2500,"comment_status":"open","ping_status":"open","sticky":false,"template":"","format":"standard","meta":{"footnotes":""},"categories":[19,18],"tags":[],"class_list":{"0":"post-2499","1":"post","2":"type-post","3":"status-publish","4":"format-standard","5":"has-post-thumbnail","7":"category-interes-general","8":"category-nacionales"},"yoast_head":"<!-- This site is optimized with the Yoast SEO plugin v27.4 - https:\/\/yoast.com\/product\/yoast-seo-wordpress\/ -->\n<title>El padre &quot;Paco&quot; Olveira fue una de las v\u00edctimas de la represi\u00f3n en la marcha de jubilados - Diario del Sur<\/title>\n<meta name=\"robots\" content=\"index, follow, max-snippet:-1, max-image-preview:large, max-video-preview:-1\" \/>\n<link rel=\"canonical\" href=\"https:\/\/diariodelsurdigital.com.ar\/?p=2499\" \/>\n<meta property=\"og:locale\" content=\"es_ES\" \/>\n<meta property=\"og:type\" content=\"article\" \/>\n<meta property=\"og:title\" content=\"El padre &quot;Paco&quot; Olveira fue una de las v\u00edctimas de la represi\u00f3n en la marcha de jubilados - Diario del Sur\" \/>\n<meta property=\"og:description\" content=\"El padre Francisco \u00abPaco\u00bb Olveira, integrante del Grupo de curas en opci\u00f3n por los pobres, fue este mi\u00e9rcoles a la marcha de los jubilados, donde fue golpeado por agentes de la Prefectura en la zona de Congreso; y agredido y demorado por la Polic\u00eda Federal, que aplic\u00f3 el protocolo antipiquetes. \u00abMe siento bien, seguramente me [&hellip;]\" \/>\n<meta property=\"og:url\" content=\"https:\/\/diariodelsurdigital.com.ar\/?p=2499\" \/>\n<meta property=\"og:site_name\" content=\"Diario del Sur\" \/>\n<meta property=\"article:published_time\" content=\"2025-05-08T16:53:23+00:00\" \/>\n<meta property=\"article:modified_time\" content=\"2025-05-08T16:53:24+00:00\" \/>\n<meta property=\"og:image\" content=\"https:\/\/diariodelsurdigital.com.ar\/wp-content\/uploads\/2025\/05\/md-10.webp\" \/>\n\t<meta property=\"og:image:width\" content=\"992\" \/>\n\t<meta property=\"og:image:height\" content=\"662\" \/>\n\t<meta property=\"og:image:type\" content=\"image\/webp\" \/>\n<meta name=\"author\" content=\"Diario del Sur Digital\" \/>\n<meta name=\"twitter:card\" content=\"summary_large_image\" \/>\n<meta name=\"twitter:label1\" content=\"Escrito por\" \/>\n\t<meta name=\"twitter:data1\" content=\"Diario del Sur Digital\" \/>\n\t<meta name=\"twitter:label2\" content=\"Tiempo de lectura\" \/>\n\t<meta name=\"twitter:data2\" content=\"3 minutos\" \/>\n<script type=\"application\/ld+json\" class=\"yoast-schema-graph\">{\"@context\":\"https:\\\/\\\/schema.org\",\"@graph\":[{\"@type\":\"Article\",\"@id\":\"https:\\\/\\\/diariodelsurdigital.com.ar\\\/?p=2499#article\",\"isPartOf\":{\"@id\":\"https:\\\/\\\/diariodelsurdigital.com.ar\\\/?p=2499\"},\"author\":{\"name\":\"Diario del Sur Digital\",\"@id\":\"https:\\\/\\\/diariodelsurdigital.com.ar\\\/#\\\/schema\\\/person\\\/1a4992532ed62965c968031b49195c81\"},\"headline\":\"El padre \u00abPaco\u00bb Olveira fue una de las v\u00edctimas de la represi\u00f3n en la marcha de jubilados\",\"datePublished\":\"2025-05-08T16:53:23+00:00\",\"dateModified\":\"2025-05-08T16:53:24+00:00\",\"mainEntityOfPage\":{\"@id\":\"https:\\\/\\\/diariodelsurdigital.com.ar\\\/?p=2499\"},\"wordCount\":492,\"commentCount\":0,\"image\":{\"@id\":\"https:\\\/\\\/diariodelsurdigital.com.ar\\\/?p=2499#primaryimage\"},\"thumbnailUrl\":\"https:\\\/\\\/diariodelsurdigital.com.ar\\\/wp-content\\\/uploads\\\/2025\\\/05\\\/md-10.webp\",\"articleSection\":[\"Inter\u00e9s General\",\"Nacionales\"],\"inLanguage\":\"es\",\"potentialAction\":[{\"@type\":\"CommentAction\",\"name\":\"Comment\",\"target\":[\"https:\\\/\\\/diariodelsurdigital.com.ar\\\/?p=2499#respond\"]}]},{\"@type\":\"WebPage\",\"@id\":\"https:\\\/\\\/diariodelsurdigital.com.ar\\\/?p=2499\",\"url\":\"https:\\\/\\\/diariodelsurdigital.com.ar\\\/?p=2499\",\"name\":\"El padre \\\"Paco\\\" Olveira fue una de las v\u00edctimas de la represi\u00f3n en la marcha de jubilados - Diario del Sur\",\"isPartOf\":{\"@id\":\"https:\\\/\\\/diariodelsurdigital.com.ar\\\/#website\"},\"primaryImageOfPage\":{\"@id\":\"https:\\\/\\\/diariodelsurdigital.com.ar\\\/?p=2499#primaryimage\"},\"image\":{\"@id\":\"https:\\\/\\\/diariodelsurdigital.com.ar\\\/?p=2499#primaryimage\"},\"thumbnailUrl\":\"https:\\\/\\\/diariodelsurdigital.com.ar\\\/wp-content\\\/uploads\\\/2025\\\/05\\\/md-10.webp\",\"datePublished\":\"2025-05-08T16:53:23+00:00\",\"dateModified\":\"2025-05-08T16:53:24+00:00\",\"author\":{\"@id\":\"https:\\\/\\\/diariodelsurdigital.com.ar\\\/#\\\/schema\\\/person\\\/1a4992532ed62965c968031b49195c81\"},\"breadcrumb\":{\"@id\":\"https:\\\/\\\/diariodelsurdigital.com.ar\\\/?p=2499#breadcrumb\"},\"inLanguage\":\"es\",\"potentialAction\":[{\"@type\":\"ReadAction\",\"target\":[\"https:\\\/\\\/diariodelsurdigital.com.ar\\\/?p=2499\"]}]},{\"@type\":\"ImageObject\",\"inLanguage\":\"es\",\"@id\":\"https:\\\/\\\/diariodelsurdigital.com.ar\\\/?p=2499#primaryimage\",\"url\":\"https:\\\/\\\/diariodelsurdigital.com.ar\\\/wp-content\\\/uploads\\\/2025\\\/05\\\/md-10.webp\",\"contentUrl\":\"https:\\\/\\\/diariodelsurdigital.com.ar\\\/wp-content\\\/uploads\\\/2025\\\/05\\\/md-10.webp\",\"width\":992,\"height\":662},{\"@type\":\"BreadcrumbList\",\"@id\":\"https:\\\/\\\/diariodelsurdigital.com.ar\\\/?p=2499#breadcrumb\",\"itemListElement\":[{\"@type\":\"ListItem\",\"position\":1,\"name\":\"Portada\",\"item\":\"https:\\\/\\\/diariodelsurdigital.com.ar\\\/\"},{\"@type\":\"ListItem\",\"position\":2,\"name\":\"El padre \u00abPaco\u00bb Olveira fue una de las v\u00edctimas de la represi\u00f3n en la marcha de jubilados\"}]},{\"@type\":\"WebSite\",\"@id\":\"https:\\\/\\\/diariodelsurdigital.com.ar\\\/#website\",\"url\":\"https:\\\/\\\/diariodelsurdigital.com.ar\\\/\",\"name\":\"Diario del Sur\",\"description\":\"Digital\",\"potentialAction\":[{\"@type\":\"SearchAction\",\"target\":{\"@type\":\"EntryPoint\",\"urlTemplate\":\"https:\\\/\\\/diariodelsurdigital.com.ar\\\/?s={search_term_string}\"},\"query-input\":{\"@type\":\"PropertyValueSpecification\",\"valueRequired\":true,\"valueName\":\"search_term_string\"}}],\"inLanguage\":\"es\"},{\"@type\":\"Person\",\"@id\":\"https:\\\/\\\/diariodelsurdigital.com.ar\\\/#\\\/schema\\\/person\\\/1a4992532ed62965c968031b49195c81\",\"name\":\"Diario del Sur Digital\",\"image\":{\"@type\":\"ImageObject\",\"inLanguage\":\"es\",\"@id\":\"https:\\\/\\\/secure.gravatar.com\\\/avatar\\\/f0c7c47fc7146d19828273b9b8eda651c9c7ab583767e6338d3d3bee825adf76?s=96&d=mm&r=g\",\"url\":\"https:\\\/\\\/secure.gravatar.com\\\/avatar\\\/f0c7c47fc7146d19828273b9b8eda651c9c7ab583767e6338d3d3bee825adf76?s=96&d=mm&r=g\",\"contentUrl\":\"https:\\\/\\\/secure.gravatar.com\\\/avatar\\\/f0c7c47fc7146d19828273b9b8eda651c9c7ab583767e6338d3d3bee825adf76?s=96&d=mm&r=g\",\"caption\":\"Diario del Sur Digital\"},\"url\":\"https:\\\/\\\/diariodelsurdigital.com.ar\\\/?author=4\"}]}<\/script>\n<!-- \/ Yoast SEO plugin. -->","yoast_head_json":{"title":"El padre \"Paco\" Olveira fue una de las v\u00edctimas de la represi\u00f3n en la marcha de jubilados - Diario del Sur","robots":{"index":"index","follow":"follow","max-snippet":"max-snippet:-1","max-image-preview":"max-image-preview:large","max-video-preview":"max-video-preview:-1"},"canonical":"https:\/\/diariodelsurdigital.com.ar\/?p=2499","og_locale":"es_ES","og_type":"article","og_title":"El padre \"Paco\" Olveira fue una de las v\u00edctimas de la represi\u00f3n en la marcha de jubilados - Diario del Sur","og_description":"El padre Francisco \u00abPaco\u00bb Olveira, integrante del Grupo de curas en opci\u00f3n por los pobres, fue este mi\u00e9rcoles a la marcha de los jubilados, donde fue golpeado por agentes de la Prefectura en la zona de Congreso; y agredido y demorado por la Polic\u00eda Federal, que aplic\u00f3 el protocolo antipiquetes. \u00abMe siento bien, seguramente me [&hellip;]","og_url":"https:\/\/diariodelsurdigital.com.ar\/?p=2499","og_site_name":"Diario del Sur","article_published_time":"2025-05-08T16:53:23+00:00","article_modified_time":"2025-05-08T16:53:24+00:00","og_image":[{"width":992,"height":662,"url":"https:\/\/diariodelsurdigital.com.ar\/wp-content\/uploads\/2025\/05\/md-10.webp","type":"image\/webp"}],"author":"Diario del Sur Digital","twitter_card":"summary_large_image","twitter_misc":{"Escrito por":"Diario del Sur Digital","Tiempo de lectura":"3 minutos"},"schema":{"@context":"https:\/\/schema.org","@graph":[{"@type":"Article","@id":"https:\/\/diariodelsurdigital.com.ar\/?p=2499#article","isPartOf":{"@id":"https:\/\/diariodelsurdigital.com.ar\/?p=2499"},"author":{"name":"Diario del Sur Digital","@id":"https:\/\/diariodelsurdigital.com.ar\/#\/schema\/person\/1a4992532ed62965c968031b49195c81"},"headline":"El padre \u00abPaco\u00bb Olveira fue una de las v\u00edctimas de la represi\u00f3n en la marcha de jubilados","datePublished":"2025-05-08T16:53:23+00:00","dateModified":"2025-05-08T16:53:24+00:00","mainEntityOfPage":{"@id":"https:\/\/diariodelsurdigital.com.ar\/?p=2499"},"wordCount":492,"commentCount":0,"image":{"@id":"https:\/\/diariodelsurdigital.com.ar\/?p=2499#primaryimage"},"thumbnailUrl":"https:\/\/diariodelsurdigital.com.ar\/wp-content\/uploads\/2025\/05\/md-10.webp","articleSection":["Inter\u00e9s General","Nacionales"],"inLanguage":"es","potentialAction":[{"@type":"CommentAction","name":"Comment","target":["https:\/\/diariodelsurdigital.com.ar\/?p=2499#respond"]}]},{"@type":"WebPage","@id":"https:\/\/diariodelsurdigital.com.ar\/?p=2499","url":"https:\/\/diariodelsurdigital.com.ar\/?p=2499","name":"El padre \"Paco\" Olveira fue una de las v\u00edctimas de la represi\u00f3n en la marcha de jubilados - Diario del Sur","isPartOf":{"@id":"https:\/\/diariodelsurdigital.com.ar\/#website"},"primaryImageOfPage":{"@id":"https:\/\/diariodelsurdigital.com.ar\/?p=2499#primaryimage"},"image":{"@id":"https:\/\/diariodelsurdigital.com.ar\/?p=2499#primaryimage"},"thumbnailUrl":"https:\/\/diariodelsurdigital.com.ar\/wp-content\/uploads\/2025\/05\/md-10.webp","datePublished":"2025-05-08T16:53:23+00:00","dateModified":"2025-05-08T16:53:24+00:00","author":{"@id":"https:\/\/diariodelsurdigital.com.ar\/#\/schema\/person\/1a4992532ed62965c968031b49195c81"},"breadcrumb":{"@id":"https:\/\/diariodelsurdigital.com.ar\/?p=2499#breadcrumb"},"inLanguage":"es","potentialAction":[{"@type":"ReadAction","target":["https:\/\/diariodelsurdigital.com.ar\/?p=2499"]}]},{"@type":"ImageObject","inLanguage":"es","@id":"https:\/\/diariodelsurdigital.com.ar\/?p=2499#primaryimage","url":"https:\/\/diariodelsurdigital.com.ar\/wp-content\/uploads\/2025\/05\/md-10.webp","contentUrl":"https:\/\/diariodelsurdigital.com.ar\/wp-content\/uploads\/2025\/05\/md-10.webp","width":992,"height":662},{"@type":"BreadcrumbList","@id":"https:\/\/diariodelsurdigital.com.ar\/?p=2499#breadcrumb","itemListElement":[{"@type":"ListItem","position":1,"name":"Portada","item":"https:\/\/diariodelsurdigital.com.ar\/"},{"@type":"ListItem","position":2,"name":"El padre \u00abPaco\u00bb Olveira fue una de las v\u00edctimas de la represi\u00f3n en la marcha de jubilados"}]},{"@type":"WebSite","@id":"https:\/\/diariodelsurdigital.com.ar\/#website","url":"https:\/\/diariodelsurdigital.com.ar\/","name":"Diario del Sur","description":"Digital","potentialAction":[{"@type":"SearchAction","target":{"@type":"EntryPoint","urlTemplate":"https:\/\/diariodelsurdigital.com.ar\/?s={search_term_string}"},"query-input":{"@type":"PropertyValueSpecification","valueRequired":true,"valueName":"search_term_string"}}],"inLanguage":"es"},{"@type":"Person","@id":"https:\/\/diariodelsurdigital.com.ar\/#\/schema\/person\/1a4992532ed62965c968031b49195c81","name":"Diario del Sur Digital","image":{"@type":"ImageObject","inLanguage":"es","@id":"https:\/\/secure.gravatar.com\/avatar\/f0c7c47fc7146d19828273b9b8eda651c9c7ab583767e6338d3d3bee825adf76?s=96&d=mm&r=g","url":"https:\/\/secure.gravatar.com\/avatar\/f0c7c47fc7146d19828273b9b8eda651c9c7ab583767e6338d3d3bee825adf76?s=96&d=mm&r=g","contentUrl":"https:\/\/secure.gravatar.com\/avatar\/f0c7c47fc7146d19828273b9b8eda651c9c7ab583767e6338d3d3bee825adf76?s=96&d=mm&r=g","caption":"Diario del Sur Digital"},"url":"https:\/\/diariodelsurdigital.com.ar\/?author=4"}]}},"_links":{"self":[{"href":"https:\/\/diariodelsurdigital.com.ar\/index.php?rest_route=\/wp\/v2\/posts\/2499","targetHints":{"allow":["GET"]}}],"collection":[{"href":"https:\/\/diariodelsurdigital.com.ar\/index.php?rest_route=\/wp\/v2\/posts"}],"about":[{"href":"https:\/\/diariodelsurdigital.com.ar\/index.php?rest_route=\/wp\/v2\/types\/post"}],"author":[{"embeddable":true,"href":"https:\/\/diariodelsurdigital.com.ar\/index.php?rest_route=\/wp\/v2\/users\/4"}],"replies":[{"embeddable":true,"href":"https:\/\/diariodelsurdigital.com.ar\/index.php?rest_route=%2Fwp%2Fv2%2Fcomments&post=2499"}],"version-history":[{"count":1,"href":"https:\/\/diariodelsurdigital.com.ar\/index.php?rest_route=\/wp\/v2\/posts\/2499\/revisions"}],"predecessor-version":[{"id":2501,"href":"https:\/\/diariodelsurdigital.com.ar\/index.php?rest_route=\/wp\/v2\/posts\/2499\/revisions\/2501"}],"wp:featuredmedia":[{"embeddable":true,"href":"https:\/\/diariodelsurdigital.com.ar\/index.php?rest_route=\/wp\/v2\/media\/2500"}],"wp:attachment":[{"href":"https:\/\/diariodelsurdigital.com.ar\/index.php?rest_route=%2Fwp%2Fv2%2Fmedia&parent=2499"}],"wp:term":[{"taxonomy":"category","embeddable":true,"href":"https:\/\/diariodelsurdigital.com.ar\/index.php?rest_route=%2Fwp%2Fv2%2Fcategories&post=2499"},{"taxonomy":"post_tag","embeddable":true,"href":"https:\/\/diariodelsurdigital.com.ar\/index.php?rest_route=%2Fwp%2Fv2%2Ftags&post=2499"}],"curies":[{"name":"wp","href":"https:\/\/api.w.org\/{rel}","templated":true}]}}