{"id":2515,"date":"2025-05-08T19:28:48","date_gmt":"2025-05-08T22:28:48","guid":{"rendered":"https:\/\/diariodelsurdigital.com.ar\/?p=2515"},"modified":"2025-05-08T19:28:49","modified_gmt":"2025-05-08T22:28:49","slug":"robert-prevost-fue-elegido-como-nuevo-papa-y-se-llamara-leon-xiv","status":"publish","type":"post","link":"https:\/\/diariodelsurdigital.com.ar\/?p=2515","title":{"rendered":"Robert Prevost fue elegido como nuevo Papa y se llamar\u00e1 Le\u00f3n XIV"},"content":{"rendered":"\n<figure class=\"wp-block-image\"><img decoding=\"async\" src=\"https:\/\/media.elentrerios.com\/fotos-v2\/2025\/05\/08\/l_1746725378.jpg\" alt=\"\" title=\"\"\/><\/figure>\n\n\n\n<p>Despu\u00e9s de 12 a\u00f1os, la fumata blanca volvi\u00f3 a emerger este jueves desde el techo de la Capilla Sixtina y marc\u00f3 una nueva era en la Iglesia Cat\u00f3lica. El c\u00f3nclave decidi\u00f3, vot\u00f3 y eligi\u00f3 a Robert Francis Prevost, un cardenal de 68 a\u00f1os de la orden de los agustinos, que es oriundo de Chicago, Estados Unidos, pero que gran parte de su carrera la hizo en Latinoam\u00e9rica. Eligi\u00f3 como nombre Le\u00f3n XIV.<\/p>\n\n\n\n<p>El nuevo l\u00edder del Vaticano predica la misma l\u00ednea ideol\u00f3gica del fallecido papa Francisco, y pese a que es norteamericano vivi\u00f3 m\u00e1s de 18 a\u00f1os en Per\u00fa.<\/p>\n\n\n\n<h3 class=\"wp-block-heading\">Qui\u00e9n es Robert Francis Prevost, el primer Papa estadounidense<\/h3>\n\n\n\n<p>Prevost ingres\u00f3 a la Orden de San Agust\u00edn en 1977 y realiz\u00f3 sus votos solemnes en 1981. Fue ordenado sacerdote en Roma en 1982. Posee una s\u00f3lida formaci\u00f3n acad\u00e9mica, incluyendo t\u00edtulos en Ciencias Matem\u00e1ticas, Divinidad y Derecho Can\u00f3nico.<\/p>\n\n\n\n<p>En 1985, el religioso inici\u00f3 su labor misionera en Per\u00fa, donde trabaj\u00f3 en la formaci\u00f3n de seminaristas y en roles pastorales y administrativos, destac\u00e1ndose por su compromiso con la comunidad y su liderazgo.<\/p>\n\n\n\n<p>Su nombre no se sinti\u00f3 hasta las \u00faltimas horas, debido a su bajo perfil. Es por eso que la elecci\u00f3n de Prevost fue una sorpresa entre los feligreses que esperaban ansiosos la decisi\u00f3n de c\u00f3nclave desde la explanada de la plaza San Pedro.<\/p>\n\n\n\n<h3 class=\"wp-block-heading\">Papa estadounidense con alma latinoamericana<\/h3>\n\n\n\n<p>Prevost, miembro de la orden de los agustinos, vivi\u00f3 m\u00e1s de 18 a\u00f1os en Per\u00fa, donde desempe\u00f1\u00f3 funciones desde su congregaci\u00f3n y, desde 2015, como obispo de Chiclayo. En 2023, el Papa Francisco lo nombr\u00f3 prefecto del Dicasterio para los Obispos del Vaticano y presidente de la Pontificia Comisi\u00f3n para Am\u00e9rica Latina.<\/p>\n\n\n\n<p>Conocido por su car\u00e1cter afable y enfoque moderado, Prevost combina experiencia pastoral, formaci\u00f3n acad\u00e9mica y habilidades de gesti\u00f3n. Su perfil discreto y su compromiso con las comunidades latinoamericanas lo han posicionado como una figura respetada dentro del Vaticano. Tras el fallecimiento del Papa Francisco en abril de 2025, su nombre ha sido mencionado entre los posibles sucesores en el pr\u00f3ximo c\u00f3nclave<\/p>\n\n\n\n<p>El c\u00f3nclave, que reuni\u00f3 a 133 cardenales, y que tuvo varias rondas de votaci\u00f3n sin alcanzar el consenso necesario de dos tercios (89 votos), finalmente concluy\u00f3 para elegir al nuevo pont\u00edfice que ser\u00e1 el encargado de dirigir a la Iglesia Cat\u00f3lica.<\/p>\n\n\n\n<p>Fuente: El Entre Rios<\/p>\n","protected":false},"excerpt":{"rendered":"<p>Despu\u00e9s de 12 a\u00f1os, la fumata blanca volvi\u00f3 a emerger este jueves desde el techo de la Capilla Sixtina y marc\u00f3 una nueva era en la Iglesia Cat\u00f3lica. El c\u00f3nclave decidi\u00f3, vot\u00f3 y eligi\u00f3 a Robert Francis Prevost, un cardenal de 68 a\u00f1os de la orden de los agustinos, que es oriundo de Chicago, Estados [&hellip;]<\/p>\n","protected":false},"author":3,"featured_media":2516,"comment_status":"open","ping_status":"open","sticky":false,"template":"","format":"standard","meta":{"footnotes":""},"categories":[19],"tags":[],"class_list":{"0":"post-2515","1":"post","2":"type-post","3":"status-publish","4":"format-standard","5":"has-post-thumbnail","7":"category-interes-general"},"yoast_head":"<!-- This site is optimized with the Yoast SEO plugin v27.4 - https:\/\/yoast.com\/product\/yoast-seo-wordpress\/ -->\n<title>Robert Prevost fue elegido como nuevo Papa y se llamar\u00e1 Le\u00f3n XIV - Diario del Sur<\/title>\n<meta name=\"robots\" content=\"index, follow, max-snippet:-1, max-image-preview:large, max-video-preview:-1\" \/>\n<link rel=\"canonical\" href=\"https:\/\/diariodelsurdigital.com.ar\/?p=2515\" \/>\n<meta property=\"og:locale\" content=\"es_ES\" \/>\n<meta property=\"og:type\" content=\"article\" \/>\n<meta property=\"og:title\" content=\"Robert Prevost fue elegido como nuevo Papa y se llamar\u00e1 Le\u00f3n XIV - Diario del Sur\" \/>\n<meta property=\"og:description\" content=\"Despu\u00e9s de 12 a\u00f1os, la fumata blanca volvi\u00f3 a emerger este jueves desde el techo de la Capilla Sixtina y marc\u00f3 una nueva era en la Iglesia Cat\u00f3lica. El c\u00f3nclave decidi\u00f3, vot\u00f3 y eligi\u00f3 a Robert Francis Prevost, un cardenal de 68 a\u00f1os de la orden de los agustinos, que es oriundo de Chicago, Estados [&hellip;]\" \/>\n<meta property=\"og:url\" content=\"https:\/\/diariodelsurdigital.com.ar\/?p=2515\" \/>\n<meta property=\"og:site_name\" content=\"Diario del Sur\" \/>\n<meta property=\"article:published_time\" content=\"2025-05-08T22:28:48+00:00\" \/>\n<meta property=\"article:modified_time\" content=\"2025-05-08T22:28:49+00:00\" \/>\n<meta property=\"og:image\" content=\"https:\/\/diariodelsurdigital.com.ar\/wp-content\/uploads\/2025\/05\/l_1746725378.jpg\" \/>\n\t<meta property=\"og:image:width\" content=\"870\" \/>\n\t<meta property=\"og:image:height\" content=\"580\" \/>\n\t<meta property=\"og:image:type\" content=\"image\/jpeg\" \/>\n<meta name=\"author\" content=\"Diario del Sur Digital\" \/>\n<meta name=\"twitter:card\" content=\"summary_large_image\" \/>\n<meta name=\"twitter:label1\" content=\"Escrito por\" \/>\n\t<meta name=\"twitter:data1\" content=\"Diario del Sur Digital\" \/>\n\t<meta name=\"twitter:label2\" content=\"Tiempo de lectura\" \/>\n\t<meta name=\"twitter:data2\" content=\"3 minutos\" \/>\n<script type=\"application\/ld+json\" class=\"yoast-schema-graph\">{\"@context\":\"https:\\\/\\\/schema.org\",\"@graph\":[{\"@type\":\"Article\",\"@id\":\"https:\\\/\\\/diariodelsurdigital.com.ar\\\/?p=2515#article\",\"isPartOf\":{\"@id\":\"https:\\\/\\\/diariodelsurdigital.com.ar\\\/?p=2515\"},\"author\":{\"name\":\"Diario del Sur Digital\",\"@id\":\"https:\\\/\\\/diariodelsurdigital.com.ar\\\/#\\\/schema\\\/person\\\/d794acb23337e88c6e4004a39c32be62\"},\"headline\":\"Robert Prevost fue elegido como nuevo Papa y se llamar\u00e1 Le\u00f3n XIV\",\"datePublished\":\"2025-05-08T22:28:48+00:00\",\"dateModified\":\"2025-05-08T22:28:49+00:00\",\"mainEntityOfPage\":{\"@id\":\"https:\\\/\\\/diariodelsurdigital.com.ar\\\/?p=2515\"},\"wordCount\":425,\"commentCount\":0,\"image\":{\"@id\":\"https:\\\/\\\/diariodelsurdigital.com.ar\\\/?p=2515#primaryimage\"},\"thumbnailUrl\":\"https:\\\/\\\/diariodelsurdigital.com.ar\\\/wp-content\\\/uploads\\\/2025\\\/05\\\/l_1746725378.jpg\",\"articleSection\":[\"Inter\u00e9s General\"],\"inLanguage\":\"es\",\"potentialAction\":[{\"@type\":\"CommentAction\",\"name\":\"Comment\",\"target\":[\"https:\\\/\\\/diariodelsurdigital.com.ar\\\/?p=2515#respond\"]}]},{\"@type\":\"WebPage\",\"@id\":\"https:\\\/\\\/diariodelsurdigital.com.ar\\\/?p=2515\",\"url\":\"https:\\\/\\\/diariodelsurdigital.com.ar\\\/?p=2515\",\"name\":\"Robert Prevost fue elegido como nuevo Papa y se llamar\u00e1 Le\u00f3n XIV - Diario del Sur\",\"isPartOf\":{\"@id\":\"https:\\\/\\\/diariodelsurdigital.com.ar\\\/#website\"},\"primaryImageOfPage\":{\"@id\":\"https:\\\/\\\/diariodelsurdigital.com.ar\\\/?p=2515#primaryimage\"},\"image\":{\"@id\":\"https:\\\/\\\/diariodelsurdigital.com.ar\\\/?p=2515#primaryimage\"},\"thumbnailUrl\":\"https:\\\/\\\/diariodelsurdigital.com.ar\\\/wp-content\\\/uploads\\\/2025\\\/05\\\/l_1746725378.jpg\",\"datePublished\":\"2025-05-08T22:28:48+00:00\",\"dateModified\":\"2025-05-08T22:28:49+00:00\",\"author\":{\"@id\":\"https:\\\/\\\/diariodelsurdigital.com.ar\\\/#\\\/schema\\\/person\\\/d794acb23337e88c6e4004a39c32be62\"},\"breadcrumb\":{\"@id\":\"https:\\\/\\\/diariodelsurdigital.com.ar\\\/?p=2515#breadcrumb\"},\"inLanguage\":\"es\",\"potentialAction\":[{\"@type\":\"ReadAction\",\"target\":[\"https:\\\/\\\/diariodelsurdigital.com.ar\\\/?p=2515\"]}]},{\"@type\":\"ImageObject\",\"inLanguage\":\"es\",\"@id\":\"https:\\\/\\\/diariodelsurdigital.com.ar\\\/?p=2515#primaryimage\",\"url\":\"https:\\\/\\\/diariodelsurdigital.com.ar\\\/wp-content\\\/uploads\\\/2025\\\/05\\\/l_1746725378.jpg\",\"contentUrl\":\"https:\\\/\\\/diariodelsurdigital.com.ar\\\/wp-content\\\/uploads\\\/2025\\\/05\\\/l_1746725378.jpg\",\"width\":870,\"height\":580},{\"@type\":\"BreadcrumbList\",\"@id\":\"https:\\\/\\\/diariodelsurdigital.com.ar\\\/?p=2515#breadcrumb\",\"itemListElement\":[{\"@type\":\"ListItem\",\"position\":1,\"name\":\"Portada\",\"item\":\"https:\\\/\\\/diariodelsurdigital.com.ar\\\/\"},{\"@type\":\"ListItem\",\"position\":2,\"name\":\"Robert Prevost fue elegido como nuevo Papa y se llamar\u00e1 Le\u00f3n XIV\"}]},{\"@type\":\"WebSite\",\"@id\":\"https:\\\/\\\/diariodelsurdigital.com.ar\\\/#website\",\"url\":\"https:\\\/\\\/diariodelsurdigital.com.ar\\\/\",\"name\":\"Diario del Sur\",\"description\":\"Digital\",\"potentialAction\":[{\"@type\":\"SearchAction\",\"target\":{\"@type\":\"EntryPoint\",\"urlTemplate\":\"https:\\\/\\\/diariodelsurdigital.com.ar\\\/?s={search_term_string}\"},\"query-input\":{\"@type\":\"PropertyValueSpecification\",\"valueRequired\":true,\"valueName\":\"search_term_string\"}}],\"inLanguage\":\"es\"},{\"@type\":\"Person\",\"@id\":\"https:\\\/\\\/diariodelsurdigital.com.ar\\\/#\\\/schema\\\/person\\\/d794acb23337e88c6e4004a39c32be62\",\"name\":\"Diario del Sur Digital\",\"image\":{\"@type\":\"ImageObject\",\"inLanguage\":\"es\",\"@id\":\"https:\\\/\\\/secure.gravatar.com\\\/avatar\\\/47679bcfa15734cfdefc176b6ad58adeeccac22b2e03e095ada6c622af2b463a?s=96&d=mm&r=g\",\"url\":\"https:\\\/\\\/secure.gravatar.com\\\/avatar\\\/47679bcfa15734cfdefc176b6ad58adeeccac22b2e03e095ada6c622af2b463a?s=96&d=mm&r=g\",\"contentUrl\":\"https:\\\/\\\/secure.gravatar.com\\\/avatar\\\/47679bcfa15734cfdefc176b6ad58adeeccac22b2e03e095ada6c622af2b463a?s=96&d=mm&r=g\",\"caption\":\"Diario del Sur Digital\"},\"url\":\"https:\\\/\\\/diariodelsurdigital.com.ar\\\/?author=3\"}]}<\/script>\n<!-- \/ Yoast SEO plugin. -->","yoast_head_json":{"title":"Robert Prevost fue elegido como nuevo Papa y se llamar\u00e1 Le\u00f3n XIV - Diario del Sur","robots":{"index":"index","follow":"follow","max-snippet":"max-snippet:-1","max-image-preview":"max-image-preview:large","max-video-preview":"max-video-preview:-1"},"canonical":"https:\/\/diariodelsurdigital.com.ar\/?p=2515","og_locale":"es_ES","og_type":"article","og_title":"Robert Prevost fue elegido como nuevo Papa y se llamar\u00e1 Le\u00f3n XIV - Diario del Sur","og_description":"Despu\u00e9s de 12 a\u00f1os, la fumata blanca volvi\u00f3 a emerger este jueves desde el techo de la Capilla Sixtina y marc\u00f3 una nueva era en la Iglesia Cat\u00f3lica. El c\u00f3nclave decidi\u00f3, vot\u00f3 y eligi\u00f3 a Robert Francis Prevost, un cardenal de 68 a\u00f1os de la orden de los agustinos, que es oriundo de Chicago, Estados [&hellip;]","og_url":"https:\/\/diariodelsurdigital.com.ar\/?p=2515","og_site_name":"Diario del Sur","article_published_time":"2025-05-08T22:28:48+00:00","article_modified_time":"2025-05-08T22:28:49+00:00","og_image":[{"width":870,"height":580,"url":"https:\/\/diariodelsurdigital.com.ar\/wp-content\/uploads\/2025\/05\/l_1746725378.jpg","type":"image\/jpeg"}],"author":"Diario del Sur Digital","twitter_card":"summary_large_image","twitter_misc":{"Escrito por":"Diario del Sur Digital","Tiempo de lectura":"3 minutos"},"schema":{"@context":"https:\/\/schema.org","@graph":[{"@type":"Article","@id":"https:\/\/diariodelsurdigital.com.ar\/?p=2515#article","isPartOf":{"@id":"https:\/\/diariodelsurdigital.com.ar\/?p=2515"},"author":{"name":"Diario del Sur Digital","@id":"https:\/\/diariodelsurdigital.com.ar\/#\/schema\/person\/d794acb23337e88c6e4004a39c32be62"},"headline":"Robert Prevost fue elegido como nuevo Papa y se llamar\u00e1 Le\u00f3n XIV","datePublished":"2025-05-08T22:28:48+00:00","dateModified":"2025-05-08T22:28:49+00:00","mainEntityOfPage":{"@id":"https:\/\/diariodelsurdigital.com.ar\/?p=2515"},"wordCount":425,"commentCount":0,"image":{"@id":"https:\/\/diariodelsurdigital.com.ar\/?p=2515#primaryimage"},"thumbnailUrl":"https:\/\/diariodelsurdigital.com.ar\/wp-content\/uploads\/2025\/05\/l_1746725378.jpg","articleSection":["Inter\u00e9s General"],"inLanguage":"es","potentialAction":[{"@type":"CommentAction","name":"Comment","target":["https:\/\/diariodelsurdigital.com.ar\/?p=2515#respond"]}]},{"@type":"WebPage","@id":"https:\/\/diariodelsurdigital.com.ar\/?p=2515","url":"https:\/\/diariodelsurdigital.com.ar\/?p=2515","name":"Robert Prevost fue elegido como nuevo Papa y se llamar\u00e1 Le\u00f3n XIV - Diario del Sur","isPartOf":{"@id":"https:\/\/diariodelsurdigital.com.ar\/#website"},"primaryImageOfPage":{"@id":"https:\/\/diariodelsurdigital.com.ar\/?p=2515#primaryimage"},"image":{"@id":"https:\/\/diariodelsurdigital.com.ar\/?p=2515#primaryimage"},"thumbnailUrl":"https:\/\/diariodelsurdigital.com.ar\/wp-content\/uploads\/2025\/05\/l_1746725378.jpg","datePublished":"2025-05-08T22:28:48+00:00","dateModified":"2025-05-08T22:28:49+00:00","author":{"@id":"https:\/\/diariodelsurdigital.com.ar\/#\/schema\/person\/d794acb23337e88c6e4004a39c32be62"},"breadcrumb":{"@id":"https:\/\/diariodelsurdigital.com.ar\/?p=2515#breadcrumb"},"inLanguage":"es","potentialAction":[{"@type":"ReadAction","target":["https:\/\/diariodelsurdigital.com.ar\/?p=2515"]}]},{"@type":"ImageObject","inLanguage":"es","@id":"https:\/\/diariodelsurdigital.com.ar\/?p=2515#primaryimage","url":"https:\/\/diariodelsurdigital.com.ar\/wp-content\/uploads\/2025\/05\/l_1746725378.jpg","contentUrl":"https:\/\/diariodelsurdigital.com.ar\/wp-content\/uploads\/2025\/05\/l_1746725378.jpg","width":870,"height":580},{"@type":"BreadcrumbList","@id":"https:\/\/diariodelsurdigital.com.ar\/?p=2515#breadcrumb","itemListElement":[{"@type":"ListItem","position":1,"name":"Portada","item":"https:\/\/diariodelsurdigital.com.ar\/"},{"@type":"ListItem","position":2,"name":"Robert Prevost fue elegido como nuevo Papa y se llamar\u00e1 Le\u00f3n XIV"}]},{"@type":"WebSite","@id":"https:\/\/diariodelsurdigital.com.ar\/#website","url":"https:\/\/diariodelsurdigital.com.ar\/","name":"Diario del Sur","description":"Digital","potentialAction":[{"@type":"SearchAction","target":{"@type":"EntryPoint","urlTemplate":"https:\/\/diariodelsurdigital.com.ar\/?s={search_term_string}"},"query-input":{"@type":"PropertyValueSpecification","valueRequired":true,"valueName":"search_term_string"}}],"inLanguage":"es"},{"@type":"Person","@id":"https:\/\/diariodelsurdigital.com.ar\/#\/schema\/person\/d794acb23337e88c6e4004a39c32be62","name":"Diario del Sur Digital","image":{"@type":"ImageObject","inLanguage":"es","@id":"https:\/\/secure.gravatar.com\/avatar\/47679bcfa15734cfdefc176b6ad58adeeccac22b2e03e095ada6c622af2b463a?s=96&d=mm&r=g","url":"https:\/\/secure.gravatar.com\/avatar\/47679bcfa15734cfdefc176b6ad58adeeccac22b2e03e095ada6c622af2b463a?s=96&d=mm&r=g","contentUrl":"https:\/\/secure.gravatar.com\/avatar\/47679bcfa15734cfdefc176b6ad58adeeccac22b2e03e095ada6c622af2b463a?s=96&d=mm&r=g","caption":"Diario del Sur Digital"},"url":"https:\/\/diariodelsurdigital.com.ar\/?author=3"}]}},"_links":{"self":[{"href":"https:\/\/diariodelsurdigital.com.ar\/index.php?rest_route=\/wp\/v2\/posts\/2515","targetHints":{"allow":["GET"]}}],"collection":[{"href":"https:\/\/diariodelsurdigital.com.ar\/index.php?rest_route=\/wp\/v2\/posts"}],"about":[{"href":"https:\/\/diariodelsurdigital.com.ar\/index.php?rest_route=\/wp\/v2\/types\/post"}],"author":[{"embeddable":true,"href":"https:\/\/diariodelsurdigital.com.ar\/index.php?rest_route=\/wp\/v2\/users\/3"}],"replies":[{"embeddable":true,"href":"https:\/\/diariodelsurdigital.com.ar\/index.php?rest_route=%2Fwp%2Fv2%2Fcomments&post=2515"}],"version-history":[{"count":1,"href":"https:\/\/diariodelsurdigital.com.ar\/index.php?rest_route=\/wp\/v2\/posts\/2515\/revisions"}],"predecessor-version":[{"id":2517,"href":"https:\/\/diariodelsurdigital.com.ar\/index.php?rest_route=\/wp\/v2\/posts\/2515\/revisions\/2517"}],"wp:featuredmedia":[{"embeddable":true,"href":"https:\/\/diariodelsurdigital.com.ar\/index.php?rest_route=\/wp\/v2\/media\/2516"}],"wp:attachment":[{"href":"https:\/\/diariodelsurdigital.com.ar\/index.php?rest_route=%2Fwp%2Fv2%2Fmedia&parent=2515"}],"wp:term":[{"taxonomy":"category","embeddable":true,"href":"https:\/\/diariodelsurdigital.com.ar\/index.php?rest_route=%2Fwp%2Fv2%2Fcategories&post=2515"},{"taxonomy":"post_tag","embeddable":true,"href":"https:\/\/diariodelsurdigital.com.ar\/index.php?rest_route=%2Fwp%2Fv2%2Ftags&post=2515"}],"curies":[{"name":"wp","href":"https:\/\/api.w.org\/{rel}","templated":true}]}}