{"id":2526,"date":"2025-05-09T12:16:22","date_gmt":"2025-05-09T15:16:22","guid":{"rendered":"https:\/\/diariodelsurdigital.com.ar\/?p=2526"},"modified":"2025-05-09T12:16:24","modified_gmt":"2025-05-09T15:16:24","slug":"el-pj-entrerriano-modifico-la-fecha-de-su-interna-las-elecciones-seran-el-6-de-julio","status":"publish","type":"post","link":"https:\/\/diariodelsurdigital.com.ar\/?p=2526","title":{"rendered":"El PJ entrerriano modific\u00f3 la fecha de su interna: las elecciones ser\u00e1n el 6 de julio"},"content":{"rendered":"\n<p>Del 29 de junio, se pasa al domingo siguiente: el 6 de julio. La pr\u00f3rroga de una semana responde a los pedidos que se efectuaron a la conducci\u00f3n del PJ. Con el nuevo cronograma, la presentaci\u00f3n de listas se corre al 6 de junio.<\/p>\n\n\n\n<p>El PJ de Entre R\u00edos resolvi\u00f3 dar m\u00e1s tiempo para la organizaci\u00f3n de las elecciones internas, tal como lo hab\u00edan solicitado, por separado, distintos espacios internos, como el sector que postula a H\u00e9ctor Maya, con el apoyo de Jos\u00e9 Allende y el Peronismo Amplio Renovador (PAR), que se hab\u00eda quejado por los \u201cplazos excesivamente breves\u201d del cronograma electoral \u201cque no respetan los tiempos necesarios para garantizar una amplia participaci\u00f3n militante\u201d.<\/p>\n\n\n\n<p>La modificaci\u00f3n implica diferir en una semana el cronograma que se hab\u00eda propuesto en la reuni\u00f3n del 26 de abril, aquel plenario del que tom\u00f3 parte la primera l\u00ednea de la dirigencia peronista entrerriana con el prop\u00f3sito de analizar alternativas electorales de bajo costo para la selecci\u00f3n de candidatos a diputados y senadores nacionales.<\/p>\n\n\n\n<p>En consecuencia, la elecci\u00f3n pasa del domingo 29 de junio al domingo 6 de julio. Y la presentaci\u00f3n de listas del 30 de mayo al viernes 6 de junio. Ese d\u00eda se sabr\u00e1 si habr\u00e1 confrontaci\u00f3n interna y, en tal caso, cu\u00e1ntas listas competir\u00e1n y qui\u00e9nes terminar\u00e1n siendo los precandidatos y en qu\u00e9 orden.<\/p>\n\n\n\n<p>La decisi\u00f3n fue adoptada por el Consejo Provincial del PJ, con el acuerdo de todos los sectores internos que lo integran y en di\u00e1logo con otros espacios y estamentos partidarios. Se avalu\u00f3 que el 6 de julio era la fecha m\u00e1xima de la pr\u00f3rroga, dado que luego vienen las vacaciones escolares que reducir\u00edan a\u00fan m\u00e1s la participaci\u00f3n en una interna que, de por si despierta poco inter\u00e9s entre la militancia, porque no se juegan lo cargos locales, public\u00f3 P\u00e1gina Pol\u00edticas.<\/p>\n\n\n\n<p>Si se hubiera dejado para despu\u00e9s del receso invernal, la elecci\u00f3n tendr\u00eda que haberse convocado para el 27 de julio. La conducci\u00f3n partidaria consider\u00f3 que llevar los comicios internos tan encima de los plazos del cronograma electoral de la elecci\u00f3n nacional (las listas se deben presentar el 17 de agosto) era tomar un riesgo innecesario.<\/p>\n","protected":false},"excerpt":{"rendered":"<p>Del 29 de junio, se pasa al domingo siguiente: el 6 de julio. La pr\u00f3rroga de una semana responde a los pedidos que se efectuaron a la conducci\u00f3n del PJ. Con el nuevo cronograma, la presentaci\u00f3n de listas se corre al 6 de junio. El PJ de Entre R\u00edos resolvi\u00f3 dar m\u00e1s tiempo para la [&hellip;]<\/p>\n","protected":false},"author":4,"featured_media":2527,"comment_status":"open","ping_status":"open","sticky":false,"template":"","format":"standard","meta":{"footnotes":""},"categories":[22,17],"tags":[],"class_list":{"0":"post-2526","1":"post","2":"type-post","3":"status-publish","4":"format-standard","5":"has-post-thumbnail","7":"category-politica","8":"category-provinciales"},"yoast_head":"<!-- This site is optimized with the Yoast SEO plugin v27.4 - https:\/\/yoast.com\/product\/yoast-seo-wordpress\/ -->\n<title>El PJ entrerriano modific\u00f3 la fecha de su interna: las elecciones ser\u00e1n el 6 de julio - Diario del Sur<\/title>\n<meta name=\"robots\" content=\"index, follow, max-snippet:-1, max-image-preview:large, max-video-preview:-1\" \/>\n<link rel=\"canonical\" href=\"https:\/\/diariodelsurdigital.com.ar\/?p=2526\" \/>\n<meta property=\"og:locale\" content=\"es_ES\" \/>\n<meta property=\"og:type\" content=\"article\" \/>\n<meta property=\"og:title\" content=\"El PJ entrerriano modific\u00f3 la fecha de su interna: las elecciones ser\u00e1n el 6 de julio - Diario del Sur\" \/>\n<meta property=\"og:description\" content=\"Del 29 de junio, se pasa al domingo siguiente: el 6 de julio. La pr\u00f3rroga de una semana responde a los pedidos que se efectuaron a la conducci\u00f3n del PJ. Con el nuevo cronograma, la presentaci\u00f3n de listas se corre al 6 de junio. El PJ de Entre R\u00edos resolvi\u00f3 dar m\u00e1s tiempo para la [&hellip;]\" \/>\n<meta property=\"og:url\" content=\"https:\/\/diariodelsurdigital.com.ar\/?p=2526\" \/>\n<meta property=\"og:site_name\" content=\"Diario del Sur\" \/>\n<meta property=\"article:published_time\" content=\"2025-05-09T15:16:22+00:00\" \/>\n<meta property=\"article:modified_time\" content=\"2025-05-09T15:16:24+00:00\" \/>\n<meta property=\"og:image\" content=\"https:\/\/diariodelsurdigital.com.ar\/wp-content\/uploads\/2025\/05\/md-15.webp\" \/>\n\t<meta property=\"og:image:width\" content=\"992\" \/>\n\t<meta property=\"og:image:height\" content=\"661\" \/>\n\t<meta property=\"og:image:type\" content=\"image\/webp\" \/>\n<meta name=\"author\" content=\"Diario del Sur Digital\" \/>\n<meta name=\"twitter:card\" content=\"summary_large_image\" \/>\n<meta name=\"twitter:label1\" content=\"Escrito por\" \/>\n\t<meta name=\"twitter:data1\" content=\"Diario del Sur Digital\" \/>\n\t<meta name=\"twitter:label2\" content=\"Tiempo de lectura\" \/>\n\t<meta name=\"twitter:data2\" content=\"2 minutos\" \/>\n<script type=\"application\/ld+json\" class=\"yoast-schema-graph\">{\"@context\":\"https:\\\/\\\/schema.org\",\"@graph\":[{\"@type\":\"Article\",\"@id\":\"https:\\\/\\\/diariodelsurdigital.com.ar\\\/?p=2526#article\",\"isPartOf\":{\"@id\":\"https:\\\/\\\/diariodelsurdigital.com.ar\\\/?p=2526\"},\"author\":{\"name\":\"Diario del Sur Digital\",\"@id\":\"https:\\\/\\\/diariodelsurdigital.com.ar\\\/#\\\/schema\\\/person\\\/1a4992532ed62965c968031b49195c81\"},\"headline\":\"El PJ entrerriano modific\u00f3 la fecha de su interna: las elecciones ser\u00e1n el 6 de julio\",\"datePublished\":\"2025-05-09T15:16:22+00:00\",\"dateModified\":\"2025-05-09T15:16:24+00:00\",\"mainEntityOfPage\":{\"@id\":\"https:\\\/\\\/diariodelsurdigital.com.ar\\\/?p=2526\"},\"wordCount\":402,\"commentCount\":0,\"image\":{\"@id\":\"https:\\\/\\\/diariodelsurdigital.com.ar\\\/?p=2526#primaryimage\"},\"thumbnailUrl\":\"https:\\\/\\\/diariodelsurdigital.com.ar\\\/wp-content\\\/uploads\\\/2025\\\/05\\\/md-15.webp\",\"articleSection\":[\"Pol\u00edtica\",\"Provinciales\"],\"inLanguage\":\"es\",\"potentialAction\":[{\"@type\":\"CommentAction\",\"name\":\"Comment\",\"target\":[\"https:\\\/\\\/diariodelsurdigital.com.ar\\\/?p=2526#respond\"]}]},{\"@type\":\"WebPage\",\"@id\":\"https:\\\/\\\/diariodelsurdigital.com.ar\\\/?p=2526\",\"url\":\"https:\\\/\\\/diariodelsurdigital.com.ar\\\/?p=2526\",\"name\":\"El PJ entrerriano modific\u00f3 la fecha de su interna: las elecciones ser\u00e1n el 6 de julio - Diario del Sur\",\"isPartOf\":{\"@id\":\"https:\\\/\\\/diariodelsurdigital.com.ar\\\/#website\"},\"primaryImageOfPage\":{\"@id\":\"https:\\\/\\\/diariodelsurdigital.com.ar\\\/?p=2526#primaryimage\"},\"image\":{\"@id\":\"https:\\\/\\\/diariodelsurdigital.com.ar\\\/?p=2526#primaryimage\"},\"thumbnailUrl\":\"https:\\\/\\\/diariodelsurdigital.com.ar\\\/wp-content\\\/uploads\\\/2025\\\/05\\\/md-15.webp\",\"datePublished\":\"2025-05-09T15:16:22+00:00\",\"dateModified\":\"2025-05-09T15:16:24+00:00\",\"author\":{\"@id\":\"https:\\\/\\\/diariodelsurdigital.com.ar\\\/#\\\/schema\\\/person\\\/1a4992532ed62965c968031b49195c81\"},\"breadcrumb\":{\"@id\":\"https:\\\/\\\/diariodelsurdigital.com.ar\\\/?p=2526#breadcrumb\"},\"inLanguage\":\"es\",\"potentialAction\":[{\"@type\":\"ReadAction\",\"target\":[\"https:\\\/\\\/diariodelsurdigital.com.ar\\\/?p=2526\"]}]},{\"@type\":\"ImageObject\",\"inLanguage\":\"es\",\"@id\":\"https:\\\/\\\/diariodelsurdigital.com.ar\\\/?p=2526#primaryimage\",\"url\":\"https:\\\/\\\/diariodelsurdigital.com.ar\\\/wp-content\\\/uploads\\\/2025\\\/05\\\/md-15.webp\",\"contentUrl\":\"https:\\\/\\\/diariodelsurdigital.com.ar\\\/wp-content\\\/uploads\\\/2025\\\/05\\\/md-15.webp\",\"width\":992,\"height\":661},{\"@type\":\"BreadcrumbList\",\"@id\":\"https:\\\/\\\/diariodelsurdigital.com.ar\\\/?p=2526#breadcrumb\",\"itemListElement\":[{\"@type\":\"ListItem\",\"position\":1,\"name\":\"Portada\",\"item\":\"https:\\\/\\\/diariodelsurdigital.com.ar\\\/\"},{\"@type\":\"ListItem\",\"position\":2,\"name\":\"El PJ entrerriano modific\u00f3 la fecha de su interna: las elecciones ser\u00e1n el 6 de julio\"}]},{\"@type\":\"WebSite\",\"@id\":\"https:\\\/\\\/diariodelsurdigital.com.ar\\\/#website\",\"url\":\"https:\\\/\\\/diariodelsurdigital.com.ar\\\/\",\"name\":\"Diario del Sur\",\"description\":\"Digital\",\"potentialAction\":[{\"@type\":\"SearchAction\",\"target\":{\"@type\":\"EntryPoint\",\"urlTemplate\":\"https:\\\/\\\/diariodelsurdigital.com.ar\\\/?s={search_term_string}\"},\"query-input\":{\"@type\":\"PropertyValueSpecification\",\"valueRequired\":true,\"valueName\":\"search_term_string\"}}],\"inLanguage\":\"es\"},{\"@type\":\"Person\",\"@id\":\"https:\\\/\\\/diariodelsurdigital.com.ar\\\/#\\\/schema\\\/person\\\/1a4992532ed62965c968031b49195c81\",\"name\":\"Diario del Sur Digital\",\"image\":{\"@type\":\"ImageObject\",\"inLanguage\":\"es\",\"@id\":\"https:\\\/\\\/secure.gravatar.com\\\/avatar\\\/f0c7c47fc7146d19828273b9b8eda651c9c7ab583767e6338d3d3bee825adf76?s=96&d=mm&r=g\",\"url\":\"https:\\\/\\\/secure.gravatar.com\\\/avatar\\\/f0c7c47fc7146d19828273b9b8eda651c9c7ab583767e6338d3d3bee825adf76?s=96&d=mm&r=g\",\"contentUrl\":\"https:\\\/\\\/secure.gravatar.com\\\/avatar\\\/f0c7c47fc7146d19828273b9b8eda651c9c7ab583767e6338d3d3bee825adf76?s=96&d=mm&r=g\",\"caption\":\"Diario del Sur Digital\"},\"url\":\"https:\\\/\\\/diariodelsurdigital.com.ar\\\/?author=4\"}]}<\/script>\n<!-- \/ Yoast SEO plugin. -->","yoast_head_json":{"title":"El PJ entrerriano modific\u00f3 la fecha de su interna: las elecciones ser\u00e1n el 6 de julio - Diario del Sur","robots":{"index":"index","follow":"follow","max-snippet":"max-snippet:-1","max-image-preview":"max-image-preview:large","max-video-preview":"max-video-preview:-1"},"canonical":"https:\/\/diariodelsurdigital.com.ar\/?p=2526","og_locale":"es_ES","og_type":"article","og_title":"El PJ entrerriano modific\u00f3 la fecha de su interna: las elecciones ser\u00e1n el 6 de julio - Diario del Sur","og_description":"Del 29 de junio, se pasa al domingo siguiente: el 6 de julio. La pr\u00f3rroga de una semana responde a los pedidos que se efectuaron a la conducci\u00f3n del PJ. Con el nuevo cronograma, la presentaci\u00f3n de listas se corre al 6 de junio. El PJ de Entre R\u00edos resolvi\u00f3 dar m\u00e1s tiempo para la [&hellip;]","og_url":"https:\/\/diariodelsurdigital.com.ar\/?p=2526","og_site_name":"Diario del Sur","article_published_time":"2025-05-09T15:16:22+00:00","article_modified_time":"2025-05-09T15:16:24+00:00","og_image":[{"width":992,"height":661,"url":"https:\/\/diariodelsurdigital.com.ar\/wp-content\/uploads\/2025\/05\/md-15.webp","type":"image\/webp"}],"author":"Diario del Sur Digital","twitter_card":"summary_large_image","twitter_misc":{"Escrito por":"Diario del Sur Digital","Tiempo de lectura":"2 minutos"},"schema":{"@context":"https:\/\/schema.org","@graph":[{"@type":"Article","@id":"https:\/\/diariodelsurdigital.com.ar\/?p=2526#article","isPartOf":{"@id":"https:\/\/diariodelsurdigital.com.ar\/?p=2526"},"author":{"name":"Diario del Sur Digital","@id":"https:\/\/diariodelsurdigital.com.ar\/#\/schema\/person\/1a4992532ed62965c968031b49195c81"},"headline":"El PJ entrerriano modific\u00f3 la fecha de su interna: las elecciones ser\u00e1n el 6 de julio","datePublished":"2025-05-09T15:16:22+00:00","dateModified":"2025-05-09T15:16:24+00:00","mainEntityOfPage":{"@id":"https:\/\/diariodelsurdigital.com.ar\/?p=2526"},"wordCount":402,"commentCount":0,"image":{"@id":"https:\/\/diariodelsurdigital.com.ar\/?p=2526#primaryimage"},"thumbnailUrl":"https:\/\/diariodelsurdigital.com.ar\/wp-content\/uploads\/2025\/05\/md-15.webp","articleSection":["Pol\u00edtica","Provinciales"],"inLanguage":"es","potentialAction":[{"@type":"CommentAction","name":"Comment","target":["https:\/\/diariodelsurdigital.com.ar\/?p=2526#respond"]}]},{"@type":"WebPage","@id":"https:\/\/diariodelsurdigital.com.ar\/?p=2526","url":"https:\/\/diariodelsurdigital.com.ar\/?p=2526","name":"El PJ entrerriano modific\u00f3 la fecha de su interna: las elecciones ser\u00e1n el 6 de julio - Diario del Sur","isPartOf":{"@id":"https:\/\/diariodelsurdigital.com.ar\/#website"},"primaryImageOfPage":{"@id":"https:\/\/diariodelsurdigital.com.ar\/?p=2526#primaryimage"},"image":{"@id":"https:\/\/diariodelsurdigital.com.ar\/?p=2526#primaryimage"},"thumbnailUrl":"https:\/\/diariodelsurdigital.com.ar\/wp-content\/uploads\/2025\/05\/md-15.webp","datePublished":"2025-05-09T15:16:22+00:00","dateModified":"2025-05-09T15:16:24+00:00","author":{"@id":"https:\/\/diariodelsurdigital.com.ar\/#\/schema\/person\/1a4992532ed62965c968031b49195c81"},"breadcrumb":{"@id":"https:\/\/diariodelsurdigital.com.ar\/?p=2526#breadcrumb"},"inLanguage":"es","potentialAction":[{"@type":"ReadAction","target":["https:\/\/diariodelsurdigital.com.ar\/?p=2526"]}]},{"@type":"ImageObject","inLanguage":"es","@id":"https:\/\/diariodelsurdigital.com.ar\/?p=2526#primaryimage","url":"https:\/\/diariodelsurdigital.com.ar\/wp-content\/uploads\/2025\/05\/md-15.webp","contentUrl":"https:\/\/diariodelsurdigital.com.ar\/wp-content\/uploads\/2025\/05\/md-15.webp","width":992,"height":661},{"@type":"BreadcrumbList","@id":"https:\/\/diariodelsurdigital.com.ar\/?p=2526#breadcrumb","itemListElement":[{"@type":"ListItem","position":1,"name":"Portada","item":"https:\/\/diariodelsurdigital.com.ar\/"},{"@type":"ListItem","position":2,"name":"El PJ entrerriano modific\u00f3 la fecha de su interna: las elecciones ser\u00e1n el 6 de julio"}]},{"@type":"WebSite","@id":"https:\/\/diariodelsurdigital.com.ar\/#website","url":"https:\/\/diariodelsurdigital.com.ar\/","name":"Diario del Sur","description":"Digital","potentialAction":[{"@type":"SearchAction","target":{"@type":"EntryPoint","urlTemplate":"https:\/\/diariodelsurdigital.com.ar\/?s={search_term_string}"},"query-input":{"@type":"PropertyValueSpecification","valueRequired":true,"valueName":"search_term_string"}}],"inLanguage":"es"},{"@type":"Person","@id":"https:\/\/diariodelsurdigital.com.ar\/#\/schema\/person\/1a4992532ed62965c968031b49195c81","name":"Diario del Sur Digital","image":{"@type":"ImageObject","inLanguage":"es","@id":"https:\/\/secure.gravatar.com\/avatar\/f0c7c47fc7146d19828273b9b8eda651c9c7ab583767e6338d3d3bee825adf76?s=96&d=mm&r=g","url":"https:\/\/secure.gravatar.com\/avatar\/f0c7c47fc7146d19828273b9b8eda651c9c7ab583767e6338d3d3bee825adf76?s=96&d=mm&r=g","contentUrl":"https:\/\/secure.gravatar.com\/avatar\/f0c7c47fc7146d19828273b9b8eda651c9c7ab583767e6338d3d3bee825adf76?s=96&d=mm&r=g","caption":"Diario del Sur Digital"},"url":"https:\/\/diariodelsurdigital.com.ar\/?author=4"}]}},"_links":{"self":[{"href":"https:\/\/diariodelsurdigital.com.ar\/index.php?rest_route=\/wp\/v2\/posts\/2526","targetHints":{"allow":["GET"]}}],"collection":[{"href":"https:\/\/diariodelsurdigital.com.ar\/index.php?rest_route=\/wp\/v2\/posts"}],"about":[{"href":"https:\/\/diariodelsurdigital.com.ar\/index.php?rest_route=\/wp\/v2\/types\/post"}],"author":[{"embeddable":true,"href":"https:\/\/diariodelsurdigital.com.ar\/index.php?rest_route=\/wp\/v2\/users\/4"}],"replies":[{"embeddable":true,"href":"https:\/\/diariodelsurdigital.com.ar\/index.php?rest_route=%2Fwp%2Fv2%2Fcomments&post=2526"}],"version-history":[{"count":1,"href":"https:\/\/diariodelsurdigital.com.ar\/index.php?rest_route=\/wp\/v2\/posts\/2526\/revisions"}],"predecessor-version":[{"id":2528,"href":"https:\/\/diariodelsurdigital.com.ar\/index.php?rest_route=\/wp\/v2\/posts\/2526\/revisions\/2528"}],"wp:featuredmedia":[{"embeddable":true,"href":"https:\/\/diariodelsurdigital.com.ar\/index.php?rest_route=\/wp\/v2\/media\/2527"}],"wp:attachment":[{"href":"https:\/\/diariodelsurdigital.com.ar\/index.php?rest_route=%2Fwp%2Fv2%2Fmedia&parent=2526"}],"wp:term":[{"taxonomy":"category","embeddable":true,"href":"https:\/\/diariodelsurdigital.com.ar\/index.php?rest_route=%2Fwp%2Fv2%2Fcategories&post=2526"},{"taxonomy":"post_tag","embeddable":true,"href":"https:\/\/diariodelsurdigital.com.ar\/index.php?rest_route=%2Fwp%2Fv2%2Ftags&post=2526"}],"curies":[{"name":"wp","href":"https:\/\/api.w.org\/{rel}","templated":true}]}}