{"id":2529,"date":"2025-05-09T12:18:16","date_gmt":"2025-05-09T15:18:16","guid":{"rendered":"https:\/\/diariodelsurdigital.com.ar\/?p=2529"},"modified":"2025-05-09T12:18:17","modified_gmt":"2025-05-09T15:18:17","slug":"por-decreto-el-gobierno-fijo-el-salario-minimo-vital-y-movil-en-302-600","status":"publish","type":"post","link":"https:\/\/diariodelsurdigital.com.ar\/?p=2529","title":{"rendered":"Por decreto, el Gobierno fij\u00f3 el Salario M\u00ednimo, Vital y M\u00f3vil en $302.600"},"content":{"rendered":"\n<p>Luego de no alcanzar acuerdo entre gremios y empresarios, el Ejecutivo determin\u00f3 por decreto el nuevo valor de la prestaci\u00f3n m\u00ednima, cu subas escalonadas hasta agosto.<\/p>\n\n\n\n<p>El Gobierno fij\u00f3 por decreto un nuevo valor del Salario M\u00ednimo, Vital y M\u00f3vil, luego de no haber alcanzado un acuerdo con los representantes del sector gremial y del \u00e1mbito empresario. Para agosto se ubicar\u00e1 en $322.000.<\/p>\n\n\n\n<p>El 29 de abril se reuni\u00f3 el Consejo del Salario, pero \u201cluego de un extenso intercambio de opiniones, durante el cual cada sector realiz\u00f3 sus exposiciones y deliberaciones, no hubo consenso\u201d, explic\u00f3 el Ejecutivo.<\/p>\n\n\n\n<p>Por ese motivo determin\u00f3 la suba a trav\u00e9s de un decreto que se public\u00f3 en el Bolet\u00edn Oficial, en el que se informa que desde el 1 de abril de 2025 pasar\u00e1 a ubicarse en $302.600.<\/p>\n\n\n\n<p>Luego, a partir del 1\u00b0 de mayo de 2025, el valor del SMVM crecer\u00e1 a $308.200, y desde junio ascender\u00e1 a $313.400. Para julio de este a\u00f1o estar\u00e1 en $317.800, mientras que desde el 1 de agosto de 2025 ser\u00e1 de $322.000.<\/p>\n\n\n\n<p>Las cifras que determin\u00f3 el Gobierno se ubic\u00f3 a la mitad del valor solicitado por las centrales obreras para abril, que era de $644.165, y mayo, que era $657.703, con un aumento en torno al 120%. En tanto que el empresariado ofreci\u00f3 $301.500 para abril, $306.500 para mayo y $311.500 para junio, un 1,3% de incremento, es decir, un incremento similar al que finalmente dispuso el Ejecutivo.<\/p>\n\n\n\n<p>El decreto tambi\u00e9n fij\u00f3 en $ 1.513 por hora desde abril para los trabajadores jornalizados y $1.541 por hora a partir de mayo. Asimismo, desde junio ser\u00e1 $1.567 por hora y $1.589 por hora, En tanto que para agosto se ubicar\u00e1 en $1.610 por hora, public\u00f3 \u00c1mbito.<\/p>\n\n\n\n<p>La \u00faltima actualizaci\u00f3n del SMVM se remonta a diciembre de 2024, cuando, ante la falta de acuerdo entre el sector empresarial y las organizaciones sindicales, el Poder Ejecutivo tom\u00f3 la decisi\u00f3n de fijar los nuevos montos mediante un decreto.<\/p>\n","protected":false},"excerpt":{"rendered":"<p>Luego de no alcanzar acuerdo entre gremios y empresarios, el Ejecutivo determin\u00f3 por decreto el nuevo valor de la prestaci\u00f3n m\u00ednima, cu subas escalonadas hasta agosto. El Gobierno fij\u00f3 por decreto un nuevo valor del Salario M\u00ednimo, Vital y M\u00f3vil, luego de no haber alcanzado un acuerdo con los representantes del sector gremial y del [&hellip;]<\/p>\n","protected":false},"author":4,"featured_media":2530,"comment_status":"open","ping_status":"open","sticky":false,"template":"","format":"standard","meta":{"footnotes":""},"categories":[18],"tags":[],"class_list":{"0":"post-2529","1":"post","2":"type-post","3":"status-publish","4":"format-standard","5":"has-post-thumbnail","7":"category-nacionales"},"yoast_head":"<!-- This site is optimized with the Yoast SEO plugin v27.4 - https:\/\/yoast.com\/product\/yoast-seo-wordpress\/ -->\n<title>Por decreto, el Gobierno fij\u00f3 el Salario M\u00ednimo, Vital y M\u00f3vil en $302.600 - Diario del Sur<\/title>\n<meta name=\"robots\" content=\"index, follow, max-snippet:-1, max-image-preview:large, max-video-preview:-1\" \/>\n<link rel=\"canonical\" href=\"https:\/\/diariodelsurdigital.com.ar\/?p=2529\" \/>\n<meta property=\"og:locale\" content=\"es_ES\" \/>\n<meta property=\"og:type\" content=\"article\" \/>\n<meta property=\"og:title\" content=\"Por decreto, el Gobierno fij\u00f3 el Salario M\u00ednimo, Vital y M\u00f3vil en $302.600 - Diario del Sur\" \/>\n<meta property=\"og:description\" content=\"Luego de no alcanzar acuerdo entre gremios y empresarios, el Ejecutivo determin\u00f3 por decreto el nuevo valor de la prestaci\u00f3n m\u00ednima, cu subas escalonadas hasta agosto. El Gobierno fij\u00f3 por decreto un nuevo valor del Salario M\u00ednimo, Vital y M\u00f3vil, luego de no haber alcanzado un acuerdo con los representantes del sector gremial y del [&hellip;]\" \/>\n<meta property=\"og:url\" content=\"https:\/\/diariodelsurdigital.com.ar\/?p=2529\" \/>\n<meta property=\"og:site_name\" content=\"Diario del Sur\" \/>\n<meta property=\"article:published_time\" content=\"2025-05-09T15:18:16+00:00\" \/>\n<meta property=\"article:modified_time\" content=\"2025-05-09T15:18:17+00:00\" \/>\n<meta property=\"og:image\" content=\"https:\/\/diariodelsurdigital.com.ar\/wp-content\/uploads\/2025\/05\/md-16.webp\" \/>\n\t<meta property=\"og:image:width\" content=\"992\" \/>\n\t<meta property=\"og:image:height\" content=\"557\" \/>\n\t<meta property=\"og:image:type\" content=\"image\/webp\" \/>\n<meta name=\"author\" content=\"Diario del Sur Digital\" \/>\n<meta name=\"twitter:card\" content=\"summary_large_image\" \/>\n<meta name=\"twitter:label1\" content=\"Escrito por\" \/>\n\t<meta name=\"twitter:data1\" content=\"Diario del Sur Digital\" \/>\n\t<meta name=\"twitter:label2\" content=\"Tiempo de lectura\" \/>\n\t<meta name=\"twitter:data2\" content=\"2 minutos\" \/>\n<script type=\"application\/ld+json\" class=\"yoast-schema-graph\">{\"@context\":\"https:\\\/\\\/schema.org\",\"@graph\":[{\"@type\":\"Article\",\"@id\":\"https:\\\/\\\/diariodelsurdigital.com.ar\\\/?p=2529#article\",\"isPartOf\":{\"@id\":\"https:\\\/\\\/diariodelsurdigital.com.ar\\\/?p=2529\"},\"author\":{\"name\":\"Diario del Sur Digital\",\"@id\":\"https:\\\/\\\/diariodelsurdigital.com.ar\\\/#\\\/schema\\\/person\\\/1a4992532ed62965c968031b49195c81\"},\"headline\":\"Por decreto, el Gobierno fij\u00f3 el Salario M\u00ednimo, Vital y M\u00f3vil en $302.600\",\"datePublished\":\"2025-05-09T15:18:16+00:00\",\"dateModified\":\"2025-05-09T15:18:17+00:00\",\"mainEntityOfPage\":{\"@id\":\"https:\\\/\\\/diariodelsurdigital.com.ar\\\/?p=2529\"},\"wordCount\":325,\"commentCount\":0,\"image\":{\"@id\":\"https:\\\/\\\/diariodelsurdigital.com.ar\\\/?p=2529#primaryimage\"},\"thumbnailUrl\":\"https:\\\/\\\/diariodelsurdigital.com.ar\\\/wp-content\\\/uploads\\\/2025\\\/05\\\/md-16.webp\",\"articleSection\":[\"Nacionales\"],\"inLanguage\":\"es\",\"potentialAction\":[{\"@type\":\"CommentAction\",\"name\":\"Comment\",\"target\":[\"https:\\\/\\\/diariodelsurdigital.com.ar\\\/?p=2529#respond\"]}]},{\"@type\":\"WebPage\",\"@id\":\"https:\\\/\\\/diariodelsurdigital.com.ar\\\/?p=2529\",\"url\":\"https:\\\/\\\/diariodelsurdigital.com.ar\\\/?p=2529\",\"name\":\"Por decreto, el Gobierno fij\u00f3 el Salario M\u00ednimo, Vital y M\u00f3vil en $302.600 - Diario del Sur\",\"isPartOf\":{\"@id\":\"https:\\\/\\\/diariodelsurdigital.com.ar\\\/#website\"},\"primaryImageOfPage\":{\"@id\":\"https:\\\/\\\/diariodelsurdigital.com.ar\\\/?p=2529#primaryimage\"},\"image\":{\"@id\":\"https:\\\/\\\/diariodelsurdigital.com.ar\\\/?p=2529#primaryimage\"},\"thumbnailUrl\":\"https:\\\/\\\/diariodelsurdigital.com.ar\\\/wp-content\\\/uploads\\\/2025\\\/05\\\/md-16.webp\",\"datePublished\":\"2025-05-09T15:18:16+00:00\",\"dateModified\":\"2025-05-09T15:18:17+00:00\",\"author\":{\"@id\":\"https:\\\/\\\/diariodelsurdigital.com.ar\\\/#\\\/schema\\\/person\\\/1a4992532ed62965c968031b49195c81\"},\"breadcrumb\":{\"@id\":\"https:\\\/\\\/diariodelsurdigital.com.ar\\\/?p=2529#breadcrumb\"},\"inLanguage\":\"es\",\"potentialAction\":[{\"@type\":\"ReadAction\",\"target\":[\"https:\\\/\\\/diariodelsurdigital.com.ar\\\/?p=2529\"]}]},{\"@type\":\"ImageObject\",\"inLanguage\":\"es\",\"@id\":\"https:\\\/\\\/diariodelsurdigital.com.ar\\\/?p=2529#primaryimage\",\"url\":\"https:\\\/\\\/diariodelsurdigital.com.ar\\\/wp-content\\\/uploads\\\/2025\\\/05\\\/md-16.webp\",\"contentUrl\":\"https:\\\/\\\/diariodelsurdigital.com.ar\\\/wp-content\\\/uploads\\\/2025\\\/05\\\/md-16.webp\",\"width\":992,\"height\":557},{\"@type\":\"BreadcrumbList\",\"@id\":\"https:\\\/\\\/diariodelsurdigital.com.ar\\\/?p=2529#breadcrumb\",\"itemListElement\":[{\"@type\":\"ListItem\",\"position\":1,\"name\":\"Portada\",\"item\":\"https:\\\/\\\/diariodelsurdigital.com.ar\\\/\"},{\"@type\":\"ListItem\",\"position\":2,\"name\":\"Por decreto, el Gobierno fij\u00f3 el Salario M\u00ednimo, Vital y M\u00f3vil en $302.600\"}]},{\"@type\":\"WebSite\",\"@id\":\"https:\\\/\\\/diariodelsurdigital.com.ar\\\/#website\",\"url\":\"https:\\\/\\\/diariodelsurdigital.com.ar\\\/\",\"name\":\"Diario del Sur\",\"description\":\"Digital\",\"potentialAction\":[{\"@type\":\"SearchAction\",\"target\":{\"@type\":\"EntryPoint\",\"urlTemplate\":\"https:\\\/\\\/diariodelsurdigital.com.ar\\\/?s={search_term_string}\"},\"query-input\":{\"@type\":\"PropertyValueSpecification\",\"valueRequired\":true,\"valueName\":\"search_term_string\"}}],\"inLanguage\":\"es\"},{\"@type\":\"Person\",\"@id\":\"https:\\\/\\\/diariodelsurdigital.com.ar\\\/#\\\/schema\\\/person\\\/1a4992532ed62965c968031b49195c81\",\"name\":\"Diario del Sur Digital\",\"image\":{\"@type\":\"ImageObject\",\"inLanguage\":\"es\",\"@id\":\"https:\\\/\\\/secure.gravatar.com\\\/avatar\\\/f0c7c47fc7146d19828273b9b8eda651c9c7ab583767e6338d3d3bee825adf76?s=96&d=mm&r=g\",\"url\":\"https:\\\/\\\/secure.gravatar.com\\\/avatar\\\/f0c7c47fc7146d19828273b9b8eda651c9c7ab583767e6338d3d3bee825adf76?s=96&d=mm&r=g\",\"contentUrl\":\"https:\\\/\\\/secure.gravatar.com\\\/avatar\\\/f0c7c47fc7146d19828273b9b8eda651c9c7ab583767e6338d3d3bee825adf76?s=96&d=mm&r=g\",\"caption\":\"Diario del Sur Digital\"},\"url\":\"https:\\\/\\\/diariodelsurdigital.com.ar\\\/?author=4\"}]}<\/script>\n<!-- \/ Yoast SEO plugin. -->","yoast_head_json":{"title":"Por decreto, el Gobierno fij\u00f3 el Salario M\u00ednimo, Vital y M\u00f3vil en $302.600 - Diario del Sur","robots":{"index":"index","follow":"follow","max-snippet":"max-snippet:-1","max-image-preview":"max-image-preview:large","max-video-preview":"max-video-preview:-1"},"canonical":"https:\/\/diariodelsurdigital.com.ar\/?p=2529","og_locale":"es_ES","og_type":"article","og_title":"Por decreto, el Gobierno fij\u00f3 el Salario M\u00ednimo, Vital y M\u00f3vil en $302.600 - Diario del Sur","og_description":"Luego de no alcanzar acuerdo entre gremios y empresarios, el Ejecutivo determin\u00f3 por decreto el nuevo valor de la prestaci\u00f3n m\u00ednima, cu subas escalonadas hasta agosto. El Gobierno fij\u00f3 por decreto un nuevo valor del Salario M\u00ednimo, Vital y M\u00f3vil, luego de no haber alcanzado un acuerdo con los representantes del sector gremial y del [&hellip;]","og_url":"https:\/\/diariodelsurdigital.com.ar\/?p=2529","og_site_name":"Diario del Sur","article_published_time":"2025-05-09T15:18:16+00:00","article_modified_time":"2025-05-09T15:18:17+00:00","og_image":[{"width":992,"height":557,"url":"https:\/\/diariodelsurdigital.com.ar\/wp-content\/uploads\/2025\/05\/md-16.webp","type":"image\/webp"}],"author":"Diario del Sur Digital","twitter_card":"summary_large_image","twitter_misc":{"Escrito por":"Diario del Sur Digital","Tiempo de lectura":"2 minutos"},"schema":{"@context":"https:\/\/schema.org","@graph":[{"@type":"Article","@id":"https:\/\/diariodelsurdigital.com.ar\/?p=2529#article","isPartOf":{"@id":"https:\/\/diariodelsurdigital.com.ar\/?p=2529"},"author":{"name":"Diario del Sur Digital","@id":"https:\/\/diariodelsurdigital.com.ar\/#\/schema\/person\/1a4992532ed62965c968031b49195c81"},"headline":"Por decreto, el Gobierno fij\u00f3 el Salario M\u00ednimo, Vital y M\u00f3vil en $302.600","datePublished":"2025-05-09T15:18:16+00:00","dateModified":"2025-05-09T15:18:17+00:00","mainEntityOfPage":{"@id":"https:\/\/diariodelsurdigital.com.ar\/?p=2529"},"wordCount":325,"commentCount":0,"image":{"@id":"https:\/\/diariodelsurdigital.com.ar\/?p=2529#primaryimage"},"thumbnailUrl":"https:\/\/diariodelsurdigital.com.ar\/wp-content\/uploads\/2025\/05\/md-16.webp","articleSection":["Nacionales"],"inLanguage":"es","potentialAction":[{"@type":"CommentAction","name":"Comment","target":["https:\/\/diariodelsurdigital.com.ar\/?p=2529#respond"]}]},{"@type":"WebPage","@id":"https:\/\/diariodelsurdigital.com.ar\/?p=2529","url":"https:\/\/diariodelsurdigital.com.ar\/?p=2529","name":"Por decreto, el Gobierno fij\u00f3 el Salario M\u00ednimo, Vital y M\u00f3vil en $302.600 - Diario del Sur","isPartOf":{"@id":"https:\/\/diariodelsurdigital.com.ar\/#website"},"primaryImageOfPage":{"@id":"https:\/\/diariodelsurdigital.com.ar\/?p=2529#primaryimage"},"image":{"@id":"https:\/\/diariodelsurdigital.com.ar\/?p=2529#primaryimage"},"thumbnailUrl":"https:\/\/diariodelsurdigital.com.ar\/wp-content\/uploads\/2025\/05\/md-16.webp","datePublished":"2025-05-09T15:18:16+00:00","dateModified":"2025-05-09T15:18:17+00:00","author":{"@id":"https:\/\/diariodelsurdigital.com.ar\/#\/schema\/person\/1a4992532ed62965c968031b49195c81"},"breadcrumb":{"@id":"https:\/\/diariodelsurdigital.com.ar\/?p=2529#breadcrumb"},"inLanguage":"es","potentialAction":[{"@type":"ReadAction","target":["https:\/\/diariodelsurdigital.com.ar\/?p=2529"]}]},{"@type":"ImageObject","inLanguage":"es","@id":"https:\/\/diariodelsurdigital.com.ar\/?p=2529#primaryimage","url":"https:\/\/diariodelsurdigital.com.ar\/wp-content\/uploads\/2025\/05\/md-16.webp","contentUrl":"https:\/\/diariodelsurdigital.com.ar\/wp-content\/uploads\/2025\/05\/md-16.webp","width":992,"height":557},{"@type":"BreadcrumbList","@id":"https:\/\/diariodelsurdigital.com.ar\/?p=2529#breadcrumb","itemListElement":[{"@type":"ListItem","position":1,"name":"Portada","item":"https:\/\/diariodelsurdigital.com.ar\/"},{"@type":"ListItem","position":2,"name":"Por decreto, el Gobierno fij\u00f3 el Salario M\u00ednimo, Vital y M\u00f3vil en $302.600"}]},{"@type":"WebSite","@id":"https:\/\/diariodelsurdigital.com.ar\/#website","url":"https:\/\/diariodelsurdigital.com.ar\/","name":"Diario del Sur","description":"Digital","potentialAction":[{"@type":"SearchAction","target":{"@type":"EntryPoint","urlTemplate":"https:\/\/diariodelsurdigital.com.ar\/?s={search_term_string}"},"query-input":{"@type":"PropertyValueSpecification","valueRequired":true,"valueName":"search_term_string"}}],"inLanguage":"es"},{"@type":"Person","@id":"https:\/\/diariodelsurdigital.com.ar\/#\/schema\/person\/1a4992532ed62965c968031b49195c81","name":"Diario del Sur Digital","image":{"@type":"ImageObject","inLanguage":"es","@id":"https:\/\/secure.gravatar.com\/avatar\/f0c7c47fc7146d19828273b9b8eda651c9c7ab583767e6338d3d3bee825adf76?s=96&d=mm&r=g","url":"https:\/\/secure.gravatar.com\/avatar\/f0c7c47fc7146d19828273b9b8eda651c9c7ab583767e6338d3d3bee825adf76?s=96&d=mm&r=g","contentUrl":"https:\/\/secure.gravatar.com\/avatar\/f0c7c47fc7146d19828273b9b8eda651c9c7ab583767e6338d3d3bee825adf76?s=96&d=mm&r=g","caption":"Diario del Sur Digital"},"url":"https:\/\/diariodelsurdigital.com.ar\/?author=4"}]}},"_links":{"self":[{"href":"https:\/\/diariodelsurdigital.com.ar\/index.php?rest_route=\/wp\/v2\/posts\/2529","targetHints":{"allow":["GET"]}}],"collection":[{"href":"https:\/\/diariodelsurdigital.com.ar\/index.php?rest_route=\/wp\/v2\/posts"}],"about":[{"href":"https:\/\/diariodelsurdigital.com.ar\/index.php?rest_route=\/wp\/v2\/types\/post"}],"author":[{"embeddable":true,"href":"https:\/\/diariodelsurdigital.com.ar\/index.php?rest_route=\/wp\/v2\/users\/4"}],"replies":[{"embeddable":true,"href":"https:\/\/diariodelsurdigital.com.ar\/index.php?rest_route=%2Fwp%2Fv2%2Fcomments&post=2529"}],"version-history":[{"count":1,"href":"https:\/\/diariodelsurdigital.com.ar\/index.php?rest_route=\/wp\/v2\/posts\/2529\/revisions"}],"predecessor-version":[{"id":2531,"href":"https:\/\/diariodelsurdigital.com.ar\/index.php?rest_route=\/wp\/v2\/posts\/2529\/revisions\/2531"}],"wp:featuredmedia":[{"embeddable":true,"href":"https:\/\/diariodelsurdigital.com.ar\/index.php?rest_route=\/wp\/v2\/media\/2530"}],"wp:attachment":[{"href":"https:\/\/diariodelsurdigital.com.ar\/index.php?rest_route=%2Fwp%2Fv2%2Fmedia&parent=2529"}],"wp:term":[{"taxonomy":"category","embeddable":true,"href":"https:\/\/diariodelsurdigital.com.ar\/index.php?rest_route=%2Fwp%2Fv2%2Fcategories&post=2529"},{"taxonomy":"post_tag","embeddable":true,"href":"https:\/\/diariodelsurdigital.com.ar\/index.php?rest_route=%2Fwp%2Fv2%2Ftags&post=2529"}],"curies":[{"name":"wp","href":"https:\/\/api.w.org\/{rel}","templated":true}]}}