{"id":2532,"date":"2025-05-09T12:22:45","date_gmt":"2025-05-09T15:22:45","guid":{"rendered":"https:\/\/diariodelsurdigital.com.ar\/?p=2532"},"modified":"2025-05-09T12:22:46","modified_gmt":"2025-05-09T15:22:46","slug":"trabajadores-de-la-sinfonica-profundizan-las-medidas-de-fuerza-por-falta-de-respuestas","status":"publish","type":"post","link":"https:\/\/diariodelsurdigital.com.ar\/?p=2532","title":{"rendered":"Trabajadores de la Sinf\u00f3nica profundizan las medidas de fuerza por falta de respuestas"},"content":{"rendered":"\n<p>Trabajadores de la Orquesta Sinf\u00f3nica de Entre R\u00edos nucleados en la Uni\u00f3n del Personal Civil de la Naci\u00f3n (UPCN), informaron que resolvieron intensificar las medidas de fuerza ante la falta de respuesta a sus reclamos por parte del Gobierno provincial. Las acciones, que se ir\u00e1n definiendo d\u00eda a d\u00eda y se implementar\u00e1n de manera sorpresiva, se mantendr\u00e1n hasta tanto exista una propuesta por parte de las autoridades. Piden un trato acorde a la pertenencia a la Secretar\u00eda de Cultura de Entre R\u00edos.<\/p>\n\n\n\n<p>En un comunicado, trabajadores de la Orquesta Sinf\u00f3nica de Entre R\u00edos, pertenecientes a la Uni\u00f3n del Personal Civil de la Naci\u00f3n (UPCN), adelantaron que profundizar\u00e1n las medidas de fuerza que vienen implementando ante la falta de respuesta de las autoridades a una serie de reclamos que se han ido planteando.<\/p>\n\n\n\n<p>En el comunicado se sostuvo que \u201clos instrumentistas de una de las orquestas con mayor prestigio del pa\u00eds vienen solicitando un trato equitativo respecto al resto del personal perteneciente a la Secretar\u00eda de Cultura de Entre R\u00edos, debido a que han sido excluidos, sin argumento v\u00e1lido, de los alcances de una normativa (decreto N\u00ba 3918\/22) que expl\u00edcitamente contempla a todos los trabajadores del \u00e1rea\u201d.<\/p>\n\n\n\n<p>Tambi\u00e9n se indic\u00f3 que \u201cen una asamblea llevada adelante este mi\u00e9rcoles en el Centro Cultural La Vieja Usina, donde se demor\u00f3 el inicio del ensayo general, los m\u00fasicos acordaron los pasos a seguir como consecuencia del malestar generalizado ante la ausencia de soluciones y el no avance de las negociaciones frente a un reclamo que es totalmente leg\u00edtimo\u201d.<\/p>\n\n\n\n<p>Los trabajadores sostuvieron que \u201ces indudable que los m\u00fasicos de la Orquesta son trabajadores de dependientes de la Secretaria de Cultura de la provincia. Sin embargo, el trato discriminatorio que est\u00e1n recibiendo por parte de las autoridades del \u00e1rea, hace pensar que no\u201d.<\/p>\n\n\n\n<p>As\u00ed, finalmente se\u00f1alaron que \u201cante trascendidos que dan cuenta de que el Ministerio de Econom\u00eda mantiene reuniones con el Ministerio de Gobierno para terminar de definir la posici\u00f3n oficial respecto a esta situaci\u00f3n, haciendo prevalecer el criterio jur\u00eddico, desde UPCN tenemos expectativas de que pueda darse una discusi\u00f3n m\u00e1s amplia que permita finalmente arribar a un entendimiento y que los trabajadores reciban la consideraci\u00f3n y el reconocimiento que merecen\u201d.<\/p>\n","protected":false},"excerpt":{"rendered":"<p>Trabajadores de la Orquesta Sinf\u00f3nica de Entre R\u00edos nucleados en la Uni\u00f3n del Personal Civil de la Naci\u00f3n (UPCN), informaron que resolvieron intensificar las medidas de fuerza ante la falta de respuesta a sus reclamos por parte del Gobierno provincial. Las acciones, que se ir\u00e1n definiendo d\u00eda a d\u00eda y se implementar\u00e1n de manera sorpresiva, [&hellip;]<\/p>\n","protected":false},"author":4,"featured_media":2533,"comment_status":"open","ping_status":"open","sticky":false,"template":"","format":"standard","meta":{"footnotes":""},"categories":[19,17],"tags":[],"class_list":{"0":"post-2532","1":"post","2":"type-post","3":"status-publish","4":"format-standard","5":"has-post-thumbnail","7":"category-interes-general","8":"category-provinciales"},"yoast_head":"<!-- This site is optimized with the Yoast SEO plugin v27.4 - https:\/\/yoast.com\/product\/yoast-seo-wordpress\/ -->\n<title>Trabajadores de la Sinf\u00f3nica profundizan las medidas de fuerza por falta de respuestas - Diario del Sur<\/title>\n<meta name=\"robots\" content=\"index, follow, max-snippet:-1, max-image-preview:large, max-video-preview:-1\" \/>\n<link rel=\"canonical\" href=\"https:\/\/diariodelsurdigital.com.ar\/?p=2532\" \/>\n<meta property=\"og:locale\" content=\"es_ES\" \/>\n<meta property=\"og:type\" content=\"article\" \/>\n<meta property=\"og:title\" content=\"Trabajadores de la Sinf\u00f3nica profundizan las medidas de fuerza por falta de respuestas - Diario del Sur\" \/>\n<meta property=\"og:description\" content=\"Trabajadores de la Orquesta Sinf\u00f3nica de Entre R\u00edos nucleados en la Uni\u00f3n del Personal Civil de la Naci\u00f3n (UPCN), informaron que resolvieron intensificar las medidas de fuerza ante la falta de respuesta a sus reclamos por parte del Gobierno provincial. Las acciones, que se ir\u00e1n definiendo d\u00eda a d\u00eda y se implementar\u00e1n de manera sorpresiva, [&hellip;]\" \/>\n<meta property=\"og:url\" content=\"https:\/\/diariodelsurdigital.com.ar\/?p=2532\" \/>\n<meta property=\"og:site_name\" content=\"Diario del Sur\" \/>\n<meta property=\"article:published_time\" content=\"2025-05-09T15:22:45+00:00\" \/>\n<meta property=\"article:modified_time\" content=\"2025-05-09T15:22:46+00:00\" \/>\n<meta property=\"og:image\" content=\"https:\/\/diariodelsurdigital.com.ar\/wp-content\/uploads\/2025\/05\/md-17.webp\" \/>\n\t<meta property=\"og:image:width\" content=\"992\" \/>\n\t<meta property=\"og:image:height\" content=\"620\" \/>\n\t<meta property=\"og:image:type\" content=\"image\/webp\" \/>\n<meta name=\"author\" content=\"Diario del Sur Digital\" \/>\n<meta name=\"twitter:card\" content=\"summary_large_image\" \/>\n<meta name=\"twitter:label1\" content=\"Escrito por\" \/>\n\t<meta name=\"twitter:data1\" content=\"Diario del Sur Digital\" \/>\n\t<meta name=\"twitter:label2\" content=\"Tiempo de lectura\" \/>\n\t<meta name=\"twitter:data2\" content=\"2 minutos\" \/>\n<script type=\"application\/ld+json\" class=\"yoast-schema-graph\">{\"@context\":\"https:\\\/\\\/schema.org\",\"@graph\":[{\"@type\":\"Article\",\"@id\":\"https:\\\/\\\/diariodelsurdigital.com.ar\\\/?p=2532#article\",\"isPartOf\":{\"@id\":\"https:\\\/\\\/diariodelsurdigital.com.ar\\\/?p=2532\"},\"author\":{\"name\":\"Diario del Sur Digital\",\"@id\":\"https:\\\/\\\/diariodelsurdigital.com.ar\\\/#\\\/schema\\\/person\\\/1a4992532ed62965c968031b49195c81\"},\"headline\":\"Trabajadores de la Sinf\u00f3nica profundizan las medidas de fuerza por falta de respuestas\",\"datePublished\":\"2025-05-09T15:22:45+00:00\",\"dateModified\":\"2025-05-09T15:22:46+00:00\",\"mainEntityOfPage\":{\"@id\":\"https:\\\/\\\/diariodelsurdigital.com.ar\\\/?p=2532\"},\"wordCount\":414,\"commentCount\":0,\"image\":{\"@id\":\"https:\\\/\\\/diariodelsurdigital.com.ar\\\/?p=2532#primaryimage\"},\"thumbnailUrl\":\"https:\\\/\\\/diariodelsurdigital.com.ar\\\/wp-content\\\/uploads\\\/2025\\\/05\\\/md-17.webp\",\"articleSection\":[\"Inter\u00e9s General\",\"Provinciales\"],\"inLanguage\":\"es\",\"potentialAction\":[{\"@type\":\"CommentAction\",\"name\":\"Comment\",\"target\":[\"https:\\\/\\\/diariodelsurdigital.com.ar\\\/?p=2532#respond\"]}]},{\"@type\":\"WebPage\",\"@id\":\"https:\\\/\\\/diariodelsurdigital.com.ar\\\/?p=2532\",\"url\":\"https:\\\/\\\/diariodelsurdigital.com.ar\\\/?p=2532\",\"name\":\"Trabajadores de la Sinf\u00f3nica profundizan las medidas de fuerza por falta de respuestas - Diario del Sur\",\"isPartOf\":{\"@id\":\"https:\\\/\\\/diariodelsurdigital.com.ar\\\/#website\"},\"primaryImageOfPage\":{\"@id\":\"https:\\\/\\\/diariodelsurdigital.com.ar\\\/?p=2532#primaryimage\"},\"image\":{\"@id\":\"https:\\\/\\\/diariodelsurdigital.com.ar\\\/?p=2532#primaryimage\"},\"thumbnailUrl\":\"https:\\\/\\\/diariodelsurdigital.com.ar\\\/wp-content\\\/uploads\\\/2025\\\/05\\\/md-17.webp\",\"datePublished\":\"2025-05-09T15:22:45+00:00\",\"dateModified\":\"2025-05-09T15:22:46+00:00\",\"author\":{\"@id\":\"https:\\\/\\\/diariodelsurdigital.com.ar\\\/#\\\/schema\\\/person\\\/1a4992532ed62965c968031b49195c81\"},\"breadcrumb\":{\"@id\":\"https:\\\/\\\/diariodelsurdigital.com.ar\\\/?p=2532#breadcrumb\"},\"inLanguage\":\"es\",\"potentialAction\":[{\"@type\":\"ReadAction\",\"target\":[\"https:\\\/\\\/diariodelsurdigital.com.ar\\\/?p=2532\"]}]},{\"@type\":\"ImageObject\",\"inLanguage\":\"es\",\"@id\":\"https:\\\/\\\/diariodelsurdigital.com.ar\\\/?p=2532#primaryimage\",\"url\":\"https:\\\/\\\/diariodelsurdigital.com.ar\\\/wp-content\\\/uploads\\\/2025\\\/05\\\/md-17.webp\",\"contentUrl\":\"https:\\\/\\\/diariodelsurdigital.com.ar\\\/wp-content\\\/uploads\\\/2025\\\/05\\\/md-17.webp\",\"width\":992,\"height\":620},{\"@type\":\"BreadcrumbList\",\"@id\":\"https:\\\/\\\/diariodelsurdigital.com.ar\\\/?p=2532#breadcrumb\",\"itemListElement\":[{\"@type\":\"ListItem\",\"position\":1,\"name\":\"Portada\",\"item\":\"https:\\\/\\\/diariodelsurdigital.com.ar\\\/\"},{\"@type\":\"ListItem\",\"position\":2,\"name\":\"Trabajadores de la Sinf\u00f3nica profundizan las medidas de fuerza por falta de respuestas\"}]},{\"@type\":\"WebSite\",\"@id\":\"https:\\\/\\\/diariodelsurdigital.com.ar\\\/#website\",\"url\":\"https:\\\/\\\/diariodelsurdigital.com.ar\\\/\",\"name\":\"Diario del Sur\",\"description\":\"Digital\",\"potentialAction\":[{\"@type\":\"SearchAction\",\"target\":{\"@type\":\"EntryPoint\",\"urlTemplate\":\"https:\\\/\\\/diariodelsurdigital.com.ar\\\/?s={search_term_string}\"},\"query-input\":{\"@type\":\"PropertyValueSpecification\",\"valueRequired\":true,\"valueName\":\"search_term_string\"}}],\"inLanguage\":\"es\"},{\"@type\":\"Person\",\"@id\":\"https:\\\/\\\/diariodelsurdigital.com.ar\\\/#\\\/schema\\\/person\\\/1a4992532ed62965c968031b49195c81\",\"name\":\"Diario del Sur Digital\",\"image\":{\"@type\":\"ImageObject\",\"inLanguage\":\"es\",\"@id\":\"https:\\\/\\\/secure.gravatar.com\\\/avatar\\\/f0c7c47fc7146d19828273b9b8eda651c9c7ab583767e6338d3d3bee825adf76?s=96&d=mm&r=g\",\"url\":\"https:\\\/\\\/secure.gravatar.com\\\/avatar\\\/f0c7c47fc7146d19828273b9b8eda651c9c7ab583767e6338d3d3bee825adf76?s=96&d=mm&r=g\",\"contentUrl\":\"https:\\\/\\\/secure.gravatar.com\\\/avatar\\\/f0c7c47fc7146d19828273b9b8eda651c9c7ab583767e6338d3d3bee825adf76?s=96&d=mm&r=g\",\"caption\":\"Diario del Sur Digital\"},\"url\":\"https:\\\/\\\/diariodelsurdigital.com.ar\\\/?author=4\"}]}<\/script>\n<!-- \/ Yoast SEO plugin. -->","yoast_head_json":{"title":"Trabajadores de la Sinf\u00f3nica profundizan las medidas de fuerza por falta de respuestas - Diario del Sur","robots":{"index":"index","follow":"follow","max-snippet":"max-snippet:-1","max-image-preview":"max-image-preview:large","max-video-preview":"max-video-preview:-1"},"canonical":"https:\/\/diariodelsurdigital.com.ar\/?p=2532","og_locale":"es_ES","og_type":"article","og_title":"Trabajadores de la Sinf\u00f3nica profundizan las medidas de fuerza por falta de respuestas - Diario del Sur","og_description":"Trabajadores de la Orquesta Sinf\u00f3nica de Entre R\u00edos nucleados en la Uni\u00f3n del Personal Civil de la Naci\u00f3n (UPCN), informaron que resolvieron intensificar las medidas de fuerza ante la falta de respuesta a sus reclamos por parte del Gobierno provincial. Las acciones, que se ir\u00e1n definiendo d\u00eda a d\u00eda y se implementar\u00e1n de manera sorpresiva, [&hellip;]","og_url":"https:\/\/diariodelsurdigital.com.ar\/?p=2532","og_site_name":"Diario del Sur","article_published_time":"2025-05-09T15:22:45+00:00","article_modified_time":"2025-05-09T15:22:46+00:00","og_image":[{"width":992,"height":620,"url":"https:\/\/diariodelsurdigital.com.ar\/wp-content\/uploads\/2025\/05\/md-17.webp","type":"image\/webp"}],"author":"Diario del Sur Digital","twitter_card":"summary_large_image","twitter_misc":{"Escrito por":"Diario del Sur Digital","Tiempo de lectura":"2 minutos"},"schema":{"@context":"https:\/\/schema.org","@graph":[{"@type":"Article","@id":"https:\/\/diariodelsurdigital.com.ar\/?p=2532#article","isPartOf":{"@id":"https:\/\/diariodelsurdigital.com.ar\/?p=2532"},"author":{"name":"Diario del Sur Digital","@id":"https:\/\/diariodelsurdigital.com.ar\/#\/schema\/person\/1a4992532ed62965c968031b49195c81"},"headline":"Trabajadores de la Sinf\u00f3nica profundizan las medidas de fuerza por falta de respuestas","datePublished":"2025-05-09T15:22:45+00:00","dateModified":"2025-05-09T15:22:46+00:00","mainEntityOfPage":{"@id":"https:\/\/diariodelsurdigital.com.ar\/?p=2532"},"wordCount":414,"commentCount":0,"image":{"@id":"https:\/\/diariodelsurdigital.com.ar\/?p=2532#primaryimage"},"thumbnailUrl":"https:\/\/diariodelsurdigital.com.ar\/wp-content\/uploads\/2025\/05\/md-17.webp","articleSection":["Inter\u00e9s General","Provinciales"],"inLanguage":"es","potentialAction":[{"@type":"CommentAction","name":"Comment","target":["https:\/\/diariodelsurdigital.com.ar\/?p=2532#respond"]}]},{"@type":"WebPage","@id":"https:\/\/diariodelsurdigital.com.ar\/?p=2532","url":"https:\/\/diariodelsurdigital.com.ar\/?p=2532","name":"Trabajadores de la Sinf\u00f3nica profundizan las medidas de fuerza por falta de respuestas - Diario del Sur","isPartOf":{"@id":"https:\/\/diariodelsurdigital.com.ar\/#website"},"primaryImageOfPage":{"@id":"https:\/\/diariodelsurdigital.com.ar\/?p=2532#primaryimage"},"image":{"@id":"https:\/\/diariodelsurdigital.com.ar\/?p=2532#primaryimage"},"thumbnailUrl":"https:\/\/diariodelsurdigital.com.ar\/wp-content\/uploads\/2025\/05\/md-17.webp","datePublished":"2025-05-09T15:22:45+00:00","dateModified":"2025-05-09T15:22:46+00:00","author":{"@id":"https:\/\/diariodelsurdigital.com.ar\/#\/schema\/person\/1a4992532ed62965c968031b49195c81"},"breadcrumb":{"@id":"https:\/\/diariodelsurdigital.com.ar\/?p=2532#breadcrumb"},"inLanguage":"es","potentialAction":[{"@type":"ReadAction","target":["https:\/\/diariodelsurdigital.com.ar\/?p=2532"]}]},{"@type":"ImageObject","inLanguage":"es","@id":"https:\/\/diariodelsurdigital.com.ar\/?p=2532#primaryimage","url":"https:\/\/diariodelsurdigital.com.ar\/wp-content\/uploads\/2025\/05\/md-17.webp","contentUrl":"https:\/\/diariodelsurdigital.com.ar\/wp-content\/uploads\/2025\/05\/md-17.webp","width":992,"height":620},{"@type":"BreadcrumbList","@id":"https:\/\/diariodelsurdigital.com.ar\/?p=2532#breadcrumb","itemListElement":[{"@type":"ListItem","position":1,"name":"Portada","item":"https:\/\/diariodelsurdigital.com.ar\/"},{"@type":"ListItem","position":2,"name":"Trabajadores de la Sinf\u00f3nica profundizan las medidas de fuerza por falta de respuestas"}]},{"@type":"WebSite","@id":"https:\/\/diariodelsurdigital.com.ar\/#website","url":"https:\/\/diariodelsurdigital.com.ar\/","name":"Diario del Sur","description":"Digital","potentialAction":[{"@type":"SearchAction","target":{"@type":"EntryPoint","urlTemplate":"https:\/\/diariodelsurdigital.com.ar\/?s={search_term_string}"},"query-input":{"@type":"PropertyValueSpecification","valueRequired":true,"valueName":"search_term_string"}}],"inLanguage":"es"},{"@type":"Person","@id":"https:\/\/diariodelsurdigital.com.ar\/#\/schema\/person\/1a4992532ed62965c968031b49195c81","name":"Diario del Sur Digital","image":{"@type":"ImageObject","inLanguage":"es","@id":"https:\/\/secure.gravatar.com\/avatar\/f0c7c47fc7146d19828273b9b8eda651c9c7ab583767e6338d3d3bee825adf76?s=96&d=mm&r=g","url":"https:\/\/secure.gravatar.com\/avatar\/f0c7c47fc7146d19828273b9b8eda651c9c7ab583767e6338d3d3bee825adf76?s=96&d=mm&r=g","contentUrl":"https:\/\/secure.gravatar.com\/avatar\/f0c7c47fc7146d19828273b9b8eda651c9c7ab583767e6338d3d3bee825adf76?s=96&d=mm&r=g","caption":"Diario del Sur Digital"},"url":"https:\/\/diariodelsurdigital.com.ar\/?author=4"}]}},"_links":{"self":[{"href":"https:\/\/diariodelsurdigital.com.ar\/index.php?rest_route=\/wp\/v2\/posts\/2532","targetHints":{"allow":["GET"]}}],"collection":[{"href":"https:\/\/diariodelsurdigital.com.ar\/index.php?rest_route=\/wp\/v2\/posts"}],"about":[{"href":"https:\/\/diariodelsurdigital.com.ar\/index.php?rest_route=\/wp\/v2\/types\/post"}],"author":[{"embeddable":true,"href":"https:\/\/diariodelsurdigital.com.ar\/index.php?rest_route=\/wp\/v2\/users\/4"}],"replies":[{"embeddable":true,"href":"https:\/\/diariodelsurdigital.com.ar\/index.php?rest_route=%2Fwp%2Fv2%2Fcomments&post=2532"}],"version-history":[{"count":1,"href":"https:\/\/diariodelsurdigital.com.ar\/index.php?rest_route=\/wp\/v2\/posts\/2532\/revisions"}],"predecessor-version":[{"id":2534,"href":"https:\/\/diariodelsurdigital.com.ar\/index.php?rest_route=\/wp\/v2\/posts\/2532\/revisions\/2534"}],"wp:featuredmedia":[{"embeddable":true,"href":"https:\/\/diariodelsurdigital.com.ar\/index.php?rest_route=\/wp\/v2\/media\/2533"}],"wp:attachment":[{"href":"https:\/\/diariodelsurdigital.com.ar\/index.php?rest_route=%2Fwp%2Fv2%2Fmedia&parent=2532"}],"wp:term":[{"taxonomy":"category","embeddable":true,"href":"https:\/\/diariodelsurdigital.com.ar\/index.php?rest_route=%2Fwp%2Fv2%2Fcategories&post=2532"},{"taxonomy":"post_tag","embeddable":true,"href":"https:\/\/diariodelsurdigital.com.ar\/index.php?rest_route=%2Fwp%2Fv2%2Ftags&post=2532"}],"curies":[{"name":"wp","href":"https:\/\/api.w.org\/{rel}","templated":true}]}}