{"id":2535,"date":"2025-05-09T20:56:17","date_gmt":"2025-05-09T23:56:17","guid":{"rendered":"https:\/\/diariodelsurdigital.com.ar\/?p=2535"},"modified":"2025-05-09T20:56:18","modified_gmt":"2025-05-09T23:56:18","slug":"el-pj-concordia-y-la-ub-de-la-bianca-invitan-al-acto-por-el-natalicio-de-eva-peron-para-este-sabado","status":"publish","type":"post","link":"https:\/\/diariodelsurdigital.com.ar\/?p=2535","title":{"rendered":"El PJ Concordia y la UB de La Bianca invitan al acto por el natalicio de Eva Per\u00f3n para este s\u00e1bado"},"content":{"rendered":"\n<p class=\"has-text-align-left\"><strong>COMUNICADO DEL PJ Y LA UNIDAD B\u00c1SICA DE LA BIANCA<\/strong><\/p>\n\n\n\n<p class=\"has-text-align-left\"><br>Este s\u00e1bado 10 de mayo a las 11:30 hs., en la Plaza Evita del barrio La Bianca, se<br>llevar\u00e1 adelante un acto conmemorativo por el natalicio de Eva Duarte de Per\u00f3n. La<br>jornada incluir\u00e1 la inauguraci\u00f3n de un m\u00e1stil junto al busto de Evita, s\u00edmbolo del<br>compromiso con la memoria, la justicia social y los derechos del pueblo.<br>La actividad es organizada por la Unidad B\u00e1sica de La Bianca y el Partido Justicialista<br>de Concordia, como expresi\u00f3n de homenaje a una de las figuras m\u00e1s importantes de<br>la historia argentina. En un contexto donde el gobierno municipal intenta desmantelar<br>los s\u00edmbolos que representan nuestra historia e identidad pol\u00edtica en distintos<br>espacios p\u00fablicos de la ciudad, este acto representa una muestra de resistencia y<br>firmeza en la defensa de nuestras ra\u00edces.<\/p>\n\n\n\n<figure class=\"wp-block-image size-large\"><img loading=\"lazy\" decoding=\"async\" width=\"768\" height=\"1024\" src=\"https:\/\/diariodelsurdigital.com.ar\/wp-content\/uploads\/2025\/05\/Imagen-de-WhatsApp-2025-05-09-a-las-20.52.15_a387d5c7-768x1024.jpg\" alt=\"\" class=\"wp-image-2538\" srcset=\"https:\/\/diariodelsurdigital.com.ar\/wp-content\/uploads\/2025\/05\/Imagen-de-WhatsApp-2025-05-09-a-las-20.52.15_a387d5c7-768x1024.jpg 768w, https:\/\/diariodelsurdigital.com.ar\/wp-content\/uploads\/2025\/05\/Imagen-de-WhatsApp-2025-05-09-a-las-20.52.15_a387d5c7-225x300.jpg 225w, https:\/\/diariodelsurdigital.com.ar\/wp-content\/uploads\/2025\/05\/Imagen-de-WhatsApp-2025-05-09-a-las-20.52.15_a387d5c7-1152x1536.jpg 1152w, https:\/\/diariodelsurdigital.com.ar\/wp-content\/uploads\/2025\/05\/Imagen-de-WhatsApp-2025-05-09-a-las-20.52.15_a387d5c7-315x420.jpg 315w, https:\/\/diariodelsurdigital.com.ar\/wp-content\/uploads\/2025\/05\/Imagen-de-WhatsApp-2025-05-09-a-las-20.52.15_a387d5c7-696x928.jpg 696w, https:\/\/diariodelsurdigital.com.ar\/wp-content\/uploads\/2025\/05\/Imagen-de-WhatsApp-2025-05-09-a-las-20.52.15_a387d5c7-1068x1424.jpg 1068w, https:\/\/diariodelsurdigital.com.ar\/wp-content\/uploads\/2025\/05\/Imagen-de-WhatsApp-2025-05-09-a-las-20.52.15_a387d5c7.jpg 1200w\" sizes=\"auto, (max-width: 768px) 100vw, 768px\" \/><\/figure>\n\n\n\n<p class=\"has-text-align-left\"><br>Asimismo, rendir homenaje a Evita hoy tambi\u00e9n significa levantar la voz frente al<br>brutal ajuste que impulsa el gobierno de Javier Milei, que atenta contra los derechos<br>conquistados, la soberan\u00eda nacional y golpea con crudeza a los sectores m\u00e1s<br>vulnerables. Honrar su legado es defender la patria, al pueblo y la justicia social.<br>Se invita a vecinos, vecinas, militantes, organizaciones sociales y pol\u00edticas a<br>participar y acompa\u00f1ar esta jornada de memoria, lucha y compromiso.<br>\u00a1Evita vive en el coraz\u00f3n del pueblo!<\/p>\n\n\n\n<p class=\"has-text-align-left\">Firman el comunicado: Unidad B\u00e1sica La Bianca y Partido Justicialista de Concordia<\/p>\n","protected":false},"excerpt":{"rendered":"<p>COMUNICADO DEL PJ Y LA UNIDAD B\u00c1SICA DE LA BIANCA Este s\u00e1bado 10 de mayo a las 11:30 hs., en la Plaza Evita del barrio La Bianca, sellevar\u00e1 adelante un acto conmemorativo por el natalicio de Eva Duarte de Per\u00f3n. Lajornada incluir\u00e1 la inauguraci\u00f3n de un m\u00e1stil junto al busto de Evita, s\u00edmbolo delcompromiso con [&hellip;]<\/p>\n","protected":false},"author":2,"featured_media":2537,"comment_status":"open","ping_status":"open","sticky":false,"template":"","format":"standard","meta":{"footnotes":""},"categories":[16],"tags":[],"class_list":{"0":"post-2535","1":"post","2":"type-post","3":"status-publish","4":"format-standard","5":"has-post-thumbnail","7":"category-locales"},"yoast_head":"<!-- This site is optimized with the Yoast SEO plugin v27.4 - https:\/\/yoast.com\/product\/yoast-seo-wordpress\/ -->\n<title>El PJ Concordia y la UB de La Bianca invitan al acto por el natalicio de Eva Per\u00f3n para este s\u00e1bado - Diario del Sur<\/title>\n<meta name=\"robots\" content=\"index, follow, max-snippet:-1, max-image-preview:large, max-video-preview:-1\" \/>\n<link rel=\"canonical\" href=\"https:\/\/diariodelsurdigital.com.ar\/?p=2535\" \/>\n<meta property=\"og:locale\" content=\"es_ES\" \/>\n<meta property=\"og:type\" content=\"article\" \/>\n<meta property=\"og:title\" content=\"El PJ Concordia y la UB de La Bianca invitan al acto por el natalicio de Eva Per\u00f3n para este s\u00e1bado - Diario del Sur\" \/>\n<meta property=\"og:description\" content=\"COMUNICADO DEL PJ Y LA UNIDAD B\u00c1SICA DE LA BIANCA Este s\u00e1bado 10 de mayo a las 11:30 hs., en la Plaza Evita del barrio La Bianca, sellevar\u00e1 adelante un acto conmemorativo por el natalicio de Eva Duarte de Per\u00f3n. Lajornada incluir\u00e1 la inauguraci\u00f3n de un m\u00e1stil junto al busto de Evita, s\u00edmbolo delcompromiso con [&hellip;]\" \/>\n<meta property=\"og:url\" content=\"https:\/\/diariodelsurdigital.com.ar\/?p=2535\" \/>\n<meta property=\"og:site_name\" content=\"Diario del Sur\" \/>\n<meta property=\"article:published_time\" content=\"2025-05-09T23:56:17+00:00\" \/>\n<meta property=\"article:modified_time\" content=\"2025-05-09T23:56:18+00:00\" \/>\n<meta property=\"og:image\" content=\"https:\/\/diariodelsurdigital.com.ar\/wp-content\/uploads\/2025\/05\/Imagen-de-WhatsApp-2025-05-09-a-las-20.52.15_3c382889.jpg\" \/>\n\t<meta property=\"og:image:width\" content=\"482\" \/>\n\t<meta property=\"og:image:height\" content=\"378\" \/>\n\t<meta property=\"og:image:type\" content=\"image\/jpeg\" \/>\n<meta name=\"author\" content=\"Diario del Sur Digital\" \/>\n<meta name=\"twitter:card\" content=\"summary_large_image\" \/>\n<meta name=\"twitter:label1\" content=\"Escrito por\" \/>\n\t<meta name=\"twitter:data1\" content=\"Diario del Sur Digital\" \/>\n\t<meta name=\"twitter:label2\" content=\"Tiempo de lectura\" \/>\n\t<meta name=\"twitter:data2\" content=\"2 minutos\" \/>\n<script type=\"application\/ld+json\" class=\"yoast-schema-graph\">{\"@context\":\"https:\\\/\\\/schema.org\",\"@graph\":[{\"@type\":\"Article\",\"@id\":\"https:\\\/\\\/diariodelsurdigital.com.ar\\\/?p=2535#article\",\"isPartOf\":{\"@id\":\"https:\\\/\\\/diariodelsurdigital.com.ar\\\/?p=2535\"},\"author\":{\"name\":\"Diario del Sur Digital\",\"@id\":\"https:\\\/\\\/diariodelsurdigital.com.ar\\\/#\\\/schema\\\/person\\\/6136a32571657f7dba980b88b04c5465\"},\"headline\":\"El PJ Concordia y la UB de La Bianca invitan al acto por el natalicio de Eva Per\u00f3n para este s\u00e1bado\",\"datePublished\":\"2025-05-09T23:56:17+00:00\",\"dateModified\":\"2025-05-09T23:56:18+00:00\",\"mainEntityOfPage\":{\"@id\":\"https:\\\/\\\/diariodelsurdigital.com.ar\\\/?p=2535\"},\"wordCount\":262,\"commentCount\":0,\"image\":{\"@id\":\"https:\\\/\\\/diariodelsurdigital.com.ar\\\/?p=2535#primaryimage\"},\"thumbnailUrl\":\"https:\\\/\\\/diariodelsurdigital.com.ar\\\/wp-content\\\/uploads\\\/2025\\\/05\\\/Imagen-de-WhatsApp-2025-05-09-a-las-20.52.15_3c382889.jpg\",\"articleSection\":[\"Locales\"],\"inLanguage\":\"es\",\"potentialAction\":[{\"@type\":\"CommentAction\",\"name\":\"Comment\",\"target\":[\"https:\\\/\\\/diariodelsurdigital.com.ar\\\/?p=2535#respond\"]}]},{\"@type\":\"WebPage\",\"@id\":\"https:\\\/\\\/diariodelsurdigital.com.ar\\\/?p=2535\",\"url\":\"https:\\\/\\\/diariodelsurdigital.com.ar\\\/?p=2535\",\"name\":\"El PJ Concordia y la UB de La Bianca invitan al acto por el natalicio de Eva Per\u00f3n para este s\u00e1bado - Diario del Sur\",\"isPartOf\":{\"@id\":\"https:\\\/\\\/diariodelsurdigital.com.ar\\\/#website\"},\"primaryImageOfPage\":{\"@id\":\"https:\\\/\\\/diariodelsurdigital.com.ar\\\/?p=2535#primaryimage\"},\"image\":{\"@id\":\"https:\\\/\\\/diariodelsurdigital.com.ar\\\/?p=2535#primaryimage\"},\"thumbnailUrl\":\"https:\\\/\\\/diariodelsurdigital.com.ar\\\/wp-content\\\/uploads\\\/2025\\\/05\\\/Imagen-de-WhatsApp-2025-05-09-a-las-20.52.15_3c382889.jpg\",\"datePublished\":\"2025-05-09T23:56:17+00:00\",\"dateModified\":\"2025-05-09T23:56:18+00:00\",\"author\":{\"@id\":\"https:\\\/\\\/diariodelsurdigital.com.ar\\\/#\\\/schema\\\/person\\\/6136a32571657f7dba980b88b04c5465\"},\"breadcrumb\":{\"@id\":\"https:\\\/\\\/diariodelsurdigital.com.ar\\\/?p=2535#breadcrumb\"},\"inLanguage\":\"es\",\"potentialAction\":[{\"@type\":\"ReadAction\",\"target\":[\"https:\\\/\\\/diariodelsurdigital.com.ar\\\/?p=2535\"]}]},{\"@type\":\"ImageObject\",\"inLanguage\":\"es\",\"@id\":\"https:\\\/\\\/diariodelsurdigital.com.ar\\\/?p=2535#primaryimage\",\"url\":\"https:\\\/\\\/diariodelsurdigital.com.ar\\\/wp-content\\\/uploads\\\/2025\\\/05\\\/Imagen-de-WhatsApp-2025-05-09-a-las-20.52.15_3c382889.jpg\",\"contentUrl\":\"https:\\\/\\\/diariodelsurdigital.com.ar\\\/wp-content\\\/uploads\\\/2025\\\/05\\\/Imagen-de-WhatsApp-2025-05-09-a-las-20.52.15_3c382889.jpg\",\"width\":482,\"height\":378},{\"@type\":\"BreadcrumbList\",\"@id\":\"https:\\\/\\\/diariodelsurdigital.com.ar\\\/?p=2535#breadcrumb\",\"itemListElement\":[{\"@type\":\"ListItem\",\"position\":1,\"name\":\"Portada\",\"item\":\"https:\\\/\\\/diariodelsurdigital.com.ar\\\/\"},{\"@type\":\"ListItem\",\"position\":2,\"name\":\"El PJ Concordia y la UB de La Bianca invitan al acto por el natalicio de Eva Per\u00f3n para este s\u00e1bado\"}]},{\"@type\":\"WebSite\",\"@id\":\"https:\\\/\\\/diariodelsurdigital.com.ar\\\/#website\",\"url\":\"https:\\\/\\\/diariodelsurdigital.com.ar\\\/\",\"name\":\"Diario del Sur\",\"description\":\"Digital\",\"potentialAction\":[{\"@type\":\"SearchAction\",\"target\":{\"@type\":\"EntryPoint\",\"urlTemplate\":\"https:\\\/\\\/diariodelsurdigital.com.ar\\\/?s={search_term_string}\"},\"query-input\":{\"@type\":\"PropertyValueSpecification\",\"valueRequired\":true,\"valueName\":\"search_term_string\"}}],\"inLanguage\":\"es\"},{\"@type\":\"Person\",\"@id\":\"https:\\\/\\\/diariodelsurdigital.com.ar\\\/#\\\/schema\\\/person\\\/6136a32571657f7dba980b88b04c5465\",\"name\":\"Diario del Sur Digital\",\"image\":{\"@type\":\"ImageObject\",\"inLanguage\":\"es\",\"@id\":\"https:\\\/\\\/secure.gravatar.com\\\/avatar\\\/4c29ceac98541dd42460b2474aaa5dd37594d6ce6cb3cf2c101d09b48ee287ba?s=96&d=mm&r=g\",\"url\":\"https:\\\/\\\/secure.gravatar.com\\\/avatar\\\/4c29ceac98541dd42460b2474aaa5dd37594d6ce6cb3cf2c101d09b48ee287ba?s=96&d=mm&r=g\",\"contentUrl\":\"https:\\\/\\\/secure.gravatar.com\\\/avatar\\\/4c29ceac98541dd42460b2474aaa5dd37594d6ce6cb3cf2c101d09b48ee287ba?s=96&d=mm&r=g\",\"caption\":\"Diario del Sur Digital\"},\"url\":\"https:\\\/\\\/diariodelsurdigital.com.ar\\\/?author=2\"}]}<\/script>\n<!-- \/ Yoast SEO plugin. -->","yoast_head_json":{"title":"El PJ Concordia y la UB de La Bianca invitan al acto por el natalicio de Eva Per\u00f3n para este s\u00e1bado - Diario del Sur","robots":{"index":"index","follow":"follow","max-snippet":"max-snippet:-1","max-image-preview":"max-image-preview:large","max-video-preview":"max-video-preview:-1"},"canonical":"https:\/\/diariodelsurdigital.com.ar\/?p=2535","og_locale":"es_ES","og_type":"article","og_title":"El PJ Concordia y la UB de La Bianca invitan al acto por el natalicio de Eva Per\u00f3n para este s\u00e1bado - Diario del Sur","og_description":"COMUNICADO DEL PJ Y LA UNIDAD B\u00c1SICA DE LA BIANCA Este s\u00e1bado 10 de mayo a las 11:30 hs., en la Plaza Evita del barrio La Bianca, sellevar\u00e1 adelante un acto conmemorativo por el natalicio de Eva Duarte de Per\u00f3n. Lajornada incluir\u00e1 la inauguraci\u00f3n de un m\u00e1stil junto al busto de Evita, s\u00edmbolo delcompromiso con [&hellip;]","og_url":"https:\/\/diariodelsurdigital.com.ar\/?p=2535","og_site_name":"Diario del Sur","article_published_time":"2025-05-09T23:56:17+00:00","article_modified_time":"2025-05-09T23:56:18+00:00","og_image":[{"width":482,"height":378,"url":"https:\/\/diariodelsurdigital.com.ar\/wp-content\/uploads\/2025\/05\/Imagen-de-WhatsApp-2025-05-09-a-las-20.52.15_3c382889.jpg","type":"image\/jpeg"}],"author":"Diario del Sur Digital","twitter_card":"summary_large_image","twitter_misc":{"Escrito por":"Diario del Sur Digital","Tiempo de lectura":"2 minutos"},"schema":{"@context":"https:\/\/schema.org","@graph":[{"@type":"Article","@id":"https:\/\/diariodelsurdigital.com.ar\/?p=2535#article","isPartOf":{"@id":"https:\/\/diariodelsurdigital.com.ar\/?p=2535"},"author":{"name":"Diario del Sur Digital","@id":"https:\/\/diariodelsurdigital.com.ar\/#\/schema\/person\/6136a32571657f7dba980b88b04c5465"},"headline":"El PJ Concordia y la UB de La Bianca invitan al acto por el natalicio de Eva Per\u00f3n para este s\u00e1bado","datePublished":"2025-05-09T23:56:17+00:00","dateModified":"2025-05-09T23:56:18+00:00","mainEntityOfPage":{"@id":"https:\/\/diariodelsurdigital.com.ar\/?p=2535"},"wordCount":262,"commentCount":0,"image":{"@id":"https:\/\/diariodelsurdigital.com.ar\/?p=2535#primaryimage"},"thumbnailUrl":"https:\/\/diariodelsurdigital.com.ar\/wp-content\/uploads\/2025\/05\/Imagen-de-WhatsApp-2025-05-09-a-las-20.52.15_3c382889.jpg","articleSection":["Locales"],"inLanguage":"es","potentialAction":[{"@type":"CommentAction","name":"Comment","target":["https:\/\/diariodelsurdigital.com.ar\/?p=2535#respond"]}]},{"@type":"WebPage","@id":"https:\/\/diariodelsurdigital.com.ar\/?p=2535","url":"https:\/\/diariodelsurdigital.com.ar\/?p=2535","name":"El PJ Concordia y la UB de La Bianca invitan al acto por el natalicio de Eva Per\u00f3n para este s\u00e1bado - Diario del Sur","isPartOf":{"@id":"https:\/\/diariodelsurdigital.com.ar\/#website"},"primaryImageOfPage":{"@id":"https:\/\/diariodelsurdigital.com.ar\/?p=2535#primaryimage"},"image":{"@id":"https:\/\/diariodelsurdigital.com.ar\/?p=2535#primaryimage"},"thumbnailUrl":"https:\/\/diariodelsurdigital.com.ar\/wp-content\/uploads\/2025\/05\/Imagen-de-WhatsApp-2025-05-09-a-las-20.52.15_3c382889.jpg","datePublished":"2025-05-09T23:56:17+00:00","dateModified":"2025-05-09T23:56:18+00:00","author":{"@id":"https:\/\/diariodelsurdigital.com.ar\/#\/schema\/person\/6136a32571657f7dba980b88b04c5465"},"breadcrumb":{"@id":"https:\/\/diariodelsurdigital.com.ar\/?p=2535#breadcrumb"},"inLanguage":"es","potentialAction":[{"@type":"ReadAction","target":["https:\/\/diariodelsurdigital.com.ar\/?p=2535"]}]},{"@type":"ImageObject","inLanguage":"es","@id":"https:\/\/diariodelsurdigital.com.ar\/?p=2535#primaryimage","url":"https:\/\/diariodelsurdigital.com.ar\/wp-content\/uploads\/2025\/05\/Imagen-de-WhatsApp-2025-05-09-a-las-20.52.15_3c382889.jpg","contentUrl":"https:\/\/diariodelsurdigital.com.ar\/wp-content\/uploads\/2025\/05\/Imagen-de-WhatsApp-2025-05-09-a-las-20.52.15_3c382889.jpg","width":482,"height":378},{"@type":"BreadcrumbList","@id":"https:\/\/diariodelsurdigital.com.ar\/?p=2535#breadcrumb","itemListElement":[{"@type":"ListItem","position":1,"name":"Portada","item":"https:\/\/diariodelsurdigital.com.ar\/"},{"@type":"ListItem","position":2,"name":"El PJ Concordia y la UB de La Bianca invitan al acto por el natalicio de Eva Per\u00f3n para este s\u00e1bado"}]},{"@type":"WebSite","@id":"https:\/\/diariodelsurdigital.com.ar\/#website","url":"https:\/\/diariodelsurdigital.com.ar\/","name":"Diario del Sur","description":"Digital","potentialAction":[{"@type":"SearchAction","target":{"@type":"EntryPoint","urlTemplate":"https:\/\/diariodelsurdigital.com.ar\/?s={search_term_string}"},"query-input":{"@type":"PropertyValueSpecification","valueRequired":true,"valueName":"search_term_string"}}],"inLanguage":"es"},{"@type":"Person","@id":"https:\/\/diariodelsurdigital.com.ar\/#\/schema\/person\/6136a32571657f7dba980b88b04c5465","name":"Diario del Sur Digital","image":{"@type":"ImageObject","inLanguage":"es","@id":"https:\/\/secure.gravatar.com\/avatar\/4c29ceac98541dd42460b2474aaa5dd37594d6ce6cb3cf2c101d09b48ee287ba?s=96&d=mm&r=g","url":"https:\/\/secure.gravatar.com\/avatar\/4c29ceac98541dd42460b2474aaa5dd37594d6ce6cb3cf2c101d09b48ee287ba?s=96&d=mm&r=g","contentUrl":"https:\/\/secure.gravatar.com\/avatar\/4c29ceac98541dd42460b2474aaa5dd37594d6ce6cb3cf2c101d09b48ee287ba?s=96&d=mm&r=g","caption":"Diario del Sur Digital"},"url":"https:\/\/diariodelsurdigital.com.ar\/?author=2"}]}},"_links":{"self":[{"href":"https:\/\/diariodelsurdigital.com.ar\/index.php?rest_route=\/wp\/v2\/posts\/2535","targetHints":{"allow":["GET"]}}],"collection":[{"href":"https:\/\/diariodelsurdigital.com.ar\/index.php?rest_route=\/wp\/v2\/posts"}],"about":[{"href":"https:\/\/diariodelsurdigital.com.ar\/index.php?rest_route=\/wp\/v2\/types\/post"}],"author":[{"embeddable":true,"href":"https:\/\/diariodelsurdigital.com.ar\/index.php?rest_route=\/wp\/v2\/users\/2"}],"replies":[{"embeddable":true,"href":"https:\/\/diariodelsurdigital.com.ar\/index.php?rest_route=%2Fwp%2Fv2%2Fcomments&post=2535"}],"version-history":[{"count":1,"href":"https:\/\/diariodelsurdigital.com.ar\/index.php?rest_route=\/wp\/v2\/posts\/2535\/revisions"}],"predecessor-version":[{"id":2539,"href":"https:\/\/diariodelsurdigital.com.ar\/index.php?rest_route=\/wp\/v2\/posts\/2535\/revisions\/2539"}],"wp:featuredmedia":[{"embeddable":true,"href":"https:\/\/diariodelsurdigital.com.ar\/index.php?rest_route=\/wp\/v2\/media\/2537"}],"wp:attachment":[{"href":"https:\/\/diariodelsurdigital.com.ar\/index.php?rest_route=%2Fwp%2Fv2%2Fmedia&parent=2535"}],"wp:term":[{"taxonomy":"category","embeddable":true,"href":"https:\/\/diariodelsurdigital.com.ar\/index.php?rest_route=%2Fwp%2Fv2%2Fcategories&post=2535"},{"taxonomy":"post_tag","embeddable":true,"href":"https:\/\/diariodelsurdigital.com.ar\/index.php?rest_route=%2Fwp%2Fv2%2Ftags&post=2535"}],"curies":[{"name":"wp","href":"https:\/\/api.w.org\/{rel}","templated":true}]}}