{"id":2540,"date":"2025-05-09T20:59:11","date_gmt":"2025-05-09T23:59:11","guid":{"rendered":"https:\/\/diariodelsurdigital.com.ar\/?p=2540"},"modified":"2025-05-09T20:59:12","modified_gmt":"2025-05-09T23:59:12","slug":"charly-garcia-entrega-su-legado-a-la-caja-de-las-letras-del-instituto-cervantes","status":"publish","type":"post","link":"https:\/\/diariodelsurdigital.com.ar\/?p=2540","title":{"rendered":"Charly Garc\u00eda entrega su legado a la Caja de las Letras del Instituto Cervantes"},"content":{"rendered":"\n<p><strong>Charly Garc\u00eda, ganador de innumerables premios, entre ellos el Grammy Latino a la Excelencia Musical en 2009, entregar\u00e1 su legado a la Caja de las Letras del Instituto Cervantes en un acto \u00edntimo en su domicilio de Buenos Aires.<\/strong><\/p>\n\n\n\n<figure class=\"wp-block-image\"><img decoding=\"async\" src=\"https:\/\/cdnartic.ar\/pk4M3Q2oqCzrnyUVZxXFYu8dcw4=\/1500x0\/https:\/\/elheraldocdn.eleco.com.ar\/media\/2025\/05\/charly_garcia.jpeg\" alt=\"Charly Garc\u00eda entrega su legado a la Caja de las Letras del Instituto Cervantes\"\/><\/figure>\n\n\n\n<p>El director del Cervantes, Luis Garc\u00eda Montero, acudir\u00e1 al departamento del m\u00fasico para recibir un objeto personal que se custodiar\u00e1 por parte de la instituci\u00f3n espa\u00f1ola hasta su entrada en la Caja de las Letras en la sede cervantina de Madrid.<br>Este acto se enmarca en la celebraci\u00f3n de la Feria del Libro de Buenos Aires, que comenz\u00f3 el pasado 24 de abril y cerrar\u00e1 su edici\u00f3n el 12 de mayo de 2025, y en el que la instituci\u00f3n espa\u00f1ola tiene una presencia destacada, inform\u00f3 este mi\u00e9rcoles el Cervantes en un comunicado.<br>Charly es, a sus 73 a\u00f1os, uno de los m\u00fasicos de rock m\u00e1s emblem\u00e1ticos del pa\u00eds, aunque a lo largo de su trayectoria compuso canciones de distintos g\u00e9neros que han marcado a varias generaciones del pa\u00eds latinoamericano.<br>Pese a que su debut en los escenarios fue en el a\u00f1o 1972 con su participaci\u00f3n en el teclado del primer disco de Ra\u00fal Porchetto, llamado Cristo Rock, su carrera se consolid\u00f3 junto a Nito Mestre, Carlos Piegari , Beto Rodr\u00edguez y los hermanos Belia, con los que form\u00f3 la banda Sui Generis.<br>Grabaron tres discos: Vida (1972), Confesiones de invierno (1973) y Peque\u00f1as an\u00e9cdotas sobre las instituciones (1974), con los que alcanzaron fama internacional, hasta su separaci\u00f3n (ya convertido en un d\u00fao) en 1975 con dos conciertos en el Luna Park de Buenos Aires en los que se grabaron Adi\u00f3s Sui Generis.<\/p>\n\n\n\n<p>Tras su paso por bandas como Por SuiGieco o La M\u00e1quina de Hacer P\u00e1jaros, lider\u00f3 el grupo Ser\u00fa Gir\u00e1n, hasta que se lanz\u00f3 como solista en 1982 publicando canciones emblem\u00e1ticas como Yo no quiero volverme tan loco, Demoliendo hoteles o Chipi chipi.<\/p>\n\n\n\n<p>Garc\u00eda tambi\u00e9n compuso m\u00fasica para el cine e incluso particip\u00f3 en pel\u00edculas como Lo que vendr\u00e1 (1988) o Mercedes Sosa, como un p\u00e1jaro libre (1983).<br>Desde 2008, el m\u00fasico padece graves problemas de salud que lo obligaron a utilizar una silla de ruedas, pero en 2024 lanz\u00f3 el \u00e1lbum La l\u00f3gica del escorpi\u00f3n.<\/p>\n\n\n\n<p>Fuente: El Heraldo<\/p>\n","protected":false},"excerpt":{"rendered":"<p>Charly Garc\u00eda, ganador de innumerables premios, entre ellos el Grammy Latino a la Excelencia Musical en 2009, entregar\u00e1 su legado a la Caja de las Letras del Instituto Cervantes en un acto \u00edntimo en su domicilio de Buenos Aires. El director del Cervantes, Luis Garc\u00eda Montero, acudir\u00e1 al departamento del m\u00fasico para recibir un objeto [&hellip;]<\/p>\n","protected":false},"author":3,"featured_media":2541,"comment_status":"open","ping_status":"open","sticky":false,"template":"","format":"standard","meta":{"footnotes":""},"categories":[19],"tags":[],"class_list":{"0":"post-2540","1":"post","2":"type-post","3":"status-publish","4":"format-standard","5":"has-post-thumbnail","7":"category-interes-general"},"yoast_head":"<!-- This site is optimized with the Yoast SEO plugin v27.4 - https:\/\/yoast.com\/product\/yoast-seo-wordpress\/ -->\n<title>Charly Garc\u00eda entrega su legado a la Caja de las Letras del Instituto Cervantes - Diario del Sur<\/title>\n<meta name=\"robots\" content=\"index, follow, max-snippet:-1, max-image-preview:large, max-video-preview:-1\" \/>\n<link rel=\"canonical\" href=\"https:\/\/diariodelsurdigital.com.ar\/?p=2540\" \/>\n<meta property=\"og:locale\" content=\"es_ES\" \/>\n<meta property=\"og:type\" content=\"article\" \/>\n<meta property=\"og:title\" content=\"Charly Garc\u00eda entrega su legado a la Caja de las Letras del Instituto Cervantes - Diario del Sur\" \/>\n<meta property=\"og:description\" content=\"Charly Garc\u00eda, ganador de innumerables premios, entre ellos el Grammy Latino a la Excelencia Musical en 2009, entregar\u00e1 su legado a la Caja de las Letras del Instituto Cervantes en un acto \u00edntimo en su domicilio de Buenos Aires. El director del Cervantes, Luis Garc\u00eda Montero, acudir\u00e1 al departamento del m\u00fasico para recibir un objeto [&hellip;]\" \/>\n<meta property=\"og:url\" content=\"https:\/\/diariodelsurdigital.com.ar\/?p=2540\" \/>\n<meta property=\"og:site_name\" content=\"Diario del Sur\" \/>\n<meta property=\"article:published_time\" content=\"2025-05-09T23:59:11+00:00\" \/>\n<meta property=\"article:modified_time\" content=\"2025-05-09T23:59:12+00:00\" \/>\n<meta property=\"og:image\" content=\"https:\/\/diariodelsurdigital.com.ar\/wp-content\/uploads\/2025\/05\/charly_garcia.jpg\" \/>\n\t<meta property=\"og:image:width\" content=\"1024\" \/>\n\t<meta property=\"og:image:height\" content=\"768\" \/>\n\t<meta property=\"og:image:type\" content=\"image\/jpeg\" \/>\n<meta name=\"author\" content=\"Diario del Sur Digital\" \/>\n<meta name=\"twitter:card\" content=\"summary_large_image\" \/>\n<meta name=\"twitter:label1\" content=\"Escrito por\" \/>\n\t<meta name=\"twitter:data1\" content=\"Diario del Sur Digital\" \/>\n\t<meta name=\"twitter:label2\" content=\"Tiempo de lectura\" \/>\n\t<meta name=\"twitter:data2\" content=\"3 minutos\" \/>\n<script type=\"application\/ld+json\" class=\"yoast-schema-graph\">{\"@context\":\"https:\\\/\\\/schema.org\",\"@graph\":[{\"@type\":\"Article\",\"@id\":\"https:\\\/\\\/diariodelsurdigital.com.ar\\\/?p=2540#article\",\"isPartOf\":{\"@id\":\"https:\\\/\\\/diariodelsurdigital.com.ar\\\/?p=2540\"},\"author\":{\"name\":\"Diario del Sur Digital\",\"@id\":\"https:\\\/\\\/diariodelsurdigital.com.ar\\\/#\\\/schema\\\/person\\\/d794acb23337e88c6e4004a39c32be62\"},\"headline\":\"Charly Garc\u00eda entrega su legado a la Caja de las Letras del Instituto Cervantes\",\"datePublished\":\"2025-05-09T23:59:11+00:00\",\"dateModified\":\"2025-05-09T23:59:12+00:00\",\"mainEntityOfPage\":{\"@id\":\"https:\\\/\\\/diariodelsurdigital.com.ar\\\/?p=2540\"},\"wordCount\":406,\"commentCount\":0,\"image\":{\"@id\":\"https:\\\/\\\/diariodelsurdigital.com.ar\\\/?p=2540#primaryimage\"},\"thumbnailUrl\":\"https:\\\/\\\/diariodelsurdigital.com.ar\\\/wp-content\\\/uploads\\\/2025\\\/05\\\/charly_garcia.jpg\",\"articleSection\":[\"Inter\u00e9s General\"],\"inLanguage\":\"es\",\"potentialAction\":[{\"@type\":\"CommentAction\",\"name\":\"Comment\",\"target\":[\"https:\\\/\\\/diariodelsurdigital.com.ar\\\/?p=2540#respond\"]}]},{\"@type\":\"WebPage\",\"@id\":\"https:\\\/\\\/diariodelsurdigital.com.ar\\\/?p=2540\",\"url\":\"https:\\\/\\\/diariodelsurdigital.com.ar\\\/?p=2540\",\"name\":\"Charly Garc\u00eda entrega su legado a la Caja de las Letras del Instituto Cervantes - Diario del Sur\",\"isPartOf\":{\"@id\":\"https:\\\/\\\/diariodelsurdigital.com.ar\\\/#website\"},\"primaryImageOfPage\":{\"@id\":\"https:\\\/\\\/diariodelsurdigital.com.ar\\\/?p=2540#primaryimage\"},\"image\":{\"@id\":\"https:\\\/\\\/diariodelsurdigital.com.ar\\\/?p=2540#primaryimage\"},\"thumbnailUrl\":\"https:\\\/\\\/diariodelsurdigital.com.ar\\\/wp-content\\\/uploads\\\/2025\\\/05\\\/charly_garcia.jpg\",\"datePublished\":\"2025-05-09T23:59:11+00:00\",\"dateModified\":\"2025-05-09T23:59:12+00:00\",\"author\":{\"@id\":\"https:\\\/\\\/diariodelsurdigital.com.ar\\\/#\\\/schema\\\/person\\\/d794acb23337e88c6e4004a39c32be62\"},\"breadcrumb\":{\"@id\":\"https:\\\/\\\/diariodelsurdigital.com.ar\\\/?p=2540#breadcrumb\"},\"inLanguage\":\"es\",\"potentialAction\":[{\"@type\":\"ReadAction\",\"target\":[\"https:\\\/\\\/diariodelsurdigital.com.ar\\\/?p=2540\"]}]},{\"@type\":\"ImageObject\",\"inLanguage\":\"es\",\"@id\":\"https:\\\/\\\/diariodelsurdigital.com.ar\\\/?p=2540#primaryimage\",\"url\":\"https:\\\/\\\/diariodelsurdigital.com.ar\\\/wp-content\\\/uploads\\\/2025\\\/05\\\/charly_garcia.jpg\",\"contentUrl\":\"https:\\\/\\\/diariodelsurdigital.com.ar\\\/wp-content\\\/uploads\\\/2025\\\/05\\\/charly_garcia.jpg\",\"width\":1024,\"height\":768},{\"@type\":\"BreadcrumbList\",\"@id\":\"https:\\\/\\\/diariodelsurdigital.com.ar\\\/?p=2540#breadcrumb\",\"itemListElement\":[{\"@type\":\"ListItem\",\"position\":1,\"name\":\"Portada\",\"item\":\"https:\\\/\\\/diariodelsurdigital.com.ar\\\/\"},{\"@type\":\"ListItem\",\"position\":2,\"name\":\"Charly Garc\u00eda entrega su legado a la Caja de las Letras del Instituto Cervantes\"}]},{\"@type\":\"WebSite\",\"@id\":\"https:\\\/\\\/diariodelsurdigital.com.ar\\\/#website\",\"url\":\"https:\\\/\\\/diariodelsurdigital.com.ar\\\/\",\"name\":\"Diario del Sur\",\"description\":\"Digital\",\"potentialAction\":[{\"@type\":\"SearchAction\",\"target\":{\"@type\":\"EntryPoint\",\"urlTemplate\":\"https:\\\/\\\/diariodelsurdigital.com.ar\\\/?s={search_term_string}\"},\"query-input\":{\"@type\":\"PropertyValueSpecification\",\"valueRequired\":true,\"valueName\":\"search_term_string\"}}],\"inLanguage\":\"es\"},{\"@type\":\"Person\",\"@id\":\"https:\\\/\\\/diariodelsurdigital.com.ar\\\/#\\\/schema\\\/person\\\/d794acb23337e88c6e4004a39c32be62\",\"name\":\"Diario del Sur Digital\",\"image\":{\"@type\":\"ImageObject\",\"inLanguage\":\"es\",\"@id\":\"https:\\\/\\\/secure.gravatar.com\\\/avatar\\\/47679bcfa15734cfdefc176b6ad58adeeccac22b2e03e095ada6c622af2b463a?s=96&d=mm&r=g\",\"url\":\"https:\\\/\\\/secure.gravatar.com\\\/avatar\\\/47679bcfa15734cfdefc176b6ad58adeeccac22b2e03e095ada6c622af2b463a?s=96&d=mm&r=g\",\"contentUrl\":\"https:\\\/\\\/secure.gravatar.com\\\/avatar\\\/47679bcfa15734cfdefc176b6ad58adeeccac22b2e03e095ada6c622af2b463a?s=96&d=mm&r=g\",\"caption\":\"Diario del Sur Digital\"},\"url\":\"https:\\\/\\\/diariodelsurdigital.com.ar\\\/?author=3\"}]}<\/script>\n<!-- \/ Yoast SEO plugin. -->","yoast_head_json":{"title":"Charly Garc\u00eda entrega su legado a la Caja de las Letras del Instituto Cervantes - Diario del Sur","robots":{"index":"index","follow":"follow","max-snippet":"max-snippet:-1","max-image-preview":"max-image-preview:large","max-video-preview":"max-video-preview:-1"},"canonical":"https:\/\/diariodelsurdigital.com.ar\/?p=2540","og_locale":"es_ES","og_type":"article","og_title":"Charly Garc\u00eda entrega su legado a la Caja de las Letras del Instituto Cervantes - Diario del Sur","og_description":"Charly Garc\u00eda, ganador de innumerables premios, entre ellos el Grammy Latino a la Excelencia Musical en 2009, entregar\u00e1 su legado a la Caja de las Letras del Instituto Cervantes en un acto \u00edntimo en su domicilio de Buenos Aires. El director del Cervantes, Luis Garc\u00eda Montero, acudir\u00e1 al departamento del m\u00fasico para recibir un objeto [&hellip;]","og_url":"https:\/\/diariodelsurdigital.com.ar\/?p=2540","og_site_name":"Diario del Sur","article_published_time":"2025-05-09T23:59:11+00:00","article_modified_time":"2025-05-09T23:59:12+00:00","og_image":[{"width":1024,"height":768,"url":"https:\/\/diariodelsurdigital.com.ar\/wp-content\/uploads\/2025\/05\/charly_garcia.jpg","type":"image\/jpeg"}],"author":"Diario del Sur Digital","twitter_card":"summary_large_image","twitter_misc":{"Escrito por":"Diario del Sur Digital","Tiempo de lectura":"3 minutos"},"schema":{"@context":"https:\/\/schema.org","@graph":[{"@type":"Article","@id":"https:\/\/diariodelsurdigital.com.ar\/?p=2540#article","isPartOf":{"@id":"https:\/\/diariodelsurdigital.com.ar\/?p=2540"},"author":{"name":"Diario del Sur Digital","@id":"https:\/\/diariodelsurdigital.com.ar\/#\/schema\/person\/d794acb23337e88c6e4004a39c32be62"},"headline":"Charly Garc\u00eda entrega su legado a la Caja de las Letras del Instituto Cervantes","datePublished":"2025-05-09T23:59:11+00:00","dateModified":"2025-05-09T23:59:12+00:00","mainEntityOfPage":{"@id":"https:\/\/diariodelsurdigital.com.ar\/?p=2540"},"wordCount":406,"commentCount":0,"image":{"@id":"https:\/\/diariodelsurdigital.com.ar\/?p=2540#primaryimage"},"thumbnailUrl":"https:\/\/diariodelsurdigital.com.ar\/wp-content\/uploads\/2025\/05\/charly_garcia.jpg","articleSection":["Inter\u00e9s General"],"inLanguage":"es","potentialAction":[{"@type":"CommentAction","name":"Comment","target":["https:\/\/diariodelsurdigital.com.ar\/?p=2540#respond"]}]},{"@type":"WebPage","@id":"https:\/\/diariodelsurdigital.com.ar\/?p=2540","url":"https:\/\/diariodelsurdigital.com.ar\/?p=2540","name":"Charly Garc\u00eda entrega su legado a la Caja de las Letras del Instituto Cervantes - Diario del Sur","isPartOf":{"@id":"https:\/\/diariodelsurdigital.com.ar\/#website"},"primaryImageOfPage":{"@id":"https:\/\/diariodelsurdigital.com.ar\/?p=2540#primaryimage"},"image":{"@id":"https:\/\/diariodelsurdigital.com.ar\/?p=2540#primaryimage"},"thumbnailUrl":"https:\/\/diariodelsurdigital.com.ar\/wp-content\/uploads\/2025\/05\/charly_garcia.jpg","datePublished":"2025-05-09T23:59:11+00:00","dateModified":"2025-05-09T23:59:12+00:00","author":{"@id":"https:\/\/diariodelsurdigital.com.ar\/#\/schema\/person\/d794acb23337e88c6e4004a39c32be62"},"breadcrumb":{"@id":"https:\/\/diariodelsurdigital.com.ar\/?p=2540#breadcrumb"},"inLanguage":"es","potentialAction":[{"@type":"ReadAction","target":["https:\/\/diariodelsurdigital.com.ar\/?p=2540"]}]},{"@type":"ImageObject","inLanguage":"es","@id":"https:\/\/diariodelsurdigital.com.ar\/?p=2540#primaryimage","url":"https:\/\/diariodelsurdigital.com.ar\/wp-content\/uploads\/2025\/05\/charly_garcia.jpg","contentUrl":"https:\/\/diariodelsurdigital.com.ar\/wp-content\/uploads\/2025\/05\/charly_garcia.jpg","width":1024,"height":768},{"@type":"BreadcrumbList","@id":"https:\/\/diariodelsurdigital.com.ar\/?p=2540#breadcrumb","itemListElement":[{"@type":"ListItem","position":1,"name":"Portada","item":"https:\/\/diariodelsurdigital.com.ar\/"},{"@type":"ListItem","position":2,"name":"Charly Garc\u00eda entrega su legado a la Caja de las Letras del Instituto Cervantes"}]},{"@type":"WebSite","@id":"https:\/\/diariodelsurdigital.com.ar\/#website","url":"https:\/\/diariodelsurdigital.com.ar\/","name":"Diario del Sur","description":"Digital","potentialAction":[{"@type":"SearchAction","target":{"@type":"EntryPoint","urlTemplate":"https:\/\/diariodelsurdigital.com.ar\/?s={search_term_string}"},"query-input":{"@type":"PropertyValueSpecification","valueRequired":true,"valueName":"search_term_string"}}],"inLanguage":"es"},{"@type":"Person","@id":"https:\/\/diariodelsurdigital.com.ar\/#\/schema\/person\/d794acb23337e88c6e4004a39c32be62","name":"Diario del Sur Digital","image":{"@type":"ImageObject","inLanguage":"es","@id":"https:\/\/secure.gravatar.com\/avatar\/47679bcfa15734cfdefc176b6ad58adeeccac22b2e03e095ada6c622af2b463a?s=96&d=mm&r=g","url":"https:\/\/secure.gravatar.com\/avatar\/47679bcfa15734cfdefc176b6ad58adeeccac22b2e03e095ada6c622af2b463a?s=96&d=mm&r=g","contentUrl":"https:\/\/secure.gravatar.com\/avatar\/47679bcfa15734cfdefc176b6ad58adeeccac22b2e03e095ada6c622af2b463a?s=96&d=mm&r=g","caption":"Diario del Sur Digital"},"url":"https:\/\/diariodelsurdigital.com.ar\/?author=3"}]}},"_links":{"self":[{"href":"https:\/\/diariodelsurdigital.com.ar\/index.php?rest_route=\/wp\/v2\/posts\/2540","targetHints":{"allow":["GET"]}}],"collection":[{"href":"https:\/\/diariodelsurdigital.com.ar\/index.php?rest_route=\/wp\/v2\/posts"}],"about":[{"href":"https:\/\/diariodelsurdigital.com.ar\/index.php?rest_route=\/wp\/v2\/types\/post"}],"author":[{"embeddable":true,"href":"https:\/\/diariodelsurdigital.com.ar\/index.php?rest_route=\/wp\/v2\/users\/3"}],"replies":[{"embeddable":true,"href":"https:\/\/diariodelsurdigital.com.ar\/index.php?rest_route=%2Fwp%2Fv2%2Fcomments&post=2540"}],"version-history":[{"count":1,"href":"https:\/\/diariodelsurdigital.com.ar\/index.php?rest_route=\/wp\/v2\/posts\/2540\/revisions"}],"predecessor-version":[{"id":2542,"href":"https:\/\/diariodelsurdigital.com.ar\/index.php?rest_route=\/wp\/v2\/posts\/2540\/revisions\/2542"}],"wp:featuredmedia":[{"embeddable":true,"href":"https:\/\/diariodelsurdigital.com.ar\/index.php?rest_route=\/wp\/v2\/media\/2541"}],"wp:attachment":[{"href":"https:\/\/diariodelsurdigital.com.ar\/index.php?rest_route=%2Fwp%2Fv2%2Fmedia&parent=2540"}],"wp:term":[{"taxonomy":"category","embeddable":true,"href":"https:\/\/diariodelsurdigital.com.ar\/index.php?rest_route=%2Fwp%2Fv2%2Fcategories&post=2540"},{"taxonomy":"post_tag","embeddable":true,"href":"https:\/\/diariodelsurdigital.com.ar\/index.php?rest_route=%2Fwp%2Fv2%2Ftags&post=2540"}],"curies":[{"name":"wp","href":"https:\/\/api.w.org\/{rel}","templated":true}]}}