{"id":2547,"date":"2025-05-10T18:22:32","date_gmt":"2025-05-10T21:22:32","guid":{"rendered":"https:\/\/diariodelsurdigital.com.ar\/?p=2547"},"modified":"2025-05-10T18:22:33","modified_gmt":"2025-05-10T21:22:33","slug":"a-los-90-anos-ada-nunez-prepara-una-exposicion-en-concordia-de-sus-obras","status":"publish","type":"post","link":"https:\/\/diariodelsurdigital.com.ar\/?p=2547","title":{"rendered":"A los 90 a\u00f1os, Ada N\u00fa\u00f1ez prepara una exposici\u00f3n en Concordia de sus obras"},"content":{"rendered":"\n<p><strong>Despu\u00e9s de muchos a\u00f1os, Ada N\u00fa\u00f1ez volver\u00e1 a exponer sus trabajos pict\u00f3ricos en Concordia en una fecha pr\u00f3xima.<\/strong><\/p>\n\n\n\n<figure class=\"wp-block-image\"><img decoding=\"async\" src=\"https:\/\/cdnartic.ar\/snZnmhEexkIk73h0wv7YZVrYUc8=\/1500x0\/https:\/\/elheraldocdn.eleco.com.ar\/media\/2025\/05\/ada_nunez.jpeg\" alt=\"A los 90 a\u00f1os, Ada N\u00fa\u00f1ez prepara una exposici\u00f3n en Concordia de sus obras\"\/><\/figure>\n\n\n\n<p>Guardamos el recuerdo de su dulce voz, primero en los programas de LT15, cuando la radio funcionaba en la calle La Rioja y Ada N\u00fa\u00f1ez daba sus primeros pasos como cantante de m\u00fasica litorale\u00f1a.<br>Era una jovencita que era invitada a todos los eventos que se realizaban en Concordia, no solo por su buena voz, sino por la expresi\u00f3n y sentimiento que pon\u00eda en las obras que interpretaba.<br>Tal es as\u00ed que integr\u00f3 el elenco oficial de la provincia de Entre R\u00edos en la delegaci\u00f3n que particip\u00f3 en el Festival Nacional de Folklore en Cosqu\u00edn (C\u00f3rdoba). En aquellos tiempos, para ser parte de esa delegaci\u00f3n hab\u00eda que pasar por varias selecciones y estar preparado no solo en talento, sino tambi\u00e9n en contar con un repertorio que identificara claramente de qu\u00e9 lugar proven\u00edas.<br>Ada N\u00fa\u00f1ez obtuvo el Primer Premio como cantante de m\u00fasica del Litoral, y su carrera la llev\u00f3 a presentarse en Buenos Aires y en varios pa\u00edses, participando en festivales muy importantes del g\u00e9nero folkl\u00f3rico.<br>Hoy, cuando se le pregunta por qu\u00e9 dej\u00f3 de cantar, sonr\u00ede y responde: \u201cMi padre\u2026 a \u00e9l no le agradaba que yo lo hiciera, muy a pesar de que \u00e9l tambi\u00e9n era cantor. Pero dec\u00eda que no estaba bien visto en una mujer\u201d.<br>Por eso estudi\u00f3 Artes Pl\u00e1sticas, se recibi\u00f3 y fue docente muchos a\u00f1os en esta ciudad, dejando de lado el canto. Sin embargo, sigue recordando con cari\u00f1o los hermosos momentos que vivi\u00f3 cantando y conociendo a tantos artistas del Litoral.<br>En enero cumpli\u00f3 90 a\u00f1os y, como comprender\u00e1n, tiene much\u00edsimas obras de pintura realizadas por ella misma. Ahora quisiera exponerlas para que el p\u00fablico pueda apreciarlas.<br>Estamos concertando la fecha y el lugar, que seguramente ser\u00e1 el s\u00e1bado 31 de mayo en la Biblioteca Julio Serebrinsky, a partir de las 19:00 hs, con el auspicio de los Chamarriteros de Concordia y el aval de la Asociaci\u00f3n Provincial Aguaribay de Entre R\u00edos, quienes desde hace m\u00e1s de 18 a\u00f1os se dedican, sin fines de lucro, a difundir la cultura entrerriana.<\/p>\n\n\n\n<p>Fuente: El Heraldo<\/p>\n","protected":false},"excerpt":{"rendered":"<p>Despu\u00e9s de muchos a\u00f1os, Ada N\u00fa\u00f1ez volver\u00e1 a exponer sus trabajos pict\u00f3ricos en Concordia en una fecha pr\u00f3xima. Guardamos el recuerdo de su dulce voz, primero en los programas de LT15, cuando la radio funcionaba en la calle La Rioja y Ada N\u00fa\u00f1ez daba sus primeros pasos como cantante de m\u00fasica litorale\u00f1a.Era una jovencita que [&hellip;]<\/p>\n","protected":false},"author":3,"featured_media":2548,"comment_status":"open","ping_status":"open","sticky":false,"template":"","format":"standard","meta":{"footnotes":""},"categories":[16],"tags":[],"class_list":{"0":"post-2547","1":"post","2":"type-post","3":"status-publish","4":"format-standard","5":"has-post-thumbnail","7":"category-locales"},"yoast_head":"<!-- This site is optimized with the Yoast SEO plugin v27.4 - https:\/\/yoast.com\/product\/yoast-seo-wordpress\/ -->\n<title>A los 90 a\u00f1os, Ada N\u00fa\u00f1ez prepara una exposici\u00f3n en Concordia de sus obras - Diario del Sur<\/title>\n<meta name=\"robots\" content=\"index, follow, max-snippet:-1, max-image-preview:large, max-video-preview:-1\" \/>\n<link rel=\"canonical\" href=\"https:\/\/diariodelsurdigital.com.ar\/?p=2547\" \/>\n<meta property=\"og:locale\" content=\"es_ES\" \/>\n<meta property=\"og:type\" content=\"article\" \/>\n<meta property=\"og:title\" content=\"A los 90 a\u00f1os, Ada N\u00fa\u00f1ez prepara una exposici\u00f3n en Concordia de sus obras - Diario del Sur\" \/>\n<meta property=\"og:description\" content=\"Despu\u00e9s de muchos a\u00f1os, Ada N\u00fa\u00f1ez volver\u00e1 a exponer sus trabajos pict\u00f3ricos en Concordia en una fecha pr\u00f3xima. Guardamos el recuerdo de su dulce voz, primero en los programas de LT15, cuando la radio funcionaba en la calle La Rioja y Ada N\u00fa\u00f1ez daba sus primeros pasos como cantante de m\u00fasica litorale\u00f1a.Era una jovencita que [&hellip;]\" \/>\n<meta property=\"og:url\" content=\"https:\/\/diariodelsurdigital.com.ar\/?p=2547\" \/>\n<meta property=\"og:site_name\" content=\"Diario del Sur\" \/>\n<meta property=\"article:published_time\" content=\"2025-05-10T21:22:32+00:00\" \/>\n<meta property=\"article:modified_time\" content=\"2025-05-10T21:22:33+00:00\" \/>\n<meta property=\"og:image\" content=\"https:\/\/diariodelsurdigital.com.ar\/wp-content\/uploads\/2025\/05\/ada_nunez.jpeg\" \/>\n\t<meta property=\"og:image:width\" content=\"1024\" \/>\n\t<meta property=\"og:image:height\" content=\"768\" \/>\n\t<meta property=\"og:image:type\" content=\"image\/jpeg\" \/>\n<meta name=\"author\" content=\"Diario del Sur Digital\" \/>\n<meta name=\"twitter:card\" content=\"summary_large_image\" \/>\n<meta name=\"twitter:label1\" content=\"Escrito por\" \/>\n\t<meta name=\"twitter:data1\" content=\"Diario del Sur Digital\" \/>\n\t<meta name=\"twitter:label2\" content=\"Tiempo de lectura\" \/>\n\t<meta name=\"twitter:data2\" content=\"3 minutos\" \/>\n<script type=\"application\/ld+json\" class=\"yoast-schema-graph\">{\"@context\":\"https:\\\/\\\/schema.org\",\"@graph\":[{\"@type\":\"Article\",\"@id\":\"https:\\\/\\\/diariodelsurdigital.com.ar\\\/?p=2547#article\",\"isPartOf\":{\"@id\":\"https:\\\/\\\/diariodelsurdigital.com.ar\\\/?p=2547\"},\"author\":{\"name\":\"Diario del Sur Digital\",\"@id\":\"https:\\\/\\\/diariodelsurdigital.com.ar\\\/#\\\/schema\\\/person\\\/d794acb23337e88c6e4004a39c32be62\"},\"headline\":\"A los 90 a\u00f1os, Ada N\u00fa\u00f1ez prepara una exposici\u00f3n en Concordia de sus obras\",\"datePublished\":\"2025-05-10T21:22:32+00:00\",\"dateModified\":\"2025-05-10T21:22:33+00:00\",\"mainEntityOfPage\":{\"@id\":\"https:\\\/\\\/diariodelsurdigital.com.ar\\\/?p=2547\"},\"wordCount\":408,\"commentCount\":0,\"image\":{\"@id\":\"https:\\\/\\\/diariodelsurdigital.com.ar\\\/?p=2547#primaryimage\"},\"thumbnailUrl\":\"https:\\\/\\\/diariodelsurdigital.com.ar\\\/wp-content\\\/uploads\\\/2025\\\/05\\\/ada_nunez.jpeg\",\"articleSection\":[\"Locales\"],\"inLanguage\":\"es\",\"potentialAction\":[{\"@type\":\"CommentAction\",\"name\":\"Comment\",\"target\":[\"https:\\\/\\\/diariodelsurdigital.com.ar\\\/?p=2547#respond\"]}]},{\"@type\":\"WebPage\",\"@id\":\"https:\\\/\\\/diariodelsurdigital.com.ar\\\/?p=2547\",\"url\":\"https:\\\/\\\/diariodelsurdigital.com.ar\\\/?p=2547\",\"name\":\"A los 90 a\u00f1os, Ada N\u00fa\u00f1ez prepara una exposici\u00f3n en Concordia de sus obras - Diario del Sur\",\"isPartOf\":{\"@id\":\"https:\\\/\\\/diariodelsurdigital.com.ar\\\/#website\"},\"primaryImageOfPage\":{\"@id\":\"https:\\\/\\\/diariodelsurdigital.com.ar\\\/?p=2547#primaryimage\"},\"image\":{\"@id\":\"https:\\\/\\\/diariodelsurdigital.com.ar\\\/?p=2547#primaryimage\"},\"thumbnailUrl\":\"https:\\\/\\\/diariodelsurdigital.com.ar\\\/wp-content\\\/uploads\\\/2025\\\/05\\\/ada_nunez.jpeg\",\"datePublished\":\"2025-05-10T21:22:32+00:00\",\"dateModified\":\"2025-05-10T21:22:33+00:00\",\"author\":{\"@id\":\"https:\\\/\\\/diariodelsurdigital.com.ar\\\/#\\\/schema\\\/person\\\/d794acb23337e88c6e4004a39c32be62\"},\"breadcrumb\":{\"@id\":\"https:\\\/\\\/diariodelsurdigital.com.ar\\\/?p=2547#breadcrumb\"},\"inLanguage\":\"es\",\"potentialAction\":[{\"@type\":\"ReadAction\",\"target\":[\"https:\\\/\\\/diariodelsurdigital.com.ar\\\/?p=2547\"]}]},{\"@type\":\"ImageObject\",\"inLanguage\":\"es\",\"@id\":\"https:\\\/\\\/diariodelsurdigital.com.ar\\\/?p=2547#primaryimage\",\"url\":\"https:\\\/\\\/diariodelsurdigital.com.ar\\\/wp-content\\\/uploads\\\/2025\\\/05\\\/ada_nunez.jpeg\",\"contentUrl\":\"https:\\\/\\\/diariodelsurdigital.com.ar\\\/wp-content\\\/uploads\\\/2025\\\/05\\\/ada_nunez.jpeg\",\"width\":1024,\"height\":768},{\"@type\":\"BreadcrumbList\",\"@id\":\"https:\\\/\\\/diariodelsurdigital.com.ar\\\/?p=2547#breadcrumb\",\"itemListElement\":[{\"@type\":\"ListItem\",\"position\":1,\"name\":\"Portada\",\"item\":\"https:\\\/\\\/diariodelsurdigital.com.ar\\\/\"},{\"@type\":\"ListItem\",\"position\":2,\"name\":\"A los 90 a\u00f1os, Ada N\u00fa\u00f1ez prepara una exposici\u00f3n en Concordia de sus obras\"}]},{\"@type\":\"WebSite\",\"@id\":\"https:\\\/\\\/diariodelsurdigital.com.ar\\\/#website\",\"url\":\"https:\\\/\\\/diariodelsurdigital.com.ar\\\/\",\"name\":\"Diario del Sur\",\"description\":\"Digital\",\"potentialAction\":[{\"@type\":\"SearchAction\",\"target\":{\"@type\":\"EntryPoint\",\"urlTemplate\":\"https:\\\/\\\/diariodelsurdigital.com.ar\\\/?s={search_term_string}\"},\"query-input\":{\"@type\":\"PropertyValueSpecification\",\"valueRequired\":true,\"valueName\":\"search_term_string\"}}],\"inLanguage\":\"es\"},{\"@type\":\"Person\",\"@id\":\"https:\\\/\\\/diariodelsurdigital.com.ar\\\/#\\\/schema\\\/person\\\/d794acb23337e88c6e4004a39c32be62\",\"name\":\"Diario del Sur Digital\",\"image\":{\"@type\":\"ImageObject\",\"inLanguage\":\"es\",\"@id\":\"https:\\\/\\\/secure.gravatar.com\\\/avatar\\\/47679bcfa15734cfdefc176b6ad58adeeccac22b2e03e095ada6c622af2b463a?s=96&d=mm&r=g\",\"url\":\"https:\\\/\\\/secure.gravatar.com\\\/avatar\\\/47679bcfa15734cfdefc176b6ad58adeeccac22b2e03e095ada6c622af2b463a?s=96&d=mm&r=g\",\"contentUrl\":\"https:\\\/\\\/secure.gravatar.com\\\/avatar\\\/47679bcfa15734cfdefc176b6ad58adeeccac22b2e03e095ada6c622af2b463a?s=96&d=mm&r=g\",\"caption\":\"Diario del Sur Digital\"},\"url\":\"https:\\\/\\\/diariodelsurdigital.com.ar\\\/?author=3\"}]}<\/script>\n<!-- \/ Yoast SEO plugin. -->","yoast_head_json":{"title":"A los 90 a\u00f1os, Ada N\u00fa\u00f1ez prepara una exposici\u00f3n en Concordia de sus obras - Diario del Sur","robots":{"index":"index","follow":"follow","max-snippet":"max-snippet:-1","max-image-preview":"max-image-preview:large","max-video-preview":"max-video-preview:-1"},"canonical":"https:\/\/diariodelsurdigital.com.ar\/?p=2547","og_locale":"es_ES","og_type":"article","og_title":"A los 90 a\u00f1os, Ada N\u00fa\u00f1ez prepara una exposici\u00f3n en Concordia de sus obras - Diario del Sur","og_description":"Despu\u00e9s de muchos a\u00f1os, Ada N\u00fa\u00f1ez volver\u00e1 a exponer sus trabajos pict\u00f3ricos en Concordia en una fecha pr\u00f3xima. Guardamos el recuerdo de su dulce voz, primero en los programas de LT15, cuando la radio funcionaba en la calle La Rioja y Ada N\u00fa\u00f1ez daba sus primeros pasos como cantante de m\u00fasica litorale\u00f1a.Era una jovencita que [&hellip;]","og_url":"https:\/\/diariodelsurdigital.com.ar\/?p=2547","og_site_name":"Diario del Sur","article_published_time":"2025-05-10T21:22:32+00:00","article_modified_time":"2025-05-10T21:22:33+00:00","og_image":[{"width":1024,"height":768,"url":"https:\/\/diariodelsurdigital.com.ar\/wp-content\/uploads\/2025\/05\/ada_nunez.jpeg","type":"image\/jpeg"}],"author":"Diario del Sur Digital","twitter_card":"summary_large_image","twitter_misc":{"Escrito por":"Diario del Sur Digital","Tiempo de lectura":"3 minutos"},"schema":{"@context":"https:\/\/schema.org","@graph":[{"@type":"Article","@id":"https:\/\/diariodelsurdigital.com.ar\/?p=2547#article","isPartOf":{"@id":"https:\/\/diariodelsurdigital.com.ar\/?p=2547"},"author":{"name":"Diario del Sur Digital","@id":"https:\/\/diariodelsurdigital.com.ar\/#\/schema\/person\/d794acb23337e88c6e4004a39c32be62"},"headline":"A los 90 a\u00f1os, Ada N\u00fa\u00f1ez prepara una exposici\u00f3n en Concordia de sus obras","datePublished":"2025-05-10T21:22:32+00:00","dateModified":"2025-05-10T21:22:33+00:00","mainEntityOfPage":{"@id":"https:\/\/diariodelsurdigital.com.ar\/?p=2547"},"wordCount":408,"commentCount":0,"image":{"@id":"https:\/\/diariodelsurdigital.com.ar\/?p=2547#primaryimage"},"thumbnailUrl":"https:\/\/diariodelsurdigital.com.ar\/wp-content\/uploads\/2025\/05\/ada_nunez.jpeg","articleSection":["Locales"],"inLanguage":"es","potentialAction":[{"@type":"CommentAction","name":"Comment","target":["https:\/\/diariodelsurdigital.com.ar\/?p=2547#respond"]}]},{"@type":"WebPage","@id":"https:\/\/diariodelsurdigital.com.ar\/?p=2547","url":"https:\/\/diariodelsurdigital.com.ar\/?p=2547","name":"A los 90 a\u00f1os, Ada N\u00fa\u00f1ez prepara una exposici\u00f3n en Concordia de sus obras - Diario del Sur","isPartOf":{"@id":"https:\/\/diariodelsurdigital.com.ar\/#website"},"primaryImageOfPage":{"@id":"https:\/\/diariodelsurdigital.com.ar\/?p=2547#primaryimage"},"image":{"@id":"https:\/\/diariodelsurdigital.com.ar\/?p=2547#primaryimage"},"thumbnailUrl":"https:\/\/diariodelsurdigital.com.ar\/wp-content\/uploads\/2025\/05\/ada_nunez.jpeg","datePublished":"2025-05-10T21:22:32+00:00","dateModified":"2025-05-10T21:22:33+00:00","author":{"@id":"https:\/\/diariodelsurdigital.com.ar\/#\/schema\/person\/d794acb23337e88c6e4004a39c32be62"},"breadcrumb":{"@id":"https:\/\/diariodelsurdigital.com.ar\/?p=2547#breadcrumb"},"inLanguage":"es","potentialAction":[{"@type":"ReadAction","target":["https:\/\/diariodelsurdigital.com.ar\/?p=2547"]}]},{"@type":"ImageObject","inLanguage":"es","@id":"https:\/\/diariodelsurdigital.com.ar\/?p=2547#primaryimage","url":"https:\/\/diariodelsurdigital.com.ar\/wp-content\/uploads\/2025\/05\/ada_nunez.jpeg","contentUrl":"https:\/\/diariodelsurdigital.com.ar\/wp-content\/uploads\/2025\/05\/ada_nunez.jpeg","width":1024,"height":768},{"@type":"BreadcrumbList","@id":"https:\/\/diariodelsurdigital.com.ar\/?p=2547#breadcrumb","itemListElement":[{"@type":"ListItem","position":1,"name":"Portada","item":"https:\/\/diariodelsurdigital.com.ar\/"},{"@type":"ListItem","position":2,"name":"A los 90 a\u00f1os, Ada N\u00fa\u00f1ez prepara una exposici\u00f3n en Concordia de sus obras"}]},{"@type":"WebSite","@id":"https:\/\/diariodelsurdigital.com.ar\/#website","url":"https:\/\/diariodelsurdigital.com.ar\/","name":"Diario del Sur","description":"Digital","potentialAction":[{"@type":"SearchAction","target":{"@type":"EntryPoint","urlTemplate":"https:\/\/diariodelsurdigital.com.ar\/?s={search_term_string}"},"query-input":{"@type":"PropertyValueSpecification","valueRequired":true,"valueName":"search_term_string"}}],"inLanguage":"es"},{"@type":"Person","@id":"https:\/\/diariodelsurdigital.com.ar\/#\/schema\/person\/d794acb23337e88c6e4004a39c32be62","name":"Diario del Sur Digital","image":{"@type":"ImageObject","inLanguage":"es","@id":"https:\/\/secure.gravatar.com\/avatar\/47679bcfa15734cfdefc176b6ad58adeeccac22b2e03e095ada6c622af2b463a?s=96&d=mm&r=g","url":"https:\/\/secure.gravatar.com\/avatar\/47679bcfa15734cfdefc176b6ad58adeeccac22b2e03e095ada6c622af2b463a?s=96&d=mm&r=g","contentUrl":"https:\/\/secure.gravatar.com\/avatar\/47679bcfa15734cfdefc176b6ad58adeeccac22b2e03e095ada6c622af2b463a?s=96&d=mm&r=g","caption":"Diario del Sur Digital"},"url":"https:\/\/diariodelsurdigital.com.ar\/?author=3"}]}},"_links":{"self":[{"href":"https:\/\/diariodelsurdigital.com.ar\/index.php?rest_route=\/wp\/v2\/posts\/2547","targetHints":{"allow":["GET"]}}],"collection":[{"href":"https:\/\/diariodelsurdigital.com.ar\/index.php?rest_route=\/wp\/v2\/posts"}],"about":[{"href":"https:\/\/diariodelsurdigital.com.ar\/index.php?rest_route=\/wp\/v2\/types\/post"}],"author":[{"embeddable":true,"href":"https:\/\/diariodelsurdigital.com.ar\/index.php?rest_route=\/wp\/v2\/users\/3"}],"replies":[{"embeddable":true,"href":"https:\/\/diariodelsurdigital.com.ar\/index.php?rest_route=%2Fwp%2Fv2%2Fcomments&post=2547"}],"version-history":[{"count":1,"href":"https:\/\/diariodelsurdigital.com.ar\/index.php?rest_route=\/wp\/v2\/posts\/2547\/revisions"}],"predecessor-version":[{"id":2549,"href":"https:\/\/diariodelsurdigital.com.ar\/index.php?rest_route=\/wp\/v2\/posts\/2547\/revisions\/2549"}],"wp:featuredmedia":[{"embeddable":true,"href":"https:\/\/diariodelsurdigital.com.ar\/index.php?rest_route=\/wp\/v2\/media\/2548"}],"wp:attachment":[{"href":"https:\/\/diariodelsurdigital.com.ar\/index.php?rest_route=%2Fwp%2Fv2%2Fmedia&parent=2547"}],"wp:term":[{"taxonomy":"category","embeddable":true,"href":"https:\/\/diariodelsurdigital.com.ar\/index.php?rest_route=%2Fwp%2Fv2%2Fcategories&post=2547"},{"taxonomy":"post_tag","embeddable":true,"href":"https:\/\/diariodelsurdigital.com.ar\/index.php?rest_route=%2Fwp%2Fv2%2Ftags&post=2547"}],"curies":[{"name":"wp","href":"https:\/\/api.w.org\/{rel}","templated":true}]}}