{"id":2557,"date":"2025-05-11T14:28:27","date_gmt":"2025-05-11T17:28:27","guid":{"rendered":"https:\/\/diariodelsurdigital.com.ar\/?p=2557"},"modified":"2025-05-11T14:28:28","modified_gmt":"2025-05-11T17:28:28","slug":"militantes-del-peronismo-emplazaron-un-mastil-junto-al-busto-de-eva-peron-en-la-bianca","status":"publish","type":"post","link":"https:\/\/diariodelsurdigital.com.ar\/?p=2557","title":{"rendered":"Militantes del peronismo emplazaron un m\u00e1stil junto al Busto de Eva Per\u00f3n en La Bianca"},"content":{"rendered":"\n<p><\/p>\n\n\n\n<p>Este s\u00e1bado en horas del mediod\u00eda, se dieron cita al pie del busto de Eva Per\u00f3n la mayor\u00eda de los sectores que componen el peronismo de Concordia. El motivo principal fue el de conmemorar el natalicio de la abanderada de los humildes y el emplazamiento de un m\u00e1stil que realizaron los militantes de la Unidad B\u00e1sica de La Bianca, junto a integrantes del Consejo Departamental del PJ Concordia, con la colaboraci\u00f3n de congresales del Partido Justicialista del departamento Concordia.<\/p>\n\n\n\n<figure class=\"wp-block-image size-large\"><img loading=\"lazy\" decoding=\"async\" width=\"1024\" height=\"768\" src=\"https:\/\/diariodelsurdigital.com.ar\/wp-content\/uploads\/2025\/05\/Imagen-de-WhatsApp-2025-05-08-a-las-11.54.20_e4368280-1024x768.jpg\" alt=\"\" class=\"wp-image-2559\" srcset=\"https:\/\/diariodelsurdigital.com.ar\/wp-content\/uploads\/2025\/05\/Imagen-de-WhatsApp-2025-05-08-a-las-11.54.20_e4368280-1024x768.jpg 1024w, https:\/\/diariodelsurdigital.com.ar\/wp-content\/uploads\/2025\/05\/Imagen-de-WhatsApp-2025-05-08-a-las-11.54.20_e4368280-300x225.jpg 300w, https:\/\/diariodelsurdigital.com.ar\/wp-content\/uploads\/2025\/05\/Imagen-de-WhatsApp-2025-05-08-a-las-11.54.20_e4368280-768x576.jpg 768w, https:\/\/diariodelsurdigital.com.ar\/wp-content\/uploads\/2025\/05\/Imagen-de-WhatsApp-2025-05-08-a-las-11.54.20_e4368280-560x420.jpg 560w, https:\/\/diariodelsurdigital.com.ar\/wp-content\/uploads\/2025\/05\/Imagen-de-WhatsApp-2025-05-08-a-las-11.54.20_e4368280-80x60.jpg 80w, https:\/\/diariodelsurdigital.com.ar\/wp-content\/uploads\/2025\/05\/Imagen-de-WhatsApp-2025-05-08-a-las-11.54.20_e4368280-696x522.jpg 696w, https:\/\/diariodelsurdigital.com.ar\/wp-content\/uploads\/2025\/05\/Imagen-de-WhatsApp-2025-05-08-a-las-11.54.20_e4368280-1068x801.jpg 1068w, https:\/\/diariodelsurdigital.com.ar\/wp-content\/uploads\/2025\/05\/Imagen-de-WhatsApp-2025-05-08-a-las-11.54.20_e4368280-265x198.jpg 265w, https:\/\/diariodelsurdigital.com.ar\/wp-content\/uploads\/2025\/05\/Imagen-de-WhatsApp-2025-05-08-a-las-11.54.20_e4368280.jpg 1280w\" sizes=\"auto, (max-width: 1024px) 100vw, 1024px\" \/><\/figure>\n\n\n\n<p>La apertura estuvo a cargo de Mart\u00edn Quir\u00f3z, Presidente de la Unidad B\u00e1sica de La Bianca, qui\u00e9n destac\u00f3 el trabajo militante de sus compa\u00f1eros para poner en condiciones la plazoleta y realizar la base que sustenta un gran m\u00e1stil junto al busto que tambi\u00e9n fue restaurado. Por su parte, el Presidente del PJ Concordia, Facundo Ru\u00edz D\u00edaz, destac\u00f3 el trabajo de David Sandoval de la Juventud Peronista.<\/p>\n\n\n\n<figure class=\"wp-block-image size-large\"><img loading=\"lazy\" decoding=\"async\" width=\"1024\" height=\"768\" src=\"https:\/\/diariodelsurdigital.com.ar\/wp-content\/uploads\/2025\/05\/Imagen-de-WhatsApp-2025-05-11-a-las-14.22.58_c9e594c8-1024x768.jpg\" alt=\"\" class=\"wp-image-2560\" srcset=\"https:\/\/diariodelsurdigital.com.ar\/wp-content\/uploads\/2025\/05\/Imagen-de-WhatsApp-2025-05-11-a-las-14.22.58_c9e594c8-1024x768.jpg 1024w, https:\/\/diariodelsurdigital.com.ar\/wp-content\/uploads\/2025\/05\/Imagen-de-WhatsApp-2025-05-11-a-las-14.22.58_c9e594c8-300x225.jpg 300w, https:\/\/diariodelsurdigital.com.ar\/wp-content\/uploads\/2025\/05\/Imagen-de-WhatsApp-2025-05-11-a-las-14.22.58_c9e594c8-768x576.jpg 768w, https:\/\/diariodelsurdigital.com.ar\/wp-content\/uploads\/2025\/05\/Imagen-de-WhatsApp-2025-05-11-a-las-14.22.58_c9e594c8-560x420.jpg 560w, https:\/\/diariodelsurdigital.com.ar\/wp-content\/uploads\/2025\/05\/Imagen-de-WhatsApp-2025-05-11-a-las-14.22.58_c9e594c8-80x60.jpg 80w, https:\/\/diariodelsurdigital.com.ar\/wp-content\/uploads\/2025\/05\/Imagen-de-WhatsApp-2025-05-11-a-las-14.22.58_c9e594c8-696x522.jpg 696w, https:\/\/diariodelsurdigital.com.ar\/wp-content\/uploads\/2025\/05\/Imagen-de-WhatsApp-2025-05-11-a-las-14.22.58_c9e594c8-1068x801.jpg 1068w, https:\/\/diariodelsurdigital.com.ar\/wp-content\/uploads\/2025\/05\/Imagen-de-WhatsApp-2025-05-11-a-las-14.22.58_c9e594c8-265x198.jpg 265w, https:\/\/diariodelsurdigital.com.ar\/wp-content\/uploads\/2025\/05\/Imagen-de-WhatsApp-2025-05-11-a-las-14.22.58_c9e594c8.jpg 1280w\" sizes=\"auto, (max-width: 1024px) 100vw, 1024px\" \/><\/figure>\n\n\n\n<p>En el c\u00f3nclave estuvieron presentes tambi\u00e9n, dirigentes sindicales de la Uni\u00f3n Ferroviaria, de la UOCRA, de los Trabajadores gastron\u00f3micos, del Centro Empleados de Comercio, de UPCN, La Bancaria, docentes, trabajadores estatales, trabajadores de la salud y jubilados. Referentes del peronismo concordiense como Angel Giano, Daniel Cedro, concejales como Guillermo Satal\u00eda M\u00e9ndez, Claudia Villalba, Carolina Amiano, entre otros.<\/p>\n\n\n\n<figure class=\"wp-block-image size-large\"><img loading=\"lazy\" decoding=\"async\" width=\"768\" height=\"1024\" src=\"https:\/\/diariodelsurdigital.com.ar\/wp-content\/uploads\/2025\/05\/Imagen-de-WhatsApp-2025-05-08-a-las-11.54.19_d3be2dc4-768x1024.jpg\" alt=\"\" class=\"wp-image-2561\" srcset=\"https:\/\/diariodelsurdigital.com.ar\/wp-content\/uploads\/2025\/05\/Imagen-de-WhatsApp-2025-05-08-a-las-11.54.19_d3be2dc4-768x1024.jpg 768w, https:\/\/diariodelsurdigital.com.ar\/wp-content\/uploads\/2025\/05\/Imagen-de-WhatsApp-2025-05-08-a-las-11.54.19_d3be2dc4-225x300.jpg 225w, https:\/\/diariodelsurdigital.com.ar\/wp-content\/uploads\/2025\/05\/Imagen-de-WhatsApp-2025-05-08-a-las-11.54.19_d3be2dc4-315x420.jpg 315w, https:\/\/diariodelsurdigital.com.ar\/wp-content\/uploads\/2025\/05\/Imagen-de-WhatsApp-2025-05-08-a-las-11.54.19_d3be2dc4-696x928.jpg 696w, https:\/\/diariodelsurdigital.com.ar\/wp-content\/uploads\/2025\/05\/Imagen-de-WhatsApp-2025-05-08-a-las-11.54.19_d3be2dc4.jpg 960w\" sizes=\"auto, (max-width: 768px) 100vw, 768px\" \/><\/figure>\n\n\n\n<p>Los que hicieron uso de la palabra concordaron en trabajar la unidad del peronismo a partir del estado de situaci\u00f3n ca\u00f3tica en que se encuentra la sociedad a partir de las pol\u00edticas de exclusi\u00f3n y saqueo colonial por parte del gobierno. Rescatar la memoria de Eva Per\u00f3n, revitalizando la uni\u00f3n mediante un cambio en las pr\u00e1cticas pol\u00edticas en lo interno, la participaci\u00f3n militante en las decisiones y la cr\u00edtica hacia quienes hasta no hace mucho tuvieron parte de responsabilidad en la derrota electoral del peronismo.<\/p>\n","protected":false},"excerpt":{"rendered":"<p>Este s\u00e1bado en horas del mediod\u00eda, se dieron cita al pie del busto de Eva Per\u00f3n la mayor\u00eda de los sectores que componen el peronismo de Concordia. El motivo principal fue el de conmemorar el natalicio de la abanderada de los humildes y el emplazamiento de un m\u00e1stil que realizaron los militantes de la Unidad [&hellip;]<\/p>\n","protected":false},"author":2,"featured_media":2558,"comment_status":"open","ping_status":"open","sticky":false,"template":"","format":"standard","meta":{"footnotes":""},"categories":[16],"tags":[],"class_list":{"0":"post-2557","1":"post","2":"type-post","3":"status-publish","4":"format-standard","5":"has-post-thumbnail","7":"category-locales"},"yoast_head":"<!-- This site is optimized with the Yoast SEO plugin v27.4 - https:\/\/yoast.com\/product\/yoast-seo-wordpress\/ -->\n<title>Militantes del peronismo emplazaron un m\u00e1stil junto al Busto de Eva Per\u00f3n en La Bianca - Diario del Sur<\/title>\n<meta name=\"robots\" content=\"index, follow, max-snippet:-1, max-image-preview:large, max-video-preview:-1\" \/>\n<link rel=\"canonical\" href=\"https:\/\/diariodelsurdigital.com.ar\/?p=2557\" \/>\n<meta property=\"og:locale\" content=\"es_ES\" \/>\n<meta property=\"og:type\" content=\"article\" \/>\n<meta property=\"og:title\" content=\"Militantes del peronismo emplazaron un m\u00e1stil junto al Busto de Eva Per\u00f3n en La Bianca - Diario del Sur\" \/>\n<meta property=\"og:description\" content=\"Este s\u00e1bado en horas del mediod\u00eda, se dieron cita al pie del busto de Eva Per\u00f3n la mayor\u00eda de los sectores que componen el peronismo de Concordia. El motivo principal fue el de conmemorar el natalicio de la abanderada de los humildes y el emplazamiento de un m\u00e1stil que realizaron los militantes de la Unidad [&hellip;]\" \/>\n<meta property=\"og:url\" content=\"https:\/\/diariodelsurdigital.com.ar\/?p=2557\" \/>\n<meta property=\"og:site_name\" content=\"Diario del Sur\" \/>\n<meta property=\"article:published_time\" content=\"2025-05-11T17:28:27+00:00\" \/>\n<meta property=\"article:modified_time\" content=\"2025-05-11T17:28:28+00:00\" \/>\n<meta property=\"og:image\" content=\"https:\/\/diariodelsurdigital.com.ar\/wp-content\/uploads\/2025\/05\/Imagen-de-WhatsApp-2025-05-11-a-las-14.22.01_a1b1a3c5.jpg\" \/>\n\t<meta property=\"og:image:width\" content=\"506\" \/>\n\t<meta property=\"og:image:height\" content=\"297\" \/>\n\t<meta property=\"og:image:type\" content=\"image\/jpeg\" \/>\n<meta name=\"author\" content=\"Diario del Sur Digital\" \/>\n<meta name=\"twitter:card\" content=\"summary_large_image\" \/>\n<meta name=\"twitter:label1\" content=\"Escrito por\" \/>\n\t<meta name=\"twitter:data1\" content=\"Diario del Sur Digital\" \/>\n\t<meta name=\"twitter:label2\" content=\"Tiempo de lectura\" \/>\n\t<meta name=\"twitter:data2\" content=\"3 minutos\" \/>\n<script type=\"application\/ld+json\" class=\"yoast-schema-graph\">{\"@context\":\"https:\\\/\\\/schema.org\",\"@graph\":[{\"@type\":\"Article\",\"@id\":\"https:\\\/\\\/diariodelsurdigital.com.ar\\\/?p=2557#article\",\"isPartOf\":{\"@id\":\"https:\\\/\\\/diariodelsurdigital.com.ar\\\/?p=2557\"},\"author\":{\"name\":\"Diario del Sur Digital\",\"@id\":\"https:\\\/\\\/diariodelsurdigital.com.ar\\\/#\\\/schema\\\/person\\\/6136a32571657f7dba980b88b04c5465\"},\"headline\":\"Militantes del peronismo emplazaron un m\u00e1stil junto al Busto de Eva Per\u00f3n en La Bianca\",\"datePublished\":\"2025-05-11T17:28:27+00:00\",\"dateModified\":\"2025-05-11T17:28:28+00:00\",\"mainEntityOfPage\":{\"@id\":\"https:\\\/\\\/diariodelsurdigital.com.ar\\\/?p=2557\"},\"wordCount\":337,\"commentCount\":0,\"image\":{\"@id\":\"https:\\\/\\\/diariodelsurdigital.com.ar\\\/?p=2557#primaryimage\"},\"thumbnailUrl\":\"https:\\\/\\\/diariodelsurdigital.com.ar\\\/wp-content\\\/uploads\\\/2025\\\/05\\\/Imagen-de-WhatsApp-2025-05-11-a-las-14.22.01_a1b1a3c5.jpg\",\"articleSection\":[\"Locales\"],\"inLanguage\":\"es\",\"potentialAction\":[{\"@type\":\"CommentAction\",\"name\":\"Comment\",\"target\":[\"https:\\\/\\\/diariodelsurdigital.com.ar\\\/?p=2557#respond\"]}]},{\"@type\":\"WebPage\",\"@id\":\"https:\\\/\\\/diariodelsurdigital.com.ar\\\/?p=2557\",\"url\":\"https:\\\/\\\/diariodelsurdigital.com.ar\\\/?p=2557\",\"name\":\"Militantes del peronismo emplazaron un m\u00e1stil junto al Busto de Eva Per\u00f3n en La Bianca - Diario del Sur\",\"isPartOf\":{\"@id\":\"https:\\\/\\\/diariodelsurdigital.com.ar\\\/#website\"},\"primaryImageOfPage\":{\"@id\":\"https:\\\/\\\/diariodelsurdigital.com.ar\\\/?p=2557#primaryimage\"},\"image\":{\"@id\":\"https:\\\/\\\/diariodelsurdigital.com.ar\\\/?p=2557#primaryimage\"},\"thumbnailUrl\":\"https:\\\/\\\/diariodelsurdigital.com.ar\\\/wp-content\\\/uploads\\\/2025\\\/05\\\/Imagen-de-WhatsApp-2025-05-11-a-las-14.22.01_a1b1a3c5.jpg\",\"datePublished\":\"2025-05-11T17:28:27+00:00\",\"dateModified\":\"2025-05-11T17:28:28+00:00\",\"author\":{\"@id\":\"https:\\\/\\\/diariodelsurdigital.com.ar\\\/#\\\/schema\\\/person\\\/6136a32571657f7dba980b88b04c5465\"},\"breadcrumb\":{\"@id\":\"https:\\\/\\\/diariodelsurdigital.com.ar\\\/?p=2557#breadcrumb\"},\"inLanguage\":\"es\",\"potentialAction\":[{\"@type\":\"ReadAction\",\"target\":[\"https:\\\/\\\/diariodelsurdigital.com.ar\\\/?p=2557\"]}]},{\"@type\":\"ImageObject\",\"inLanguage\":\"es\",\"@id\":\"https:\\\/\\\/diariodelsurdigital.com.ar\\\/?p=2557#primaryimage\",\"url\":\"https:\\\/\\\/diariodelsurdigital.com.ar\\\/wp-content\\\/uploads\\\/2025\\\/05\\\/Imagen-de-WhatsApp-2025-05-11-a-las-14.22.01_a1b1a3c5.jpg\",\"contentUrl\":\"https:\\\/\\\/diariodelsurdigital.com.ar\\\/wp-content\\\/uploads\\\/2025\\\/05\\\/Imagen-de-WhatsApp-2025-05-11-a-las-14.22.01_a1b1a3c5.jpg\",\"width\":506,\"height\":297},{\"@type\":\"BreadcrumbList\",\"@id\":\"https:\\\/\\\/diariodelsurdigital.com.ar\\\/?p=2557#breadcrumb\",\"itemListElement\":[{\"@type\":\"ListItem\",\"position\":1,\"name\":\"Portada\",\"item\":\"https:\\\/\\\/diariodelsurdigital.com.ar\\\/\"},{\"@type\":\"ListItem\",\"position\":2,\"name\":\"Militantes del peronismo emplazaron un m\u00e1stil junto al Busto de Eva Per\u00f3n en La Bianca\"}]},{\"@type\":\"WebSite\",\"@id\":\"https:\\\/\\\/diariodelsurdigital.com.ar\\\/#website\",\"url\":\"https:\\\/\\\/diariodelsurdigital.com.ar\\\/\",\"name\":\"Diario del Sur\",\"description\":\"Digital\",\"potentialAction\":[{\"@type\":\"SearchAction\",\"target\":{\"@type\":\"EntryPoint\",\"urlTemplate\":\"https:\\\/\\\/diariodelsurdigital.com.ar\\\/?s={search_term_string}\"},\"query-input\":{\"@type\":\"PropertyValueSpecification\",\"valueRequired\":true,\"valueName\":\"search_term_string\"}}],\"inLanguage\":\"es\"},{\"@type\":\"Person\",\"@id\":\"https:\\\/\\\/diariodelsurdigital.com.ar\\\/#\\\/schema\\\/person\\\/6136a32571657f7dba980b88b04c5465\",\"name\":\"Diario del Sur Digital\",\"image\":{\"@type\":\"ImageObject\",\"inLanguage\":\"es\",\"@id\":\"https:\\\/\\\/secure.gravatar.com\\\/avatar\\\/4c29ceac98541dd42460b2474aaa5dd37594d6ce6cb3cf2c101d09b48ee287ba?s=96&d=mm&r=g\",\"url\":\"https:\\\/\\\/secure.gravatar.com\\\/avatar\\\/4c29ceac98541dd42460b2474aaa5dd37594d6ce6cb3cf2c101d09b48ee287ba?s=96&d=mm&r=g\",\"contentUrl\":\"https:\\\/\\\/secure.gravatar.com\\\/avatar\\\/4c29ceac98541dd42460b2474aaa5dd37594d6ce6cb3cf2c101d09b48ee287ba?s=96&d=mm&r=g\",\"caption\":\"Diario del Sur Digital\"},\"url\":\"https:\\\/\\\/diariodelsurdigital.com.ar\\\/?author=2\"}]}<\/script>\n<!-- \/ Yoast SEO plugin. -->","yoast_head_json":{"title":"Militantes del peronismo emplazaron un m\u00e1stil junto al Busto de Eva Per\u00f3n en La Bianca - Diario del Sur","robots":{"index":"index","follow":"follow","max-snippet":"max-snippet:-1","max-image-preview":"max-image-preview:large","max-video-preview":"max-video-preview:-1"},"canonical":"https:\/\/diariodelsurdigital.com.ar\/?p=2557","og_locale":"es_ES","og_type":"article","og_title":"Militantes del peronismo emplazaron un m\u00e1stil junto al Busto de Eva Per\u00f3n en La Bianca - Diario del Sur","og_description":"Este s\u00e1bado en horas del mediod\u00eda, se dieron cita al pie del busto de Eva Per\u00f3n la mayor\u00eda de los sectores que componen el peronismo de Concordia. El motivo principal fue el de conmemorar el natalicio de la abanderada de los humildes y el emplazamiento de un m\u00e1stil que realizaron los militantes de la Unidad [&hellip;]","og_url":"https:\/\/diariodelsurdigital.com.ar\/?p=2557","og_site_name":"Diario del Sur","article_published_time":"2025-05-11T17:28:27+00:00","article_modified_time":"2025-05-11T17:28:28+00:00","og_image":[{"width":506,"height":297,"url":"https:\/\/diariodelsurdigital.com.ar\/wp-content\/uploads\/2025\/05\/Imagen-de-WhatsApp-2025-05-11-a-las-14.22.01_a1b1a3c5.jpg","type":"image\/jpeg"}],"author":"Diario del Sur Digital","twitter_card":"summary_large_image","twitter_misc":{"Escrito por":"Diario del Sur Digital","Tiempo de lectura":"3 minutos"},"schema":{"@context":"https:\/\/schema.org","@graph":[{"@type":"Article","@id":"https:\/\/diariodelsurdigital.com.ar\/?p=2557#article","isPartOf":{"@id":"https:\/\/diariodelsurdigital.com.ar\/?p=2557"},"author":{"name":"Diario del Sur Digital","@id":"https:\/\/diariodelsurdigital.com.ar\/#\/schema\/person\/6136a32571657f7dba980b88b04c5465"},"headline":"Militantes del peronismo emplazaron un m\u00e1stil junto al Busto de Eva Per\u00f3n en La Bianca","datePublished":"2025-05-11T17:28:27+00:00","dateModified":"2025-05-11T17:28:28+00:00","mainEntityOfPage":{"@id":"https:\/\/diariodelsurdigital.com.ar\/?p=2557"},"wordCount":337,"commentCount":0,"image":{"@id":"https:\/\/diariodelsurdigital.com.ar\/?p=2557#primaryimage"},"thumbnailUrl":"https:\/\/diariodelsurdigital.com.ar\/wp-content\/uploads\/2025\/05\/Imagen-de-WhatsApp-2025-05-11-a-las-14.22.01_a1b1a3c5.jpg","articleSection":["Locales"],"inLanguage":"es","potentialAction":[{"@type":"CommentAction","name":"Comment","target":["https:\/\/diariodelsurdigital.com.ar\/?p=2557#respond"]}]},{"@type":"WebPage","@id":"https:\/\/diariodelsurdigital.com.ar\/?p=2557","url":"https:\/\/diariodelsurdigital.com.ar\/?p=2557","name":"Militantes del peronismo emplazaron un m\u00e1stil junto al Busto de Eva Per\u00f3n en La Bianca - Diario del Sur","isPartOf":{"@id":"https:\/\/diariodelsurdigital.com.ar\/#website"},"primaryImageOfPage":{"@id":"https:\/\/diariodelsurdigital.com.ar\/?p=2557#primaryimage"},"image":{"@id":"https:\/\/diariodelsurdigital.com.ar\/?p=2557#primaryimage"},"thumbnailUrl":"https:\/\/diariodelsurdigital.com.ar\/wp-content\/uploads\/2025\/05\/Imagen-de-WhatsApp-2025-05-11-a-las-14.22.01_a1b1a3c5.jpg","datePublished":"2025-05-11T17:28:27+00:00","dateModified":"2025-05-11T17:28:28+00:00","author":{"@id":"https:\/\/diariodelsurdigital.com.ar\/#\/schema\/person\/6136a32571657f7dba980b88b04c5465"},"breadcrumb":{"@id":"https:\/\/diariodelsurdigital.com.ar\/?p=2557#breadcrumb"},"inLanguage":"es","potentialAction":[{"@type":"ReadAction","target":["https:\/\/diariodelsurdigital.com.ar\/?p=2557"]}]},{"@type":"ImageObject","inLanguage":"es","@id":"https:\/\/diariodelsurdigital.com.ar\/?p=2557#primaryimage","url":"https:\/\/diariodelsurdigital.com.ar\/wp-content\/uploads\/2025\/05\/Imagen-de-WhatsApp-2025-05-11-a-las-14.22.01_a1b1a3c5.jpg","contentUrl":"https:\/\/diariodelsurdigital.com.ar\/wp-content\/uploads\/2025\/05\/Imagen-de-WhatsApp-2025-05-11-a-las-14.22.01_a1b1a3c5.jpg","width":506,"height":297},{"@type":"BreadcrumbList","@id":"https:\/\/diariodelsurdigital.com.ar\/?p=2557#breadcrumb","itemListElement":[{"@type":"ListItem","position":1,"name":"Portada","item":"https:\/\/diariodelsurdigital.com.ar\/"},{"@type":"ListItem","position":2,"name":"Militantes del peronismo emplazaron un m\u00e1stil junto al Busto de Eva Per\u00f3n en La Bianca"}]},{"@type":"WebSite","@id":"https:\/\/diariodelsurdigital.com.ar\/#website","url":"https:\/\/diariodelsurdigital.com.ar\/","name":"Diario del Sur","description":"Digital","potentialAction":[{"@type":"SearchAction","target":{"@type":"EntryPoint","urlTemplate":"https:\/\/diariodelsurdigital.com.ar\/?s={search_term_string}"},"query-input":{"@type":"PropertyValueSpecification","valueRequired":true,"valueName":"search_term_string"}}],"inLanguage":"es"},{"@type":"Person","@id":"https:\/\/diariodelsurdigital.com.ar\/#\/schema\/person\/6136a32571657f7dba980b88b04c5465","name":"Diario del Sur Digital","image":{"@type":"ImageObject","inLanguage":"es","@id":"https:\/\/secure.gravatar.com\/avatar\/4c29ceac98541dd42460b2474aaa5dd37594d6ce6cb3cf2c101d09b48ee287ba?s=96&d=mm&r=g","url":"https:\/\/secure.gravatar.com\/avatar\/4c29ceac98541dd42460b2474aaa5dd37594d6ce6cb3cf2c101d09b48ee287ba?s=96&d=mm&r=g","contentUrl":"https:\/\/secure.gravatar.com\/avatar\/4c29ceac98541dd42460b2474aaa5dd37594d6ce6cb3cf2c101d09b48ee287ba?s=96&d=mm&r=g","caption":"Diario del Sur Digital"},"url":"https:\/\/diariodelsurdigital.com.ar\/?author=2"}]}},"_links":{"self":[{"href":"https:\/\/diariodelsurdigital.com.ar\/index.php?rest_route=\/wp\/v2\/posts\/2557","targetHints":{"allow":["GET"]}}],"collection":[{"href":"https:\/\/diariodelsurdigital.com.ar\/index.php?rest_route=\/wp\/v2\/posts"}],"about":[{"href":"https:\/\/diariodelsurdigital.com.ar\/index.php?rest_route=\/wp\/v2\/types\/post"}],"author":[{"embeddable":true,"href":"https:\/\/diariodelsurdigital.com.ar\/index.php?rest_route=\/wp\/v2\/users\/2"}],"replies":[{"embeddable":true,"href":"https:\/\/diariodelsurdigital.com.ar\/index.php?rest_route=%2Fwp%2Fv2%2Fcomments&post=2557"}],"version-history":[{"count":2,"href":"https:\/\/diariodelsurdigital.com.ar\/index.php?rest_route=\/wp\/v2\/posts\/2557\/revisions"}],"predecessor-version":[{"id":2567,"href":"https:\/\/diariodelsurdigital.com.ar\/index.php?rest_route=\/wp\/v2\/posts\/2557\/revisions\/2567"}],"wp:featuredmedia":[{"embeddable":true,"href":"https:\/\/diariodelsurdigital.com.ar\/index.php?rest_route=\/wp\/v2\/media\/2558"}],"wp:attachment":[{"href":"https:\/\/diariodelsurdigital.com.ar\/index.php?rest_route=%2Fwp%2Fv2%2Fmedia&parent=2557"}],"wp:term":[{"taxonomy":"category","embeddable":true,"href":"https:\/\/diariodelsurdigital.com.ar\/index.php?rest_route=%2Fwp%2Fv2%2Fcategories&post=2557"},{"taxonomy":"post_tag","embeddable":true,"href":"https:\/\/diariodelsurdigital.com.ar\/index.php?rest_route=%2Fwp%2Fv2%2Ftags&post=2557"}],"curies":[{"name":"wp","href":"https:\/\/api.w.org\/{rel}","templated":true}]}}