{"id":2578,"date":"2025-05-12T13:49:03","date_gmt":"2025-05-12T16:49:03","guid":{"rendered":"https:\/\/diariodelsurdigital.com.ar\/?p=2578"},"modified":"2025-05-12T13:49:05","modified_gmt":"2025-05-12T16:49:05","slug":"esta-muy-mal-yamandu-orsi-alerto-sobre-el-estado-de-salud-de-jose-pepe-mujica","status":"publish","type":"post","link":"https:\/\/diariodelsurdigital.com.ar\/?p=2578","title":{"rendered":"\u00abEst\u00e1 muy mal\u00bb: Yamand\u00fa Orsi alert\u00f3 sobre el estado de salud de Jos\u00e9 \u00abPepe\u00bb Mujica"},"content":{"rendered":"\n<p>El Presidente de Uruguay hizo la revelaci\u00f3n tras votar este domingo. Cont\u00f3 que fue a la casa del exmandatario d\u00edas atr\u00e1s y que \u00abest\u00e1 complicado\u00bb.<\/p>\n\n\n\n<p>En medio de las elecciones departamentales que se desarrollan este domingo en Uruguay, el presidente Yamand\u00fa Orsi hizo una declaraci\u00f3n que conmovi\u00f3 al pa\u00eds y encendi\u00f3 las alarmas respecto al estado de salud del exmandatario uruguayo, Jos\u00e9 \u00abPepe\u00bb Mujica: \u00abLo visit\u00e9 y est\u00e1 muy mal\u00bb, asegur\u00f3.<\/p>\n\n\n\n<p>\u00abEst\u00e1 complicado aquel, pero se est\u00e1 cuidando. Estuve el jueves o el viernes en la casa y estuvimos conversando. Estuvimos hablando un rato largo, pero est\u00e1 complicado\u00bb, revel\u00f3 Orsi a la prensa antes de emitir su voto en Canelones. El mandatario y actual l\u00edder del Frente Amplio describi\u00f3 una escena \u00edntima y dif\u00edcil, en la que vio a Mujica en condiciones delicadas, aunque con la entereza que lo caracteriza.<\/p>\n\n\n\n<p>\u201cEstamos tratando de cuidarlo y que no haga cosas que lo pueden perjudicar. En algunas de las \u00faltimas movidas como que lo afect\u00f3\u201d, agreg\u00f3 Orsi frente a los medios, antes de ingresar a la Escuela T\u00e9cnica de Canelones, donde vot\u00f3 alrededor de las 10.<\/p>\n\n\n\n<p>\u201cTodos tenemos que apostar a que en todas las etapas de la vida la dignidad sea la clave\u00bb, dijo el mandatario uruguayo e insisti\u00f3 en la necesidad de preservar la dignidad del expresidente Mujica: \u201cNo hay que enloquecerlo, hay que dejarlo tranquilo\u201d.<\/p>\n\n\n\n<p>Asimismo, tambi\u00e9n subray\u00f3 la vigencia del aporte intelectual de Mujica, al afirmar que \u201csigue siendo muy \u00fatil para esas conversas de media hora, una hora, dos horas, donde te tra\u00e9s un paquete de ideas y de sensibilidades que precisamos mucho\u201d.<\/p>\n\n\n\n<p>El deterioro de la salud de Mujica no es una novedad. En enero, el propio expresidente hab\u00eda declarado con crudeza: \u00abMe estoy muriendo, ya termin\u00f3 mi ciclo\u00bb, dijo Pepe. En ese mismo mensaje, el dirigente de 89 a\u00f1os confirm\u00f3 que el c\u00e1ncer que padece se hab\u00eda expandido por todo su cuerpo y que hab\u00eda decidido dejar el tratamiento.<\/p>\n\n\n\n<p>Su ausencia en las elecciones de este domingo se sinti\u00f3 con fuerza en Uruguay. Quien s\u00ed particip\u00f3 de los comicios fue su esposa y exvicepresidenta, Luc\u00eda Topolansky, quien prefiri\u00f3 no hacer declaraciones p\u00fablicas, en una jornada marcada por la preocupaci\u00f3n por la salud de su compa\u00f1ero de vida y militancia.<\/p>\n\n\n\n<p>La \u00faltima aparici\u00f3n p\u00fablica de Mujica<\/p>\n\n\n\n<p>En una de sus \u00faltimas apariciones p\u00fablicas, a fines de marzo, Mujica fue homenajeado durante un acto por los 54 a\u00f1os del primer evento masivo del Frente Amplio. Sentado en una silla de ruedas, se mostr\u00f3 visiblemente emocionado y conmovido hasta las l\u00e1grimas, en lo que fue un reconocimiento sentido por parte de su espacio pol\u00edtico.<\/p>\n\n\n\n<p>El Frente Amplio, que gobierna nuevamente con Orsi tras su ciclo entre 2005 y 2020, eligi\u00f3 aquel acto para rendirle homenaje a quien es, sin dudas, uno de sus grandes s\u00edmbolos. Mujica no solo marc\u00f3 una etapa pol\u00edtica, sino tambi\u00e9n una forma austera, frontal y cercana de entender la pol\u00edtica uruguaya y latinoamericana, public\u00f3 P\u00e1gina 12.<\/p>\n","protected":false},"excerpt":{"rendered":"<p>El Presidente de Uruguay hizo la revelaci\u00f3n tras votar este domingo. Cont\u00f3 que fue a la casa del exmandatario d\u00edas atr\u00e1s y que \u00abest\u00e1 complicado\u00bb. En medio de las elecciones departamentales que se desarrollan este domingo en Uruguay, el presidente Yamand\u00fa Orsi hizo una declaraci\u00f3n que conmovi\u00f3 al pa\u00eds y encendi\u00f3 las alarmas respecto al [&hellip;]<\/p>\n","protected":false},"author":4,"featured_media":2579,"comment_status":"open","ping_status":"open","sticky":false,"template":"","format":"standard","meta":{"footnotes":""},"categories":[19,20],"tags":[],"class_list":{"0":"post-2578","1":"post","2":"type-post","3":"status-publish","4":"format-standard","5":"has-post-thumbnail","7":"category-interes-general","8":"category-internacionales"},"yoast_head":"<!-- This site is optimized with the Yoast SEO plugin v27.4 - https:\/\/yoast.com\/product\/yoast-seo-wordpress\/ -->\n<title>&quot;Est\u00e1 muy mal&quot;: Yamand\u00fa Orsi alert\u00f3 sobre el estado de salud de Jos\u00e9 &quot;Pepe&quot; Mujica - Diario del Sur<\/title>\n<meta name=\"robots\" content=\"index, follow, max-snippet:-1, max-image-preview:large, max-video-preview:-1\" \/>\n<link rel=\"canonical\" href=\"https:\/\/diariodelsurdigital.com.ar\/?p=2578\" \/>\n<meta property=\"og:locale\" content=\"es_ES\" \/>\n<meta property=\"og:type\" content=\"article\" \/>\n<meta property=\"og:title\" content=\"&quot;Est\u00e1 muy mal&quot;: Yamand\u00fa Orsi alert\u00f3 sobre el estado de salud de Jos\u00e9 &quot;Pepe&quot; Mujica - Diario del Sur\" \/>\n<meta property=\"og:description\" content=\"El Presidente de Uruguay hizo la revelaci\u00f3n tras votar este domingo. Cont\u00f3 que fue a la casa del exmandatario d\u00edas atr\u00e1s y que \u00abest\u00e1 complicado\u00bb. En medio de las elecciones departamentales que se desarrollan este domingo en Uruguay, el presidente Yamand\u00fa Orsi hizo una declaraci\u00f3n que conmovi\u00f3 al pa\u00eds y encendi\u00f3 las alarmas respecto al [&hellip;]\" \/>\n<meta property=\"og:url\" content=\"https:\/\/diariodelsurdigital.com.ar\/?p=2578\" \/>\n<meta property=\"og:site_name\" content=\"Diario del Sur\" \/>\n<meta property=\"article:published_time\" content=\"2025-05-12T16:49:03+00:00\" \/>\n<meta property=\"article:modified_time\" content=\"2025-05-12T16:49:05+00:00\" \/>\n<meta property=\"og:image\" content=\"https:\/\/diariodelsurdigital.com.ar\/wp-content\/uploads\/2025\/05\/md-19.webp\" \/>\n\t<meta property=\"og:image:width\" content=\"992\" \/>\n\t<meta property=\"og:image:height\" content=\"661\" \/>\n\t<meta property=\"og:image:type\" content=\"image\/webp\" \/>\n<meta name=\"author\" content=\"Diario del Sur Digital\" \/>\n<meta name=\"twitter:card\" content=\"summary_large_image\" \/>\n<meta name=\"twitter:label1\" content=\"Escrito por\" \/>\n\t<meta name=\"twitter:data1\" content=\"Diario del Sur Digital\" \/>\n\t<meta name=\"twitter:label2\" content=\"Tiempo de lectura\" \/>\n\t<meta name=\"twitter:data2\" content=\"3 minutos\" \/>\n<script type=\"application\/ld+json\" class=\"yoast-schema-graph\">{\"@context\":\"https:\\\/\\\/schema.org\",\"@graph\":[{\"@type\":\"Article\",\"@id\":\"https:\\\/\\\/diariodelsurdigital.com.ar\\\/?p=2578#article\",\"isPartOf\":{\"@id\":\"https:\\\/\\\/diariodelsurdigital.com.ar\\\/?p=2578\"},\"author\":{\"name\":\"Diario del Sur Digital\",\"@id\":\"https:\\\/\\\/diariodelsurdigital.com.ar\\\/#\\\/schema\\\/person\\\/1a4992532ed62965c968031b49195c81\"},\"headline\":\"\u00abEst\u00e1 muy mal\u00bb: Yamand\u00fa Orsi alert\u00f3 sobre el estado de salud de Jos\u00e9 \u00abPepe\u00bb Mujica\",\"datePublished\":\"2025-05-12T16:49:03+00:00\",\"dateModified\":\"2025-05-12T16:49:05+00:00\",\"mainEntityOfPage\":{\"@id\":\"https:\\\/\\\/diariodelsurdigital.com.ar\\\/?p=2578\"},\"wordCount\":531,\"commentCount\":0,\"image\":{\"@id\":\"https:\\\/\\\/diariodelsurdigital.com.ar\\\/?p=2578#primaryimage\"},\"thumbnailUrl\":\"https:\\\/\\\/diariodelsurdigital.com.ar\\\/wp-content\\\/uploads\\\/2025\\\/05\\\/md-19.webp\",\"articleSection\":[\"Inter\u00e9s General\",\"Internacionales\"],\"inLanguage\":\"es\",\"potentialAction\":[{\"@type\":\"CommentAction\",\"name\":\"Comment\",\"target\":[\"https:\\\/\\\/diariodelsurdigital.com.ar\\\/?p=2578#respond\"]}]},{\"@type\":\"WebPage\",\"@id\":\"https:\\\/\\\/diariodelsurdigital.com.ar\\\/?p=2578\",\"url\":\"https:\\\/\\\/diariodelsurdigital.com.ar\\\/?p=2578\",\"name\":\"\\\"Est\u00e1 muy mal\\\": Yamand\u00fa Orsi alert\u00f3 sobre el estado de salud de Jos\u00e9 \\\"Pepe\\\" Mujica - Diario del Sur\",\"isPartOf\":{\"@id\":\"https:\\\/\\\/diariodelsurdigital.com.ar\\\/#website\"},\"primaryImageOfPage\":{\"@id\":\"https:\\\/\\\/diariodelsurdigital.com.ar\\\/?p=2578#primaryimage\"},\"image\":{\"@id\":\"https:\\\/\\\/diariodelsurdigital.com.ar\\\/?p=2578#primaryimage\"},\"thumbnailUrl\":\"https:\\\/\\\/diariodelsurdigital.com.ar\\\/wp-content\\\/uploads\\\/2025\\\/05\\\/md-19.webp\",\"datePublished\":\"2025-05-12T16:49:03+00:00\",\"dateModified\":\"2025-05-12T16:49:05+00:00\",\"author\":{\"@id\":\"https:\\\/\\\/diariodelsurdigital.com.ar\\\/#\\\/schema\\\/person\\\/1a4992532ed62965c968031b49195c81\"},\"breadcrumb\":{\"@id\":\"https:\\\/\\\/diariodelsurdigital.com.ar\\\/?p=2578#breadcrumb\"},\"inLanguage\":\"es\",\"potentialAction\":[{\"@type\":\"ReadAction\",\"target\":[\"https:\\\/\\\/diariodelsurdigital.com.ar\\\/?p=2578\"]}]},{\"@type\":\"ImageObject\",\"inLanguage\":\"es\",\"@id\":\"https:\\\/\\\/diariodelsurdigital.com.ar\\\/?p=2578#primaryimage\",\"url\":\"https:\\\/\\\/diariodelsurdigital.com.ar\\\/wp-content\\\/uploads\\\/2025\\\/05\\\/md-19.webp\",\"contentUrl\":\"https:\\\/\\\/diariodelsurdigital.com.ar\\\/wp-content\\\/uploads\\\/2025\\\/05\\\/md-19.webp\",\"width\":992,\"height\":661},{\"@type\":\"BreadcrumbList\",\"@id\":\"https:\\\/\\\/diariodelsurdigital.com.ar\\\/?p=2578#breadcrumb\",\"itemListElement\":[{\"@type\":\"ListItem\",\"position\":1,\"name\":\"Portada\",\"item\":\"https:\\\/\\\/diariodelsurdigital.com.ar\\\/\"},{\"@type\":\"ListItem\",\"position\":2,\"name\":\"\u00abEst\u00e1 muy mal\u00bb: Yamand\u00fa Orsi alert\u00f3 sobre el estado de salud de Jos\u00e9 \u00abPepe\u00bb Mujica\"}]},{\"@type\":\"WebSite\",\"@id\":\"https:\\\/\\\/diariodelsurdigital.com.ar\\\/#website\",\"url\":\"https:\\\/\\\/diariodelsurdigital.com.ar\\\/\",\"name\":\"Diario del Sur\",\"description\":\"Digital\",\"potentialAction\":[{\"@type\":\"SearchAction\",\"target\":{\"@type\":\"EntryPoint\",\"urlTemplate\":\"https:\\\/\\\/diariodelsurdigital.com.ar\\\/?s={search_term_string}\"},\"query-input\":{\"@type\":\"PropertyValueSpecification\",\"valueRequired\":true,\"valueName\":\"search_term_string\"}}],\"inLanguage\":\"es\"},{\"@type\":\"Person\",\"@id\":\"https:\\\/\\\/diariodelsurdigital.com.ar\\\/#\\\/schema\\\/person\\\/1a4992532ed62965c968031b49195c81\",\"name\":\"Diario del Sur Digital\",\"image\":{\"@type\":\"ImageObject\",\"inLanguage\":\"es\",\"@id\":\"https:\\\/\\\/secure.gravatar.com\\\/avatar\\\/f0c7c47fc7146d19828273b9b8eda651c9c7ab583767e6338d3d3bee825adf76?s=96&d=mm&r=g\",\"url\":\"https:\\\/\\\/secure.gravatar.com\\\/avatar\\\/f0c7c47fc7146d19828273b9b8eda651c9c7ab583767e6338d3d3bee825adf76?s=96&d=mm&r=g\",\"contentUrl\":\"https:\\\/\\\/secure.gravatar.com\\\/avatar\\\/f0c7c47fc7146d19828273b9b8eda651c9c7ab583767e6338d3d3bee825adf76?s=96&d=mm&r=g\",\"caption\":\"Diario del Sur Digital\"},\"url\":\"https:\\\/\\\/diariodelsurdigital.com.ar\\\/?author=4\"}]}<\/script>\n<!-- \/ Yoast SEO plugin. -->","yoast_head_json":{"title":"\"Est\u00e1 muy mal\": Yamand\u00fa Orsi alert\u00f3 sobre el estado de salud de Jos\u00e9 \"Pepe\" Mujica - Diario del Sur","robots":{"index":"index","follow":"follow","max-snippet":"max-snippet:-1","max-image-preview":"max-image-preview:large","max-video-preview":"max-video-preview:-1"},"canonical":"https:\/\/diariodelsurdigital.com.ar\/?p=2578","og_locale":"es_ES","og_type":"article","og_title":"\"Est\u00e1 muy mal\": Yamand\u00fa Orsi alert\u00f3 sobre el estado de salud de Jos\u00e9 \"Pepe\" Mujica - Diario del Sur","og_description":"El Presidente de Uruguay hizo la revelaci\u00f3n tras votar este domingo. Cont\u00f3 que fue a la casa del exmandatario d\u00edas atr\u00e1s y que \u00abest\u00e1 complicado\u00bb. En medio de las elecciones departamentales que se desarrollan este domingo en Uruguay, el presidente Yamand\u00fa Orsi hizo una declaraci\u00f3n que conmovi\u00f3 al pa\u00eds y encendi\u00f3 las alarmas respecto al [&hellip;]","og_url":"https:\/\/diariodelsurdigital.com.ar\/?p=2578","og_site_name":"Diario del Sur","article_published_time":"2025-05-12T16:49:03+00:00","article_modified_time":"2025-05-12T16:49:05+00:00","og_image":[{"width":992,"height":661,"url":"https:\/\/diariodelsurdigital.com.ar\/wp-content\/uploads\/2025\/05\/md-19.webp","type":"image\/webp"}],"author":"Diario del Sur Digital","twitter_card":"summary_large_image","twitter_misc":{"Escrito por":"Diario del Sur Digital","Tiempo de lectura":"3 minutos"},"schema":{"@context":"https:\/\/schema.org","@graph":[{"@type":"Article","@id":"https:\/\/diariodelsurdigital.com.ar\/?p=2578#article","isPartOf":{"@id":"https:\/\/diariodelsurdigital.com.ar\/?p=2578"},"author":{"name":"Diario del Sur Digital","@id":"https:\/\/diariodelsurdigital.com.ar\/#\/schema\/person\/1a4992532ed62965c968031b49195c81"},"headline":"\u00abEst\u00e1 muy mal\u00bb: Yamand\u00fa Orsi alert\u00f3 sobre el estado de salud de Jos\u00e9 \u00abPepe\u00bb Mujica","datePublished":"2025-05-12T16:49:03+00:00","dateModified":"2025-05-12T16:49:05+00:00","mainEntityOfPage":{"@id":"https:\/\/diariodelsurdigital.com.ar\/?p=2578"},"wordCount":531,"commentCount":0,"image":{"@id":"https:\/\/diariodelsurdigital.com.ar\/?p=2578#primaryimage"},"thumbnailUrl":"https:\/\/diariodelsurdigital.com.ar\/wp-content\/uploads\/2025\/05\/md-19.webp","articleSection":["Inter\u00e9s General","Internacionales"],"inLanguage":"es","potentialAction":[{"@type":"CommentAction","name":"Comment","target":["https:\/\/diariodelsurdigital.com.ar\/?p=2578#respond"]}]},{"@type":"WebPage","@id":"https:\/\/diariodelsurdigital.com.ar\/?p=2578","url":"https:\/\/diariodelsurdigital.com.ar\/?p=2578","name":"\"Est\u00e1 muy mal\": Yamand\u00fa Orsi alert\u00f3 sobre el estado de salud de Jos\u00e9 \"Pepe\" Mujica - Diario del Sur","isPartOf":{"@id":"https:\/\/diariodelsurdigital.com.ar\/#website"},"primaryImageOfPage":{"@id":"https:\/\/diariodelsurdigital.com.ar\/?p=2578#primaryimage"},"image":{"@id":"https:\/\/diariodelsurdigital.com.ar\/?p=2578#primaryimage"},"thumbnailUrl":"https:\/\/diariodelsurdigital.com.ar\/wp-content\/uploads\/2025\/05\/md-19.webp","datePublished":"2025-05-12T16:49:03+00:00","dateModified":"2025-05-12T16:49:05+00:00","author":{"@id":"https:\/\/diariodelsurdigital.com.ar\/#\/schema\/person\/1a4992532ed62965c968031b49195c81"},"breadcrumb":{"@id":"https:\/\/diariodelsurdigital.com.ar\/?p=2578#breadcrumb"},"inLanguage":"es","potentialAction":[{"@type":"ReadAction","target":["https:\/\/diariodelsurdigital.com.ar\/?p=2578"]}]},{"@type":"ImageObject","inLanguage":"es","@id":"https:\/\/diariodelsurdigital.com.ar\/?p=2578#primaryimage","url":"https:\/\/diariodelsurdigital.com.ar\/wp-content\/uploads\/2025\/05\/md-19.webp","contentUrl":"https:\/\/diariodelsurdigital.com.ar\/wp-content\/uploads\/2025\/05\/md-19.webp","width":992,"height":661},{"@type":"BreadcrumbList","@id":"https:\/\/diariodelsurdigital.com.ar\/?p=2578#breadcrumb","itemListElement":[{"@type":"ListItem","position":1,"name":"Portada","item":"https:\/\/diariodelsurdigital.com.ar\/"},{"@type":"ListItem","position":2,"name":"\u00abEst\u00e1 muy mal\u00bb: Yamand\u00fa Orsi alert\u00f3 sobre el estado de salud de Jos\u00e9 \u00abPepe\u00bb Mujica"}]},{"@type":"WebSite","@id":"https:\/\/diariodelsurdigital.com.ar\/#website","url":"https:\/\/diariodelsurdigital.com.ar\/","name":"Diario del Sur","description":"Digital","potentialAction":[{"@type":"SearchAction","target":{"@type":"EntryPoint","urlTemplate":"https:\/\/diariodelsurdigital.com.ar\/?s={search_term_string}"},"query-input":{"@type":"PropertyValueSpecification","valueRequired":true,"valueName":"search_term_string"}}],"inLanguage":"es"},{"@type":"Person","@id":"https:\/\/diariodelsurdigital.com.ar\/#\/schema\/person\/1a4992532ed62965c968031b49195c81","name":"Diario del Sur Digital","image":{"@type":"ImageObject","inLanguage":"es","@id":"https:\/\/secure.gravatar.com\/avatar\/f0c7c47fc7146d19828273b9b8eda651c9c7ab583767e6338d3d3bee825adf76?s=96&d=mm&r=g","url":"https:\/\/secure.gravatar.com\/avatar\/f0c7c47fc7146d19828273b9b8eda651c9c7ab583767e6338d3d3bee825adf76?s=96&d=mm&r=g","contentUrl":"https:\/\/secure.gravatar.com\/avatar\/f0c7c47fc7146d19828273b9b8eda651c9c7ab583767e6338d3d3bee825adf76?s=96&d=mm&r=g","caption":"Diario del Sur Digital"},"url":"https:\/\/diariodelsurdigital.com.ar\/?author=4"}]}},"_links":{"self":[{"href":"https:\/\/diariodelsurdigital.com.ar\/index.php?rest_route=\/wp\/v2\/posts\/2578","targetHints":{"allow":["GET"]}}],"collection":[{"href":"https:\/\/diariodelsurdigital.com.ar\/index.php?rest_route=\/wp\/v2\/posts"}],"about":[{"href":"https:\/\/diariodelsurdigital.com.ar\/index.php?rest_route=\/wp\/v2\/types\/post"}],"author":[{"embeddable":true,"href":"https:\/\/diariodelsurdigital.com.ar\/index.php?rest_route=\/wp\/v2\/users\/4"}],"replies":[{"embeddable":true,"href":"https:\/\/diariodelsurdigital.com.ar\/index.php?rest_route=%2Fwp%2Fv2%2Fcomments&post=2578"}],"version-history":[{"count":1,"href":"https:\/\/diariodelsurdigital.com.ar\/index.php?rest_route=\/wp\/v2\/posts\/2578\/revisions"}],"predecessor-version":[{"id":2580,"href":"https:\/\/diariodelsurdigital.com.ar\/index.php?rest_route=\/wp\/v2\/posts\/2578\/revisions\/2580"}],"wp:featuredmedia":[{"embeddable":true,"href":"https:\/\/diariodelsurdigital.com.ar\/index.php?rest_route=\/wp\/v2\/media\/2579"}],"wp:attachment":[{"href":"https:\/\/diariodelsurdigital.com.ar\/index.php?rest_route=%2Fwp%2Fv2%2Fmedia&parent=2578"}],"wp:term":[{"taxonomy":"category","embeddable":true,"href":"https:\/\/diariodelsurdigital.com.ar\/index.php?rest_route=%2Fwp%2Fv2%2Fcategories&post=2578"},{"taxonomy":"post_tag","embeddable":true,"href":"https:\/\/diariodelsurdigital.com.ar\/index.php?rest_route=%2Fwp%2Fv2%2Ftags&post=2578"}],"curies":[{"name":"wp","href":"https:\/\/api.w.org\/{rel}","templated":true}]}}