{"id":2607,"date":"2025-05-13T13:04:04","date_gmt":"2025-05-13T16:04:04","guid":{"rendered":"https:\/\/diariodelsurdigital.com.ar\/?p=2607"},"modified":"2025-05-13T13:04:05","modified_gmt":"2025-05-13T16:04:05","slug":"ficha-limpia-macri-sostuvo-que-las-acusaciones-de-milei-son-de-una-alucinacion-seria","status":"publish","type":"post","link":"https:\/\/diariodelsurdigital.com.ar\/?p=2607","title":{"rendered":"Ficha Limpia: Macri sostuvo que las acusaciones de Milei son de \u201cuna alucinaci\u00f3n seria\u201d"},"content":{"rendered":"\n<p>El presidente del PRO le respondi\u00f3 al mandatario, que lo culpabiliz\u00f3 de haber hecho un acuerdo con Cristina Kirchner para que el proyecto no se aprobara. Adem\u00e1s Macri expres\u00f3 \u201cdesilusi\u00f3n infinita\u201d sobre esas declaraciones.<\/p>\n\n\n\n<p>En una entrevista concedida a la periodista Mariana Brey en Telefe, el Presidente se refiri\u00f3 a Ficha Limpia y los motivos que \u00e9l considera por los cuales no se logr\u00f3 su sanci\u00f3n. \u201cPara m\u00ed hubo un acuerdo entre Cristina y Macri para ensuciarme a m\u00ed. \u00bfSabes por qu\u00e9? Porque el \u00fanico que pierde con esto soy yo\u201d, manifest\u00f3.<\/p>\n\n\n\n<p>A las horas, Mauricio Macri \u2013 presidente del PRO \u2013 respondi\u00f3 la acusaci\u00f3n a trav\u00e9s de su cuenta de X. \u201cJavier, tus declaraciones sobre la votaci\u00f3n de Ficha Limpia son realmente una alucinaci\u00f3n seria\u201d, sostuvo el tambi\u00e9n expresidente de la Naci\u00f3n.<\/p>\n\n\n\n<p>Ficha Limpia: \u201cPara m\u00ed hubo un acuerdo entre Cristina y Macri para ensuciarme\u201d, dijo el Presidente<br>Asimismo, el titular del Partido Politico expres\u00f3: \u201cNo puedo creer lo poco que me conoc\u00e9s. La desilusi\u00f3n que tengo es infinita\u201d. Cabe mencionar que el \u00faltimo proyecto de Ficha Limpia presentado en ambas C\u00e1maras fue elaborado en conjunto entre la legisladora Silvia Lospenato y Javier Milei, qui\u00e9n le solicit\u00f3 ser parte del mismo.<\/p>\n\n\n\n<p>Al respecto, la legisladora Silvia Lospenato &#8211; autora original del proyecto &#8211; expres\u00f3 a trav\u00e9s de un video que un pacto entre Macri y Cristina es \u201clo menos cre\u00edble que los argentinos que los argentinos escuchamos en a\u00f1os. No lo creen los kirchneristas, no lo creen los macristas, no lo cree ning\u00fan argentino\u201d. Tambi\u00e9n sostuvo que la verdad \u201csiempre sale a luz\u201d. (APFDigital)<\/p>\n","protected":false},"excerpt":{"rendered":"<p>El presidente del PRO le respondi\u00f3 al mandatario, que lo culpabiliz\u00f3 de haber hecho un acuerdo con Cristina Kirchner para que el proyecto no se aprobara. Adem\u00e1s Macri expres\u00f3 \u201cdesilusi\u00f3n infinita\u201d sobre esas declaraciones. En una entrevista concedida a la periodista Mariana Brey en Telefe, el Presidente se refiri\u00f3 a Ficha Limpia y los motivos [&hellip;]<\/p>\n","protected":false},"author":4,"featured_media":2608,"comment_status":"open","ping_status":"open","sticky":false,"template":"","format":"standard","meta":{"footnotes":""},"categories":[18,22],"tags":[],"class_list":{"0":"post-2607","1":"post","2":"type-post","3":"status-publish","4":"format-standard","5":"has-post-thumbnail","7":"category-nacionales","8":"category-politica"},"yoast_head":"<!-- This site is optimized with the Yoast SEO plugin v27.4 - https:\/\/yoast.com\/product\/yoast-seo-wordpress\/ -->\n<title>Ficha Limpia: Macri sostuvo que las acusaciones de Milei son de \u201cuna alucinaci\u00f3n seria\u201d - Diario del Sur<\/title>\n<meta name=\"robots\" content=\"index, follow, max-snippet:-1, max-image-preview:large, max-video-preview:-1\" \/>\n<link rel=\"canonical\" href=\"https:\/\/diariodelsurdigital.com.ar\/?p=2607\" \/>\n<meta property=\"og:locale\" content=\"es_ES\" \/>\n<meta property=\"og:type\" content=\"article\" \/>\n<meta property=\"og:title\" content=\"Ficha Limpia: Macri sostuvo que las acusaciones de Milei son de \u201cuna alucinaci\u00f3n seria\u201d - Diario del Sur\" \/>\n<meta property=\"og:description\" content=\"El presidente del PRO le respondi\u00f3 al mandatario, que lo culpabiliz\u00f3 de haber hecho un acuerdo con Cristina Kirchner para que el proyecto no se aprobara. Adem\u00e1s Macri expres\u00f3 \u201cdesilusi\u00f3n infinita\u201d sobre esas declaraciones. En una entrevista concedida a la periodista Mariana Brey en Telefe, el Presidente se refiri\u00f3 a Ficha Limpia y los motivos [&hellip;]\" \/>\n<meta property=\"og:url\" content=\"https:\/\/diariodelsurdigital.com.ar\/?p=2607\" \/>\n<meta property=\"og:site_name\" content=\"Diario del Sur\" \/>\n<meta property=\"article:published_time\" content=\"2025-05-13T16:04:04+00:00\" \/>\n<meta property=\"article:modified_time\" content=\"2025-05-13T16:04:05+00:00\" \/>\n<meta property=\"og:image\" content=\"https:\/\/diariodelsurdigital.com.ar\/wp-content\/uploads\/2025\/05\/md-24.webp\" \/>\n\t<meta property=\"og:image:width\" content=\"992\" \/>\n\t<meta property=\"og:image:height\" content=\"532\" \/>\n\t<meta property=\"og:image:type\" content=\"image\/webp\" \/>\n<meta name=\"author\" content=\"Diario del Sur Digital\" \/>\n<meta name=\"twitter:card\" content=\"summary_large_image\" \/>\n<meta name=\"twitter:label1\" content=\"Escrito por\" \/>\n\t<meta name=\"twitter:data1\" content=\"Diario del Sur Digital\" \/>\n\t<meta name=\"twitter:label2\" content=\"Tiempo de lectura\" \/>\n\t<meta name=\"twitter:data2\" content=\"2 minutos\" \/>\n<script type=\"application\/ld+json\" class=\"yoast-schema-graph\">{\"@context\":\"https:\\\/\\\/schema.org\",\"@graph\":[{\"@type\":\"Article\",\"@id\":\"https:\\\/\\\/diariodelsurdigital.com.ar\\\/?p=2607#article\",\"isPartOf\":{\"@id\":\"https:\\\/\\\/diariodelsurdigital.com.ar\\\/?p=2607\"},\"author\":{\"name\":\"Diario del Sur Digital\",\"@id\":\"https:\\\/\\\/diariodelsurdigital.com.ar\\\/#\\\/schema\\\/person\\\/1a4992532ed62965c968031b49195c81\"},\"headline\":\"Ficha Limpia: Macri sostuvo que las acusaciones de Milei son de \u201cuna alucinaci\u00f3n seria\u201d\",\"datePublished\":\"2025-05-13T16:04:04+00:00\",\"dateModified\":\"2025-05-13T16:04:05+00:00\",\"mainEntityOfPage\":{\"@id\":\"https:\\\/\\\/diariodelsurdigital.com.ar\\\/?p=2607\"},\"wordCount\":295,\"commentCount\":0,\"image\":{\"@id\":\"https:\\\/\\\/diariodelsurdigital.com.ar\\\/?p=2607#primaryimage\"},\"thumbnailUrl\":\"https:\\\/\\\/diariodelsurdigital.com.ar\\\/wp-content\\\/uploads\\\/2025\\\/05\\\/md-24.webp\",\"articleSection\":[\"Nacionales\",\"Pol\u00edtica\"],\"inLanguage\":\"es\",\"potentialAction\":[{\"@type\":\"CommentAction\",\"name\":\"Comment\",\"target\":[\"https:\\\/\\\/diariodelsurdigital.com.ar\\\/?p=2607#respond\"]}]},{\"@type\":\"WebPage\",\"@id\":\"https:\\\/\\\/diariodelsurdigital.com.ar\\\/?p=2607\",\"url\":\"https:\\\/\\\/diariodelsurdigital.com.ar\\\/?p=2607\",\"name\":\"Ficha Limpia: Macri sostuvo que las acusaciones de Milei son de \u201cuna alucinaci\u00f3n seria\u201d - Diario del Sur\",\"isPartOf\":{\"@id\":\"https:\\\/\\\/diariodelsurdigital.com.ar\\\/#website\"},\"primaryImageOfPage\":{\"@id\":\"https:\\\/\\\/diariodelsurdigital.com.ar\\\/?p=2607#primaryimage\"},\"image\":{\"@id\":\"https:\\\/\\\/diariodelsurdigital.com.ar\\\/?p=2607#primaryimage\"},\"thumbnailUrl\":\"https:\\\/\\\/diariodelsurdigital.com.ar\\\/wp-content\\\/uploads\\\/2025\\\/05\\\/md-24.webp\",\"datePublished\":\"2025-05-13T16:04:04+00:00\",\"dateModified\":\"2025-05-13T16:04:05+00:00\",\"author\":{\"@id\":\"https:\\\/\\\/diariodelsurdigital.com.ar\\\/#\\\/schema\\\/person\\\/1a4992532ed62965c968031b49195c81\"},\"breadcrumb\":{\"@id\":\"https:\\\/\\\/diariodelsurdigital.com.ar\\\/?p=2607#breadcrumb\"},\"inLanguage\":\"es\",\"potentialAction\":[{\"@type\":\"ReadAction\",\"target\":[\"https:\\\/\\\/diariodelsurdigital.com.ar\\\/?p=2607\"]}]},{\"@type\":\"ImageObject\",\"inLanguage\":\"es\",\"@id\":\"https:\\\/\\\/diariodelsurdigital.com.ar\\\/?p=2607#primaryimage\",\"url\":\"https:\\\/\\\/diariodelsurdigital.com.ar\\\/wp-content\\\/uploads\\\/2025\\\/05\\\/md-24.webp\",\"contentUrl\":\"https:\\\/\\\/diariodelsurdigital.com.ar\\\/wp-content\\\/uploads\\\/2025\\\/05\\\/md-24.webp\",\"width\":992,\"height\":532},{\"@type\":\"BreadcrumbList\",\"@id\":\"https:\\\/\\\/diariodelsurdigital.com.ar\\\/?p=2607#breadcrumb\",\"itemListElement\":[{\"@type\":\"ListItem\",\"position\":1,\"name\":\"Portada\",\"item\":\"https:\\\/\\\/diariodelsurdigital.com.ar\\\/\"},{\"@type\":\"ListItem\",\"position\":2,\"name\":\"Ficha Limpia: Macri sostuvo que las acusaciones de Milei son de \u201cuna alucinaci\u00f3n seria\u201d\"}]},{\"@type\":\"WebSite\",\"@id\":\"https:\\\/\\\/diariodelsurdigital.com.ar\\\/#website\",\"url\":\"https:\\\/\\\/diariodelsurdigital.com.ar\\\/\",\"name\":\"Diario del Sur\",\"description\":\"Digital\",\"potentialAction\":[{\"@type\":\"SearchAction\",\"target\":{\"@type\":\"EntryPoint\",\"urlTemplate\":\"https:\\\/\\\/diariodelsurdigital.com.ar\\\/?s={search_term_string}\"},\"query-input\":{\"@type\":\"PropertyValueSpecification\",\"valueRequired\":true,\"valueName\":\"search_term_string\"}}],\"inLanguage\":\"es\"},{\"@type\":\"Person\",\"@id\":\"https:\\\/\\\/diariodelsurdigital.com.ar\\\/#\\\/schema\\\/person\\\/1a4992532ed62965c968031b49195c81\",\"name\":\"Diario del Sur Digital\",\"image\":{\"@type\":\"ImageObject\",\"inLanguage\":\"es\",\"@id\":\"https:\\\/\\\/secure.gravatar.com\\\/avatar\\\/f0c7c47fc7146d19828273b9b8eda651c9c7ab583767e6338d3d3bee825adf76?s=96&d=mm&r=g\",\"url\":\"https:\\\/\\\/secure.gravatar.com\\\/avatar\\\/f0c7c47fc7146d19828273b9b8eda651c9c7ab583767e6338d3d3bee825adf76?s=96&d=mm&r=g\",\"contentUrl\":\"https:\\\/\\\/secure.gravatar.com\\\/avatar\\\/f0c7c47fc7146d19828273b9b8eda651c9c7ab583767e6338d3d3bee825adf76?s=96&d=mm&r=g\",\"caption\":\"Diario del Sur Digital\"},\"url\":\"https:\\\/\\\/diariodelsurdigital.com.ar\\\/?author=4\"}]}<\/script>\n<!-- \/ Yoast SEO plugin. -->","yoast_head_json":{"title":"Ficha Limpia: Macri sostuvo que las acusaciones de Milei son de \u201cuna alucinaci\u00f3n seria\u201d - Diario del Sur","robots":{"index":"index","follow":"follow","max-snippet":"max-snippet:-1","max-image-preview":"max-image-preview:large","max-video-preview":"max-video-preview:-1"},"canonical":"https:\/\/diariodelsurdigital.com.ar\/?p=2607","og_locale":"es_ES","og_type":"article","og_title":"Ficha Limpia: Macri sostuvo que las acusaciones de Milei son de \u201cuna alucinaci\u00f3n seria\u201d - Diario del Sur","og_description":"El presidente del PRO le respondi\u00f3 al mandatario, que lo culpabiliz\u00f3 de haber hecho un acuerdo con Cristina Kirchner para que el proyecto no se aprobara. Adem\u00e1s Macri expres\u00f3 \u201cdesilusi\u00f3n infinita\u201d sobre esas declaraciones. En una entrevista concedida a la periodista Mariana Brey en Telefe, el Presidente se refiri\u00f3 a Ficha Limpia y los motivos [&hellip;]","og_url":"https:\/\/diariodelsurdigital.com.ar\/?p=2607","og_site_name":"Diario del Sur","article_published_time":"2025-05-13T16:04:04+00:00","article_modified_time":"2025-05-13T16:04:05+00:00","og_image":[{"width":992,"height":532,"url":"https:\/\/diariodelsurdigital.com.ar\/wp-content\/uploads\/2025\/05\/md-24.webp","type":"image\/webp"}],"author":"Diario del Sur Digital","twitter_card":"summary_large_image","twitter_misc":{"Escrito por":"Diario del Sur Digital","Tiempo de lectura":"2 minutos"},"schema":{"@context":"https:\/\/schema.org","@graph":[{"@type":"Article","@id":"https:\/\/diariodelsurdigital.com.ar\/?p=2607#article","isPartOf":{"@id":"https:\/\/diariodelsurdigital.com.ar\/?p=2607"},"author":{"name":"Diario del Sur Digital","@id":"https:\/\/diariodelsurdigital.com.ar\/#\/schema\/person\/1a4992532ed62965c968031b49195c81"},"headline":"Ficha Limpia: Macri sostuvo que las acusaciones de Milei son de \u201cuna alucinaci\u00f3n seria\u201d","datePublished":"2025-05-13T16:04:04+00:00","dateModified":"2025-05-13T16:04:05+00:00","mainEntityOfPage":{"@id":"https:\/\/diariodelsurdigital.com.ar\/?p=2607"},"wordCount":295,"commentCount":0,"image":{"@id":"https:\/\/diariodelsurdigital.com.ar\/?p=2607#primaryimage"},"thumbnailUrl":"https:\/\/diariodelsurdigital.com.ar\/wp-content\/uploads\/2025\/05\/md-24.webp","articleSection":["Nacionales","Pol\u00edtica"],"inLanguage":"es","potentialAction":[{"@type":"CommentAction","name":"Comment","target":["https:\/\/diariodelsurdigital.com.ar\/?p=2607#respond"]}]},{"@type":"WebPage","@id":"https:\/\/diariodelsurdigital.com.ar\/?p=2607","url":"https:\/\/diariodelsurdigital.com.ar\/?p=2607","name":"Ficha Limpia: Macri sostuvo que las acusaciones de Milei son de \u201cuna alucinaci\u00f3n seria\u201d - Diario del Sur","isPartOf":{"@id":"https:\/\/diariodelsurdigital.com.ar\/#website"},"primaryImageOfPage":{"@id":"https:\/\/diariodelsurdigital.com.ar\/?p=2607#primaryimage"},"image":{"@id":"https:\/\/diariodelsurdigital.com.ar\/?p=2607#primaryimage"},"thumbnailUrl":"https:\/\/diariodelsurdigital.com.ar\/wp-content\/uploads\/2025\/05\/md-24.webp","datePublished":"2025-05-13T16:04:04+00:00","dateModified":"2025-05-13T16:04:05+00:00","author":{"@id":"https:\/\/diariodelsurdigital.com.ar\/#\/schema\/person\/1a4992532ed62965c968031b49195c81"},"breadcrumb":{"@id":"https:\/\/diariodelsurdigital.com.ar\/?p=2607#breadcrumb"},"inLanguage":"es","potentialAction":[{"@type":"ReadAction","target":["https:\/\/diariodelsurdigital.com.ar\/?p=2607"]}]},{"@type":"ImageObject","inLanguage":"es","@id":"https:\/\/diariodelsurdigital.com.ar\/?p=2607#primaryimage","url":"https:\/\/diariodelsurdigital.com.ar\/wp-content\/uploads\/2025\/05\/md-24.webp","contentUrl":"https:\/\/diariodelsurdigital.com.ar\/wp-content\/uploads\/2025\/05\/md-24.webp","width":992,"height":532},{"@type":"BreadcrumbList","@id":"https:\/\/diariodelsurdigital.com.ar\/?p=2607#breadcrumb","itemListElement":[{"@type":"ListItem","position":1,"name":"Portada","item":"https:\/\/diariodelsurdigital.com.ar\/"},{"@type":"ListItem","position":2,"name":"Ficha Limpia: Macri sostuvo que las acusaciones de Milei son de \u201cuna alucinaci\u00f3n seria\u201d"}]},{"@type":"WebSite","@id":"https:\/\/diariodelsurdigital.com.ar\/#website","url":"https:\/\/diariodelsurdigital.com.ar\/","name":"Diario del Sur","description":"Digital","potentialAction":[{"@type":"SearchAction","target":{"@type":"EntryPoint","urlTemplate":"https:\/\/diariodelsurdigital.com.ar\/?s={search_term_string}"},"query-input":{"@type":"PropertyValueSpecification","valueRequired":true,"valueName":"search_term_string"}}],"inLanguage":"es"},{"@type":"Person","@id":"https:\/\/diariodelsurdigital.com.ar\/#\/schema\/person\/1a4992532ed62965c968031b49195c81","name":"Diario del Sur Digital","image":{"@type":"ImageObject","inLanguage":"es","@id":"https:\/\/secure.gravatar.com\/avatar\/f0c7c47fc7146d19828273b9b8eda651c9c7ab583767e6338d3d3bee825adf76?s=96&d=mm&r=g","url":"https:\/\/secure.gravatar.com\/avatar\/f0c7c47fc7146d19828273b9b8eda651c9c7ab583767e6338d3d3bee825adf76?s=96&d=mm&r=g","contentUrl":"https:\/\/secure.gravatar.com\/avatar\/f0c7c47fc7146d19828273b9b8eda651c9c7ab583767e6338d3d3bee825adf76?s=96&d=mm&r=g","caption":"Diario del Sur Digital"},"url":"https:\/\/diariodelsurdigital.com.ar\/?author=4"}]}},"_links":{"self":[{"href":"https:\/\/diariodelsurdigital.com.ar\/index.php?rest_route=\/wp\/v2\/posts\/2607","targetHints":{"allow":["GET"]}}],"collection":[{"href":"https:\/\/diariodelsurdigital.com.ar\/index.php?rest_route=\/wp\/v2\/posts"}],"about":[{"href":"https:\/\/diariodelsurdigital.com.ar\/index.php?rest_route=\/wp\/v2\/types\/post"}],"author":[{"embeddable":true,"href":"https:\/\/diariodelsurdigital.com.ar\/index.php?rest_route=\/wp\/v2\/users\/4"}],"replies":[{"embeddable":true,"href":"https:\/\/diariodelsurdigital.com.ar\/index.php?rest_route=%2Fwp%2Fv2%2Fcomments&post=2607"}],"version-history":[{"count":1,"href":"https:\/\/diariodelsurdigital.com.ar\/index.php?rest_route=\/wp\/v2\/posts\/2607\/revisions"}],"predecessor-version":[{"id":2609,"href":"https:\/\/diariodelsurdigital.com.ar\/index.php?rest_route=\/wp\/v2\/posts\/2607\/revisions\/2609"}],"wp:featuredmedia":[{"embeddable":true,"href":"https:\/\/diariodelsurdigital.com.ar\/index.php?rest_route=\/wp\/v2\/media\/2608"}],"wp:attachment":[{"href":"https:\/\/diariodelsurdigital.com.ar\/index.php?rest_route=%2Fwp%2Fv2%2Fmedia&parent=2607"}],"wp:term":[{"taxonomy":"category","embeddable":true,"href":"https:\/\/diariodelsurdigital.com.ar\/index.php?rest_route=%2Fwp%2Fv2%2Fcategories&post=2607"},{"taxonomy":"post_tag","embeddable":true,"href":"https:\/\/diariodelsurdigital.com.ar\/index.php?rest_route=%2Fwp%2Fv2%2Ftags&post=2607"}],"curies":[{"name":"wp","href":"https:\/\/api.w.org\/{rel}","templated":true}]}}