{"id":2610,"date":"2025-05-13T13:09:32","date_gmt":"2025-05-13T16:09:32","guid":{"rendered":"https:\/\/diariodelsurdigital.com.ar\/?p=2610"},"modified":"2025-05-13T13:09:33","modified_gmt":"2025-05-13T16:09:33","slug":"jubilaciones-la-oposicion-negocia-dictamen-en-diputados-sobre-prorroga-de-la-moratoria-y-aumento-del-bono","status":"publish","type":"post","link":"https:\/\/diariodelsurdigital.com.ar\/?p=2610","title":{"rendered":"Jubilaciones: la oposici\u00f3n negocia dictamen en Diputados sobre pr\u00f3rroga de la moratoria y aumento del bono"},"content":{"rendered":"\n<p>El plenario de las comisiones est\u00e1 convocado para las 13. Se estima que habr\u00e1 al menos tres o cuatro dict\u00e1menes, uno de los diputados opositores y otros del PRO, La Libertad Avanza (LLA), la UCR y la izquierda.<\/p>\n\n\n\n<p>La C\u00e1mara de Diputados debatir\u00e1 este martes en un plenario de comisiones el dictamen sobre la pr\u00f3rroga de la moratoria y el aumento del bono para los jubilados que perciben el haber m\u00ednimo, iniciativas que son impulsadas por legisladores de la oposici\u00f3n.<\/p>\n\n\n\n<p>El plenario de las comisiones de Seguridad y Previsi\u00f3n Social, y de Presupuesto y Hacienda, est\u00e1 citado para ma\u00f1ana a las 13 para firmar los despachos, como establece el emplazamiento aprobado por el cuerpo legislativo en la sesi\u00f3n del pasado 8 de abril.<\/p>\n\n\n\n<p>La reuni\u00f3n ser\u00e1 conducida por la presidenta de la comisi\u00f3n, Gabriela Brouwer (UCR), y el titular de presupuesto, Jos\u00e9 Luis Espert, que acept\u00f3 la convocatoria luego del emplazamiento aprobado por los legisladores opositores. Se estima que habr\u00e1 al menos tres o cuatro dict\u00e1menes, uno de los diputados opositores y otros del PRO, La Libertad Avanza (LLA), la UCR y la izquierda.<\/p>\n\n\n\n<p>La oposici\u00f3n negocia dictamen, ante la resistencia de LLA y el PRO<\/p>\n\n\n\n<p>La pr\u00f3rroga de la moratoria y el aumento del bono establecido en 70 mil pesos es impulsada por Uni\u00f3n por la Patria (UP), Encuentro Federal, la Coalici\u00f3n C\u00edvica y Democracia para la Siempre, y rechazada por el oficialismo y sus aliados.<\/p>\n\n\n\n<p>De todos modos, los diputados de UP, EF, CC y DPS a\u00fan buscaban hoy acordar un solo dictamen sobre la extensi\u00f3n de la moratoria que venci\u00f3 el pasado 23 de marzo, y del aumento del bono que cobran los adultos que perciben la jubilaci\u00f3n m\u00ednima.<\/p>\n\n\n\n<p>Uno de los puntos que plantear\u00e1n LLA y el PRO es que a\u00fan no est\u00e1 el informe de la Oficina de Presupuesto para que pueda determinarse cu\u00e1l es el impacto fiscal de la moratoria y del aumento del bono de 70 a 115 mil pesos.<\/p>\n\n\n\n<p>En la \u00faltima reuni\u00f3n, Brouwer pidi\u00f3 a Espert que gestione que la Oficina de Presupuesto tenga un informe sobre el costo de esas medidas, pero Espert advirti\u00f3 que, primero, deber\u00e1 terminar de evaluar el costo fiscal de la emergencia en discapacidad y luego reci\u00e9n analizar los proyectos jubilatorios.<\/p>\n\n\n\n<p>Las propuestas para extender la moratoria jubilatoria<\/p>\n\n\n\n<p>Los diputados tienen en estudio varios proyectos para extender la moratoria por espacio de dos a\u00f1os para que las personas personas en edad jubilatoria -hombres desde 65 a\u00f1os y mujeres desde 60- sin llegar a los 30 a\u00f1os de aportes puedan regularizar sus deudas previsionales y, de esa manera, cobrar la jubilaci\u00f3n m\u00ednima, con el descuento correspondiente al plan de facilidades de pago en cuotas.<\/p>\n\n\n\n<p>Sin la moratoria, solo podr\u00e1n acceder a la Prestaci\u00f3n Universal al Adulto Mayor (PUAM) a los 65 a\u00f1os y pasar a percibir el 80% del haber m\u00ednimo jubilatorio, sin derecho a recibir pensiones por viudez.<\/p>\n\n\n\n<p>Los proyectos para extender la moratoria por dos a\u00f1os fueron presentados por los diputados de UP Leopoldo Moreau, Brenda Vargas Matyi y Andrea Freitas, adem\u00e1s de la legisladora de la izquierda Vanina Biasi.<\/p>\n\n\n\n<p>Tambi\u00e9n hay una iniciativa de la legisladora de UP Gisela Marziotta para extender la moratoria por diez a\u00f1os, aunque este proyecto no reunir\u00eda el consenso suficiente. En tanto, los proyectos para aumentar los bonos son impulsados por las diputadas de Encuentro Federal, Margarita Stolbizer y de Victoria Tolosa Paz (UP).<\/p>\n\n\n\n<p>Asimismo, figura un proyecto de la diputada de Encuentro Federal Alejandra Torres y de Innovaci\u00f3n Federal, Agust\u00edn Domingo, para establecer una jubilaci\u00f3n proporcional de acuerdo a la cantidad de a\u00f1os de aportes, con un haber no inferior a la PUAM, public\u00f3 \u00c1mbito.<\/p>\n\n\n\n<p><\/p>\n","protected":false},"excerpt":{"rendered":"<p>El plenario de las comisiones est\u00e1 convocado para las 13. Se estima que habr\u00e1 al menos tres o cuatro dict\u00e1menes, uno de los diputados opositores y otros del PRO, La Libertad Avanza (LLA), la UCR y la izquierda. La C\u00e1mara de Diputados debatir\u00e1 este martes en un plenario de comisiones el dictamen sobre la pr\u00f3rroga [&hellip;]<\/p>\n","protected":false},"author":4,"featured_media":2613,"comment_status":"open","ping_status":"open","sticky":false,"template":"","format":"standard","meta":{"footnotes":""},"categories":[18,22,1],"tags":[],"class_list":{"0":"post-2610","1":"post","2":"type-post","3":"status-publish","4":"format-standard","5":"has-post-thumbnail","7":"category-nacionales","8":"category-politica","9":"category-uncategorized"},"yoast_head":"<!-- This site is optimized with the Yoast SEO plugin v27.4 - https:\/\/yoast.com\/product\/yoast-seo-wordpress\/ -->\n<title>Jubilaciones: la oposici\u00f3n negocia dictamen en Diputados sobre pr\u00f3rroga de la moratoria y aumento del bono - Diario del Sur<\/title>\n<meta name=\"robots\" content=\"index, follow, max-snippet:-1, max-image-preview:large, max-video-preview:-1\" \/>\n<link rel=\"canonical\" href=\"https:\/\/diariodelsurdigital.com.ar\/?p=2610\" \/>\n<meta property=\"og:locale\" content=\"es_ES\" \/>\n<meta property=\"og:type\" content=\"article\" \/>\n<meta property=\"og:title\" content=\"Jubilaciones: la oposici\u00f3n negocia dictamen en Diputados sobre pr\u00f3rroga de la moratoria y aumento del bono - Diario del Sur\" \/>\n<meta property=\"og:description\" content=\"El plenario de las comisiones est\u00e1 convocado para las 13. Se estima que habr\u00e1 al menos tres o cuatro dict\u00e1menes, uno de los diputados opositores y otros del PRO, La Libertad Avanza (LLA), la UCR y la izquierda. La C\u00e1mara de Diputados debatir\u00e1 este martes en un plenario de comisiones el dictamen sobre la pr\u00f3rroga [&hellip;]\" \/>\n<meta property=\"og:url\" content=\"https:\/\/diariodelsurdigital.com.ar\/?p=2610\" \/>\n<meta property=\"og:site_name\" content=\"Diario del Sur\" \/>\n<meta property=\"article:published_time\" content=\"2025-05-13T16:09:32+00:00\" \/>\n<meta property=\"article:modified_time\" content=\"2025-05-13T16:09:33+00:00\" \/>\n<meta property=\"og:image\" content=\"https:\/\/diariodelsurdigital.com.ar\/wp-content\/uploads\/2025\/05\/md-25.webp\" \/>\n\t<meta property=\"og:image:width\" content=\"992\" \/>\n\t<meta property=\"og:image:height\" content=\"557\" \/>\n\t<meta property=\"og:image:type\" content=\"image\/webp\" \/>\n<meta name=\"author\" content=\"Diario del Sur Digital\" \/>\n<meta name=\"twitter:card\" content=\"summary_large_image\" \/>\n<meta name=\"twitter:label1\" content=\"Escrito por\" \/>\n\t<meta name=\"twitter:data1\" content=\"Diario del Sur Digital\" \/>\n\t<meta name=\"twitter:label2\" content=\"Tiempo de lectura\" \/>\n\t<meta name=\"twitter:data2\" content=\"3 minutos\" \/>\n<script type=\"application\/ld+json\" class=\"yoast-schema-graph\">{\"@context\":\"https:\\\/\\\/schema.org\",\"@graph\":[{\"@type\":\"Article\",\"@id\":\"https:\\\/\\\/diariodelsurdigital.com.ar\\\/?p=2610#article\",\"isPartOf\":{\"@id\":\"https:\\\/\\\/diariodelsurdigital.com.ar\\\/?p=2610\"},\"author\":{\"name\":\"Diario del Sur Digital\",\"@id\":\"https:\\\/\\\/diariodelsurdigital.com.ar\\\/#\\\/schema\\\/person\\\/1a4992532ed62965c968031b49195c81\"},\"headline\":\"Jubilaciones: la oposici\u00f3n negocia dictamen en Diputados sobre pr\u00f3rroga de la moratoria y aumento del bono\",\"datePublished\":\"2025-05-13T16:09:32+00:00\",\"dateModified\":\"2025-05-13T16:09:33+00:00\",\"mainEntityOfPage\":{\"@id\":\"https:\\\/\\\/diariodelsurdigital.com.ar\\\/?p=2610\"},\"wordCount\":657,\"commentCount\":0,\"image\":{\"@id\":\"https:\\\/\\\/diariodelsurdigital.com.ar\\\/?p=2610#primaryimage\"},\"thumbnailUrl\":\"https:\\\/\\\/diariodelsurdigital.com.ar\\\/wp-content\\\/uploads\\\/2025\\\/05\\\/md-25.webp\",\"articleSection\":[\"Nacionales\",\"Pol\u00edtica\",\"Uncategorized\"],\"inLanguage\":\"es\",\"potentialAction\":[{\"@type\":\"CommentAction\",\"name\":\"Comment\",\"target\":[\"https:\\\/\\\/diariodelsurdigital.com.ar\\\/?p=2610#respond\"]}]},{\"@type\":\"WebPage\",\"@id\":\"https:\\\/\\\/diariodelsurdigital.com.ar\\\/?p=2610\",\"url\":\"https:\\\/\\\/diariodelsurdigital.com.ar\\\/?p=2610\",\"name\":\"Jubilaciones: la oposici\u00f3n negocia dictamen en Diputados sobre pr\u00f3rroga de la moratoria y aumento del bono - Diario del Sur\",\"isPartOf\":{\"@id\":\"https:\\\/\\\/diariodelsurdigital.com.ar\\\/#website\"},\"primaryImageOfPage\":{\"@id\":\"https:\\\/\\\/diariodelsurdigital.com.ar\\\/?p=2610#primaryimage\"},\"image\":{\"@id\":\"https:\\\/\\\/diariodelsurdigital.com.ar\\\/?p=2610#primaryimage\"},\"thumbnailUrl\":\"https:\\\/\\\/diariodelsurdigital.com.ar\\\/wp-content\\\/uploads\\\/2025\\\/05\\\/md-25.webp\",\"datePublished\":\"2025-05-13T16:09:32+00:00\",\"dateModified\":\"2025-05-13T16:09:33+00:00\",\"author\":{\"@id\":\"https:\\\/\\\/diariodelsurdigital.com.ar\\\/#\\\/schema\\\/person\\\/1a4992532ed62965c968031b49195c81\"},\"breadcrumb\":{\"@id\":\"https:\\\/\\\/diariodelsurdigital.com.ar\\\/?p=2610#breadcrumb\"},\"inLanguage\":\"es\",\"potentialAction\":[{\"@type\":\"ReadAction\",\"target\":[\"https:\\\/\\\/diariodelsurdigital.com.ar\\\/?p=2610\"]}]},{\"@type\":\"ImageObject\",\"inLanguage\":\"es\",\"@id\":\"https:\\\/\\\/diariodelsurdigital.com.ar\\\/?p=2610#primaryimage\",\"url\":\"https:\\\/\\\/diariodelsurdigital.com.ar\\\/wp-content\\\/uploads\\\/2025\\\/05\\\/md-25.webp\",\"contentUrl\":\"https:\\\/\\\/diariodelsurdigital.com.ar\\\/wp-content\\\/uploads\\\/2025\\\/05\\\/md-25.webp\",\"width\":992,\"height\":557},{\"@type\":\"BreadcrumbList\",\"@id\":\"https:\\\/\\\/diariodelsurdigital.com.ar\\\/?p=2610#breadcrumb\",\"itemListElement\":[{\"@type\":\"ListItem\",\"position\":1,\"name\":\"Portada\",\"item\":\"https:\\\/\\\/diariodelsurdigital.com.ar\\\/\"},{\"@type\":\"ListItem\",\"position\":2,\"name\":\"Jubilaciones: la oposici\u00f3n negocia dictamen en Diputados sobre pr\u00f3rroga de la moratoria y aumento del bono\"}]},{\"@type\":\"WebSite\",\"@id\":\"https:\\\/\\\/diariodelsurdigital.com.ar\\\/#website\",\"url\":\"https:\\\/\\\/diariodelsurdigital.com.ar\\\/\",\"name\":\"Diario del Sur\",\"description\":\"Digital\",\"potentialAction\":[{\"@type\":\"SearchAction\",\"target\":{\"@type\":\"EntryPoint\",\"urlTemplate\":\"https:\\\/\\\/diariodelsurdigital.com.ar\\\/?s={search_term_string}\"},\"query-input\":{\"@type\":\"PropertyValueSpecification\",\"valueRequired\":true,\"valueName\":\"search_term_string\"}}],\"inLanguage\":\"es\"},{\"@type\":\"Person\",\"@id\":\"https:\\\/\\\/diariodelsurdigital.com.ar\\\/#\\\/schema\\\/person\\\/1a4992532ed62965c968031b49195c81\",\"name\":\"Diario del Sur Digital\",\"image\":{\"@type\":\"ImageObject\",\"inLanguage\":\"es\",\"@id\":\"https:\\\/\\\/secure.gravatar.com\\\/avatar\\\/f0c7c47fc7146d19828273b9b8eda651c9c7ab583767e6338d3d3bee825adf76?s=96&d=mm&r=g\",\"url\":\"https:\\\/\\\/secure.gravatar.com\\\/avatar\\\/f0c7c47fc7146d19828273b9b8eda651c9c7ab583767e6338d3d3bee825adf76?s=96&d=mm&r=g\",\"contentUrl\":\"https:\\\/\\\/secure.gravatar.com\\\/avatar\\\/f0c7c47fc7146d19828273b9b8eda651c9c7ab583767e6338d3d3bee825adf76?s=96&d=mm&r=g\",\"caption\":\"Diario del Sur Digital\"},\"url\":\"https:\\\/\\\/diariodelsurdigital.com.ar\\\/?author=4\"}]}<\/script>\n<!-- \/ Yoast SEO plugin. -->","yoast_head_json":{"title":"Jubilaciones: la oposici\u00f3n negocia dictamen en Diputados sobre pr\u00f3rroga de la moratoria y aumento del bono - Diario del Sur","robots":{"index":"index","follow":"follow","max-snippet":"max-snippet:-1","max-image-preview":"max-image-preview:large","max-video-preview":"max-video-preview:-1"},"canonical":"https:\/\/diariodelsurdigital.com.ar\/?p=2610","og_locale":"es_ES","og_type":"article","og_title":"Jubilaciones: la oposici\u00f3n negocia dictamen en Diputados sobre pr\u00f3rroga de la moratoria y aumento del bono - Diario del Sur","og_description":"El plenario de las comisiones est\u00e1 convocado para las 13. Se estima que habr\u00e1 al menos tres o cuatro dict\u00e1menes, uno de los diputados opositores y otros del PRO, La Libertad Avanza (LLA), la UCR y la izquierda. La C\u00e1mara de Diputados debatir\u00e1 este martes en un plenario de comisiones el dictamen sobre la pr\u00f3rroga [&hellip;]","og_url":"https:\/\/diariodelsurdigital.com.ar\/?p=2610","og_site_name":"Diario del Sur","article_published_time":"2025-05-13T16:09:32+00:00","article_modified_time":"2025-05-13T16:09:33+00:00","og_image":[{"width":992,"height":557,"url":"https:\/\/diariodelsurdigital.com.ar\/wp-content\/uploads\/2025\/05\/md-25.webp","type":"image\/webp"}],"author":"Diario del Sur Digital","twitter_card":"summary_large_image","twitter_misc":{"Escrito por":"Diario del Sur Digital","Tiempo de lectura":"3 minutos"},"schema":{"@context":"https:\/\/schema.org","@graph":[{"@type":"Article","@id":"https:\/\/diariodelsurdigital.com.ar\/?p=2610#article","isPartOf":{"@id":"https:\/\/diariodelsurdigital.com.ar\/?p=2610"},"author":{"name":"Diario del Sur Digital","@id":"https:\/\/diariodelsurdigital.com.ar\/#\/schema\/person\/1a4992532ed62965c968031b49195c81"},"headline":"Jubilaciones: la oposici\u00f3n negocia dictamen en Diputados sobre pr\u00f3rroga de la moratoria y aumento del bono","datePublished":"2025-05-13T16:09:32+00:00","dateModified":"2025-05-13T16:09:33+00:00","mainEntityOfPage":{"@id":"https:\/\/diariodelsurdigital.com.ar\/?p=2610"},"wordCount":657,"commentCount":0,"image":{"@id":"https:\/\/diariodelsurdigital.com.ar\/?p=2610#primaryimage"},"thumbnailUrl":"https:\/\/diariodelsurdigital.com.ar\/wp-content\/uploads\/2025\/05\/md-25.webp","articleSection":["Nacionales","Pol\u00edtica","Uncategorized"],"inLanguage":"es","potentialAction":[{"@type":"CommentAction","name":"Comment","target":["https:\/\/diariodelsurdigital.com.ar\/?p=2610#respond"]}]},{"@type":"WebPage","@id":"https:\/\/diariodelsurdigital.com.ar\/?p=2610","url":"https:\/\/diariodelsurdigital.com.ar\/?p=2610","name":"Jubilaciones: la oposici\u00f3n negocia dictamen en Diputados sobre pr\u00f3rroga de la moratoria y aumento del bono - Diario del Sur","isPartOf":{"@id":"https:\/\/diariodelsurdigital.com.ar\/#website"},"primaryImageOfPage":{"@id":"https:\/\/diariodelsurdigital.com.ar\/?p=2610#primaryimage"},"image":{"@id":"https:\/\/diariodelsurdigital.com.ar\/?p=2610#primaryimage"},"thumbnailUrl":"https:\/\/diariodelsurdigital.com.ar\/wp-content\/uploads\/2025\/05\/md-25.webp","datePublished":"2025-05-13T16:09:32+00:00","dateModified":"2025-05-13T16:09:33+00:00","author":{"@id":"https:\/\/diariodelsurdigital.com.ar\/#\/schema\/person\/1a4992532ed62965c968031b49195c81"},"breadcrumb":{"@id":"https:\/\/diariodelsurdigital.com.ar\/?p=2610#breadcrumb"},"inLanguage":"es","potentialAction":[{"@type":"ReadAction","target":["https:\/\/diariodelsurdigital.com.ar\/?p=2610"]}]},{"@type":"ImageObject","inLanguage":"es","@id":"https:\/\/diariodelsurdigital.com.ar\/?p=2610#primaryimage","url":"https:\/\/diariodelsurdigital.com.ar\/wp-content\/uploads\/2025\/05\/md-25.webp","contentUrl":"https:\/\/diariodelsurdigital.com.ar\/wp-content\/uploads\/2025\/05\/md-25.webp","width":992,"height":557},{"@type":"BreadcrumbList","@id":"https:\/\/diariodelsurdigital.com.ar\/?p=2610#breadcrumb","itemListElement":[{"@type":"ListItem","position":1,"name":"Portada","item":"https:\/\/diariodelsurdigital.com.ar\/"},{"@type":"ListItem","position":2,"name":"Jubilaciones: la oposici\u00f3n negocia dictamen en Diputados sobre pr\u00f3rroga de la moratoria y aumento del bono"}]},{"@type":"WebSite","@id":"https:\/\/diariodelsurdigital.com.ar\/#website","url":"https:\/\/diariodelsurdigital.com.ar\/","name":"Diario del Sur","description":"Digital","potentialAction":[{"@type":"SearchAction","target":{"@type":"EntryPoint","urlTemplate":"https:\/\/diariodelsurdigital.com.ar\/?s={search_term_string}"},"query-input":{"@type":"PropertyValueSpecification","valueRequired":true,"valueName":"search_term_string"}}],"inLanguage":"es"},{"@type":"Person","@id":"https:\/\/diariodelsurdigital.com.ar\/#\/schema\/person\/1a4992532ed62965c968031b49195c81","name":"Diario del Sur Digital","image":{"@type":"ImageObject","inLanguage":"es","@id":"https:\/\/secure.gravatar.com\/avatar\/f0c7c47fc7146d19828273b9b8eda651c9c7ab583767e6338d3d3bee825adf76?s=96&d=mm&r=g","url":"https:\/\/secure.gravatar.com\/avatar\/f0c7c47fc7146d19828273b9b8eda651c9c7ab583767e6338d3d3bee825adf76?s=96&d=mm&r=g","contentUrl":"https:\/\/secure.gravatar.com\/avatar\/f0c7c47fc7146d19828273b9b8eda651c9c7ab583767e6338d3d3bee825adf76?s=96&d=mm&r=g","caption":"Diario del Sur Digital"},"url":"https:\/\/diariodelsurdigital.com.ar\/?author=4"}]}},"_links":{"self":[{"href":"https:\/\/diariodelsurdigital.com.ar\/index.php?rest_route=\/wp\/v2\/posts\/2610","targetHints":{"allow":["GET"]}}],"collection":[{"href":"https:\/\/diariodelsurdigital.com.ar\/index.php?rest_route=\/wp\/v2\/posts"}],"about":[{"href":"https:\/\/diariodelsurdigital.com.ar\/index.php?rest_route=\/wp\/v2\/types\/post"}],"author":[{"embeddable":true,"href":"https:\/\/diariodelsurdigital.com.ar\/index.php?rest_route=\/wp\/v2\/users\/4"}],"replies":[{"embeddable":true,"href":"https:\/\/diariodelsurdigital.com.ar\/index.php?rest_route=%2Fwp%2Fv2%2Fcomments&post=2610"}],"version-history":[{"count":1,"href":"https:\/\/diariodelsurdigital.com.ar\/index.php?rest_route=\/wp\/v2\/posts\/2610\/revisions"}],"predecessor-version":[{"id":2612,"href":"https:\/\/diariodelsurdigital.com.ar\/index.php?rest_route=\/wp\/v2\/posts\/2610\/revisions\/2612"}],"wp:featuredmedia":[{"embeddable":true,"href":"https:\/\/diariodelsurdigital.com.ar\/index.php?rest_route=\/wp\/v2\/media\/2613"}],"wp:attachment":[{"href":"https:\/\/diariodelsurdigital.com.ar\/index.php?rest_route=%2Fwp%2Fv2%2Fmedia&parent=2610"}],"wp:term":[{"taxonomy":"category","embeddable":true,"href":"https:\/\/diariodelsurdigital.com.ar\/index.php?rest_route=%2Fwp%2Fv2%2Fcategories&post=2610"},{"taxonomy":"post_tag","embeddable":true,"href":"https:\/\/diariodelsurdigital.com.ar\/index.php?rest_route=%2Fwp%2Fv2%2Ftags&post=2610"}],"curies":[{"name":"wp","href":"https:\/\/api.w.org\/{rel}","templated":true}]}}