{"id":2616,"date":"2025-05-13T16:31:19","date_gmt":"2025-05-13T19:31:19","guid":{"rendered":"https:\/\/diariodelsurdigital.com.ar\/?p=2616"},"modified":"2025-05-13T16:31:20","modified_gmt":"2025-05-13T19:31:20","slug":"femicidio-en-entre-rios-entro-por-la-ventana-asesino-a-su-ex-mientras-dormia-y-se-autolesiono","status":"publish","type":"post","link":"https:\/\/diariodelsurdigital.com.ar\/?p=2616","title":{"rendered":"Femicidio en Entre R\u00edos: entr\u00f3 por la ventana, asesin\u00f3 a su ex mientras dorm\u00eda y se autolesion\u00f3"},"content":{"rendered":"\n<figure class=\"wp-block-image\"><img decoding=\"async\" src=\"https:\/\/media.elentrerios.com\/fotos-v2\/2023\/07\/21\/l_1689981928.jpg\" alt=\"\" title=\"\"\/><\/figure>\n\n\n\n<p>Una mujer de 41 a\u00f1os de edad fue asesinada por su expareja en Victoria, tras lo cual el agresor habr\u00eda intentado quitarse la vida y qued\u00f3 internado.<\/p>\n\n\n\n<p>El hecho de sangre ocurri\u00f3 a las 7.20 de este martes, cuando el hombre de 46 a\u00f1os se present\u00f3 en la casa de la v\u00edctima, ubicada en calles Liniers y Pringles, ingres\u00f3 por una ventana y le dio muerte con un arma blanca, mientras se encontraba durmiendo.<\/p>\n\n\n\n<p>La mujer asesinada, madre de cuatro hijos, fue identificada como Soledad Andino. Por su parte, el detenido es Diego Albornoz, quien la semana pasada hab\u00eda sido denunciado por violencia de g\u00e9nero, debido al constante hostigamiento hacia su ex.<\/p>\n\n\n\n<p>En la noche anterior al crimen, el hombre hab\u00eda intentado ingresar a un boliche y no se lo permitieron, debido a la medida de restricci\u00f3n de acercamiento a la mujer que pesaba sobre \u00e9l. Adem\u00e1s, el femicida estuvo detenido en diciembre de 2024 por desobediencia judicial y amenazas en la Unidad Penal N\u00ba 5, en tanto que ahora se encontraba en libertad, con medidas de restricci\u00f3n.<\/p>\n\n\n\n<p>Cuando los polic\u00edas acudieron al lugar del hecho, encontraron a Albornoz con una herida cortante en el cuello, de gravedad, que se habr\u00eda provocado \u00e9l mismo. Seg\u00fan se pudo reconstruir, el hombre ten\u00eda una nueva pareja, a la que llam\u00f3 para confesarle el ataque y fue esta mujer quien dio aviso a la Polic\u00eda.<\/p>\n\n\n\n<p>Fuente: El Entre Rios<\/p>\n","protected":false},"excerpt":{"rendered":"<p>Una mujer de 41 a\u00f1os de edad fue asesinada por su expareja en Victoria, tras lo cual el agresor habr\u00eda intentado quitarse la vida y qued\u00f3 internado. El hecho de sangre ocurri\u00f3 a las 7.20 de este martes, cuando el hombre de 46 a\u00f1os se present\u00f3 en la casa de la v\u00edctima, ubicada en calles [&hellip;]<\/p>\n","protected":false},"author":3,"featured_media":2617,"comment_status":"open","ping_status":"open","sticky":false,"template":"","format":"standard","meta":{"footnotes":""},"categories":[21],"tags":[],"class_list":{"0":"post-2616","1":"post","2":"type-post","3":"status-publish","4":"format-standard","5":"has-post-thumbnail","7":"category-policiales"},"yoast_head":"<!-- This site is optimized with the Yoast SEO plugin v27.4 - https:\/\/yoast.com\/product\/yoast-seo-wordpress\/ -->\n<title>Femicidio en Entre R\u00edos: entr\u00f3 por la ventana, asesin\u00f3 a su ex mientras dorm\u00eda y se autolesion\u00f3 - Diario del Sur<\/title>\n<meta name=\"robots\" content=\"index, follow, max-snippet:-1, max-image-preview:large, max-video-preview:-1\" \/>\n<link rel=\"canonical\" href=\"https:\/\/diariodelsurdigital.com.ar\/?p=2616\" \/>\n<meta property=\"og:locale\" content=\"es_ES\" \/>\n<meta property=\"og:type\" content=\"article\" \/>\n<meta property=\"og:title\" content=\"Femicidio en Entre R\u00edos: entr\u00f3 por la ventana, asesin\u00f3 a su ex mientras dorm\u00eda y se autolesion\u00f3 - Diario del Sur\" \/>\n<meta property=\"og:description\" content=\"Una mujer de 41 a\u00f1os de edad fue asesinada por su expareja en Victoria, tras lo cual el agresor habr\u00eda intentado quitarse la vida y qued\u00f3 internado. El hecho de sangre ocurri\u00f3 a las 7.20 de este martes, cuando el hombre de 46 a\u00f1os se present\u00f3 en la casa de la v\u00edctima, ubicada en calles [&hellip;]\" \/>\n<meta property=\"og:url\" content=\"https:\/\/diariodelsurdigital.com.ar\/?p=2616\" \/>\n<meta property=\"og:site_name\" content=\"Diario del Sur\" \/>\n<meta property=\"article:published_time\" content=\"2025-05-13T19:31:19+00:00\" \/>\n<meta property=\"article:modified_time\" content=\"2025-05-13T19:31:20+00:00\" \/>\n<meta property=\"og:image\" content=\"https:\/\/diariodelsurdigital.com.ar\/wp-content\/uploads\/2025\/05\/l_1689981928.jpg\" \/>\n\t<meta property=\"og:image:width\" content=\"870\" \/>\n\t<meta property=\"og:image:height\" content=\"580\" \/>\n\t<meta property=\"og:image:type\" content=\"image\/jpeg\" \/>\n<meta name=\"author\" content=\"Diario del Sur Digital\" \/>\n<meta name=\"twitter:card\" content=\"summary_large_image\" \/>\n<meta name=\"twitter:label1\" content=\"Escrito por\" \/>\n\t<meta name=\"twitter:data1\" content=\"Diario del Sur Digital\" \/>\n\t<meta name=\"twitter:label2\" content=\"Tiempo de lectura\" \/>\n\t<meta name=\"twitter:data2\" content=\"2 minutos\" \/>\n<script type=\"application\/ld+json\" class=\"yoast-schema-graph\">{\"@context\":\"https:\\\/\\\/schema.org\",\"@graph\":[{\"@type\":\"Article\",\"@id\":\"https:\\\/\\\/diariodelsurdigital.com.ar\\\/?p=2616#article\",\"isPartOf\":{\"@id\":\"https:\\\/\\\/diariodelsurdigital.com.ar\\\/?p=2616\"},\"author\":{\"name\":\"Diario del Sur Digital\",\"@id\":\"https:\\\/\\\/diariodelsurdigital.com.ar\\\/#\\\/schema\\\/person\\\/d794acb23337e88c6e4004a39c32be62\"},\"headline\":\"Femicidio en Entre R\u00edos: entr\u00f3 por la ventana, asesin\u00f3 a su ex mientras dorm\u00eda y se autolesion\u00f3\",\"datePublished\":\"2025-05-13T19:31:19+00:00\",\"dateModified\":\"2025-05-13T19:31:20+00:00\",\"mainEntityOfPage\":{\"@id\":\"https:\\\/\\\/diariodelsurdigital.com.ar\\\/?p=2616\"},\"wordCount\":265,\"commentCount\":0,\"image\":{\"@id\":\"https:\\\/\\\/diariodelsurdigital.com.ar\\\/?p=2616#primaryimage\"},\"thumbnailUrl\":\"https:\\\/\\\/diariodelsurdigital.com.ar\\\/wp-content\\\/uploads\\\/2025\\\/05\\\/l_1689981928.jpg\",\"articleSection\":[\"Policiales\"],\"inLanguage\":\"es\",\"potentialAction\":[{\"@type\":\"CommentAction\",\"name\":\"Comment\",\"target\":[\"https:\\\/\\\/diariodelsurdigital.com.ar\\\/?p=2616#respond\"]}]},{\"@type\":\"WebPage\",\"@id\":\"https:\\\/\\\/diariodelsurdigital.com.ar\\\/?p=2616\",\"url\":\"https:\\\/\\\/diariodelsurdigital.com.ar\\\/?p=2616\",\"name\":\"Femicidio en Entre R\u00edos: entr\u00f3 por la ventana, asesin\u00f3 a su ex mientras dorm\u00eda y se autolesion\u00f3 - Diario del Sur\",\"isPartOf\":{\"@id\":\"https:\\\/\\\/diariodelsurdigital.com.ar\\\/#website\"},\"primaryImageOfPage\":{\"@id\":\"https:\\\/\\\/diariodelsurdigital.com.ar\\\/?p=2616#primaryimage\"},\"image\":{\"@id\":\"https:\\\/\\\/diariodelsurdigital.com.ar\\\/?p=2616#primaryimage\"},\"thumbnailUrl\":\"https:\\\/\\\/diariodelsurdigital.com.ar\\\/wp-content\\\/uploads\\\/2025\\\/05\\\/l_1689981928.jpg\",\"datePublished\":\"2025-05-13T19:31:19+00:00\",\"dateModified\":\"2025-05-13T19:31:20+00:00\",\"author\":{\"@id\":\"https:\\\/\\\/diariodelsurdigital.com.ar\\\/#\\\/schema\\\/person\\\/d794acb23337e88c6e4004a39c32be62\"},\"breadcrumb\":{\"@id\":\"https:\\\/\\\/diariodelsurdigital.com.ar\\\/?p=2616#breadcrumb\"},\"inLanguage\":\"es\",\"potentialAction\":[{\"@type\":\"ReadAction\",\"target\":[\"https:\\\/\\\/diariodelsurdigital.com.ar\\\/?p=2616\"]}]},{\"@type\":\"ImageObject\",\"inLanguage\":\"es\",\"@id\":\"https:\\\/\\\/diariodelsurdigital.com.ar\\\/?p=2616#primaryimage\",\"url\":\"https:\\\/\\\/diariodelsurdigital.com.ar\\\/wp-content\\\/uploads\\\/2025\\\/05\\\/l_1689981928.jpg\",\"contentUrl\":\"https:\\\/\\\/diariodelsurdigital.com.ar\\\/wp-content\\\/uploads\\\/2025\\\/05\\\/l_1689981928.jpg\",\"width\":870,\"height\":580},{\"@type\":\"BreadcrumbList\",\"@id\":\"https:\\\/\\\/diariodelsurdigital.com.ar\\\/?p=2616#breadcrumb\",\"itemListElement\":[{\"@type\":\"ListItem\",\"position\":1,\"name\":\"Portada\",\"item\":\"https:\\\/\\\/diariodelsurdigital.com.ar\\\/\"},{\"@type\":\"ListItem\",\"position\":2,\"name\":\"Femicidio en Entre R\u00edos: entr\u00f3 por la ventana, asesin\u00f3 a su ex mientras dorm\u00eda y se autolesion\u00f3\"}]},{\"@type\":\"WebSite\",\"@id\":\"https:\\\/\\\/diariodelsurdigital.com.ar\\\/#website\",\"url\":\"https:\\\/\\\/diariodelsurdigital.com.ar\\\/\",\"name\":\"Diario del Sur\",\"description\":\"Digital\",\"potentialAction\":[{\"@type\":\"SearchAction\",\"target\":{\"@type\":\"EntryPoint\",\"urlTemplate\":\"https:\\\/\\\/diariodelsurdigital.com.ar\\\/?s={search_term_string}\"},\"query-input\":{\"@type\":\"PropertyValueSpecification\",\"valueRequired\":true,\"valueName\":\"search_term_string\"}}],\"inLanguage\":\"es\"},{\"@type\":\"Person\",\"@id\":\"https:\\\/\\\/diariodelsurdigital.com.ar\\\/#\\\/schema\\\/person\\\/d794acb23337e88c6e4004a39c32be62\",\"name\":\"Diario del Sur Digital\",\"image\":{\"@type\":\"ImageObject\",\"inLanguage\":\"es\",\"@id\":\"https:\\\/\\\/secure.gravatar.com\\\/avatar\\\/47679bcfa15734cfdefc176b6ad58adeeccac22b2e03e095ada6c622af2b463a?s=96&d=mm&r=g\",\"url\":\"https:\\\/\\\/secure.gravatar.com\\\/avatar\\\/47679bcfa15734cfdefc176b6ad58adeeccac22b2e03e095ada6c622af2b463a?s=96&d=mm&r=g\",\"contentUrl\":\"https:\\\/\\\/secure.gravatar.com\\\/avatar\\\/47679bcfa15734cfdefc176b6ad58adeeccac22b2e03e095ada6c622af2b463a?s=96&d=mm&r=g\",\"caption\":\"Diario del Sur Digital\"},\"url\":\"https:\\\/\\\/diariodelsurdigital.com.ar\\\/?author=3\"}]}<\/script>\n<!-- \/ Yoast SEO plugin. -->","yoast_head_json":{"title":"Femicidio en Entre R\u00edos: entr\u00f3 por la ventana, asesin\u00f3 a su ex mientras dorm\u00eda y se autolesion\u00f3 - Diario del Sur","robots":{"index":"index","follow":"follow","max-snippet":"max-snippet:-1","max-image-preview":"max-image-preview:large","max-video-preview":"max-video-preview:-1"},"canonical":"https:\/\/diariodelsurdigital.com.ar\/?p=2616","og_locale":"es_ES","og_type":"article","og_title":"Femicidio en Entre R\u00edos: entr\u00f3 por la ventana, asesin\u00f3 a su ex mientras dorm\u00eda y se autolesion\u00f3 - Diario del Sur","og_description":"Una mujer de 41 a\u00f1os de edad fue asesinada por su expareja en Victoria, tras lo cual el agresor habr\u00eda intentado quitarse la vida y qued\u00f3 internado. El hecho de sangre ocurri\u00f3 a las 7.20 de este martes, cuando el hombre de 46 a\u00f1os se present\u00f3 en la casa de la v\u00edctima, ubicada en calles [&hellip;]","og_url":"https:\/\/diariodelsurdigital.com.ar\/?p=2616","og_site_name":"Diario del Sur","article_published_time":"2025-05-13T19:31:19+00:00","article_modified_time":"2025-05-13T19:31:20+00:00","og_image":[{"width":870,"height":580,"url":"https:\/\/diariodelsurdigital.com.ar\/wp-content\/uploads\/2025\/05\/l_1689981928.jpg","type":"image\/jpeg"}],"author":"Diario del Sur Digital","twitter_card":"summary_large_image","twitter_misc":{"Escrito por":"Diario del Sur Digital","Tiempo de lectura":"2 minutos"},"schema":{"@context":"https:\/\/schema.org","@graph":[{"@type":"Article","@id":"https:\/\/diariodelsurdigital.com.ar\/?p=2616#article","isPartOf":{"@id":"https:\/\/diariodelsurdigital.com.ar\/?p=2616"},"author":{"name":"Diario del Sur Digital","@id":"https:\/\/diariodelsurdigital.com.ar\/#\/schema\/person\/d794acb23337e88c6e4004a39c32be62"},"headline":"Femicidio en Entre R\u00edos: entr\u00f3 por la ventana, asesin\u00f3 a su ex mientras dorm\u00eda y se autolesion\u00f3","datePublished":"2025-05-13T19:31:19+00:00","dateModified":"2025-05-13T19:31:20+00:00","mainEntityOfPage":{"@id":"https:\/\/diariodelsurdigital.com.ar\/?p=2616"},"wordCount":265,"commentCount":0,"image":{"@id":"https:\/\/diariodelsurdigital.com.ar\/?p=2616#primaryimage"},"thumbnailUrl":"https:\/\/diariodelsurdigital.com.ar\/wp-content\/uploads\/2025\/05\/l_1689981928.jpg","articleSection":["Policiales"],"inLanguage":"es","potentialAction":[{"@type":"CommentAction","name":"Comment","target":["https:\/\/diariodelsurdigital.com.ar\/?p=2616#respond"]}]},{"@type":"WebPage","@id":"https:\/\/diariodelsurdigital.com.ar\/?p=2616","url":"https:\/\/diariodelsurdigital.com.ar\/?p=2616","name":"Femicidio en Entre R\u00edos: entr\u00f3 por la ventana, asesin\u00f3 a su ex mientras dorm\u00eda y se autolesion\u00f3 - Diario del Sur","isPartOf":{"@id":"https:\/\/diariodelsurdigital.com.ar\/#website"},"primaryImageOfPage":{"@id":"https:\/\/diariodelsurdigital.com.ar\/?p=2616#primaryimage"},"image":{"@id":"https:\/\/diariodelsurdigital.com.ar\/?p=2616#primaryimage"},"thumbnailUrl":"https:\/\/diariodelsurdigital.com.ar\/wp-content\/uploads\/2025\/05\/l_1689981928.jpg","datePublished":"2025-05-13T19:31:19+00:00","dateModified":"2025-05-13T19:31:20+00:00","author":{"@id":"https:\/\/diariodelsurdigital.com.ar\/#\/schema\/person\/d794acb23337e88c6e4004a39c32be62"},"breadcrumb":{"@id":"https:\/\/diariodelsurdigital.com.ar\/?p=2616#breadcrumb"},"inLanguage":"es","potentialAction":[{"@type":"ReadAction","target":["https:\/\/diariodelsurdigital.com.ar\/?p=2616"]}]},{"@type":"ImageObject","inLanguage":"es","@id":"https:\/\/diariodelsurdigital.com.ar\/?p=2616#primaryimage","url":"https:\/\/diariodelsurdigital.com.ar\/wp-content\/uploads\/2025\/05\/l_1689981928.jpg","contentUrl":"https:\/\/diariodelsurdigital.com.ar\/wp-content\/uploads\/2025\/05\/l_1689981928.jpg","width":870,"height":580},{"@type":"BreadcrumbList","@id":"https:\/\/diariodelsurdigital.com.ar\/?p=2616#breadcrumb","itemListElement":[{"@type":"ListItem","position":1,"name":"Portada","item":"https:\/\/diariodelsurdigital.com.ar\/"},{"@type":"ListItem","position":2,"name":"Femicidio en Entre R\u00edos: entr\u00f3 por la ventana, asesin\u00f3 a su ex mientras dorm\u00eda y se autolesion\u00f3"}]},{"@type":"WebSite","@id":"https:\/\/diariodelsurdigital.com.ar\/#website","url":"https:\/\/diariodelsurdigital.com.ar\/","name":"Diario del Sur","description":"Digital","potentialAction":[{"@type":"SearchAction","target":{"@type":"EntryPoint","urlTemplate":"https:\/\/diariodelsurdigital.com.ar\/?s={search_term_string}"},"query-input":{"@type":"PropertyValueSpecification","valueRequired":true,"valueName":"search_term_string"}}],"inLanguage":"es"},{"@type":"Person","@id":"https:\/\/diariodelsurdigital.com.ar\/#\/schema\/person\/d794acb23337e88c6e4004a39c32be62","name":"Diario del Sur Digital","image":{"@type":"ImageObject","inLanguage":"es","@id":"https:\/\/secure.gravatar.com\/avatar\/47679bcfa15734cfdefc176b6ad58adeeccac22b2e03e095ada6c622af2b463a?s=96&d=mm&r=g","url":"https:\/\/secure.gravatar.com\/avatar\/47679bcfa15734cfdefc176b6ad58adeeccac22b2e03e095ada6c622af2b463a?s=96&d=mm&r=g","contentUrl":"https:\/\/secure.gravatar.com\/avatar\/47679bcfa15734cfdefc176b6ad58adeeccac22b2e03e095ada6c622af2b463a?s=96&d=mm&r=g","caption":"Diario del Sur Digital"},"url":"https:\/\/diariodelsurdigital.com.ar\/?author=3"}]}},"_links":{"self":[{"href":"https:\/\/diariodelsurdigital.com.ar\/index.php?rest_route=\/wp\/v2\/posts\/2616","targetHints":{"allow":["GET"]}}],"collection":[{"href":"https:\/\/diariodelsurdigital.com.ar\/index.php?rest_route=\/wp\/v2\/posts"}],"about":[{"href":"https:\/\/diariodelsurdigital.com.ar\/index.php?rest_route=\/wp\/v2\/types\/post"}],"author":[{"embeddable":true,"href":"https:\/\/diariodelsurdigital.com.ar\/index.php?rest_route=\/wp\/v2\/users\/3"}],"replies":[{"embeddable":true,"href":"https:\/\/diariodelsurdigital.com.ar\/index.php?rest_route=%2Fwp%2Fv2%2Fcomments&post=2616"}],"version-history":[{"count":1,"href":"https:\/\/diariodelsurdigital.com.ar\/index.php?rest_route=\/wp\/v2\/posts\/2616\/revisions"}],"predecessor-version":[{"id":2618,"href":"https:\/\/diariodelsurdigital.com.ar\/index.php?rest_route=\/wp\/v2\/posts\/2616\/revisions\/2618"}],"wp:featuredmedia":[{"embeddable":true,"href":"https:\/\/diariodelsurdigital.com.ar\/index.php?rest_route=\/wp\/v2\/media\/2617"}],"wp:attachment":[{"href":"https:\/\/diariodelsurdigital.com.ar\/index.php?rest_route=%2Fwp%2Fv2%2Fmedia&parent=2616"}],"wp:term":[{"taxonomy":"category","embeddable":true,"href":"https:\/\/diariodelsurdigital.com.ar\/index.php?rest_route=%2Fwp%2Fv2%2Fcategories&post=2616"},{"taxonomy":"post_tag","embeddable":true,"href":"https:\/\/diariodelsurdigital.com.ar\/index.php?rest_route=%2Fwp%2Fv2%2Ftags&post=2616"}],"curies":[{"name":"wp","href":"https:\/\/api.w.org\/{rel}","templated":true}]}}