{"id":2619,"date":"2025-05-13T16:33:14","date_gmt":"2025-05-13T19:33:14","guid":{"rendered":"https:\/\/diariodelsurdigital.com.ar\/?p=2619"},"modified":"2025-05-13T16:33:14","modified_gmt":"2025-05-13T19:33:14","slug":"concordia-ya-tiene-su-primera-mujer-chofer-de-colectivo","status":"publish","type":"post","link":"https:\/\/diariodelsurdigital.com.ar\/?p=2619","title":{"rendered":"Concordia ya tiene su primera mujer chofer de colectivo"},"content":{"rendered":"\n<p><strong>La ciudad de Concordia celebr\u00f3 este fin de semana un hecho hist\u00f3rico en el transporte urbano de pasajeros: Sabrina C\u00e9spedes se convirti\u00f3 en la primera mujer chofer de colectivo en la ciudad. Su primer viaje lo realiz\u00f3 el pasado s\u00e1bado 10 de mayo en la Empresa de transporte urbano de pasajeros Cooperativa de Trabajo L\u00ednea 1, y seg\u00fan relat\u00f3 en exclusiva para Concordia 24, fue una experiencia \u201cmuy linda, emocionante y cargada de responsabilidad\u201d.<\/strong><\/p>\n\n\n\n<figure class=\"wp-block-image\"><img decoding=\"async\" src=\"https:\/\/cdnartic.ar\/nolptra400YlQhwGkZkWxZTXAng=\/1500x0\/https:\/\/elheraldocdn.eleco.com.ar\/media\/2025\/05\/chofer_colectivera.jpg\" alt=\"Concordia ya tiene su primera mujer chofer de colectivo\"\/><\/figure>\n\n\n\n<p>Sabrina, que anteriormente trabajaba en un almac\u00e9n, coment\u00f3 que su incursi\u00f3n en el mundo del transporte fue casi casual. \u201cSiempre me gust\u00f3 manejar, pero nunca imagin\u00e9 ser chofer de colectivo\u201d, explic\u00f3. La inquietud surgi\u00f3 tras una charla con amigos en la que se pregunt\u00f3 por qu\u00e9 no hab\u00eda mujeres al volante del transporte p\u00fablico. La respuesta fue tan simple como reveladora: no se presentaban.<br>Animada por ese dato, se acerc\u00f3 a consultar si pod\u00eda obtener el registro profesional necesario. All\u00ed comenz\u00f3 un camino que describe como burocr\u00e1tico, pero accesible. \u201cEs cuesti\u00f3n de hacer tr\u00e1mites. Lleva su tiempo, pero no es imposible\u201d, asegur\u00f3. Entre los requisitos figuran la ampliaci\u00f3n del registro de conducir, ex\u00e1menes te\u00f3ricos y pr\u00e1cticos, el certificado de libre deuda y un control psicof\u00edsico.<br>Adem\u00e1s de destacar el apoyo recibido en la Direcci\u00f3n de Tr\u00e1nsito, Sabrina remarc\u00f3 la buena predisposici\u00f3n y amabilidad con la que fue atendida, alentando a m\u00e1s mujeres a animarse: \u201cNo hay que tener miedo\u201d.<br>En su proceso de formaci\u00f3n, la cooperativa de transporte le brind\u00f3 la oportunidad de practicar previamente, lo que le dio mayor seguridad al momento de debutar en el servicio. \u201cAgradezco mucho la confianza y la oportunidad que me dieron\u201d, dijo emocionada.<br>Sabrina tambi\u00e9n record\u00f3 la figura de su padre, quien trabaj\u00f3 en el rubro del transporte, y resalt\u00f3 el apoyo incondicional de sus padres: \u201cNunca me dijeron \u2018no pod\u00e9s\u2019, siempre me alentaron\u201d. Ese respaldo familiar, sumado a la c\u00e1lida recepci\u00f3n del p\u00fablico y de sus colegas choferes, hacen que se sienta \u201cmuy c\u00f3moda\u201d en esta nueva etapa.<br>Con palabras de gratitud y esperanza, Sabrina C\u00e9spedes cierra esta entrevista exclusiva con un mensaje claro: \u201cOjal\u00e1 este sea el comienzo de algo grande. Que muchas m\u00e1s mujeres se animen a sumarse a esta profesi\u00f3n. Yo me siento una privilegiada\u201d.(Concordia24)<\/p>\n\n\n\n<p>Fuente: El Heraldo<\/p>\n\n\n\n<p><\/p>\n","protected":false},"excerpt":{"rendered":"<p>La ciudad de Concordia celebr\u00f3 este fin de semana un hecho hist\u00f3rico en el transporte urbano de pasajeros: Sabrina C\u00e9spedes se convirti\u00f3 en la primera mujer chofer de colectivo en la ciudad. Su primer viaje lo realiz\u00f3 el pasado s\u00e1bado 10 de mayo en la Empresa de transporte urbano de pasajeros Cooperativa de Trabajo L\u00ednea [&hellip;]<\/p>\n","protected":false},"author":3,"featured_media":2620,"comment_status":"open","ping_status":"open","sticky":false,"template":"","format":"standard","meta":{"footnotes":""},"categories":[19,16],"tags":[],"class_list":{"0":"post-2619","1":"post","2":"type-post","3":"status-publish","4":"format-standard","5":"has-post-thumbnail","7":"category-interes-general","8":"category-locales"},"yoast_head":"<!-- This site is optimized with the Yoast SEO plugin v27.4 - https:\/\/yoast.com\/product\/yoast-seo-wordpress\/ -->\n<title>Concordia ya tiene su primera mujer chofer de colectivo - Diario del Sur<\/title>\n<meta name=\"robots\" content=\"index, follow, max-snippet:-1, max-image-preview:large, max-video-preview:-1\" \/>\n<link rel=\"canonical\" href=\"https:\/\/diariodelsurdigital.com.ar\/?p=2619\" \/>\n<meta property=\"og:locale\" content=\"es_ES\" \/>\n<meta property=\"og:type\" content=\"article\" \/>\n<meta property=\"og:title\" content=\"Concordia ya tiene su primera mujer chofer de colectivo - Diario del Sur\" \/>\n<meta property=\"og:description\" content=\"La ciudad de Concordia celebr\u00f3 este fin de semana un hecho hist\u00f3rico en el transporte urbano de pasajeros: Sabrina C\u00e9spedes se convirti\u00f3 en la primera mujer chofer de colectivo en la ciudad. Su primer viaje lo realiz\u00f3 el pasado s\u00e1bado 10 de mayo en la Empresa de transporte urbano de pasajeros Cooperativa de Trabajo L\u00ednea [&hellip;]\" \/>\n<meta property=\"og:url\" content=\"https:\/\/diariodelsurdigital.com.ar\/?p=2619\" \/>\n<meta property=\"og:site_name\" content=\"Diario del Sur\" \/>\n<meta property=\"article:published_time\" content=\"2025-05-13T19:33:14+00:00\" \/>\n<meta property=\"og:image\" content=\"https:\/\/diariodelsurdigital.com.ar\/wp-content\/uploads\/2025\/05\/chofer_colectivera.jpg\" \/>\n\t<meta property=\"og:image:width\" content=\"1024\" \/>\n\t<meta property=\"og:image:height\" content=\"595\" \/>\n\t<meta property=\"og:image:type\" content=\"image\/jpeg\" \/>\n<meta name=\"author\" content=\"Diario del Sur Digital\" \/>\n<meta name=\"twitter:card\" content=\"summary_large_image\" \/>\n<meta name=\"twitter:label1\" content=\"Escrito por\" \/>\n\t<meta name=\"twitter:data1\" content=\"Diario del Sur Digital\" \/>\n\t<meta name=\"twitter:label2\" content=\"Tiempo de lectura\" \/>\n\t<meta name=\"twitter:data2\" content=\"3 minutos\" \/>\n<script type=\"application\/ld+json\" class=\"yoast-schema-graph\">{\"@context\":\"https:\\\/\\\/schema.org\",\"@graph\":[{\"@type\":\"Article\",\"@id\":\"https:\\\/\\\/diariodelsurdigital.com.ar\\\/?p=2619#article\",\"isPartOf\":{\"@id\":\"https:\\\/\\\/diariodelsurdigital.com.ar\\\/?p=2619\"},\"author\":{\"name\":\"Diario del Sur Digital\",\"@id\":\"https:\\\/\\\/diariodelsurdigital.com.ar\\\/#\\\/schema\\\/person\\\/d794acb23337e88c6e4004a39c32be62\"},\"headline\":\"Concordia ya tiene su primera mujer chofer de colectivo\",\"datePublished\":\"2025-05-13T19:33:14+00:00\",\"mainEntityOfPage\":{\"@id\":\"https:\\\/\\\/diariodelsurdigital.com.ar\\\/?p=2619\"},\"wordCount\":413,\"commentCount\":0,\"image\":{\"@id\":\"https:\\\/\\\/diariodelsurdigital.com.ar\\\/?p=2619#primaryimage\"},\"thumbnailUrl\":\"https:\\\/\\\/diariodelsurdigital.com.ar\\\/wp-content\\\/uploads\\\/2025\\\/05\\\/chofer_colectivera.jpg\",\"articleSection\":[\"Inter\u00e9s General\",\"Locales\"],\"inLanguage\":\"es\",\"potentialAction\":[{\"@type\":\"CommentAction\",\"name\":\"Comment\",\"target\":[\"https:\\\/\\\/diariodelsurdigital.com.ar\\\/?p=2619#respond\"]}]},{\"@type\":\"WebPage\",\"@id\":\"https:\\\/\\\/diariodelsurdigital.com.ar\\\/?p=2619\",\"url\":\"https:\\\/\\\/diariodelsurdigital.com.ar\\\/?p=2619\",\"name\":\"Concordia ya tiene su primera mujer chofer de colectivo - Diario del Sur\",\"isPartOf\":{\"@id\":\"https:\\\/\\\/diariodelsurdigital.com.ar\\\/#website\"},\"primaryImageOfPage\":{\"@id\":\"https:\\\/\\\/diariodelsurdigital.com.ar\\\/?p=2619#primaryimage\"},\"image\":{\"@id\":\"https:\\\/\\\/diariodelsurdigital.com.ar\\\/?p=2619#primaryimage\"},\"thumbnailUrl\":\"https:\\\/\\\/diariodelsurdigital.com.ar\\\/wp-content\\\/uploads\\\/2025\\\/05\\\/chofer_colectivera.jpg\",\"datePublished\":\"2025-05-13T19:33:14+00:00\",\"author\":{\"@id\":\"https:\\\/\\\/diariodelsurdigital.com.ar\\\/#\\\/schema\\\/person\\\/d794acb23337e88c6e4004a39c32be62\"},\"breadcrumb\":{\"@id\":\"https:\\\/\\\/diariodelsurdigital.com.ar\\\/?p=2619#breadcrumb\"},\"inLanguage\":\"es\",\"potentialAction\":[{\"@type\":\"ReadAction\",\"target\":[\"https:\\\/\\\/diariodelsurdigital.com.ar\\\/?p=2619\"]}]},{\"@type\":\"ImageObject\",\"inLanguage\":\"es\",\"@id\":\"https:\\\/\\\/diariodelsurdigital.com.ar\\\/?p=2619#primaryimage\",\"url\":\"https:\\\/\\\/diariodelsurdigital.com.ar\\\/wp-content\\\/uploads\\\/2025\\\/05\\\/chofer_colectivera.jpg\",\"contentUrl\":\"https:\\\/\\\/diariodelsurdigital.com.ar\\\/wp-content\\\/uploads\\\/2025\\\/05\\\/chofer_colectivera.jpg\",\"width\":1024,\"height\":595},{\"@type\":\"BreadcrumbList\",\"@id\":\"https:\\\/\\\/diariodelsurdigital.com.ar\\\/?p=2619#breadcrumb\",\"itemListElement\":[{\"@type\":\"ListItem\",\"position\":1,\"name\":\"Portada\",\"item\":\"https:\\\/\\\/diariodelsurdigital.com.ar\\\/\"},{\"@type\":\"ListItem\",\"position\":2,\"name\":\"Concordia ya tiene su primera mujer chofer de colectivo\"}]},{\"@type\":\"WebSite\",\"@id\":\"https:\\\/\\\/diariodelsurdigital.com.ar\\\/#website\",\"url\":\"https:\\\/\\\/diariodelsurdigital.com.ar\\\/\",\"name\":\"Diario del Sur\",\"description\":\"Digital\",\"potentialAction\":[{\"@type\":\"SearchAction\",\"target\":{\"@type\":\"EntryPoint\",\"urlTemplate\":\"https:\\\/\\\/diariodelsurdigital.com.ar\\\/?s={search_term_string}\"},\"query-input\":{\"@type\":\"PropertyValueSpecification\",\"valueRequired\":true,\"valueName\":\"search_term_string\"}}],\"inLanguage\":\"es\"},{\"@type\":\"Person\",\"@id\":\"https:\\\/\\\/diariodelsurdigital.com.ar\\\/#\\\/schema\\\/person\\\/d794acb23337e88c6e4004a39c32be62\",\"name\":\"Diario del Sur Digital\",\"image\":{\"@type\":\"ImageObject\",\"inLanguage\":\"es\",\"@id\":\"https:\\\/\\\/secure.gravatar.com\\\/avatar\\\/47679bcfa15734cfdefc176b6ad58adeeccac22b2e03e095ada6c622af2b463a?s=96&d=mm&r=g\",\"url\":\"https:\\\/\\\/secure.gravatar.com\\\/avatar\\\/47679bcfa15734cfdefc176b6ad58adeeccac22b2e03e095ada6c622af2b463a?s=96&d=mm&r=g\",\"contentUrl\":\"https:\\\/\\\/secure.gravatar.com\\\/avatar\\\/47679bcfa15734cfdefc176b6ad58adeeccac22b2e03e095ada6c622af2b463a?s=96&d=mm&r=g\",\"caption\":\"Diario del Sur Digital\"},\"url\":\"https:\\\/\\\/diariodelsurdigital.com.ar\\\/?author=3\"}]}<\/script>\n<!-- \/ Yoast SEO plugin. -->","yoast_head_json":{"title":"Concordia ya tiene su primera mujer chofer de colectivo - Diario del Sur","robots":{"index":"index","follow":"follow","max-snippet":"max-snippet:-1","max-image-preview":"max-image-preview:large","max-video-preview":"max-video-preview:-1"},"canonical":"https:\/\/diariodelsurdigital.com.ar\/?p=2619","og_locale":"es_ES","og_type":"article","og_title":"Concordia ya tiene su primera mujer chofer de colectivo - Diario del Sur","og_description":"La ciudad de Concordia celebr\u00f3 este fin de semana un hecho hist\u00f3rico en el transporte urbano de pasajeros: Sabrina C\u00e9spedes se convirti\u00f3 en la primera mujer chofer de colectivo en la ciudad. Su primer viaje lo realiz\u00f3 el pasado s\u00e1bado 10 de mayo en la Empresa de transporte urbano de pasajeros Cooperativa de Trabajo L\u00ednea [&hellip;]","og_url":"https:\/\/diariodelsurdigital.com.ar\/?p=2619","og_site_name":"Diario del Sur","article_published_time":"2025-05-13T19:33:14+00:00","og_image":[{"width":1024,"height":595,"url":"https:\/\/diariodelsurdigital.com.ar\/wp-content\/uploads\/2025\/05\/chofer_colectivera.jpg","type":"image\/jpeg"}],"author":"Diario del Sur Digital","twitter_card":"summary_large_image","twitter_misc":{"Escrito por":"Diario del Sur Digital","Tiempo de lectura":"3 minutos"},"schema":{"@context":"https:\/\/schema.org","@graph":[{"@type":"Article","@id":"https:\/\/diariodelsurdigital.com.ar\/?p=2619#article","isPartOf":{"@id":"https:\/\/diariodelsurdigital.com.ar\/?p=2619"},"author":{"name":"Diario del Sur Digital","@id":"https:\/\/diariodelsurdigital.com.ar\/#\/schema\/person\/d794acb23337e88c6e4004a39c32be62"},"headline":"Concordia ya tiene su primera mujer chofer de colectivo","datePublished":"2025-05-13T19:33:14+00:00","mainEntityOfPage":{"@id":"https:\/\/diariodelsurdigital.com.ar\/?p=2619"},"wordCount":413,"commentCount":0,"image":{"@id":"https:\/\/diariodelsurdigital.com.ar\/?p=2619#primaryimage"},"thumbnailUrl":"https:\/\/diariodelsurdigital.com.ar\/wp-content\/uploads\/2025\/05\/chofer_colectivera.jpg","articleSection":["Inter\u00e9s General","Locales"],"inLanguage":"es","potentialAction":[{"@type":"CommentAction","name":"Comment","target":["https:\/\/diariodelsurdigital.com.ar\/?p=2619#respond"]}]},{"@type":"WebPage","@id":"https:\/\/diariodelsurdigital.com.ar\/?p=2619","url":"https:\/\/diariodelsurdigital.com.ar\/?p=2619","name":"Concordia ya tiene su primera mujer chofer de colectivo - Diario del Sur","isPartOf":{"@id":"https:\/\/diariodelsurdigital.com.ar\/#website"},"primaryImageOfPage":{"@id":"https:\/\/diariodelsurdigital.com.ar\/?p=2619#primaryimage"},"image":{"@id":"https:\/\/diariodelsurdigital.com.ar\/?p=2619#primaryimage"},"thumbnailUrl":"https:\/\/diariodelsurdigital.com.ar\/wp-content\/uploads\/2025\/05\/chofer_colectivera.jpg","datePublished":"2025-05-13T19:33:14+00:00","author":{"@id":"https:\/\/diariodelsurdigital.com.ar\/#\/schema\/person\/d794acb23337e88c6e4004a39c32be62"},"breadcrumb":{"@id":"https:\/\/diariodelsurdigital.com.ar\/?p=2619#breadcrumb"},"inLanguage":"es","potentialAction":[{"@type":"ReadAction","target":["https:\/\/diariodelsurdigital.com.ar\/?p=2619"]}]},{"@type":"ImageObject","inLanguage":"es","@id":"https:\/\/diariodelsurdigital.com.ar\/?p=2619#primaryimage","url":"https:\/\/diariodelsurdigital.com.ar\/wp-content\/uploads\/2025\/05\/chofer_colectivera.jpg","contentUrl":"https:\/\/diariodelsurdigital.com.ar\/wp-content\/uploads\/2025\/05\/chofer_colectivera.jpg","width":1024,"height":595},{"@type":"BreadcrumbList","@id":"https:\/\/diariodelsurdigital.com.ar\/?p=2619#breadcrumb","itemListElement":[{"@type":"ListItem","position":1,"name":"Portada","item":"https:\/\/diariodelsurdigital.com.ar\/"},{"@type":"ListItem","position":2,"name":"Concordia ya tiene su primera mujer chofer de colectivo"}]},{"@type":"WebSite","@id":"https:\/\/diariodelsurdigital.com.ar\/#website","url":"https:\/\/diariodelsurdigital.com.ar\/","name":"Diario del Sur","description":"Digital","potentialAction":[{"@type":"SearchAction","target":{"@type":"EntryPoint","urlTemplate":"https:\/\/diariodelsurdigital.com.ar\/?s={search_term_string}"},"query-input":{"@type":"PropertyValueSpecification","valueRequired":true,"valueName":"search_term_string"}}],"inLanguage":"es"},{"@type":"Person","@id":"https:\/\/diariodelsurdigital.com.ar\/#\/schema\/person\/d794acb23337e88c6e4004a39c32be62","name":"Diario del Sur Digital","image":{"@type":"ImageObject","inLanguage":"es","@id":"https:\/\/secure.gravatar.com\/avatar\/47679bcfa15734cfdefc176b6ad58adeeccac22b2e03e095ada6c622af2b463a?s=96&d=mm&r=g","url":"https:\/\/secure.gravatar.com\/avatar\/47679bcfa15734cfdefc176b6ad58adeeccac22b2e03e095ada6c622af2b463a?s=96&d=mm&r=g","contentUrl":"https:\/\/secure.gravatar.com\/avatar\/47679bcfa15734cfdefc176b6ad58adeeccac22b2e03e095ada6c622af2b463a?s=96&d=mm&r=g","caption":"Diario del Sur Digital"},"url":"https:\/\/diariodelsurdigital.com.ar\/?author=3"}]}},"_links":{"self":[{"href":"https:\/\/diariodelsurdigital.com.ar\/index.php?rest_route=\/wp\/v2\/posts\/2619","targetHints":{"allow":["GET"]}}],"collection":[{"href":"https:\/\/diariodelsurdigital.com.ar\/index.php?rest_route=\/wp\/v2\/posts"}],"about":[{"href":"https:\/\/diariodelsurdigital.com.ar\/index.php?rest_route=\/wp\/v2\/types\/post"}],"author":[{"embeddable":true,"href":"https:\/\/diariodelsurdigital.com.ar\/index.php?rest_route=\/wp\/v2\/users\/3"}],"replies":[{"embeddable":true,"href":"https:\/\/diariodelsurdigital.com.ar\/index.php?rest_route=%2Fwp%2Fv2%2Fcomments&post=2619"}],"version-history":[{"count":1,"href":"https:\/\/diariodelsurdigital.com.ar\/index.php?rest_route=\/wp\/v2\/posts\/2619\/revisions"}],"predecessor-version":[{"id":2621,"href":"https:\/\/diariodelsurdigital.com.ar\/index.php?rest_route=\/wp\/v2\/posts\/2619\/revisions\/2621"}],"wp:featuredmedia":[{"embeddable":true,"href":"https:\/\/diariodelsurdigital.com.ar\/index.php?rest_route=\/wp\/v2\/media\/2620"}],"wp:attachment":[{"href":"https:\/\/diariodelsurdigital.com.ar\/index.php?rest_route=%2Fwp%2Fv2%2Fmedia&parent=2619"}],"wp:term":[{"taxonomy":"category","embeddable":true,"href":"https:\/\/diariodelsurdigital.com.ar\/index.php?rest_route=%2Fwp%2Fv2%2Fcategories&post=2619"},{"taxonomy":"post_tag","embeddable":true,"href":"https:\/\/diariodelsurdigital.com.ar\/index.php?rest_route=%2Fwp%2Fv2%2Ftags&post=2619"}],"curies":[{"name":"wp","href":"https:\/\/api.w.org\/{rel}","templated":true}]}}