{"id":2622,"date":"2025-05-14T13:20:15","date_gmt":"2025-05-14T16:20:15","guid":{"rendered":"https:\/\/diariodelsurdigital.com.ar\/?p=2622"},"modified":"2025-05-14T13:20:17","modified_gmt":"2025-05-14T16:20:17","slug":"luis-arce-declino-su-candidatura-y-exigio-unidad-a-la-izquierda-para-las-elecciones-en-bolivia","status":"publish","type":"post","link":"https:\/\/diariodelsurdigital.com.ar\/?p=2622","title":{"rendered":"Luis Arce declin\u00f3 su candidatura y exigi\u00f3 unidad a la izquierda para las elecciones en Bolivia"},"content":{"rendered":"\n<p>El mandatario no design\u00f3 a un sucesor directo, pero le solicit\u00f3 a Andr\u00f3nico Rodr\u00edguez, presidente del Senado, que asuma \u00abuna responsabilidad unificadora\u00bb.<\/p>\n\n\n\n<p>El presidente de Bolivia, Luis Arce, anunci\u00f3 que no buscar\u00e1 la reelecci\u00f3n en los comicios generales del pr\u00f3ximo 17 de agosto, en una decisi\u00f3n inesperada que remueve el tablero electoral de su pa\u00eds.<\/p>\n\n\n\n<p>En una declaraci\u00f3n p\u00fablica desde la Casa Grande del Pueblo, sede del Ejecutivo en La Paz, el jefe de Estado exhort\u00f3 al exgobernante Evo Morales a dejar de insistir en su postulaci\u00f3n y pidi\u00f3 a la izquierda construir una candidatura \u00fanica para enfrentar, seg\u00fan sus palabras, el riesgo de un retorno del neoliberalismo.<\/p>\n\n\n\n<p>\u00abDoy a conocer al pueblo boliviano con absoluta firmeza mi decisi\u00f3n de declinar mi candidatura a la selecci\u00f3n presidencial en las elecciones de agosto pr\u00f3ximo. Lo hago con la m\u00e1s clara convicci\u00f3n de que no ser\u00e1 un factor de divisi\u00f3n del voto popular y mucho menos facilitar\u00e9 en la hora presente que se haga realidad un proyecto de derecha fascistoide con el cual se pretende destruir el Estado plurinacional\u00bb, manifest\u00f3.<\/p>\n\n\n\n<p>En un mensaje cargado de referencias ideol\u00f3gicas y apelaciones hist\u00f3ricas, evoc\u00f3 figuras hist\u00f3ricas como el socialista Marcelo Quiroga Santa Cruz, el fundador del Partido Revolucionario Cubano Jos\u00e9 Mart\u00ed y el ic\u00f3nico revolucionario Ernesto Che Guevara para subrayar el valor de la unidad en los momentos cr\u00edticos. El gesto se produjo pocas horas antes del inicio oficial del registro de candidaturas, previsto para este mi\u00e9rcoles hasta el 19 de mayo.<\/p>\n\n\n\n<p>Sin rodeos, Arce emplaz\u00f3 directamente a Evo Morales, su exjefe pol\u00edtico y antecesor en la presidencia, a hacer lo mismo. \u00abDesista de su candidatura inconstitucional y permita una<\/p>\n\n\n\n<p>verdadera unidad popular\u00bb, expres\u00f3.<\/p>\n\n\n\n<p>El expresidente, inhabilitado por el Tribunal Constitucional para volver a postularse, a\u00fan no retir\u00f3 oficialmente su candidatura y anunci\u00f3 una marcha para este viernes para mostrar su musculatura pol\u00edtica.<\/p>\n\n\n\n<p>En ese contexto, Arce tambi\u00e9n inst\u00f3 a Andr\u00f3nico Rodr\u00edguez, presidente del Senado y precandidato emergente salido de las filas del oficialista MAS, a asumir una responsabilidad unificadora.<\/p>\n\n\n\n<p>\u00abLa unidad no puede ser solo jur\u00eddica ni burocr\u00e1tica. Debe ser program\u00e1tica, en la acci\u00f3n y en el voto. A eso estoy dispuesto a contribuir\u00bb, afirm\u00f3.<\/p>\n\n\n\n<p>Arce record\u00f3 que su propuesta de conformar un bloque \u00fanico de izquierda fue planteada desde el a\u00f1o pasado y que nunca exigi\u00f3 que ese frente gire en torno a su figura.<\/p>\n\n\n\n<p>La referencia refuerza el intento de ceder protagonismo sin romper con las bases del MAS, el partido que lo llev\u00f3 al poder en 2020 y que gobierna casi dos d\u00e9cadas el pa\u00eds, public\u00f3 Noticias Argentinas.<\/p>\n","protected":false},"excerpt":{"rendered":"<p>El mandatario no design\u00f3 a un sucesor directo, pero le solicit\u00f3 a Andr\u00f3nico Rodr\u00edguez, presidente del Senado, que asuma \u00abuna responsabilidad unificadora\u00bb. El presidente de Bolivia, Luis Arce, anunci\u00f3 que no buscar\u00e1 la reelecci\u00f3n en los comicios generales del pr\u00f3ximo 17 de agosto, en una decisi\u00f3n inesperada que remueve el tablero electoral de su pa\u00eds. [&hellip;]<\/p>\n","protected":false},"author":4,"featured_media":2623,"comment_status":"open","ping_status":"open","sticky":false,"template":"","format":"standard","meta":{"footnotes":""},"categories":[20,22],"tags":[],"class_list":{"0":"post-2622","1":"post","2":"type-post","3":"status-publish","4":"format-standard","5":"has-post-thumbnail","7":"category-internacionales","8":"category-politica"},"yoast_head":"<!-- This site is optimized with the Yoast SEO plugin v27.4 - https:\/\/yoast.com\/product\/yoast-seo-wordpress\/ -->\n<title>Luis Arce declin\u00f3 su candidatura y exigi\u00f3 unidad a la izquierda para las elecciones en Bolivia - Diario del Sur<\/title>\n<meta name=\"robots\" content=\"index, follow, max-snippet:-1, max-image-preview:large, max-video-preview:-1\" \/>\n<link rel=\"canonical\" href=\"https:\/\/diariodelsurdigital.com.ar\/?p=2622\" \/>\n<meta property=\"og:locale\" content=\"es_ES\" \/>\n<meta property=\"og:type\" content=\"article\" \/>\n<meta property=\"og:title\" content=\"Luis Arce declin\u00f3 su candidatura y exigi\u00f3 unidad a la izquierda para las elecciones en Bolivia - Diario del Sur\" \/>\n<meta property=\"og:description\" content=\"El mandatario no design\u00f3 a un sucesor directo, pero le solicit\u00f3 a Andr\u00f3nico Rodr\u00edguez, presidente del Senado, que asuma \u00abuna responsabilidad unificadora\u00bb. El presidente de Bolivia, Luis Arce, anunci\u00f3 que no buscar\u00e1 la reelecci\u00f3n en los comicios generales del pr\u00f3ximo 17 de agosto, en una decisi\u00f3n inesperada que remueve el tablero electoral de su pa\u00eds. [&hellip;]\" \/>\n<meta property=\"og:url\" content=\"https:\/\/diariodelsurdigital.com.ar\/?p=2622\" \/>\n<meta property=\"og:site_name\" content=\"Diario del Sur\" \/>\n<meta property=\"article:published_time\" content=\"2025-05-14T16:20:15+00:00\" \/>\n<meta property=\"article:modified_time\" content=\"2025-05-14T16:20:17+00:00\" \/>\n<meta property=\"og:image\" content=\"https:\/\/diariodelsurdigital.com.ar\/wp-content\/uploads\/2025\/05\/md-26.webp\" \/>\n\t<meta property=\"og:image:width\" content=\"992\" \/>\n\t<meta property=\"og:image:height\" content=\"660\" \/>\n\t<meta property=\"og:image:type\" content=\"image\/webp\" \/>\n<meta name=\"author\" content=\"Diario del Sur Digital\" \/>\n<meta name=\"twitter:card\" content=\"summary_large_image\" \/>\n<meta name=\"twitter:label1\" content=\"Escrito por\" \/>\n\t<meta name=\"twitter:data1\" content=\"Diario del Sur Digital\" \/>\n\t<meta name=\"twitter:label2\" content=\"Tiempo de lectura\" \/>\n\t<meta name=\"twitter:data2\" content=\"3 minutos\" \/>\n<script type=\"application\/ld+json\" class=\"yoast-schema-graph\">{\"@context\":\"https:\\\/\\\/schema.org\",\"@graph\":[{\"@type\":\"Article\",\"@id\":\"https:\\\/\\\/diariodelsurdigital.com.ar\\\/?p=2622#article\",\"isPartOf\":{\"@id\":\"https:\\\/\\\/diariodelsurdigital.com.ar\\\/?p=2622\"},\"author\":{\"name\":\"Diario del Sur Digital\",\"@id\":\"https:\\\/\\\/diariodelsurdigital.com.ar\\\/#\\\/schema\\\/person\\\/1a4992532ed62965c968031b49195c81\"},\"headline\":\"Luis Arce declin\u00f3 su candidatura y exigi\u00f3 unidad a la izquierda para las elecciones en Bolivia\",\"datePublished\":\"2025-05-14T16:20:15+00:00\",\"dateModified\":\"2025-05-14T16:20:17+00:00\",\"mainEntityOfPage\":{\"@id\":\"https:\\\/\\\/diariodelsurdigital.com.ar\\\/?p=2622\"},\"wordCount\":475,\"commentCount\":0,\"image\":{\"@id\":\"https:\\\/\\\/diariodelsurdigital.com.ar\\\/?p=2622#primaryimage\"},\"thumbnailUrl\":\"https:\\\/\\\/diariodelsurdigital.com.ar\\\/wp-content\\\/uploads\\\/2025\\\/05\\\/md-26.webp\",\"articleSection\":[\"Internacionales\",\"Pol\u00edtica\"],\"inLanguage\":\"es\",\"potentialAction\":[{\"@type\":\"CommentAction\",\"name\":\"Comment\",\"target\":[\"https:\\\/\\\/diariodelsurdigital.com.ar\\\/?p=2622#respond\"]}]},{\"@type\":\"WebPage\",\"@id\":\"https:\\\/\\\/diariodelsurdigital.com.ar\\\/?p=2622\",\"url\":\"https:\\\/\\\/diariodelsurdigital.com.ar\\\/?p=2622\",\"name\":\"Luis Arce declin\u00f3 su candidatura y exigi\u00f3 unidad a la izquierda para las elecciones en Bolivia - Diario del Sur\",\"isPartOf\":{\"@id\":\"https:\\\/\\\/diariodelsurdigital.com.ar\\\/#website\"},\"primaryImageOfPage\":{\"@id\":\"https:\\\/\\\/diariodelsurdigital.com.ar\\\/?p=2622#primaryimage\"},\"image\":{\"@id\":\"https:\\\/\\\/diariodelsurdigital.com.ar\\\/?p=2622#primaryimage\"},\"thumbnailUrl\":\"https:\\\/\\\/diariodelsurdigital.com.ar\\\/wp-content\\\/uploads\\\/2025\\\/05\\\/md-26.webp\",\"datePublished\":\"2025-05-14T16:20:15+00:00\",\"dateModified\":\"2025-05-14T16:20:17+00:00\",\"author\":{\"@id\":\"https:\\\/\\\/diariodelsurdigital.com.ar\\\/#\\\/schema\\\/person\\\/1a4992532ed62965c968031b49195c81\"},\"breadcrumb\":{\"@id\":\"https:\\\/\\\/diariodelsurdigital.com.ar\\\/?p=2622#breadcrumb\"},\"inLanguage\":\"es\",\"potentialAction\":[{\"@type\":\"ReadAction\",\"target\":[\"https:\\\/\\\/diariodelsurdigital.com.ar\\\/?p=2622\"]}]},{\"@type\":\"ImageObject\",\"inLanguage\":\"es\",\"@id\":\"https:\\\/\\\/diariodelsurdigital.com.ar\\\/?p=2622#primaryimage\",\"url\":\"https:\\\/\\\/diariodelsurdigital.com.ar\\\/wp-content\\\/uploads\\\/2025\\\/05\\\/md-26.webp\",\"contentUrl\":\"https:\\\/\\\/diariodelsurdigital.com.ar\\\/wp-content\\\/uploads\\\/2025\\\/05\\\/md-26.webp\",\"width\":992,\"height\":660},{\"@type\":\"BreadcrumbList\",\"@id\":\"https:\\\/\\\/diariodelsurdigital.com.ar\\\/?p=2622#breadcrumb\",\"itemListElement\":[{\"@type\":\"ListItem\",\"position\":1,\"name\":\"Portada\",\"item\":\"https:\\\/\\\/diariodelsurdigital.com.ar\\\/\"},{\"@type\":\"ListItem\",\"position\":2,\"name\":\"Luis Arce declin\u00f3 su candidatura y exigi\u00f3 unidad a la izquierda para las elecciones en Bolivia\"}]},{\"@type\":\"WebSite\",\"@id\":\"https:\\\/\\\/diariodelsurdigital.com.ar\\\/#website\",\"url\":\"https:\\\/\\\/diariodelsurdigital.com.ar\\\/\",\"name\":\"Diario del Sur\",\"description\":\"Digital\",\"potentialAction\":[{\"@type\":\"SearchAction\",\"target\":{\"@type\":\"EntryPoint\",\"urlTemplate\":\"https:\\\/\\\/diariodelsurdigital.com.ar\\\/?s={search_term_string}\"},\"query-input\":{\"@type\":\"PropertyValueSpecification\",\"valueRequired\":true,\"valueName\":\"search_term_string\"}}],\"inLanguage\":\"es\"},{\"@type\":\"Person\",\"@id\":\"https:\\\/\\\/diariodelsurdigital.com.ar\\\/#\\\/schema\\\/person\\\/1a4992532ed62965c968031b49195c81\",\"name\":\"Diario del Sur Digital\",\"image\":{\"@type\":\"ImageObject\",\"inLanguage\":\"es\",\"@id\":\"https:\\\/\\\/secure.gravatar.com\\\/avatar\\\/f0c7c47fc7146d19828273b9b8eda651c9c7ab583767e6338d3d3bee825adf76?s=96&d=mm&r=g\",\"url\":\"https:\\\/\\\/secure.gravatar.com\\\/avatar\\\/f0c7c47fc7146d19828273b9b8eda651c9c7ab583767e6338d3d3bee825adf76?s=96&d=mm&r=g\",\"contentUrl\":\"https:\\\/\\\/secure.gravatar.com\\\/avatar\\\/f0c7c47fc7146d19828273b9b8eda651c9c7ab583767e6338d3d3bee825adf76?s=96&d=mm&r=g\",\"caption\":\"Diario del Sur Digital\"},\"url\":\"https:\\\/\\\/diariodelsurdigital.com.ar\\\/?author=4\"}]}<\/script>\n<!-- \/ Yoast SEO plugin. -->","yoast_head_json":{"title":"Luis Arce declin\u00f3 su candidatura y exigi\u00f3 unidad a la izquierda para las elecciones en Bolivia - Diario del Sur","robots":{"index":"index","follow":"follow","max-snippet":"max-snippet:-1","max-image-preview":"max-image-preview:large","max-video-preview":"max-video-preview:-1"},"canonical":"https:\/\/diariodelsurdigital.com.ar\/?p=2622","og_locale":"es_ES","og_type":"article","og_title":"Luis Arce declin\u00f3 su candidatura y exigi\u00f3 unidad a la izquierda para las elecciones en Bolivia - Diario del Sur","og_description":"El mandatario no design\u00f3 a un sucesor directo, pero le solicit\u00f3 a Andr\u00f3nico Rodr\u00edguez, presidente del Senado, que asuma \u00abuna responsabilidad unificadora\u00bb. El presidente de Bolivia, Luis Arce, anunci\u00f3 que no buscar\u00e1 la reelecci\u00f3n en los comicios generales del pr\u00f3ximo 17 de agosto, en una decisi\u00f3n inesperada que remueve el tablero electoral de su pa\u00eds. [&hellip;]","og_url":"https:\/\/diariodelsurdigital.com.ar\/?p=2622","og_site_name":"Diario del Sur","article_published_time":"2025-05-14T16:20:15+00:00","article_modified_time":"2025-05-14T16:20:17+00:00","og_image":[{"width":992,"height":660,"url":"https:\/\/diariodelsurdigital.com.ar\/wp-content\/uploads\/2025\/05\/md-26.webp","type":"image\/webp"}],"author":"Diario del Sur Digital","twitter_card":"summary_large_image","twitter_misc":{"Escrito por":"Diario del Sur Digital","Tiempo de lectura":"3 minutos"},"schema":{"@context":"https:\/\/schema.org","@graph":[{"@type":"Article","@id":"https:\/\/diariodelsurdigital.com.ar\/?p=2622#article","isPartOf":{"@id":"https:\/\/diariodelsurdigital.com.ar\/?p=2622"},"author":{"name":"Diario del Sur Digital","@id":"https:\/\/diariodelsurdigital.com.ar\/#\/schema\/person\/1a4992532ed62965c968031b49195c81"},"headline":"Luis Arce declin\u00f3 su candidatura y exigi\u00f3 unidad a la izquierda para las elecciones en Bolivia","datePublished":"2025-05-14T16:20:15+00:00","dateModified":"2025-05-14T16:20:17+00:00","mainEntityOfPage":{"@id":"https:\/\/diariodelsurdigital.com.ar\/?p=2622"},"wordCount":475,"commentCount":0,"image":{"@id":"https:\/\/diariodelsurdigital.com.ar\/?p=2622#primaryimage"},"thumbnailUrl":"https:\/\/diariodelsurdigital.com.ar\/wp-content\/uploads\/2025\/05\/md-26.webp","articleSection":["Internacionales","Pol\u00edtica"],"inLanguage":"es","potentialAction":[{"@type":"CommentAction","name":"Comment","target":["https:\/\/diariodelsurdigital.com.ar\/?p=2622#respond"]}]},{"@type":"WebPage","@id":"https:\/\/diariodelsurdigital.com.ar\/?p=2622","url":"https:\/\/diariodelsurdigital.com.ar\/?p=2622","name":"Luis Arce declin\u00f3 su candidatura y exigi\u00f3 unidad a la izquierda para las elecciones en Bolivia - Diario del Sur","isPartOf":{"@id":"https:\/\/diariodelsurdigital.com.ar\/#website"},"primaryImageOfPage":{"@id":"https:\/\/diariodelsurdigital.com.ar\/?p=2622#primaryimage"},"image":{"@id":"https:\/\/diariodelsurdigital.com.ar\/?p=2622#primaryimage"},"thumbnailUrl":"https:\/\/diariodelsurdigital.com.ar\/wp-content\/uploads\/2025\/05\/md-26.webp","datePublished":"2025-05-14T16:20:15+00:00","dateModified":"2025-05-14T16:20:17+00:00","author":{"@id":"https:\/\/diariodelsurdigital.com.ar\/#\/schema\/person\/1a4992532ed62965c968031b49195c81"},"breadcrumb":{"@id":"https:\/\/diariodelsurdigital.com.ar\/?p=2622#breadcrumb"},"inLanguage":"es","potentialAction":[{"@type":"ReadAction","target":["https:\/\/diariodelsurdigital.com.ar\/?p=2622"]}]},{"@type":"ImageObject","inLanguage":"es","@id":"https:\/\/diariodelsurdigital.com.ar\/?p=2622#primaryimage","url":"https:\/\/diariodelsurdigital.com.ar\/wp-content\/uploads\/2025\/05\/md-26.webp","contentUrl":"https:\/\/diariodelsurdigital.com.ar\/wp-content\/uploads\/2025\/05\/md-26.webp","width":992,"height":660},{"@type":"BreadcrumbList","@id":"https:\/\/diariodelsurdigital.com.ar\/?p=2622#breadcrumb","itemListElement":[{"@type":"ListItem","position":1,"name":"Portada","item":"https:\/\/diariodelsurdigital.com.ar\/"},{"@type":"ListItem","position":2,"name":"Luis Arce declin\u00f3 su candidatura y exigi\u00f3 unidad a la izquierda para las elecciones en Bolivia"}]},{"@type":"WebSite","@id":"https:\/\/diariodelsurdigital.com.ar\/#website","url":"https:\/\/diariodelsurdigital.com.ar\/","name":"Diario del Sur","description":"Digital","potentialAction":[{"@type":"SearchAction","target":{"@type":"EntryPoint","urlTemplate":"https:\/\/diariodelsurdigital.com.ar\/?s={search_term_string}"},"query-input":{"@type":"PropertyValueSpecification","valueRequired":true,"valueName":"search_term_string"}}],"inLanguage":"es"},{"@type":"Person","@id":"https:\/\/diariodelsurdigital.com.ar\/#\/schema\/person\/1a4992532ed62965c968031b49195c81","name":"Diario del Sur Digital","image":{"@type":"ImageObject","inLanguage":"es","@id":"https:\/\/secure.gravatar.com\/avatar\/f0c7c47fc7146d19828273b9b8eda651c9c7ab583767e6338d3d3bee825adf76?s=96&d=mm&r=g","url":"https:\/\/secure.gravatar.com\/avatar\/f0c7c47fc7146d19828273b9b8eda651c9c7ab583767e6338d3d3bee825adf76?s=96&d=mm&r=g","contentUrl":"https:\/\/secure.gravatar.com\/avatar\/f0c7c47fc7146d19828273b9b8eda651c9c7ab583767e6338d3d3bee825adf76?s=96&d=mm&r=g","caption":"Diario del Sur Digital"},"url":"https:\/\/diariodelsurdigital.com.ar\/?author=4"}]}},"_links":{"self":[{"href":"https:\/\/diariodelsurdigital.com.ar\/index.php?rest_route=\/wp\/v2\/posts\/2622","targetHints":{"allow":["GET"]}}],"collection":[{"href":"https:\/\/diariodelsurdigital.com.ar\/index.php?rest_route=\/wp\/v2\/posts"}],"about":[{"href":"https:\/\/diariodelsurdigital.com.ar\/index.php?rest_route=\/wp\/v2\/types\/post"}],"author":[{"embeddable":true,"href":"https:\/\/diariodelsurdigital.com.ar\/index.php?rest_route=\/wp\/v2\/users\/4"}],"replies":[{"embeddable":true,"href":"https:\/\/diariodelsurdigital.com.ar\/index.php?rest_route=%2Fwp%2Fv2%2Fcomments&post=2622"}],"version-history":[{"count":1,"href":"https:\/\/diariodelsurdigital.com.ar\/index.php?rest_route=\/wp\/v2\/posts\/2622\/revisions"}],"predecessor-version":[{"id":2624,"href":"https:\/\/diariodelsurdigital.com.ar\/index.php?rest_route=\/wp\/v2\/posts\/2622\/revisions\/2624"}],"wp:featuredmedia":[{"embeddable":true,"href":"https:\/\/diariodelsurdigital.com.ar\/index.php?rest_route=\/wp\/v2\/media\/2623"}],"wp:attachment":[{"href":"https:\/\/diariodelsurdigital.com.ar\/index.php?rest_route=%2Fwp%2Fv2%2Fmedia&parent=2622"}],"wp:term":[{"taxonomy":"category","embeddable":true,"href":"https:\/\/diariodelsurdigital.com.ar\/index.php?rest_route=%2Fwp%2Fv2%2Fcategories&post=2622"},{"taxonomy":"post_tag","embeddable":true,"href":"https:\/\/diariodelsurdigital.com.ar\/index.php?rest_route=%2Fwp%2Fv2%2Ftags&post=2622"}],"curies":[{"name":"wp","href":"https:\/\/api.w.org\/{rel}","templated":true}]}}