{"id":2625,"date":"2025-05-14T13:32:03","date_gmt":"2025-05-14T16:32:03","guid":{"rendered":"https:\/\/diariodelsurdigital.com.ar\/?p=2625"},"modified":"2025-05-14T13:32:05","modified_gmt":"2025-05-14T16:32:05","slug":"los-salarios-registrados-perdieron-contra-la-inflacion-en-marzo-y-acumulan-una-caida-real-del-6-en-la-era-milei","status":"publish","type":"post","link":"https:\/\/diariodelsurdigital.com.ar\/?p=2625","title":{"rendered":"Los salarios registrados perdieron contra la inflaci\u00f3n en marzo y acumulan una ca\u00edda real del 6% en la era Milei"},"content":{"rendered":"\n<p>Los salarios privados tuvieron su segunda ca\u00edda consecutiva, al aumentar solo 2,2% en marzo frente a una inflaci\u00f3n de 3,7%. El \u00cdndice de Salarios Registrados acumula una ca\u00edda de 6,02% real entre noviembre 2023 y marzo 2025.<\/p>\n\n\n\n<p>Los salarios registrados subieron 2,5% en marzo, seg\u00fan inform\u00f3 el Instituto Nacional de Estad\u00edstica y Censos (INDEC), y perdieron frente a la inflaci\u00f3n de ese mes que se ubic\u00f3 en el 3,7%. El crecimiento se debe a subas del 2,2% en el sector privado registrado y 3,3% en el p\u00fablico. En lo que va del gobierno de Javier Milei, los salarios acumulan una ca\u00edda de 6% real, de acuerdo con los c\u00e1lculos de \u00c1mbito.<\/p>\n\n\n\n<p>El \u00cdndice de Salarios Registrados acumula una suba de 7,6% respecto de diciembre previo, mientras que en lo que va del a\u00f1o el \u00cdndice de Precios al Consumidor (IPC) suma un 8,6%. En ese per\u00edodo, la p\u00e9rdida de poder adquisitivo fue de 0,93%.<\/p>\n\n\n\n<p>En t\u00e9rminos interanuales, los salarios registrados acumularon un alza de 72,7% interanual, mientras que la inflaci\u00f3n fue del 55,9% en ese per\u00edodo. As\u00ed y todo, acumulan una p\u00e9rdida de poder adquisitivo del 6% entre noviembre 2023 y marzo 2024, ampliando el 5% que marc\u00f3 en febrero. Es decir, aument\u00f3 la ca\u00edda real de haberes.<\/p>\n\n\n\n<p>Hacia dentro de la categor\u00eda de los registrados, el salario p\u00fablico contin\u00faa siendo el m\u00e1s golpeado. Entre noviembre 2023 y marzo 2025 ya perdi\u00f3 un 15,1% real, mientras que los privados cedieron un 0,9% en ese per\u00edodo, que se explica en su totalidad por la ca\u00edda de este mes.<\/p>\n\n\n\n<p>Gobierno pisa paritarias de privados<br>En medio de la p\u00e9rdida de poder adquisitivo de los privados, el Gobierno se neg\u00f3 a homologar la paritaria de Comercio. Con esta intervenci\u00f3n, la administraci\u00f3n no solo contradice la promesa de Javier Milei de \u00abparitarias libres\u00bb y va contra uno de los sindicatos m\u00e1s grandes del pa\u00eds, sino que adem\u00e1s busca sentar un precedente con el resto de los gremios.<\/p>\n\n\n\n<p>Una fuente de la Secretar\u00eda de Trabajo le hab\u00eda asegurado a \u00c1mbito que el objetivo era \u00abcuidar el empleo y no obligar a las pymes a pagar salarios e indemnizaciones eventuales que no pueden afrontar\u00bb. Hacerlo ser\u00eda \u00abuna imposici\u00f3n para todas las empresas del rubro, de cualquier tama\u00f1o y de cualquier regi\u00f3n\u00bb, explic\u00f3.<\/p>\n\n\n\n<p>Salarios informales<br>Los salarios informales subieron en marzo 5,1%, aunque estos reflejan el aumento de los haberes del sector con cinco meses de rezago, es decir, corresponder\u00edan a noviembre, cuando la inflaci\u00f3n fue del 2,4%, con lo cual recuperaron poder adquisitivo en ese mes.<\/p>\n\n\n\n<p>El \u00edndice de salarios informales, de esta manera, perdi\u00f3 entre noviembre 2023 y noviembre 2024 un 1,3%.<\/p>\n","protected":false},"excerpt":{"rendered":"<p>Los salarios privados tuvieron su segunda ca\u00edda consecutiva, al aumentar solo 2,2% en marzo frente a una inflaci\u00f3n de 3,7%. El \u00cdndice de Salarios Registrados acumula una ca\u00edda de 6,02% real entre noviembre 2023 y marzo 2025. Los salarios registrados subieron 2,5% en marzo, seg\u00fan inform\u00f3 el Instituto Nacional de Estad\u00edstica y Censos (INDEC), y [&hellip;]<\/p>\n","protected":false},"author":4,"featured_media":2530,"comment_status":"open","ping_status":"open","sticky":false,"template":"","format":"standard","meta":{"footnotes":""},"categories":[19,18],"tags":[],"class_list":{"0":"post-2625","1":"post","2":"type-post","3":"status-publish","4":"format-standard","5":"has-post-thumbnail","7":"category-interes-general","8":"category-nacionales"},"yoast_head":"<!-- This site is optimized with the Yoast SEO plugin v27.4 - https:\/\/yoast.com\/product\/yoast-seo-wordpress\/ -->\n<title>Los salarios registrados perdieron contra la inflaci\u00f3n en marzo y acumulan una ca\u00edda real del 6% en la era Milei - Diario del Sur<\/title>\n<meta name=\"robots\" content=\"index, follow, max-snippet:-1, max-image-preview:large, max-video-preview:-1\" \/>\n<link rel=\"canonical\" href=\"https:\/\/diariodelsurdigital.com.ar\/?p=2625\" \/>\n<meta property=\"og:locale\" content=\"es_ES\" \/>\n<meta property=\"og:type\" content=\"article\" \/>\n<meta property=\"og:title\" content=\"Los salarios registrados perdieron contra la inflaci\u00f3n en marzo y acumulan una ca\u00edda real del 6% en la era Milei - Diario del Sur\" \/>\n<meta property=\"og:description\" content=\"Los salarios privados tuvieron su segunda ca\u00edda consecutiva, al aumentar solo 2,2% en marzo frente a una inflaci\u00f3n de 3,7%. El \u00cdndice de Salarios Registrados acumula una ca\u00edda de 6,02% real entre noviembre 2023 y marzo 2025. Los salarios registrados subieron 2,5% en marzo, seg\u00fan inform\u00f3 el Instituto Nacional de Estad\u00edstica y Censos (INDEC), y [&hellip;]\" \/>\n<meta property=\"og:url\" content=\"https:\/\/diariodelsurdigital.com.ar\/?p=2625\" \/>\n<meta property=\"og:site_name\" content=\"Diario del Sur\" \/>\n<meta property=\"article:published_time\" content=\"2025-05-14T16:32:03+00:00\" \/>\n<meta property=\"article:modified_time\" content=\"2025-05-14T16:32:05+00:00\" \/>\n<meta property=\"og:image\" content=\"https:\/\/diariodelsurdigital.com.ar\/wp-content\/uploads\/2025\/05\/md-16.webp\" \/>\n\t<meta property=\"og:image:width\" content=\"992\" \/>\n\t<meta property=\"og:image:height\" content=\"557\" \/>\n\t<meta property=\"og:image:type\" content=\"image\/webp\" \/>\n<meta name=\"author\" content=\"Diario del Sur Digital\" \/>\n<meta name=\"twitter:card\" content=\"summary_large_image\" \/>\n<meta name=\"twitter:label1\" content=\"Escrito por\" \/>\n\t<meta name=\"twitter:data1\" content=\"Diario del Sur Digital\" \/>\n\t<meta name=\"twitter:label2\" content=\"Tiempo de lectura\" \/>\n\t<meta name=\"twitter:data2\" content=\"3 minutos\" \/>\n<script type=\"application\/ld+json\" class=\"yoast-schema-graph\">{\"@context\":\"https:\\\/\\\/schema.org\",\"@graph\":[{\"@type\":\"Article\",\"@id\":\"https:\\\/\\\/diariodelsurdigital.com.ar\\\/?p=2625#article\",\"isPartOf\":{\"@id\":\"https:\\\/\\\/diariodelsurdigital.com.ar\\\/?p=2625\"},\"author\":{\"name\":\"Diario del Sur Digital\",\"@id\":\"https:\\\/\\\/diariodelsurdigital.com.ar\\\/#\\\/schema\\\/person\\\/1a4992532ed62965c968031b49195c81\"},\"headline\":\"Los salarios registrados perdieron contra la inflaci\u00f3n en marzo y acumulan una ca\u00edda real del 6% en la era Milei\",\"datePublished\":\"2025-05-14T16:32:03+00:00\",\"dateModified\":\"2025-05-14T16:32:05+00:00\",\"mainEntityOfPage\":{\"@id\":\"https:\\\/\\\/diariodelsurdigital.com.ar\\\/?p=2625\"},\"wordCount\":465,\"commentCount\":0,\"image\":{\"@id\":\"https:\\\/\\\/diariodelsurdigital.com.ar\\\/?p=2625#primaryimage\"},\"thumbnailUrl\":\"https:\\\/\\\/diariodelsurdigital.com.ar\\\/wp-content\\\/uploads\\\/2025\\\/05\\\/md-16.webp\",\"articleSection\":[\"Inter\u00e9s General\",\"Nacionales\"],\"inLanguage\":\"es\",\"potentialAction\":[{\"@type\":\"CommentAction\",\"name\":\"Comment\",\"target\":[\"https:\\\/\\\/diariodelsurdigital.com.ar\\\/?p=2625#respond\"]}]},{\"@type\":\"WebPage\",\"@id\":\"https:\\\/\\\/diariodelsurdigital.com.ar\\\/?p=2625\",\"url\":\"https:\\\/\\\/diariodelsurdigital.com.ar\\\/?p=2625\",\"name\":\"Los salarios registrados perdieron contra la inflaci\u00f3n en marzo y acumulan una ca\u00edda real del 6% en la era Milei - Diario del Sur\",\"isPartOf\":{\"@id\":\"https:\\\/\\\/diariodelsurdigital.com.ar\\\/#website\"},\"primaryImageOfPage\":{\"@id\":\"https:\\\/\\\/diariodelsurdigital.com.ar\\\/?p=2625#primaryimage\"},\"image\":{\"@id\":\"https:\\\/\\\/diariodelsurdigital.com.ar\\\/?p=2625#primaryimage\"},\"thumbnailUrl\":\"https:\\\/\\\/diariodelsurdigital.com.ar\\\/wp-content\\\/uploads\\\/2025\\\/05\\\/md-16.webp\",\"datePublished\":\"2025-05-14T16:32:03+00:00\",\"dateModified\":\"2025-05-14T16:32:05+00:00\",\"author\":{\"@id\":\"https:\\\/\\\/diariodelsurdigital.com.ar\\\/#\\\/schema\\\/person\\\/1a4992532ed62965c968031b49195c81\"},\"breadcrumb\":{\"@id\":\"https:\\\/\\\/diariodelsurdigital.com.ar\\\/?p=2625#breadcrumb\"},\"inLanguage\":\"es\",\"potentialAction\":[{\"@type\":\"ReadAction\",\"target\":[\"https:\\\/\\\/diariodelsurdigital.com.ar\\\/?p=2625\"]}]},{\"@type\":\"ImageObject\",\"inLanguage\":\"es\",\"@id\":\"https:\\\/\\\/diariodelsurdigital.com.ar\\\/?p=2625#primaryimage\",\"url\":\"https:\\\/\\\/diariodelsurdigital.com.ar\\\/wp-content\\\/uploads\\\/2025\\\/05\\\/md-16.webp\",\"contentUrl\":\"https:\\\/\\\/diariodelsurdigital.com.ar\\\/wp-content\\\/uploads\\\/2025\\\/05\\\/md-16.webp\",\"width\":992,\"height\":557},{\"@type\":\"BreadcrumbList\",\"@id\":\"https:\\\/\\\/diariodelsurdigital.com.ar\\\/?p=2625#breadcrumb\",\"itemListElement\":[{\"@type\":\"ListItem\",\"position\":1,\"name\":\"Portada\",\"item\":\"https:\\\/\\\/diariodelsurdigital.com.ar\\\/\"},{\"@type\":\"ListItem\",\"position\":2,\"name\":\"Los salarios registrados perdieron contra la inflaci\u00f3n en marzo y acumulan una ca\u00edda real del 6% en la era Milei\"}]},{\"@type\":\"WebSite\",\"@id\":\"https:\\\/\\\/diariodelsurdigital.com.ar\\\/#website\",\"url\":\"https:\\\/\\\/diariodelsurdigital.com.ar\\\/\",\"name\":\"Diario del Sur\",\"description\":\"Digital\",\"potentialAction\":[{\"@type\":\"SearchAction\",\"target\":{\"@type\":\"EntryPoint\",\"urlTemplate\":\"https:\\\/\\\/diariodelsurdigital.com.ar\\\/?s={search_term_string}\"},\"query-input\":{\"@type\":\"PropertyValueSpecification\",\"valueRequired\":true,\"valueName\":\"search_term_string\"}}],\"inLanguage\":\"es\"},{\"@type\":\"Person\",\"@id\":\"https:\\\/\\\/diariodelsurdigital.com.ar\\\/#\\\/schema\\\/person\\\/1a4992532ed62965c968031b49195c81\",\"name\":\"Diario del Sur Digital\",\"image\":{\"@type\":\"ImageObject\",\"inLanguage\":\"es\",\"@id\":\"https:\\\/\\\/secure.gravatar.com\\\/avatar\\\/f0c7c47fc7146d19828273b9b8eda651c9c7ab583767e6338d3d3bee825adf76?s=96&d=mm&r=g\",\"url\":\"https:\\\/\\\/secure.gravatar.com\\\/avatar\\\/f0c7c47fc7146d19828273b9b8eda651c9c7ab583767e6338d3d3bee825adf76?s=96&d=mm&r=g\",\"contentUrl\":\"https:\\\/\\\/secure.gravatar.com\\\/avatar\\\/f0c7c47fc7146d19828273b9b8eda651c9c7ab583767e6338d3d3bee825adf76?s=96&d=mm&r=g\",\"caption\":\"Diario del Sur Digital\"},\"url\":\"https:\\\/\\\/diariodelsurdigital.com.ar\\\/?author=4\"}]}<\/script>\n<!-- \/ Yoast SEO plugin. -->","yoast_head_json":{"title":"Los salarios registrados perdieron contra la inflaci\u00f3n en marzo y acumulan una ca\u00edda real del 6% en la era Milei - Diario del Sur","robots":{"index":"index","follow":"follow","max-snippet":"max-snippet:-1","max-image-preview":"max-image-preview:large","max-video-preview":"max-video-preview:-1"},"canonical":"https:\/\/diariodelsurdigital.com.ar\/?p=2625","og_locale":"es_ES","og_type":"article","og_title":"Los salarios registrados perdieron contra la inflaci\u00f3n en marzo y acumulan una ca\u00edda real del 6% en la era Milei - Diario del Sur","og_description":"Los salarios privados tuvieron su segunda ca\u00edda consecutiva, al aumentar solo 2,2% en marzo frente a una inflaci\u00f3n de 3,7%. El \u00cdndice de Salarios Registrados acumula una ca\u00edda de 6,02% real entre noviembre 2023 y marzo 2025. Los salarios registrados subieron 2,5% en marzo, seg\u00fan inform\u00f3 el Instituto Nacional de Estad\u00edstica y Censos (INDEC), y [&hellip;]","og_url":"https:\/\/diariodelsurdigital.com.ar\/?p=2625","og_site_name":"Diario del Sur","article_published_time":"2025-05-14T16:32:03+00:00","article_modified_time":"2025-05-14T16:32:05+00:00","og_image":[{"width":992,"height":557,"url":"https:\/\/diariodelsurdigital.com.ar\/wp-content\/uploads\/2025\/05\/md-16.webp","type":"image\/webp"}],"author":"Diario del Sur Digital","twitter_card":"summary_large_image","twitter_misc":{"Escrito por":"Diario del Sur Digital","Tiempo de lectura":"3 minutos"},"schema":{"@context":"https:\/\/schema.org","@graph":[{"@type":"Article","@id":"https:\/\/diariodelsurdigital.com.ar\/?p=2625#article","isPartOf":{"@id":"https:\/\/diariodelsurdigital.com.ar\/?p=2625"},"author":{"name":"Diario del Sur Digital","@id":"https:\/\/diariodelsurdigital.com.ar\/#\/schema\/person\/1a4992532ed62965c968031b49195c81"},"headline":"Los salarios registrados perdieron contra la inflaci\u00f3n en marzo y acumulan una ca\u00edda real del 6% en la era Milei","datePublished":"2025-05-14T16:32:03+00:00","dateModified":"2025-05-14T16:32:05+00:00","mainEntityOfPage":{"@id":"https:\/\/diariodelsurdigital.com.ar\/?p=2625"},"wordCount":465,"commentCount":0,"image":{"@id":"https:\/\/diariodelsurdigital.com.ar\/?p=2625#primaryimage"},"thumbnailUrl":"https:\/\/diariodelsurdigital.com.ar\/wp-content\/uploads\/2025\/05\/md-16.webp","articleSection":["Inter\u00e9s General","Nacionales"],"inLanguage":"es","potentialAction":[{"@type":"CommentAction","name":"Comment","target":["https:\/\/diariodelsurdigital.com.ar\/?p=2625#respond"]}]},{"@type":"WebPage","@id":"https:\/\/diariodelsurdigital.com.ar\/?p=2625","url":"https:\/\/diariodelsurdigital.com.ar\/?p=2625","name":"Los salarios registrados perdieron contra la inflaci\u00f3n en marzo y acumulan una ca\u00edda real del 6% en la era Milei - Diario del Sur","isPartOf":{"@id":"https:\/\/diariodelsurdigital.com.ar\/#website"},"primaryImageOfPage":{"@id":"https:\/\/diariodelsurdigital.com.ar\/?p=2625#primaryimage"},"image":{"@id":"https:\/\/diariodelsurdigital.com.ar\/?p=2625#primaryimage"},"thumbnailUrl":"https:\/\/diariodelsurdigital.com.ar\/wp-content\/uploads\/2025\/05\/md-16.webp","datePublished":"2025-05-14T16:32:03+00:00","dateModified":"2025-05-14T16:32:05+00:00","author":{"@id":"https:\/\/diariodelsurdigital.com.ar\/#\/schema\/person\/1a4992532ed62965c968031b49195c81"},"breadcrumb":{"@id":"https:\/\/diariodelsurdigital.com.ar\/?p=2625#breadcrumb"},"inLanguage":"es","potentialAction":[{"@type":"ReadAction","target":["https:\/\/diariodelsurdigital.com.ar\/?p=2625"]}]},{"@type":"ImageObject","inLanguage":"es","@id":"https:\/\/diariodelsurdigital.com.ar\/?p=2625#primaryimage","url":"https:\/\/diariodelsurdigital.com.ar\/wp-content\/uploads\/2025\/05\/md-16.webp","contentUrl":"https:\/\/diariodelsurdigital.com.ar\/wp-content\/uploads\/2025\/05\/md-16.webp","width":992,"height":557},{"@type":"BreadcrumbList","@id":"https:\/\/diariodelsurdigital.com.ar\/?p=2625#breadcrumb","itemListElement":[{"@type":"ListItem","position":1,"name":"Portada","item":"https:\/\/diariodelsurdigital.com.ar\/"},{"@type":"ListItem","position":2,"name":"Los salarios registrados perdieron contra la inflaci\u00f3n en marzo y acumulan una ca\u00edda real del 6% en la era Milei"}]},{"@type":"WebSite","@id":"https:\/\/diariodelsurdigital.com.ar\/#website","url":"https:\/\/diariodelsurdigital.com.ar\/","name":"Diario del Sur","description":"Digital","potentialAction":[{"@type":"SearchAction","target":{"@type":"EntryPoint","urlTemplate":"https:\/\/diariodelsurdigital.com.ar\/?s={search_term_string}"},"query-input":{"@type":"PropertyValueSpecification","valueRequired":true,"valueName":"search_term_string"}}],"inLanguage":"es"},{"@type":"Person","@id":"https:\/\/diariodelsurdigital.com.ar\/#\/schema\/person\/1a4992532ed62965c968031b49195c81","name":"Diario del Sur Digital","image":{"@type":"ImageObject","inLanguage":"es","@id":"https:\/\/secure.gravatar.com\/avatar\/f0c7c47fc7146d19828273b9b8eda651c9c7ab583767e6338d3d3bee825adf76?s=96&d=mm&r=g","url":"https:\/\/secure.gravatar.com\/avatar\/f0c7c47fc7146d19828273b9b8eda651c9c7ab583767e6338d3d3bee825adf76?s=96&d=mm&r=g","contentUrl":"https:\/\/secure.gravatar.com\/avatar\/f0c7c47fc7146d19828273b9b8eda651c9c7ab583767e6338d3d3bee825adf76?s=96&d=mm&r=g","caption":"Diario del Sur Digital"},"url":"https:\/\/diariodelsurdigital.com.ar\/?author=4"}]}},"_links":{"self":[{"href":"https:\/\/diariodelsurdigital.com.ar\/index.php?rest_route=\/wp\/v2\/posts\/2625","targetHints":{"allow":["GET"]}}],"collection":[{"href":"https:\/\/diariodelsurdigital.com.ar\/index.php?rest_route=\/wp\/v2\/posts"}],"about":[{"href":"https:\/\/diariodelsurdigital.com.ar\/index.php?rest_route=\/wp\/v2\/types\/post"}],"author":[{"embeddable":true,"href":"https:\/\/diariodelsurdigital.com.ar\/index.php?rest_route=\/wp\/v2\/users\/4"}],"replies":[{"embeddable":true,"href":"https:\/\/diariodelsurdigital.com.ar\/index.php?rest_route=%2Fwp%2Fv2%2Fcomments&post=2625"}],"version-history":[{"count":1,"href":"https:\/\/diariodelsurdigital.com.ar\/index.php?rest_route=\/wp\/v2\/posts\/2625\/revisions"}],"predecessor-version":[{"id":2626,"href":"https:\/\/diariodelsurdigital.com.ar\/index.php?rest_route=\/wp\/v2\/posts\/2625\/revisions\/2626"}],"wp:featuredmedia":[{"embeddable":true,"href":"https:\/\/diariodelsurdigital.com.ar\/index.php?rest_route=\/wp\/v2\/media\/2530"}],"wp:attachment":[{"href":"https:\/\/diariodelsurdigital.com.ar\/index.php?rest_route=%2Fwp%2Fv2%2Fmedia&parent=2625"}],"wp:term":[{"taxonomy":"category","embeddable":true,"href":"https:\/\/diariodelsurdigital.com.ar\/index.php?rest_route=%2Fwp%2Fv2%2Fcategories&post=2625"},{"taxonomy":"post_tag","embeddable":true,"href":"https:\/\/diariodelsurdigital.com.ar\/index.php?rest_route=%2Fwp%2Fv2%2Ftags&post=2625"}],"curies":[{"name":"wp","href":"https:\/\/api.w.org\/{rel}","templated":true}]}}