{"id":2627,"date":"2025-05-14T13:34:55","date_gmt":"2025-05-14T16:34:55","guid":{"rendered":"https:\/\/diariodelsurdigital.com.ar\/?p=2627"},"modified":"2025-05-14T13:34:56","modified_gmt":"2025-05-14T16:34:56","slug":"anuncian-la-eliminacion-de-aranceles-para-la-importacion-de-celulares","status":"publish","type":"post","link":"https:\/\/diariodelsurdigital.com.ar\/?p=2627","title":{"rendered":"Anuncian la eliminaci\u00f3n de aranceles para la importaci\u00f3n de celulares"},"content":{"rendered":"\n<p>El vocero presidencial Manuel Adorni inform\u00f3 que el Gobierno va a eliminar por completo los aranceles de importaci\u00f3n de tel\u00e9fonos celulares en dos etapas, comenzando esta misma semana y finalizando en enero de 2026. Tambi\u00e9n reducir\u00e1n aranceles para consolas de videojuegos. \u201cSe estima que los precios de los productos electr\u00f3nicos importados van a bajar alrededor de un 30% como m\u00ednimo\u201d, indic\u00f3.<\/p>\n\n\n\n<p>El Gobierno anunci\u00f3 que va a eliminar en forma total los aranceles de importaci\u00f3n de tel\u00e9fonos celulares, como parte de un decreto que se va a publicar en los pr\u00f3ximos d\u00edas. As\u00ed lo inform\u00f3 este martes el vocero presidencial Manuel Adorni en conferencia de prensa en Casa Rosada. La decisi\u00f3n, que se aplicar\u00e1 en dos fases, tambi\u00e9n incluye una reducci\u00f3n de los impuestos internos para equipos importados y para los producidos en Tierra del Fuego.<\/p>\n\n\n\n<p>\u201cA partir de un decreto que se va a publicar llegando al cierre de la semana, seguramente entre jueves o viernes, el Gobierno Nacional va a eliminar por completo los aranceles de importaci\u00f3n de celulares que hasta ahora eran del 16% y van a pasar a ser del 0%\u201d, anunci\u00f3 Adorni, al comenzar su habitual rueda de prensa.<\/p>\n\n\n\n<p>Un cambio en dos etapas<\/p>\n\n\n\n<p>El vocero explic\u00f3 que la medida se instrumentar\u00e1 en dos etapas. En la primera, que entrar\u00e1 en vigencia de inmediato con la publicaci\u00f3n del decreto, se reducir\u00e1 el arancel vigente del 16% al 8%. La segunda etapa se implementar\u00e1 el 15 de enero de 2026, cuando el arancel pasar\u00e1 a 0% de manera definitiva.<\/p>\n\n\n\n<p>\u201cEsto se va a producir en dos etapas. En la primera se van a bajar los aranceles del 16 al 8% y tendr\u00e1 un efecto inmediato a partir de la publicaci\u00f3n del decreto, que ser\u00e1, como dije, entre jueves o viernes\u201d, indic\u00f3 Adorni.<\/p>\n\n\n\n<p>\u201cEl Gobierno Nacional va a eliminar por completo los aranceles de importaci\u00f3n de celulares que hasta ahora eran del 16% y van a pasar a ser del 0%\u201d (Adorni)<\/p>\n\n\n\n<p>\u201cEn la segunda, se eliminar\u00e1n los aranceles por completo, es decir, se los llevar\u00e1 a cero y tendr\u00e1n efecto a partir del 15 de enero del a\u00f1o que viene, del 2026\u201d, agreg\u00f3.<\/p>\n\n\n\n<p>El anuncio forma parte del plan del Gobierno para avanzar en la desregulaci\u00f3n de mercados, fomentar la competencia entre fabricantes e importadores y reducir el precio de venta de los celulares en el mercado interno, un rubro que viene mostrando aumentos sostenidos muy por encima del promedio de la inflaci\u00f3n.<\/p>\n\n\n\n<p>A trav\u00e9s de su cuenta de la red social X, adem\u00e1s, el vocero dej\u00f3 una informaci\u00f3n extra para agregar: la reducci\u00f3n de aranceles a consolas de videojuegos. \u201cSe ha tomado la decisi\u00f3n de reducir los aranceles para la importaci\u00f3n de consolas como Playstation o Xbox del 35% al 20%\u201d, dijo.<\/p>\n\n\n\n<p>Reducci\u00f3n de impuestos internos<\/p>\n\n\n\n<p>En paralelo con la modificaci\u00f3n de los aranceles, el Gobierno tambi\u00e9n decidi\u00f3 reducir los impuestos internos que gravan a los productos electr\u00f3nicos.<\/p>\n\n\n\n<p>\u201cAdicionalmente, se bajar\u00e1n tambi\u00e9n los impuestos internos que pagan los celulares, televisores y aires acondicionados importados del 19 al 9,5%, y para los producidos en Tierra del Fuego, del 9,5% al 0%\u201d, precis\u00f3 Adorni.<\/p>\n\n\n\n<p>El esquema impositivo actual otorga beneficios fiscales a la industria radicada en Tierra del Fuego, en el marco de un r\u00e9gimen de promoci\u00f3n que rige desde hace m\u00e1s de cuatro d\u00e9cadas. Con la nueva disposici\u00f3n, ese beneficio se ver\u00e1 ampliado al eliminarse completamente la carga impositiva sobre esos productos, mientras que los importados mantendr\u00e1n una tasa reducida.<\/p>\n\n\n\n<p>La reducci\u00f3n del impuesto interno para los art\u00edculos nacionales a cero busca compensar parcialmente la eliminaci\u00f3n de los aranceles, que podr\u00eda beneficiar a los productos importados en t\u00e9rminos de precio final. Seg\u00fan analistas del sector, el impacto depender\u00e1 de factores adicionales como la cotizaci\u00f3n del d\u00f3lar, los costos log\u00edsticos y la evoluci\u00f3n del consumo.<\/p>\n\n\n\n<p>El vocero tambi\u00e9n justific\u00f3 la medida a partir de la marcada diferencia de precios que registran los productos electr\u00f3nicos en Argentina respecto de otros pa\u00edses. Seg\u00fan explic\u00f3, los celulares de gama alta pueden costar hasta el doble que en Estados Unidos o Brasil, y mencion\u00f3 que en muchos casos los consumidores optaban por viajar al exterior para adquirir dispositivos, ya que incluso sumando pasajes y estad\u00eda los costos resultaban m\u00e1s bajos que comprarlos en el mercado local. El Gobierno considera que esta situaci\u00f3n era insostenible y respond\u00eda a una estructura fiscal distorsiva.<\/p>\n\n\n\n<p>En esa l\u00ednea, Adorni se\u00f1al\u00f3 que, con la totalidad del paquete impositivo anunciado, se estima que los precios de los productos electr\u00f3nicos importados podr\u00edan bajar alrededor de un 30%, lo que permitir\u00eda equiparar a la Argentina con los niveles de precios vigentes en pa\u00edses vecinos. La misma reducci\u00f3n se trasladar\u00eda tambi\u00e9n a los productos fabricados en Tierra del Fuego, debido al nuevo esquema de impuestos internos, con al\u00edcuota cero para los productos nacionales.<\/p>\n\n\n\n<p>Desde la perspectiva oficial, la rebaja de tributos no solo busca aliviar el costo para los consumidores sino tambi\u00e9n atacar problem\u00e1ticas asociadas al contrabando y al robo de celulares, fen\u00f3menos que, seg\u00fan argument\u00f3 el vocero, se ven incentivados por los altos precios internos. Como antecedente, el Gobierno menciona el impacto positivo que tuvo la eliminaci\u00f3n de restricciones e impuestos a las autopartes, medida que habr\u00eda reducido la incidencia de delitos vinculados al robo de autos y neum\u00e1ticos, public\u00f3 InfoBae.<\/p>\n\n\n\n<p>Adorni enmarc\u00f3 estas medidas dentro de un enfoque m\u00e1s amplio de reducci\u00f3n sostenida de la presi\u00f3n fiscal, pol\u00edtica que \u2014dijo\u2014 va a continuar a medida que se consolide el super\u00e1vit de las cuentas p\u00fablicas. Mencion\u00f3 que ya se eliminaron tributos como el impuesto PAIS y se bajaron grav\u00e1menes para autos y motos, en l\u00ednea con el compromiso asumido por la administraci\u00f3n nacional desde diciembre. Reiter\u00f3 que el objetivo es devolverle recursos al sector privado y \u201cliberar\u201d la econom\u00eda.<\/p>\n","protected":false},"excerpt":{"rendered":"<p>El vocero presidencial Manuel Adorni inform\u00f3 que el Gobierno va a eliminar por completo los aranceles de importaci\u00f3n de tel\u00e9fonos celulares en dos etapas, comenzando esta misma semana y finalizando en enero de 2026. Tambi\u00e9n reducir\u00e1n aranceles para consolas de videojuegos. \u201cSe estima que los precios de los productos electr\u00f3nicos importados van a bajar alrededor [&hellip;]<\/p>\n","protected":false},"author":4,"featured_media":2628,"comment_status":"open","ping_status":"open","sticky":false,"template":"","format":"standard","meta":{"footnotes":""},"categories":[19],"tags":[],"class_list":{"0":"post-2627","1":"post","2":"type-post","3":"status-publish","4":"format-standard","5":"has-post-thumbnail","7":"category-interes-general"},"yoast_head":"<!-- This site is optimized with the Yoast SEO plugin v27.4 - https:\/\/yoast.com\/product\/yoast-seo-wordpress\/ -->\n<title>Anuncian la eliminaci\u00f3n de aranceles para la importaci\u00f3n de celulares - Diario del Sur<\/title>\n<meta name=\"robots\" content=\"index, follow, max-snippet:-1, max-image-preview:large, max-video-preview:-1\" \/>\n<link rel=\"canonical\" href=\"https:\/\/diariodelsurdigital.com.ar\/?p=2627\" \/>\n<meta property=\"og:locale\" content=\"es_ES\" \/>\n<meta property=\"og:type\" content=\"article\" \/>\n<meta property=\"og:title\" content=\"Anuncian la eliminaci\u00f3n de aranceles para la importaci\u00f3n de celulares - Diario del Sur\" \/>\n<meta property=\"og:description\" content=\"El vocero presidencial Manuel Adorni inform\u00f3 que el Gobierno va a eliminar por completo los aranceles de importaci\u00f3n de tel\u00e9fonos celulares en dos etapas, comenzando esta misma semana y finalizando en enero de 2026. Tambi\u00e9n reducir\u00e1n aranceles para consolas de videojuegos. \u201cSe estima que los precios de los productos electr\u00f3nicos importados van a bajar alrededor [&hellip;]\" \/>\n<meta property=\"og:url\" content=\"https:\/\/diariodelsurdigital.com.ar\/?p=2627\" \/>\n<meta property=\"og:site_name\" content=\"Diario del Sur\" \/>\n<meta property=\"article:published_time\" content=\"2025-05-14T16:34:55+00:00\" \/>\n<meta property=\"article:modified_time\" content=\"2025-05-14T16:34:56+00:00\" \/>\n<meta property=\"og:image\" content=\"https:\/\/diariodelsurdigital.com.ar\/wp-content\/uploads\/2025\/05\/md-27.webp\" \/>\n\t<meta property=\"og:image:width\" content=\"992\" \/>\n\t<meta property=\"og:image:height\" content=\"558\" \/>\n\t<meta property=\"og:image:type\" content=\"image\/webp\" \/>\n<meta name=\"author\" content=\"Diario del Sur Digital\" \/>\n<meta name=\"twitter:card\" content=\"summary_large_image\" \/>\n<meta name=\"twitter:label1\" content=\"Escrito por\" \/>\n\t<meta name=\"twitter:data1\" content=\"Diario del Sur Digital\" \/>\n\t<meta name=\"twitter:label2\" content=\"Tiempo de lectura\" \/>\n\t<meta name=\"twitter:data2\" content=\"5 minutos\" \/>\n<script type=\"application\/ld+json\" class=\"yoast-schema-graph\">{\"@context\":\"https:\\\/\\\/schema.org\",\"@graph\":[{\"@type\":\"Article\",\"@id\":\"https:\\\/\\\/diariodelsurdigital.com.ar\\\/?p=2627#article\",\"isPartOf\":{\"@id\":\"https:\\\/\\\/diariodelsurdigital.com.ar\\\/?p=2627\"},\"author\":{\"name\":\"Diario del Sur Digital\",\"@id\":\"https:\\\/\\\/diariodelsurdigital.com.ar\\\/#\\\/schema\\\/person\\\/1a4992532ed62965c968031b49195c81\"},\"headline\":\"Anuncian la eliminaci\u00f3n de aranceles para la importaci\u00f3n de celulares\",\"datePublished\":\"2025-05-14T16:34:55+00:00\",\"dateModified\":\"2025-05-14T16:34:56+00:00\",\"mainEntityOfPage\":{\"@id\":\"https:\\\/\\\/diariodelsurdigital.com.ar\\\/?p=2627\"},\"wordCount\":1025,\"commentCount\":0,\"image\":{\"@id\":\"https:\\\/\\\/diariodelsurdigital.com.ar\\\/?p=2627#primaryimage\"},\"thumbnailUrl\":\"https:\\\/\\\/diariodelsurdigital.com.ar\\\/wp-content\\\/uploads\\\/2025\\\/05\\\/md-27.webp\",\"articleSection\":[\"Inter\u00e9s General\"],\"inLanguage\":\"es\",\"potentialAction\":[{\"@type\":\"CommentAction\",\"name\":\"Comment\",\"target\":[\"https:\\\/\\\/diariodelsurdigital.com.ar\\\/?p=2627#respond\"]}]},{\"@type\":\"WebPage\",\"@id\":\"https:\\\/\\\/diariodelsurdigital.com.ar\\\/?p=2627\",\"url\":\"https:\\\/\\\/diariodelsurdigital.com.ar\\\/?p=2627\",\"name\":\"Anuncian la eliminaci\u00f3n de aranceles para la importaci\u00f3n de celulares - Diario del Sur\",\"isPartOf\":{\"@id\":\"https:\\\/\\\/diariodelsurdigital.com.ar\\\/#website\"},\"primaryImageOfPage\":{\"@id\":\"https:\\\/\\\/diariodelsurdigital.com.ar\\\/?p=2627#primaryimage\"},\"image\":{\"@id\":\"https:\\\/\\\/diariodelsurdigital.com.ar\\\/?p=2627#primaryimage\"},\"thumbnailUrl\":\"https:\\\/\\\/diariodelsurdigital.com.ar\\\/wp-content\\\/uploads\\\/2025\\\/05\\\/md-27.webp\",\"datePublished\":\"2025-05-14T16:34:55+00:00\",\"dateModified\":\"2025-05-14T16:34:56+00:00\",\"author\":{\"@id\":\"https:\\\/\\\/diariodelsurdigital.com.ar\\\/#\\\/schema\\\/person\\\/1a4992532ed62965c968031b49195c81\"},\"breadcrumb\":{\"@id\":\"https:\\\/\\\/diariodelsurdigital.com.ar\\\/?p=2627#breadcrumb\"},\"inLanguage\":\"es\",\"potentialAction\":[{\"@type\":\"ReadAction\",\"target\":[\"https:\\\/\\\/diariodelsurdigital.com.ar\\\/?p=2627\"]}]},{\"@type\":\"ImageObject\",\"inLanguage\":\"es\",\"@id\":\"https:\\\/\\\/diariodelsurdigital.com.ar\\\/?p=2627#primaryimage\",\"url\":\"https:\\\/\\\/diariodelsurdigital.com.ar\\\/wp-content\\\/uploads\\\/2025\\\/05\\\/md-27.webp\",\"contentUrl\":\"https:\\\/\\\/diariodelsurdigital.com.ar\\\/wp-content\\\/uploads\\\/2025\\\/05\\\/md-27.webp\",\"width\":992,\"height\":558},{\"@type\":\"BreadcrumbList\",\"@id\":\"https:\\\/\\\/diariodelsurdigital.com.ar\\\/?p=2627#breadcrumb\",\"itemListElement\":[{\"@type\":\"ListItem\",\"position\":1,\"name\":\"Portada\",\"item\":\"https:\\\/\\\/diariodelsurdigital.com.ar\\\/\"},{\"@type\":\"ListItem\",\"position\":2,\"name\":\"Anuncian la eliminaci\u00f3n de aranceles para la importaci\u00f3n de celulares\"}]},{\"@type\":\"WebSite\",\"@id\":\"https:\\\/\\\/diariodelsurdigital.com.ar\\\/#website\",\"url\":\"https:\\\/\\\/diariodelsurdigital.com.ar\\\/\",\"name\":\"Diario del Sur\",\"description\":\"Digital\",\"potentialAction\":[{\"@type\":\"SearchAction\",\"target\":{\"@type\":\"EntryPoint\",\"urlTemplate\":\"https:\\\/\\\/diariodelsurdigital.com.ar\\\/?s={search_term_string}\"},\"query-input\":{\"@type\":\"PropertyValueSpecification\",\"valueRequired\":true,\"valueName\":\"search_term_string\"}}],\"inLanguage\":\"es\"},{\"@type\":\"Person\",\"@id\":\"https:\\\/\\\/diariodelsurdigital.com.ar\\\/#\\\/schema\\\/person\\\/1a4992532ed62965c968031b49195c81\",\"name\":\"Diario del Sur Digital\",\"image\":{\"@type\":\"ImageObject\",\"inLanguage\":\"es\",\"@id\":\"https:\\\/\\\/secure.gravatar.com\\\/avatar\\\/f0c7c47fc7146d19828273b9b8eda651c9c7ab583767e6338d3d3bee825adf76?s=96&d=mm&r=g\",\"url\":\"https:\\\/\\\/secure.gravatar.com\\\/avatar\\\/f0c7c47fc7146d19828273b9b8eda651c9c7ab583767e6338d3d3bee825adf76?s=96&d=mm&r=g\",\"contentUrl\":\"https:\\\/\\\/secure.gravatar.com\\\/avatar\\\/f0c7c47fc7146d19828273b9b8eda651c9c7ab583767e6338d3d3bee825adf76?s=96&d=mm&r=g\",\"caption\":\"Diario del Sur Digital\"},\"url\":\"https:\\\/\\\/diariodelsurdigital.com.ar\\\/?author=4\"}]}<\/script>\n<!-- \/ Yoast SEO plugin. -->","yoast_head_json":{"title":"Anuncian la eliminaci\u00f3n de aranceles para la importaci\u00f3n de celulares - Diario del Sur","robots":{"index":"index","follow":"follow","max-snippet":"max-snippet:-1","max-image-preview":"max-image-preview:large","max-video-preview":"max-video-preview:-1"},"canonical":"https:\/\/diariodelsurdigital.com.ar\/?p=2627","og_locale":"es_ES","og_type":"article","og_title":"Anuncian la eliminaci\u00f3n de aranceles para la importaci\u00f3n de celulares - Diario del Sur","og_description":"El vocero presidencial Manuel Adorni inform\u00f3 que el Gobierno va a eliminar por completo los aranceles de importaci\u00f3n de tel\u00e9fonos celulares en dos etapas, comenzando esta misma semana y finalizando en enero de 2026. Tambi\u00e9n reducir\u00e1n aranceles para consolas de videojuegos. \u201cSe estima que los precios de los productos electr\u00f3nicos importados van a bajar alrededor [&hellip;]","og_url":"https:\/\/diariodelsurdigital.com.ar\/?p=2627","og_site_name":"Diario del Sur","article_published_time":"2025-05-14T16:34:55+00:00","article_modified_time":"2025-05-14T16:34:56+00:00","og_image":[{"width":992,"height":558,"url":"https:\/\/diariodelsurdigital.com.ar\/wp-content\/uploads\/2025\/05\/md-27.webp","type":"image\/webp"}],"author":"Diario del Sur Digital","twitter_card":"summary_large_image","twitter_misc":{"Escrito por":"Diario del Sur Digital","Tiempo de lectura":"5 minutos"},"schema":{"@context":"https:\/\/schema.org","@graph":[{"@type":"Article","@id":"https:\/\/diariodelsurdigital.com.ar\/?p=2627#article","isPartOf":{"@id":"https:\/\/diariodelsurdigital.com.ar\/?p=2627"},"author":{"name":"Diario del Sur Digital","@id":"https:\/\/diariodelsurdigital.com.ar\/#\/schema\/person\/1a4992532ed62965c968031b49195c81"},"headline":"Anuncian la eliminaci\u00f3n de aranceles para la importaci\u00f3n de celulares","datePublished":"2025-05-14T16:34:55+00:00","dateModified":"2025-05-14T16:34:56+00:00","mainEntityOfPage":{"@id":"https:\/\/diariodelsurdigital.com.ar\/?p=2627"},"wordCount":1025,"commentCount":0,"image":{"@id":"https:\/\/diariodelsurdigital.com.ar\/?p=2627#primaryimage"},"thumbnailUrl":"https:\/\/diariodelsurdigital.com.ar\/wp-content\/uploads\/2025\/05\/md-27.webp","articleSection":["Inter\u00e9s General"],"inLanguage":"es","potentialAction":[{"@type":"CommentAction","name":"Comment","target":["https:\/\/diariodelsurdigital.com.ar\/?p=2627#respond"]}]},{"@type":"WebPage","@id":"https:\/\/diariodelsurdigital.com.ar\/?p=2627","url":"https:\/\/diariodelsurdigital.com.ar\/?p=2627","name":"Anuncian la eliminaci\u00f3n de aranceles para la importaci\u00f3n de celulares - Diario del Sur","isPartOf":{"@id":"https:\/\/diariodelsurdigital.com.ar\/#website"},"primaryImageOfPage":{"@id":"https:\/\/diariodelsurdigital.com.ar\/?p=2627#primaryimage"},"image":{"@id":"https:\/\/diariodelsurdigital.com.ar\/?p=2627#primaryimage"},"thumbnailUrl":"https:\/\/diariodelsurdigital.com.ar\/wp-content\/uploads\/2025\/05\/md-27.webp","datePublished":"2025-05-14T16:34:55+00:00","dateModified":"2025-05-14T16:34:56+00:00","author":{"@id":"https:\/\/diariodelsurdigital.com.ar\/#\/schema\/person\/1a4992532ed62965c968031b49195c81"},"breadcrumb":{"@id":"https:\/\/diariodelsurdigital.com.ar\/?p=2627#breadcrumb"},"inLanguage":"es","potentialAction":[{"@type":"ReadAction","target":["https:\/\/diariodelsurdigital.com.ar\/?p=2627"]}]},{"@type":"ImageObject","inLanguage":"es","@id":"https:\/\/diariodelsurdigital.com.ar\/?p=2627#primaryimage","url":"https:\/\/diariodelsurdigital.com.ar\/wp-content\/uploads\/2025\/05\/md-27.webp","contentUrl":"https:\/\/diariodelsurdigital.com.ar\/wp-content\/uploads\/2025\/05\/md-27.webp","width":992,"height":558},{"@type":"BreadcrumbList","@id":"https:\/\/diariodelsurdigital.com.ar\/?p=2627#breadcrumb","itemListElement":[{"@type":"ListItem","position":1,"name":"Portada","item":"https:\/\/diariodelsurdigital.com.ar\/"},{"@type":"ListItem","position":2,"name":"Anuncian la eliminaci\u00f3n de aranceles para la importaci\u00f3n de celulares"}]},{"@type":"WebSite","@id":"https:\/\/diariodelsurdigital.com.ar\/#website","url":"https:\/\/diariodelsurdigital.com.ar\/","name":"Diario del Sur","description":"Digital","potentialAction":[{"@type":"SearchAction","target":{"@type":"EntryPoint","urlTemplate":"https:\/\/diariodelsurdigital.com.ar\/?s={search_term_string}"},"query-input":{"@type":"PropertyValueSpecification","valueRequired":true,"valueName":"search_term_string"}}],"inLanguage":"es"},{"@type":"Person","@id":"https:\/\/diariodelsurdigital.com.ar\/#\/schema\/person\/1a4992532ed62965c968031b49195c81","name":"Diario del Sur Digital","image":{"@type":"ImageObject","inLanguage":"es","@id":"https:\/\/secure.gravatar.com\/avatar\/f0c7c47fc7146d19828273b9b8eda651c9c7ab583767e6338d3d3bee825adf76?s=96&d=mm&r=g","url":"https:\/\/secure.gravatar.com\/avatar\/f0c7c47fc7146d19828273b9b8eda651c9c7ab583767e6338d3d3bee825adf76?s=96&d=mm&r=g","contentUrl":"https:\/\/secure.gravatar.com\/avatar\/f0c7c47fc7146d19828273b9b8eda651c9c7ab583767e6338d3d3bee825adf76?s=96&d=mm&r=g","caption":"Diario del Sur Digital"},"url":"https:\/\/diariodelsurdigital.com.ar\/?author=4"}]}},"_links":{"self":[{"href":"https:\/\/diariodelsurdigital.com.ar\/index.php?rest_route=\/wp\/v2\/posts\/2627","targetHints":{"allow":["GET"]}}],"collection":[{"href":"https:\/\/diariodelsurdigital.com.ar\/index.php?rest_route=\/wp\/v2\/posts"}],"about":[{"href":"https:\/\/diariodelsurdigital.com.ar\/index.php?rest_route=\/wp\/v2\/types\/post"}],"author":[{"embeddable":true,"href":"https:\/\/diariodelsurdigital.com.ar\/index.php?rest_route=\/wp\/v2\/users\/4"}],"replies":[{"embeddable":true,"href":"https:\/\/diariodelsurdigital.com.ar\/index.php?rest_route=%2Fwp%2Fv2%2Fcomments&post=2627"}],"version-history":[{"count":1,"href":"https:\/\/diariodelsurdigital.com.ar\/index.php?rest_route=\/wp\/v2\/posts\/2627\/revisions"}],"predecessor-version":[{"id":2629,"href":"https:\/\/diariodelsurdigital.com.ar\/index.php?rest_route=\/wp\/v2\/posts\/2627\/revisions\/2629"}],"wp:featuredmedia":[{"embeddable":true,"href":"https:\/\/diariodelsurdigital.com.ar\/index.php?rest_route=\/wp\/v2\/media\/2628"}],"wp:attachment":[{"href":"https:\/\/diariodelsurdigital.com.ar\/index.php?rest_route=%2Fwp%2Fv2%2Fmedia&parent=2627"}],"wp:term":[{"taxonomy":"category","embeddable":true,"href":"https:\/\/diariodelsurdigital.com.ar\/index.php?rest_route=%2Fwp%2Fv2%2Fcategories&post=2627"},{"taxonomy":"post_tag","embeddable":true,"href":"https:\/\/diariodelsurdigital.com.ar\/index.php?rest_route=%2Fwp%2Fv2%2Ftags&post=2627"}],"curies":[{"name":"wp","href":"https:\/\/api.w.org\/{rel}","templated":true}]}}