{"id":2640,"date":"2025-05-15T11:45:57","date_gmt":"2025-05-15T14:45:57","guid":{"rendered":"https:\/\/diariodelsurdigital.com.ar\/?p=2640"},"modified":"2025-05-15T11:45:57","modified_gmt":"2025-05-15T14:45:57","slug":"denuncian-que-desde-la-municipalidad-de-puerto-yerua-reparten-alimentos-vencidos-a-los-necesitados","status":"publish","type":"post","link":"https:\/\/diariodelsurdigital.com.ar\/?p=2640","title":{"rendered":"Denuncian que desde la Municipalidad de Puerto Yeru\u00e1 reparten alimentos vencidos a los necesitados"},"content":{"rendered":"\n<p><\/p>\n\n\n\n<p>Lo hizo la responsable zonal de Desarrollo Social de la provincia, Valeria Wehren. En comunicaci\u00f3n con <strong>Diario del SUR Digital<\/strong>, la coordinadora departamental se\u00f1al\u00f3 que varias personas de escasos o nulos recursos, detectaron que estaban consumiendo alimentos vencidos que le hab\u00edan entregado en la Municipalidad (foto).<\/p>\n\n\n\n<p>Wehren indic\u00f3 que \u201ces de mi responsabilidad y deber como funcionaria de dar a conocer y a su vez alertar a los ciudadanos de Puerto Yeru\u00e1 que est\u00e1n consumiendo alimentos que le pueden repercutir a su salud y sobre todo a los ni\u00f1os\u201d, alert\u00f3.<\/p>\n\n\n\n<p>Wehren se\u00f1al\u00f3 que \u201cgente del Ministerio de Desarrollo Social de la provincia dijeron que los bolsones con alimentos que entrega la Municipalidad de Puerto Yeru\u00e1, no son de las mismas marcas que les entrega la provincia todos los meses al municipio\u201d, deslindando as\u00ed toda responsabilidad de los que les pueda suceder en la salud de aquellas familias que consumieron los art\u00edculos vencidos\u201d.<\/p>\n\n\n\n<p><strong>Bolsones de alimentos vencidos en veh\u00edculos particulares de funcionarios municipales<\/strong><\/p>\n\n\n\n<p>Lo que llama poderosamente la atenci\u00f3n es que, testigos vieron en estos d\u00edas, bajar del veh\u00edculo particular de la responsable de Desarrollo Social, Olivia Denis, con la ayuda de la concejal Delaloye, bolsones de alimentos en la Municipalidad, creando sospechas desde donde se trae esa mercader\u00eda vencida. Si desde alg\u00fan dep\u00f3sito o del minimercado que tiene la funcionaria Olivia Denis.<\/p>\n\n\n\n<p>Entre los art\u00edculos de primera necesidad vencidos se encuentra, harina de trigo, Marca Federaci\u00f3n, con fecha de vencimiento del 29 de enero del 2025 (foto). Leche en polvo sin marca, debido a que se le retir\u00f3 la caja, lo que agrava m\u00e1s la entrega. Pur\u00e9 de tomate marca Don Pepe, con fecha de vencimiento en este mes de mayo (foto).<\/p>\n\n\n\n<figure class=\"wp-block-image size-large\"><img loading=\"lazy\" decoding=\"async\" width=\"576\" height=\"1024\" src=\"https:\/\/diariodelsurdigital.com.ar\/wp-content\/uploads\/2025\/05\/Imagen-de-WhatsApp-2025-05-15-a-las-11.41.13_70354f0f-576x1024.jpg\" alt=\"\" class=\"wp-image-2642\" srcset=\"https:\/\/diariodelsurdigital.com.ar\/wp-content\/uploads\/2025\/05\/Imagen-de-WhatsApp-2025-05-15-a-las-11.41.13_70354f0f-576x1024.jpg 576w, https:\/\/diariodelsurdigital.com.ar\/wp-content\/uploads\/2025\/05\/Imagen-de-WhatsApp-2025-05-15-a-las-11.41.13_70354f0f-169x300.jpg 169w, https:\/\/diariodelsurdigital.com.ar\/wp-content\/uploads\/2025\/05\/Imagen-de-WhatsApp-2025-05-15-a-las-11.41.13_70354f0f-768x1365.jpg 768w, https:\/\/diariodelsurdigital.com.ar\/wp-content\/uploads\/2025\/05\/Imagen-de-WhatsApp-2025-05-15-a-las-11.41.13_70354f0f-864x1536.jpg 864w, https:\/\/diariodelsurdigital.com.ar\/wp-content\/uploads\/2025\/05\/Imagen-de-WhatsApp-2025-05-15-a-las-11.41.13_70354f0f-236x420.jpg 236w, https:\/\/diariodelsurdigital.com.ar\/wp-content\/uploads\/2025\/05\/Imagen-de-WhatsApp-2025-05-15-a-las-11.41.13_70354f0f-696x1237.jpg 696w, https:\/\/diariodelsurdigital.com.ar\/wp-content\/uploads\/2025\/05\/Imagen-de-WhatsApp-2025-05-15-a-las-11.41.13_70354f0f.jpg 900w\" sizes=\"auto, (max-width: 576px) 100vw, 576px\" \/><\/figure>\n\n\n\n<p>Por \u00faltimo, Wehren sugiri\u00f3 que todo aquel vecino o vecina de Puerto Yeru\u00e1, que haya consumido estos alimentos vencidos y tengan alg\u00fan problema de salud, se dirijan inmediatamente al Centro provincial de atenci\u00f3n primaria de la salud para atenderse con el Dr. Sebasti\u00e1n San Miguel.<\/p>\n\n\n\n<figure class=\"wp-block-image size-large\"><img loading=\"lazy\" decoding=\"async\" width=\"1024\" height=\"576\" src=\"https:\/\/diariodelsurdigital.com.ar\/wp-content\/uploads\/2025\/05\/Imagen-de-WhatsApp-2025-05-15-a-las-11.41.14_b4b76d47-1024x576.jpg\" alt=\"\" class=\"wp-image-2643\" srcset=\"https:\/\/diariodelsurdigital.com.ar\/wp-content\/uploads\/2025\/05\/Imagen-de-WhatsApp-2025-05-15-a-las-11.41.14_b4b76d47-1024x576.jpg 1024w, https:\/\/diariodelsurdigital.com.ar\/wp-content\/uploads\/2025\/05\/Imagen-de-WhatsApp-2025-05-15-a-las-11.41.14_b4b76d47-300x169.jpg 300w, https:\/\/diariodelsurdigital.com.ar\/wp-content\/uploads\/2025\/05\/Imagen-de-WhatsApp-2025-05-15-a-las-11.41.14_b4b76d47-768x432.jpg 768w, https:\/\/diariodelsurdigital.com.ar\/wp-content\/uploads\/2025\/05\/Imagen-de-WhatsApp-2025-05-15-a-las-11.41.14_b4b76d47-747x420.jpg 747w, https:\/\/diariodelsurdigital.com.ar\/wp-content\/uploads\/2025\/05\/Imagen-de-WhatsApp-2025-05-15-a-las-11.41.14_b4b76d47-696x392.jpg 696w, https:\/\/diariodelsurdigital.com.ar\/wp-content\/uploads\/2025\/05\/Imagen-de-WhatsApp-2025-05-15-a-las-11.41.14_b4b76d47-1068x601.jpg 1068w, https:\/\/diariodelsurdigital.com.ar\/wp-content\/uploads\/2025\/05\/Imagen-de-WhatsApp-2025-05-15-a-las-11.41.14_b4b76d47.jpg 1280w\" sizes=\"auto, (max-width: 1024px) 100vw, 1024px\" \/><\/figure>\n","protected":false},"excerpt":{"rendered":"<p>Lo hizo la responsable zonal de Desarrollo Social de la provincia, Valeria Wehren. En comunicaci\u00f3n con Diario del SUR Digital, la coordinadora departamental se\u00f1al\u00f3 que varias personas de escasos o nulos recursos, detectaron que estaban consumiendo alimentos vencidos que le hab\u00edan entregado en la Municipalidad (foto). Wehren indic\u00f3 que \u201ces de mi responsabilidad y deber [&hellip;]<\/p>\n","protected":false},"author":2,"featured_media":2641,"comment_status":"open","ping_status":"open","sticky":false,"template":"","format":"standard","meta":{"footnotes":""},"categories":[16],"tags":[],"class_list":{"0":"post-2640","1":"post","2":"type-post","3":"status-publish","4":"format-standard","5":"has-post-thumbnail","7":"category-locales"},"yoast_head":"<!-- This site is optimized with the Yoast SEO plugin v27.4 - https:\/\/yoast.com\/product\/yoast-seo-wordpress\/ -->\n<title>Denuncian que desde la Municipalidad de Puerto Yeru\u00e1 reparten alimentos vencidos a los necesitados - Diario del Sur<\/title>\n<meta name=\"robots\" content=\"index, follow, max-snippet:-1, max-image-preview:large, max-video-preview:-1\" \/>\n<link rel=\"canonical\" href=\"https:\/\/diariodelsurdigital.com.ar\/?p=2640\" \/>\n<meta property=\"og:locale\" content=\"es_ES\" \/>\n<meta property=\"og:type\" content=\"article\" \/>\n<meta property=\"og:title\" content=\"Denuncian que desde la Municipalidad de Puerto Yeru\u00e1 reparten alimentos vencidos a los necesitados - Diario del Sur\" \/>\n<meta property=\"og:description\" content=\"Lo hizo la responsable zonal de Desarrollo Social de la provincia, Valeria Wehren. En comunicaci\u00f3n con Diario del SUR Digital, la coordinadora departamental se\u00f1al\u00f3 que varias personas de escasos o nulos recursos, detectaron que estaban consumiendo alimentos vencidos que le hab\u00edan entregado en la Municipalidad (foto). Wehren indic\u00f3 que \u201ces de mi responsabilidad y deber [&hellip;]\" \/>\n<meta property=\"og:url\" content=\"https:\/\/diariodelsurdigital.com.ar\/?p=2640\" \/>\n<meta property=\"og:site_name\" content=\"Diario del Sur\" \/>\n<meta property=\"article:published_time\" content=\"2025-05-15T14:45:57+00:00\" \/>\n<meta property=\"og:image\" content=\"https:\/\/diariodelsurdigital.com.ar\/wp-content\/uploads\/2025\/05\/Imagen-de-WhatsApp-2025-05-15-a-las-11.41.14_84b73444.jpg\" \/>\n\t<meta property=\"og:image:width\" content=\"576\" \/>\n\t<meta property=\"og:image:height\" content=\"500\" \/>\n\t<meta property=\"og:image:type\" content=\"image\/jpeg\" \/>\n<meta name=\"author\" content=\"Diario del Sur Digital\" \/>\n<meta name=\"twitter:card\" content=\"summary_large_image\" \/>\n<meta name=\"twitter:label1\" content=\"Escrito por\" \/>\n\t<meta name=\"twitter:data1\" content=\"Diario del Sur Digital\" \/>\n\t<meta name=\"twitter:label2\" content=\"Tiempo de lectura\" \/>\n\t<meta name=\"twitter:data2\" content=\"3 minutos\" \/>\n<script type=\"application\/ld+json\" class=\"yoast-schema-graph\">{\"@context\":\"https:\\\/\\\/schema.org\",\"@graph\":[{\"@type\":\"Article\",\"@id\":\"https:\\\/\\\/diariodelsurdigital.com.ar\\\/?p=2640#article\",\"isPartOf\":{\"@id\":\"https:\\\/\\\/diariodelsurdigital.com.ar\\\/?p=2640\"},\"author\":{\"name\":\"Diario del Sur Digital\",\"@id\":\"https:\\\/\\\/diariodelsurdigital.com.ar\\\/#\\\/schema\\\/person\\\/6136a32571657f7dba980b88b04c5465\"},\"headline\":\"Denuncian que desde la Municipalidad de Puerto Yeru\u00e1 reparten alimentos vencidos a los necesitados\",\"datePublished\":\"2025-05-15T14:45:57+00:00\",\"mainEntityOfPage\":{\"@id\":\"https:\\\/\\\/diariodelsurdigital.com.ar\\\/?p=2640\"},\"wordCount\":359,\"commentCount\":0,\"image\":{\"@id\":\"https:\\\/\\\/diariodelsurdigital.com.ar\\\/?p=2640#primaryimage\"},\"thumbnailUrl\":\"https:\\\/\\\/diariodelsurdigital.com.ar\\\/wp-content\\\/uploads\\\/2025\\\/05\\\/Imagen-de-WhatsApp-2025-05-15-a-las-11.41.14_84b73444.jpg\",\"articleSection\":[\"Locales\"],\"inLanguage\":\"es\",\"potentialAction\":[{\"@type\":\"CommentAction\",\"name\":\"Comment\",\"target\":[\"https:\\\/\\\/diariodelsurdigital.com.ar\\\/?p=2640#respond\"]}]},{\"@type\":\"WebPage\",\"@id\":\"https:\\\/\\\/diariodelsurdigital.com.ar\\\/?p=2640\",\"url\":\"https:\\\/\\\/diariodelsurdigital.com.ar\\\/?p=2640\",\"name\":\"Denuncian que desde la Municipalidad de Puerto Yeru\u00e1 reparten alimentos vencidos a los necesitados - Diario del Sur\",\"isPartOf\":{\"@id\":\"https:\\\/\\\/diariodelsurdigital.com.ar\\\/#website\"},\"primaryImageOfPage\":{\"@id\":\"https:\\\/\\\/diariodelsurdigital.com.ar\\\/?p=2640#primaryimage\"},\"image\":{\"@id\":\"https:\\\/\\\/diariodelsurdigital.com.ar\\\/?p=2640#primaryimage\"},\"thumbnailUrl\":\"https:\\\/\\\/diariodelsurdigital.com.ar\\\/wp-content\\\/uploads\\\/2025\\\/05\\\/Imagen-de-WhatsApp-2025-05-15-a-las-11.41.14_84b73444.jpg\",\"datePublished\":\"2025-05-15T14:45:57+00:00\",\"author\":{\"@id\":\"https:\\\/\\\/diariodelsurdigital.com.ar\\\/#\\\/schema\\\/person\\\/6136a32571657f7dba980b88b04c5465\"},\"breadcrumb\":{\"@id\":\"https:\\\/\\\/diariodelsurdigital.com.ar\\\/?p=2640#breadcrumb\"},\"inLanguage\":\"es\",\"potentialAction\":[{\"@type\":\"ReadAction\",\"target\":[\"https:\\\/\\\/diariodelsurdigital.com.ar\\\/?p=2640\"]}]},{\"@type\":\"ImageObject\",\"inLanguage\":\"es\",\"@id\":\"https:\\\/\\\/diariodelsurdigital.com.ar\\\/?p=2640#primaryimage\",\"url\":\"https:\\\/\\\/diariodelsurdigital.com.ar\\\/wp-content\\\/uploads\\\/2025\\\/05\\\/Imagen-de-WhatsApp-2025-05-15-a-las-11.41.14_84b73444.jpg\",\"contentUrl\":\"https:\\\/\\\/diariodelsurdigital.com.ar\\\/wp-content\\\/uploads\\\/2025\\\/05\\\/Imagen-de-WhatsApp-2025-05-15-a-las-11.41.14_84b73444.jpg\",\"width\":576,\"height\":500},{\"@type\":\"BreadcrumbList\",\"@id\":\"https:\\\/\\\/diariodelsurdigital.com.ar\\\/?p=2640#breadcrumb\",\"itemListElement\":[{\"@type\":\"ListItem\",\"position\":1,\"name\":\"Portada\",\"item\":\"https:\\\/\\\/diariodelsurdigital.com.ar\\\/\"},{\"@type\":\"ListItem\",\"position\":2,\"name\":\"Denuncian que desde la Municipalidad de Puerto Yeru\u00e1 reparten alimentos vencidos a los necesitados\"}]},{\"@type\":\"WebSite\",\"@id\":\"https:\\\/\\\/diariodelsurdigital.com.ar\\\/#website\",\"url\":\"https:\\\/\\\/diariodelsurdigital.com.ar\\\/\",\"name\":\"Diario del Sur\",\"description\":\"Digital\",\"potentialAction\":[{\"@type\":\"SearchAction\",\"target\":{\"@type\":\"EntryPoint\",\"urlTemplate\":\"https:\\\/\\\/diariodelsurdigital.com.ar\\\/?s={search_term_string}\"},\"query-input\":{\"@type\":\"PropertyValueSpecification\",\"valueRequired\":true,\"valueName\":\"search_term_string\"}}],\"inLanguage\":\"es\"},{\"@type\":\"Person\",\"@id\":\"https:\\\/\\\/diariodelsurdigital.com.ar\\\/#\\\/schema\\\/person\\\/6136a32571657f7dba980b88b04c5465\",\"name\":\"Diario del Sur Digital\",\"image\":{\"@type\":\"ImageObject\",\"inLanguage\":\"es\",\"@id\":\"https:\\\/\\\/secure.gravatar.com\\\/avatar\\\/4c29ceac98541dd42460b2474aaa5dd37594d6ce6cb3cf2c101d09b48ee287ba?s=96&d=mm&r=g\",\"url\":\"https:\\\/\\\/secure.gravatar.com\\\/avatar\\\/4c29ceac98541dd42460b2474aaa5dd37594d6ce6cb3cf2c101d09b48ee287ba?s=96&d=mm&r=g\",\"contentUrl\":\"https:\\\/\\\/secure.gravatar.com\\\/avatar\\\/4c29ceac98541dd42460b2474aaa5dd37594d6ce6cb3cf2c101d09b48ee287ba?s=96&d=mm&r=g\",\"caption\":\"Diario del Sur Digital\"},\"url\":\"https:\\\/\\\/diariodelsurdigital.com.ar\\\/?author=2\"}]}<\/script>\n<!-- \/ Yoast SEO plugin. -->","yoast_head_json":{"title":"Denuncian que desde la Municipalidad de Puerto Yeru\u00e1 reparten alimentos vencidos a los necesitados - Diario del Sur","robots":{"index":"index","follow":"follow","max-snippet":"max-snippet:-1","max-image-preview":"max-image-preview:large","max-video-preview":"max-video-preview:-1"},"canonical":"https:\/\/diariodelsurdigital.com.ar\/?p=2640","og_locale":"es_ES","og_type":"article","og_title":"Denuncian que desde la Municipalidad de Puerto Yeru\u00e1 reparten alimentos vencidos a los necesitados - Diario del Sur","og_description":"Lo hizo la responsable zonal de Desarrollo Social de la provincia, Valeria Wehren. En comunicaci\u00f3n con Diario del SUR Digital, la coordinadora departamental se\u00f1al\u00f3 que varias personas de escasos o nulos recursos, detectaron que estaban consumiendo alimentos vencidos que le hab\u00edan entregado en la Municipalidad (foto). Wehren indic\u00f3 que \u201ces de mi responsabilidad y deber [&hellip;]","og_url":"https:\/\/diariodelsurdigital.com.ar\/?p=2640","og_site_name":"Diario del Sur","article_published_time":"2025-05-15T14:45:57+00:00","og_image":[{"width":576,"height":500,"url":"https:\/\/diariodelsurdigital.com.ar\/wp-content\/uploads\/2025\/05\/Imagen-de-WhatsApp-2025-05-15-a-las-11.41.14_84b73444.jpg","type":"image\/jpeg"}],"author":"Diario del Sur Digital","twitter_card":"summary_large_image","twitter_misc":{"Escrito por":"Diario del Sur Digital","Tiempo de lectura":"3 minutos"},"schema":{"@context":"https:\/\/schema.org","@graph":[{"@type":"Article","@id":"https:\/\/diariodelsurdigital.com.ar\/?p=2640#article","isPartOf":{"@id":"https:\/\/diariodelsurdigital.com.ar\/?p=2640"},"author":{"name":"Diario del Sur Digital","@id":"https:\/\/diariodelsurdigital.com.ar\/#\/schema\/person\/6136a32571657f7dba980b88b04c5465"},"headline":"Denuncian que desde la Municipalidad de Puerto Yeru\u00e1 reparten alimentos vencidos a los necesitados","datePublished":"2025-05-15T14:45:57+00:00","mainEntityOfPage":{"@id":"https:\/\/diariodelsurdigital.com.ar\/?p=2640"},"wordCount":359,"commentCount":0,"image":{"@id":"https:\/\/diariodelsurdigital.com.ar\/?p=2640#primaryimage"},"thumbnailUrl":"https:\/\/diariodelsurdigital.com.ar\/wp-content\/uploads\/2025\/05\/Imagen-de-WhatsApp-2025-05-15-a-las-11.41.14_84b73444.jpg","articleSection":["Locales"],"inLanguage":"es","potentialAction":[{"@type":"CommentAction","name":"Comment","target":["https:\/\/diariodelsurdigital.com.ar\/?p=2640#respond"]}]},{"@type":"WebPage","@id":"https:\/\/diariodelsurdigital.com.ar\/?p=2640","url":"https:\/\/diariodelsurdigital.com.ar\/?p=2640","name":"Denuncian que desde la Municipalidad de Puerto Yeru\u00e1 reparten alimentos vencidos a los necesitados - Diario del Sur","isPartOf":{"@id":"https:\/\/diariodelsurdigital.com.ar\/#website"},"primaryImageOfPage":{"@id":"https:\/\/diariodelsurdigital.com.ar\/?p=2640#primaryimage"},"image":{"@id":"https:\/\/diariodelsurdigital.com.ar\/?p=2640#primaryimage"},"thumbnailUrl":"https:\/\/diariodelsurdigital.com.ar\/wp-content\/uploads\/2025\/05\/Imagen-de-WhatsApp-2025-05-15-a-las-11.41.14_84b73444.jpg","datePublished":"2025-05-15T14:45:57+00:00","author":{"@id":"https:\/\/diariodelsurdigital.com.ar\/#\/schema\/person\/6136a32571657f7dba980b88b04c5465"},"breadcrumb":{"@id":"https:\/\/diariodelsurdigital.com.ar\/?p=2640#breadcrumb"},"inLanguage":"es","potentialAction":[{"@type":"ReadAction","target":["https:\/\/diariodelsurdigital.com.ar\/?p=2640"]}]},{"@type":"ImageObject","inLanguage":"es","@id":"https:\/\/diariodelsurdigital.com.ar\/?p=2640#primaryimage","url":"https:\/\/diariodelsurdigital.com.ar\/wp-content\/uploads\/2025\/05\/Imagen-de-WhatsApp-2025-05-15-a-las-11.41.14_84b73444.jpg","contentUrl":"https:\/\/diariodelsurdigital.com.ar\/wp-content\/uploads\/2025\/05\/Imagen-de-WhatsApp-2025-05-15-a-las-11.41.14_84b73444.jpg","width":576,"height":500},{"@type":"BreadcrumbList","@id":"https:\/\/diariodelsurdigital.com.ar\/?p=2640#breadcrumb","itemListElement":[{"@type":"ListItem","position":1,"name":"Portada","item":"https:\/\/diariodelsurdigital.com.ar\/"},{"@type":"ListItem","position":2,"name":"Denuncian que desde la Municipalidad de Puerto Yeru\u00e1 reparten alimentos vencidos a los necesitados"}]},{"@type":"WebSite","@id":"https:\/\/diariodelsurdigital.com.ar\/#website","url":"https:\/\/diariodelsurdigital.com.ar\/","name":"Diario del Sur","description":"Digital","potentialAction":[{"@type":"SearchAction","target":{"@type":"EntryPoint","urlTemplate":"https:\/\/diariodelsurdigital.com.ar\/?s={search_term_string}"},"query-input":{"@type":"PropertyValueSpecification","valueRequired":true,"valueName":"search_term_string"}}],"inLanguage":"es"},{"@type":"Person","@id":"https:\/\/diariodelsurdigital.com.ar\/#\/schema\/person\/6136a32571657f7dba980b88b04c5465","name":"Diario del Sur Digital","image":{"@type":"ImageObject","inLanguage":"es","@id":"https:\/\/secure.gravatar.com\/avatar\/4c29ceac98541dd42460b2474aaa5dd37594d6ce6cb3cf2c101d09b48ee287ba?s=96&d=mm&r=g","url":"https:\/\/secure.gravatar.com\/avatar\/4c29ceac98541dd42460b2474aaa5dd37594d6ce6cb3cf2c101d09b48ee287ba?s=96&d=mm&r=g","contentUrl":"https:\/\/secure.gravatar.com\/avatar\/4c29ceac98541dd42460b2474aaa5dd37594d6ce6cb3cf2c101d09b48ee287ba?s=96&d=mm&r=g","caption":"Diario del Sur Digital"},"url":"https:\/\/diariodelsurdigital.com.ar\/?author=2"}]}},"_links":{"self":[{"href":"https:\/\/diariodelsurdigital.com.ar\/index.php?rest_route=\/wp\/v2\/posts\/2640","targetHints":{"allow":["GET"]}}],"collection":[{"href":"https:\/\/diariodelsurdigital.com.ar\/index.php?rest_route=\/wp\/v2\/posts"}],"about":[{"href":"https:\/\/diariodelsurdigital.com.ar\/index.php?rest_route=\/wp\/v2\/types\/post"}],"author":[{"embeddable":true,"href":"https:\/\/diariodelsurdigital.com.ar\/index.php?rest_route=\/wp\/v2\/users\/2"}],"replies":[{"embeddable":true,"href":"https:\/\/diariodelsurdigital.com.ar\/index.php?rest_route=%2Fwp%2Fv2%2Fcomments&post=2640"}],"version-history":[{"count":1,"href":"https:\/\/diariodelsurdigital.com.ar\/index.php?rest_route=\/wp\/v2\/posts\/2640\/revisions"}],"predecessor-version":[{"id":2644,"href":"https:\/\/diariodelsurdigital.com.ar\/index.php?rest_route=\/wp\/v2\/posts\/2640\/revisions\/2644"}],"wp:featuredmedia":[{"embeddable":true,"href":"https:\/\/diariodelsurdigital.com.ar\/index.php?rest_route=\/wp\/v2\/media\/2641"}],"wp:attachment":[{"href":"https:\/\/diariodelsurdigital.com.ar\/index.php?rest_route=%2Fwp%2Fv2%2Fmedia&parent=2640"}],"wp:term":[{"taxonomy":"category","embeddable":true,"href":"https:\/\/diariodelsurdigital.com.ar\/index.php?rest_route=%2Fwp%2Fv2%2Fcategories&post=2640"},{"taxonomy":"post_tag","embeddable":true,"href":"https:\/\/diariodelsurdigital.com.ar\/index.php?rest_route=%2Fwp%2Fv2%2Ftags&post=2640"}],"curies":[{"name":"wp","href":"https:\/\/api.w.org\/{rel}","templated":true}]}}