{"id":2647,"date":"2025-05-15T12:58:30","date_gmt":"2025-05-15T15:58:30","guid":{"rendered":"https:\/\/diariodelsurdigital.com.ar\/?p=2647"},"modified":"2025-05-15T12:58:31","modified_gmt":"2025-05-15T15:58:31","slug":"victoria-se-movilizo-para-pedir-justicia-por-el-femicidio-de-soledad-andino-y-exigio-la-renuncia-de-la-fiscal","status":"publish","type":"post","link":"https:\/\/diariodelsurdigital.com.ar\/?p=2647","title":{"rendered":"Victoria se moviliz\u00f3 para pedir justicia por el femicidio de Soledad Andino y exigi\u00f3 la renuncia de la Fiscal"},"content":{"rendered":"\n<p>En el marco del femicidio de Soledad Andino, integrantes de la Asamblea Feminista de Victoria marcharon para exigir justicia. Reclamaron la renuncia de la fiscal Flavia Villanueva, quien hab\u00eda dejado en libertad al asesino.<\/p>\n\n\n\n<p>Integrantes de la Asamblea Feminista de Victoria marcharon este jueves en reclamo de justicia por el femicidio de Soledad Andino, la joven asesinada el martes en la ciudad.<\/p>\n\n\n\n<p>Femicidio en Victoria: exigen la renuncia de la Fiscal y convocan a una marcha<br>La manifestaci\u00f3n se desarroll\u00f3 en un contexto de profundo dolor, con fuertes cuestionamientos hacia el sistema judicial local y un pedido concreto de renuncia a la fiscal Flavia Villanueva.<\/p>\n\n\n\n<p>Alejandra Albornoz, de madres protectoras, expres\u00f3: \u201cPedimos la renuncia de la fiscal Flavia Villanueva. No es el primer caso que tiene. Tiene muchos expedientes bajo su escritorio, no muestra empat\u00eda y nos estamos enterando de que su cargo fue puesto a dedo\u201d.<\/p>\n\n\n\n<p>En ese sentido, la representante fue contundente: \u201cSi esta mujer no es retirada de su escritorio, no vamos a parar\u201d.<\/p>\n\n\n\n<p>Desde la asamblea indicaron que entregaron un documento formal para exigir celeridad en la causa y que \u201cla familia pidi\u00f3 mucho respeto, por eso tambi\u00e9n solicitamos tranquilidad en las manifestaciones\u201d, dijo Albornoz<\/p>\n\n\n\n<p>\u201cEl pedido es claro. Que la se\u00f1ora est\u00e9 entre los fiscales y que se escuche el reclamo: pedimos su renuncia. Sabemos que es la esposa de un juez, que su designaci\u00f3n fue a dedo y que no est\u00e1 trabajando para que estas cosas no sucedan\u201d, se\u00f1al\u00f3 Albornoz a El Once.<\/p>\n\n\n\n<p>Tambi\u00e9n recordaron que Villanueva fue la fiscal que intervino en otros casos de violencia de g\u00e9nero en la ciudad y sostuvo que \u201clas mujeres que denuncian no son atendidas\u201d.<\/p>\n\n\n\n<p>En el marco de la movilizaci\u00f3n, desde la Asamblea Feminista remarcaron que \u201cVictoria atraviesa una emergencia de g\u00e9nero\u201d y llamaron a la sociedad a sumarse al reclamo.<\/p>\n\n\n\n<p>\u201cJuntamos firmas para que se vea que no solo las organizaciones quieren su salida, sino tambi\u00e9n la comunidad. Esta es la \u00fanica fiscal mujer que tenemos en Victoria y, sin embargo, es quien m\u00e1s nos abandona\u201d, lament\u00f3<\/p>\n\n\n\n<p>El reclamo se inscribe en una serie de manifestaciones que han tenido lugar en la ciudad desde que se conoci\u00f3 el crimen de Soledad Andino. La causa judicial avanza, mientras familiares, organizaciones y vecinos exigen justicia y respuestas concretas.<\/p>\n","protected":false},"excerpt":{"rendered":"<p>En el marco del femicidio de Soledad Andino, integrantes de la Asamblea Feminista de Victoria marcharon para exigir justicia. Reclamaron la renuncia de la fiscal Flavia Villanueva, quien hab\u00eda dejado en libertad al asesino. Integrantes de la Asamblea Feminista de Victoria marcharon este jueves en reclamo de justicia por el femicidio de Soledad Andino, la [&hellip;]<\/p>\n","protected":false},"author":4,"featured_media":2648,"comment_status":"open","ping_status":"open","sticky":false,"template":"","format":"standard","meta":{"footnotes":""},"categories":[26,17],"tags":[],"class_list":{"0":"post-2647","1":"post","2":"type-post","3":"status-publish","4":"format-standard","5":"has-post-thumbnail","7":"category-judiciales","8":"category-provinciales"},"yoast_head":"<!-- This site is optimized with the Yoast SEO plugin v27.4 - https:\/\/yoast.com\/product\/yoast-seo-wordpress\/ -->\n<title>Victoria se moviliz\u00f3 para pedir justicia por el femicidio de Soledad Andino y exigi\u00f3 la renuncia de la Fiscal - Diario del Sur<\/title>\n<meta name=\"robots\" content=\"index, follow, max-snippet:-1, max-image-preview:large, max-video-preview:-1\" \/>\n<link rel=\"canonical\" href=\"https:\/\/diariodelsurdigital.com.ar\/?p=2647\" \/>\n<meta property=\"og:locale\" content=\"es_ES\" \/>\n<meta property=\"og:type\" content=\"article\" \/>\n<meta property=\"og:title\" content=\"Victoria se moviliz\u00f3 para pedir justicia por el femicidio de Soledad Andino y exigi\u00f3 la renuncia de la Fiscal - Diario del Sur\" \/>\n<meta property=\"og:description\" content=\"En el marco del femicidio de Soledad Andino, integrantes de la Asamblea Feminista de Victoria marcharon para exigir justicia. Reclamaron la renuncia de la fiscal Flavia Villanueva, quien hab\u00eda dejado en libertad al asesino. Integrantes de la Asamblea Feminista de Victoria marcharon este jueves en reclamo de justicia por el femicidio de Soledad Andino, la [&hellip;]\" \/>\n<meta property=\"og:url\" content=\"https:\/\/diariodelsurdigital.com.ar\/?p=2647\" \/>\n<meta property=\"og:site_name\" content=\"Diario del Sur\" \/>\n<meta property=\"article:published_time\" content=\"2025-05-15T15:58:30+00:00\" \/>\n<meta property=\"article:modified_time\" content=\"2025-05-15T15:58:31+00:00\" \/>\n<meta property=\"og:image\" content=\"https:\/\/diariodelsurdigital.com.ar\/wp-content\/uploads\/2025\/05\/md-29.webp\" \/>\n\t<meta property=\"og:image:width\" content=\"992\" \/>\n\t<meta property=\"og:image:height\" content=\"661\" \/>\n\t<meta property=\"og:image:type\" content=\"image\/webp\" \/>\n<meta name=\"author\" content=\"Diario del Sur Digital\" \/>\n<meta name=\"twitter:card\" content=\"summary_large_image\" \/>\n<meta name=\"twitter:label1\" content=\"Escrito por\" \/>\n\t<meta name=\"twitter:data1\" content=\"Diario del Sur Digital\" \/>\n\t<meta name=\"twitter:label2\" content=\"Tiempo de lectura\" \/>\n\t<meta name=\"twitter:data2\" content=\"2 minutos\" \/>\n<script type=\"application\/ld+json\" class=\"yoast-schema-graph\">{\"@context\":\"https:\\\/\\\/schema.org\",\"@graph\":[{\"@type\":\"Article\",\"@id\":\"https:\\\/\\\/diariodelsurdigital.com.ar\\\/?p=2647#article\",\"isPartOf\":{\"@id\":\"https:\\\/\\\/diariodelsurdigital.com.ar\\\/?p=2647\"},\"author\":{\"name\":\"Diario del Sur Digital\",\"@id\":\"https:\\\/\\\/diariodelsurdigital.com.ar\\\/#\\\/schema\\\/person\\\/1a4992532ed62965c968031b49195c81\"},\"headline\":\"Victoria se moviliz\u00f3 para pedir justicia por el femicidio de Soledad Andino y exigi\u00f3 la renuncia de la Fiscal\",\"datePublished\":\"2025-05-15T15:58:30+00:00\",\"dateModified\":\"2025-05-15T15:58:31+00:00\",\"mainEntityOfPage\":{\"@id\":\"https:\\\/\\\/diariodelsurdigital.com.ar\\\/?p=2647\"},\"wordCount\":412,\"commentCount\":0,\"image\":{\"@id\":\"https:\\\/\\\/diariodelsurdigital.com.ar\\\/?p=2647#primaryimage\"},\"thumbnailUrl\":\"https:\\\/\\\/diariodelsurdigital.com.ar\\\/wp-content\\\/uploads\\\/2025\\\/05\\\/md-29.webp\",\"articleSection\":[\"Judiciales\",\"Provinciales\"],\"inLanguage\":\"es\",\"potentialAction\":[{\"@type\":\"CommentAction\",\"name\":\"Comment\",\"target\":[\"https:\\\/\\\/diariodelsurdigital.com.ar\\\/?p=2647#respond\"]}]},{\"@type\":\"WebPage\",\"@id\":\"https:\\\/\\\/diariodelsurdigital.com.ar\\\/?p=2647\",\"url\":\"https:\\\/\\\/diariodelsurdigital.com.ar\\\/?p=2647\",\"name\":\"Victoria se moviliz\u00f3 para pedir justicia por el femicidio de Soledad Andino y exigi\u00f3 la renuncia de la Fiscal - Diario del Sur\",\"isPartOf\":{\"@id\":\"https:\\\/\\\/diariodelsurdigital.com.ar\\\/#website\"},\"primaryImageOfPage\":{\"@id\":\"https:\\\/\\\/diariodelsurdigital.com.ar\\\/?p=2647#primaryimage\"},\"image\":{\"@id\":\"https:\\\/\\\/diariodelsurdigital.com.ar\\\/?p=2647#primaryimage\"},\"thumbnailUrl\":\"https:\\\/\\\/diariodelsurdigital.com.ar\\\/wp-content\\\/uploads\\\/2025\\\/05\\\/md-29.webp\",\"datePublished\":\"2025-05-15T15:58:30+00:00\",\"dateModified\":\"2025-05-15T15:58:31+00:00\",\"author\":{\"@id\":\"https:\\\/\\\/diariodelsurdigital.com.ar\\\/#\\\/schema\\\/person\\\/1a4992532ed62965c968031b49195c81\"},\"breadcrumb\":{\"@id\":\"https:\\\/\\\/diariodelsurdigital.com.ar\\\/?p=2647#breadcrumb\"},\"inLanguage\":\"es\",\"potentialAction\":[{\"@type\":\"ReadAction\",\"target\":[\"https:\\\/\\\/diariodelsurdigital.com.ar\\\/?p=2647\"]}]},{\"@type\":\"ImageObject\",\"inLanguage\":\"es\",\"@id\":\"https:\\\/\\\/diariodelsurdigital.com.ar\\\/?p=2647#primaryimage\",\"url\":\"https:\\\/\\\/diariodelsurdigital.com.ar\\\/wp-content\\\/uploads\\\/2025\\\/05\\\/md-29.webp\",\"contentUrl\":\"https:\\\/\\\/diariodelsurdigital.com.ar\\\/wp-content\\\/uploads\\\/2025\\\/05\\\/md-29.webp\",\"width\":992,\"height\":661},{\"@type\":\"BreadcrumbList\",\"@id\":\"https:\\\/\\\/diariodelsurdigital.com.ar\\\/?p=2647#breadcrumb\",\"itemListElement\":[{\"@type\":\"ListItem\",\"position\":1,\"name\":\"Portada\",\"item\":\"https:\\\/\\\/diariodelsurdigital.com.ar\\\/\"},{\"@type\":\"ListItem\",\"position\":2,\"name\":\"Victoria se moviliz\u00f3 para pedir justicia por el femicidio de Soledad Andino y exigi\u00f3 la renuncia de la Fiscal\"}]},{\"@type\":\"WebSite\",\"@id\":\"https:\\\/\\\/diariodelsurdigital.com.ar\\\/#website\",\"url\":\"https:\\\/\\\/diariodelsurdigital.com.ar\\\/\",\"name\":\"Diario del Sur\",\"description\":\"Digital\",\"potentialAction\":[{\"@type\":\"SearchAction\",\"target\":{\"@type\":\"EntryPoint\",\"urlTemplate\":\"https:\\\/\\\/diariodelsurdigital.com.ar\\\/?s={search_term_string}\"},\"query-input\":{\"@type\":\"PropertyValueSpecification\",\"valueRequired\":true,\"valueName\":\"search_term_string\"}}],\"inLanguage\":\"es\"},{\"@type\":\"Person\",\"@id\":\"https:\\\/\\\/diariodelsurdigital.com.ar\\\/#\\\/schema\\\/person\\\/1a4992532ed62965c968031b49195c81\",\"name\":\"Diario del Sur Digital\",\"image\":{\"@type\":\"ImageObject\",\"inLanguage\":\"es\",\"@id\":\"https:\\\/\\\/secure.gravatar.com\\\/avatar\\\/f0c7c47fc7146d19828273b9b8eda651c9c7ab583767e6338d3d3bee825adf76?s=96&d=mm&r=g\",\"url\":\"https:\\\/\\\/secure.gravatar.com\\\/avatar\\\/f0c7c47fc7146d19828273b9b8eda651c9c7ab583767e6338d3d3bee825adf76?s=96&d=mm&r=g\",\"contentUrl\":\"https:\\\/\\\/secure.gravatar.com\\\/avatar\\\/f0c7c47fc7146d19828273b9b8eda651c9c7ab583767e6338d3d3bee825adf76?s=96&d=mm&r=g\",\"caption\":\"Diario del Sur Digital\"},\"url\":\"https:\\\/\\\/diariodelsurdigital.com.ar\\\/?author=4\"}]}<\/script>\n<!-- \/ Yoast SEO plugin. -->","yoast_head_json":{"title":"Victoria se moviliz\u00f3 para pedir justicia por el femicidio de Soledad Andino y exigi\u00f3 la renuncia de la Fiscal - Diario del Sur","robots":{"index":"index","follow":"follow","max-snippet":"max-snippet:-1","max-image-preview":"max-image-preview:large","max-video-preview":"max-video-preview:-1"},"canonical":"https:\/\/diariodelsurdigital.com.ar\/?p=2647","og_locale":"es_ES","og_type":"article","og_title":"Victoria se moviliz\u00f3 para pedir justicia por el femicidio de Soledad Andino y exigi\u00f3 la renuncia de la Fiscal - Diario del Sur","og_description":"En el marco del femicidio de Soledad Andino, integrantes de la Asamblea Feminista de Victoria marcharon para exigir justicia. Reclamaron la renuncia de la fiscal Flavia Villanueva, quien hab\u00eda dejado en libertad al asesino. Integrantes de la Asamblea Feminista de Victoria marcharon este jueves en reclamo de justicia por el femicidio de Soledad Andino, la [&hellip;]","og_url":"https:\/\/diariodelsurdigital.com.ar\/?p=2647","og_site_name":"Diario del Sur","article_published_time":"2025-05-15T15:58:30+00:00","article_modified_time":"2025-05-15T15:58:31+00:00","og_image":[{"width":992,"height":661,"url":"https:\/\/diariodelsurdigital.com.ar\/wp-content\/uploads\/2025\/05\/md-29.webp","type":"image\/webp"}],"author":"Diario del Sur Digital","twitter_card":"summary_large_image","twitter_misc":{"Escrito por":"Diario del Sur Digital","Tiempo de lectura":"2 minutos"},"schema":{"@context":"https:\/\/schema.org","@graph":[{"@type":"Article","@id":"https:\/\/diariodelsurdigital.com.ar\/?p=2647#article","isPartOf":{"@id":"https:\/\/diariodelsurdigital.com.ar\/?p=2647"},"author":{"name":"Diario del Sur Digital","@id":"https:\/\/diariodelsurdigital.com.ar\/#\/schema\/person\/1a4992532ed62965c968031b49195c81"},"headline":"Victoria se moviliz\u00f3 para pedir justicia por el femicidio de Soledad Andino y exigi\u00f3 la renuncia de la Fiscal","datePublished":"2025-05-15T15:58:30+00:00","dateModified":"2025-05-15T15:58:31+00:00","mainEntityOfPage":{"@id":"https:\/\/diariodelsurdigital.com.ar\/?p=2647"},"wordCount":412,"commentCount":0,"image":{"@id":"https:\/\/diariodelsurdigital.com.ar\/?p=2647#primaryimage"},"thumbnailUrl":"https:\/\/diariodelsurdigital.com.ar\/wp-content\/uploads\/2025\/05\/md-29.webp","articleSection":["Judiciales","Provinciales"],"inLanguage":"es","potentialAction":[{"@type":"CommentAction","name":"Comment","target":["https:\/\/diariodelsurdigital.com.ar\/?p=2647#respond"]}]},{"@type":"WebPage","@id":"https:\/\/diariodelsurdigital.com.ar\/?p=2647","url":"https:\/\/diariodelsurdigital.com.ar\/?p=2647","name":"Victoria se moviliz\u00f3 para pedir justicia por el femicidio de Soledad Andino y exigi\u00f3 la renuncia de la Fiscal - Diario del Sur","isPartOf":{"@id":"https:\/\/diariodelsurdigital.com.ar\/#website"},"primaryImageOfPage":{"@id":"https:\/\/diariodelsurdigital.com.ar\/?p=2647#primaryimage"},"image":{"@id":"https:\/\/diariodelsurdigital.com.ar\/?p=2647#primaryimage"},"thumbnailUrl":"https:\/\/diariodelsurdigital.com.ar\/wp-content\/uploads\/2025\/05\/md-29.webp","datePublished":"2025-05-15T15:58:30+00:00","dateModified":"2025-05-15T15:58:31+00:00","author":{"@id":"https:\/\/diariodelsurdigital.com.ar\/#\/schema\/person\/1a4992532ed62965c968031b49195c81"},"breadcrumb":{"@id":"https:\/\/diariodelsurdigital.com.ar\/?p=2647#breadcrumb"},"inLanguage":"es","potentialAction":[{"@type":"ReadAction","target":["https:\/\/diariodelsurdigital.com.ar\/?p=2647"]}]},{"@type":"ImageObject","inLanguage":"es","@id":"https:\/\/diariodelsurdigital.com.ar\/?p=2647#primaryimage","url":"https:\/\/diariodelsurdigital.com.ar\/wp-content\/uploads\/2025\/05\/md-29.webp","contentUrl":"https:\/\/diariodelsurdigital.com.ar\/wp-content\/uploads\/2025\/05\/md-29.webp","width":992,"height":661},{"@type":"BreadcrumbList","@id":"https:\/\/diariodelsurdigital.com.ar\/?p=2647#breadcrumb","itemListElement":[{"@type":"ListItem","position":1,"name":"Portada","item":"https:\/\/diariodelsurdigital.com.ar\/"},{"@type":"ListItem","position":2,"name":"Victoria se moviliz\u00f3 para pedir justicia por el femicidio de Soledad Andino y exigi\u00f3 la renuncia de la Fiscal"}]},{"@type":"WebSite","@id":"https:\/\/diariodelsurdigital.com.ar\/#website","url":"https:\/\/diariodelsurdigital.com.ar\/","name":"Diario del Sur","description":"Digital","potentialAction":[{"@type":"SearchAction","target":{"@type":"EntryPoint","urlTemplate":"https:\/\/diariodelsurdigital.com.ar\/?s={search_term_string}"},"query-input":{"@type":"PropertyValueSpecification","valueRequired":true,"valueName":"search_term_string"}}],"inLanguage":"es"},{"@type":"Person","@id":"https:\/\/diariodelsurdigital.com.ar\/#\/schema\/person\/1a4992532ed62965c968031b49195c81","name":"Diario del Sur Digital","image":{"@type":"ImageObject","inLanguage":"es","@id":"https:\/\/secure.gravatar.com\/avatar\/f0c7c47fc7146d19828273b9b8eda651c9c7ab583767e6338d3d3bee825adf76?s=96&d=mm&r=g","url":"https:\/\/secure.gravatar.com\/avatar\/f0c7c47fc7146d19828273b9b8eda651c9c7ab583767e6338d3d3bee825adf76?s=96&d=mm&r=g","contentUrl":"https:\/\/secure.gravatar.com\/avatar\/f0c7c47fc7146d19828273b9b8eda651c9c7ab583767e6338d3d3bee825adf76?s=96&d=mm&r=g","caption":"Diario del Sur Digital"},"url":"https:\/\/diariodelsurdigital.com.ar\/?author=4"}]}},"_links":{"self":[{"href":"https:\/\/diariodelsurdigital.com.ar\/index.php?rest_route=\/wp\/v2\/posts\/2647","targetHints":{"allow":["GET"]}}],"collection":[{"href":"https:\/\/diariodelsurdigital.com.ar\/index.php?rest_route=\/wp\/v2\/posts"}],"about":[{"href":"https:\/\/diariodelsurdigital.com.ar\/index.php?rest_route=\/wp\/v2\/types\/post"}],"author":[{"embeddable":true,"href":"https:\/\/diariodelsurdigital.com.ar\/index.php?rest_route=\/wp\/v2\/users\/4"}],"replies":[{"embeddable":true,"href":"https:\/\/diariodelsurdigital.com.ar\/index.php?rest_route=%2Fwp%2Fv2%2Fcomments&post=2647"}],"version-history":[{"count":1,"href":"https:\/\/diariodelsurdigital.com.ar\/index.php?rest_route=\/wp\/v2\/posts\/2647\/revisions"}],"predecessor-version":[{"id":2649,"href":"https:\/\/diariodelsurdigital.com.ar\/index.php?rest_route=\/wp\/v2\/posts\/2647\/revisions\/2649"}],"wp:featuredmedia":[{"embeddable":true,"href":"https:\/\/diariodelsurdigital.com.ar\/index.php?rest_route=\/wp\/v2\/media\/2648"}],"wp:attachment":[{"href":"https:\/\/diariodelsurdigital.com.ar\/index.php?rest_route=%2Fwp%2Fv2%2Fmedia&parent=2647"}],"wp:term":[{"taxonomy":"category","embeddable":true,"href":"https:\/\/diariodelsurdigital.com.ar\/index.php?rest_route=%2Fwp%2Fv2%2Fcategories&post=2647"},{"taxonomy":"post_tag","embeddable":true,"href":"https:\/\/diariodelsurdigital.com.ar\/index.php?rest_route=%2Fwp%2Fv2%2Ftags&post=2647"}],"curies":[{"name":"wp","href":"https:\/\/api.w.org\/{rel}","templated":true}]}}