{"id":2653,"date":"2025-05-15T13:06:26","date_gmt":"2025-05-15T16:06:26","guid":{"rendered":"https:\/\/diariodelsurdigital.com.ar\/?p=2653"},"modified":"2025-05-15T13:06:27","modified_gmt":"2025-05-15T16:06:27","slug":"bordet-el-modelo-de-desproteccion-industrial-deja-a-muchas-provincias-sin-herramientas-para-sostener-el-empleo","status":"publish","type":"post","link":"https:\/\/diariodelsurdigital.com.ar\/?p=2653","title":{"rendered":"Bordet: \u201cEl modelo de desprotecci\u00f3n industrial deja a muchas provincias sin herramientas para sostener el empleo\u201d"},"content":{"rendered":"\n<p>El diputado nacional por Entre R\u00edos defendi\u00f3 el proyecto de Ley del Cuero y llam\u00f3 a construir una agenda federal para proteger la industria nacional.<\/p>\n\n\n\n<p>\u201cEl modelo de desprotecci\u00f3n industrial est\u00e1 dejando a muchas provincias sin herramientas para sostener el empleo y el valor agregado en origen\u201d, expres\u00f3 el ex gobernador Gustavo Bordet al subrayar la necesidad de avanzar en una legislaci\u00f3n que fortalezca las cadenas de valor, genere empleo genuino y defienda la producci\u00f3n nacional.<\/p>\n\n\n\n<p>El diputado nacional particip\u00f3 expuso en la Comisi\u00f3n de Industria de la C\u00e1mara de Diputados, en la que se analizaron dos proyectos de ley que buscan regular el uso del t\u00e9rmino \u201ccuero\u201d para proteger a la industria curtidora y a los consumidores frente al uso enga\u00f1oso de denominaciones como \u201ccuero ecol\u00f3gico\u201d o \u201ceco cuero\u201d en productos sint\u00e9ticos.<\/p>\n\n\n\n<p>Durante su intervenci\u00f3n Bordet expres\u00f3 su apoyo a la iniciativa y subray\u00f3 la necesidad de avanzar en una legislaci\u00f3n que fortalezca las cadenas de valor, genere empleo genuino y defienda la producci\u00f3n nacional.<\/p>\n\n\n\n<p>\u201cCelebro que hayamos podido tener esta reuni\u00f3n con referentes de la industria del cuero y que exista un consenso amplio sobre la urgencia de esta ley. Es un paso necesario para proteger el trabajo argentino, evitar el enga\u00f1o al consumidor y promover el desarrollo industrial con criterios de sustentabilidad y calidad\u201d, afirm\u00f3.<\/p>\n\n\n\n<p>El exgobernador de Entre R\u00edos advirti\u00f3 tambi\u00e9n sobre la cr\u00edtica situaci\u00f3n que atraviesan diversos sectores productivos como consecuencia de la apertura indiscriminada de importaciones y la quita de incentivos. \u201cLa industria cay\u00f3 un 9% en 2024. No se trata s\u00f3lo del cuero: lo vemos en la citricultura, en la metalmec\u00e1nica, en la industria av\u00edcola. El modelo de desprotecci\u00f3n industrial est\u00e1 dejando a muchas provincias sin herramientas para sostener el empleo y el valor agregado en origen\u201d, se\u00f1al\u00f3.<\/p>\n\n\n\n<p>En ese marco, el vicepresidente de la Comisi\u00f3n de Industria, propuso construir una agenda de trabajo sostenida que convoque a todos los actores del entramado productivo donde \u201cpodamos abordar problem\u00e1ticas sector por sector: textil, petroqu\u00edmica, automotriz, maquinaria agr\u00edcola, l\u00ednea blanca, electr\u00f3nica. Queremos un \u00e1mbito permanente de debate y despacho legislativo que est\u00e9 a la altura de la crisis que atraviesa la industria nacional\u201d.<\/p>\n\n\n\n<p>Finalmente, Bordet remarc\u00f3 que \u201cla defensa de la industria no es un eslogan: es una pol\u00edtica de Estado que implica proteger al trabajo argentino, al peque\u00f1o y mediano productor, y a las econom\u00edas regionales. No hay pa\u00eds posible sin industria\u201d, public\u00f3 Ahora.<\/p>\n","protected":false},"excerpt":{"rendered":"<p>El diputado nacional por Entre R\u00edos defendi\u00f3 el proyecto de Ley del Cuero y llam\u00f3 a construir una agenda federal para proteger la industria nacional. \u201cEl modelo de desprotecci\u00f3n industrial est\u00e1 dejando a muchas provincias sin herramientas para sostener el empleo y el valor agregado en origen\u201d, expres\u00f3 el ex gobernador Gustavo Bordet al subrayar [&hellip;]<\/p>\n","protected":false},"author":4,"featured_media":2654,"comment_status":"open","ping_status":"open","sticky":false,"template":"","format":"standard","meta":{"footnotes":""},"categories":[19,22],"tags":[],"class_list":{"0":"post-2653","1":"post","2":"type-post","3":"status-publish","4":"format-standard","5":"has-post-thumbnail","7":"category-interes-general","8":"category-politica"},"yoast_head":"<!-- This site is optimized with the Yoast SEO plugin v27.4 - https:\/\/yoast.com\/product\/yoast-seo-wordpress\/ -->\n<title>Bordet: \u201cEl modelo de desprotecci\u00f3n industrial deja a muchas provincias sin herramientas para sostener el empleo\u201d - Diario del Sur<\/title>\n<meta name=\"robots\" content=\"index, follow, max-snippet:-1, max-image-preview:large, max-video-preview:-1\" \/>\n<link rel=\"canonical\" href=\"https:\/\/diariodelsurdigital.com.ar\/?p=2653\" \/>\n<meta property=\"og:locale\" content=\"es_ES\" \/>\n<meta property=\"og:type\" content=\"article\" \/>\n<meta property=\"og:title\" content=\"Bordet: \u201cEl modelo de desprotecci\u00f3n industrial deja a muchas provincias sin herramientas para sostener el empleo\u201d - Diario del Sur\" \/>\n<meta property=\"og:description\" content=\"El diputado nacional por Entre R\u00edos defendi\u00f3 el proyecto de Ley del Cuero y llam\u00f3 a construir una agenda federal para proteger la industria nacional. \u201cEl modelo de desprotecci\u00f3n industrial est\u00e1 dejando a muchas provincias sin herramientas para sostener el empleo y el valor agregado en origen\u201d, expres\u00f3 el ex gobernador Gustavo Bordet al subrayar [&hellip;]\" \/>\n<meta property=\"og:url\" content=\"https:\/\/diariodelsurdigital.com.ar\/?p=2653\" \/>\n<meta property=\"og:site_name\" content=\"Diario del Sur\" \/>\n<meta property=\"article:published_time\" content=\"2025-05-15T16:06:26+00:00\" \/>\n<meta property=\"article:modified_time\" content=\"2025-05-15T16:06:27+00:00\" \/>\n<meta property=\"og:image\" content=\"https:\/\/diariodelsurdigital.com.ar\/wp-content\/uploads\/2025\/05\/md-31.webp\" \/>\n\t<meta property=\"og:image:width\" content=\"992\" \/>\n\t<meta property=\"og:image:height\" content=\"558\" \/>\n\t<meta property=\"og:image:type\" content=\"image\/webp\" \/>\n<meta name=\"author\" content=\"Diario del Sur Digital\" \/>\n<meta name=\"twitter:card\" content=\"summary_large_image\" \/>\n<meta name=\"twitter:label1\" content=\"Escrito por\" \/>\n\t<meta name=\"twitter:data1\" content=\"Diario del Sur Digital\" \/>\n\t<meta name=\"twitter:label2\" content=\"Tiempo de lectura\" \/>\n\t<meta name=\"twitter:data2\" content=\"3 minutos\" \/>\n<script type=\"application\/ld+json\" class=\"yoast-schema-graph\">{\"@context\":\"https:\\\/\\\/schema.org\",\"@graph\":[{\"@type\":\"Article\",\"@id\":\"https:\\\/\\\/diariodelsurdigital.com.ar\\\/?p=2653#article\",\"isPartOf\":{\"@id\":\"https:\\\/\\\/diariodelsurdigital.com.ar\\\/?p=2653\"},\"author\":{\"name\":\"Diario del Sur Digital\",\"@id\":\"https:\\\/\\\/diariodelsurdigital.com.ar\\\/#\\\/schema\\\/person\\\/1a4992532ed62965c968031b49195c81\"},\"headline\":\"Bordet: \u201cEl modelo de desprotecci\u00f3n industrial deja a muchas provincias sin herramientas para sostener el empleo\u201d\",\"datePublished\":\"2025-05-15T16:06:26+00:00\",\"dateModified\":\"2025-05-15T16:06:27+00:00\",\"mainEntityOfPage\":{\"@id\":\"https:\\\/\\\/diariodelsurdigital.com.ar\\\/?p=2653\"},\"wordCount\":449,\"commentCount\":1,\"image\":{\"@id\":\"https:\\\/\\\/diariodelsurdigital.com.ar\\\/?p=2653#primaryimage\"},\"thumbnailUrl\":\"https:\\\/\\\/diariodelsurdigital.com.ar\\\/wp-content\\\/uploads\\\/2025\\\/05\\\/md-31.webp\",\"articleSection\":[\"Inter\u00e9s General\",\"Pol\u00edtica\"],\"inLanguage\":\"es\",\"potentialAction\":[{\"@type\":\"CommentAction\",\"name\":\"Comment\",\"target\":[\"https:\\\/\\\/diariodelsurdigital.com.ar\\\/?p=2653#respond\"]}]},{\"@type\":\"WebPage\",\"@id\":\"https:\\\/\\\/diariodelsurdigital.com.ar\\\/?p=2653\",\"url\":\"https:\\\/\\\/diariodelsurdigital.com.ar\\\/?p=2653\",\"name\":\"Bordet: \u201cEl modelo de desprotecci\u00f3n industrial deja a muchas provincias sin herramientas para sostener el empleo\u201d - Diario del Sur\",\"isPartOf\":{\"@id\":\"https:\\\/\\\/diariodelsurdigital.com.ar\\\/#website\"},\"primaryImageOfPage\":{\"@id\":\"https:\\\/\\\/diariodelsurdigital.com.ar\\\/?p=2653#primaryimage\"},\"image\":{\"@id\":\"https:\\\/\\\/diariodelsurdigital.com.ar\\\/?p=2653#primaryimage\"},\"thumbnailUrl\":\"https:\\\/\\\/diariodelsurdigital.com.ar\\\/wp-content\\\/uploads\\\/2025\\\/05\\\/md-31.webp\",\"datePublished\":\"2025-05-15T16:06:26+00:00\",\"dateModified\":\"2025-05-15T16:06:27+00:00\",\"author\":{\"@id\":\"https:\\\/\\\/diariodelsurdigital.com.ar\\\/#\\\/schema\\\/person\\\/1a4992532ed62965c968031b49195c81\"},\"breadcrumb\":{\"@id\":\"https:\\\/\\\/diariodelsurdigital.com.ar\\\/?p=2653#breadcrumb\"},\"inLanguage\":\"es\",\"potentialAction\":[{\"@type\":\"ReadAction\",\"target\":[\"https:\\\/\\\/diariodelsurdigital.com.ar\\\/?p=2653\"]}]},{\"@type\":\"ImageObject\",\"inLanguage\":\"es\",\"@id\":\"https:\\\/\\\/diariodelsurdigital.com.ar\\\/?p=2653#primaryimage\",\"url\":\"https:\\\/\\\/diariodelsurdigital.com.ar\\\/wp-content\\\/uploads\\\/2025\\\/05\\\/md-31.webp\",\"contentUrl\":\"https:\\\/\\\/diariodelsurdigital.com.ar\\\/wp-content\\\/uploads\\\/2025\\\/05\\\/md-31.webp\",\"width\":992,\"height\":558},{\"@type\":\"BreadcrumbList\",\"@id\":\"https:\\\/\\\/diariodelsurdigital.com.ar\\\/?p=2653#breadcrumb\",\"itemListElement\":[{\"@type\":\"ListItem\",\"position\":1,\"name\":\"Portada\",\"item\":\"https:\\\/\\\/diariodelsurdigital.com.ar\\\/\"},{\"@type\":\"ListItem\",\"position\":2,\"name\":\"Bordet: \u201cEl modelo de desprotecci\u00f3n industrial deja a muchas provincias sin herramientas para sostener el empleo\u201d\"}]},{\"@type\":\"WebSite\",\"@id\":\"https:\\\/\\\/diariodelsurdigital.com.ar\\\/#website\",\"url\":\"https:\\\/\\\/diariodelsurdigital.com.ar\\\/\",\"name\":\"Diario del Sur\",\"description\":\"Digital\",\"potentialAction\":[{\"@type\":\"SearchAction\",\"target\":{\"@type\":\"EntryPoint\",\"urlTemplate\":\"https:\\\/\\\/diariodelsurdigital.com.ar\\\/?s={search_term_string}\"},\"query-input\":{\"@type\":\"PropertyValueSpecification\",\"valueRequired\":true,\"valueName\":\"search_term_string\"}}],\"inLanguage\":\"es\"},{\"@type\":\"Person\",\"@id\":\"https:\\\/\\\/diariodelsurdigital.com.ar\\\/#\\\/schema\\\/person\\\/1a4992532ed62965c968031b49195c81\",\"name\":\"Diario del Sur Digital\",\"image\":{\"@type\":\"ImageObject\",\"inLanguage\":\"es\",\"@id\":\"https:\\\/\\\/secure.gravatar.com\\\/avatar\\\/f0c7c47fc7146d19828273b9b8eda651c9c7ab583767e6338d3d3bee825adf76?s=96&d=mm&r=g\",\"url\":\"https:\\\/\\\/secure.gravatar.com\\\/avatar\\\/f0c7c47fc7146d19828273b9b8eda651c9c7ab583767e6338d3d3bee825adf76?s=96&d=mm&r=g\",\"contentUrl\":\"https:\\\/\\\/secure.gravatar.com\\\/avatar\\\/f0c7c47fc7146d19828273b9b8eda651c9c7ab583767e6338d3d3bee825adf76?s=96&d=mm&r=g\",\"caption\":\"Diario del Sur Digital\"},\"url\":\"https:\\\/\\\/diariodelsurdigital.com.ar\\\/?author=4\"}]}<\/script>\n<!-- \/ Yoast SEO plugin. -->","yoast_head_json":{"title":"Bordet: \u201cEl modelo de desprotecci\u00f3n industrial deja a muchas provincias sin herramientas para sostener el empleo\u201d - Diario del Sur","robots":{"index":"index","follow":"follow","max-snippet":"max-snippet:-1","max-image-preview":"max-image-preview:large","max-video-preview":"max-video-preview:-1"},"canonical":"https:\/\/diariodelsurdigital.com.ar\/?p=2653","og_locale":"es_ES","og_type":"article","og_title":"Bordet: \u201cEl modelo de desprotecci\u00f3n industrial deja a muchas provincias sin herramientas para sostener el empleo\u201d - Diario del Sur","og_description":"El diputado nacional por Entre R\u00edos defendi\u00f3 el proyecto de Ley del Cuero y llam\u00f3 a construir una agenda federal para proteger la industria nacional. \u201cEl modelo de desprotecci\u00f3n industrial est\u00e1 dejando a muchas provincias sin herramientas para sostener el empleo y el valor agregado en origen\u201d, expres\u00f3 el ex gobernador Gustavo Bordet al subrayar [&hellip;]","og_url":"https:\/\/diariodelsurdigital.com.ar\/?p=2653","og_site_name":"Diario del Sur","article_published_time":"2025-05-15T16:06:26+00:00","article_modified_time":"2025-05-15T16:06:27+00:00","og_image":[{"width":992,"height":558,"url":"https:\/\/diariodelsurdigital.com.ar\/wp-content\/uploads\/2025\/05\/md-31.webp","type":"image\/webp"}],"author":"Diario del Sur Digital","twitter_card":"summary_large_image","twitter_misc":{"Escrito por":"Diario del Sur Digital","Tiempo de lectura":"3 minutos"},"schema":{"@context":"https:\/\/schema.org","@graph":[{"@type":"Article","@id":"https:\/\/diariodelsurdigital.com.ar\/?p=2653#article","isPartOf":{"@id":"https:\/\/diariodelsurdigital.com.ar\/?p=2653"},"author":{"name":"Diario del Sur Digital","@id":"https:\/\/diariodelsurdigital.com.ar\/#\/schema\/person\/1a4992532ed62965c968031b49195c81"},"headline":"Bordet: \u201cEl modelo de desprotecci\u00f3n industrial deja a muchas provincias sin herramientas para sostener el empleo\u201d","datePublished":"2025-05-15T16:06:26+00:00","dateModified":"2025-05-15T16:06:27+00:00","mainEntityOfPage":{"@id":"https:\/\/diariodelsurdigital.com.ar\/?p=2653"},"wordCount":449,"commentCount":1,"image":{"@id":"https:\/\/diariodelsurdigital.com.ar\/?p=2653#primaryimage"},"thumbnailUrl":"https:\/\/diariodelsurdigital.com.ar\/wp-content\/uploads\/2025\/05\/md-31.webp","articleSection":["Inter\u00e9s General","Pol\u00edtica"],"inLanguage":"es","potentialAction":[{"@type":"CommentAction","name":"Comment","target":["https:\/\/diariodelsurdigital.com.ar\/?p=2653#respond"]}]},{"@type":"WebPage","@id":"https:\/\/diariodelsurdigital.com.ar\/?p=2653","url":"https:\/\/diariodelsurdigital.com.ar\/?p=2653","name":"Bordet: \u201cEl modelo de desprotecci\u00f3n industrial deja a muchas provincias sin herramientas para sostener el empleo\u201d - Diario del Sur","isPartOf":{"@id":"https:\/\/diariodelsurdigital.com.ar\/#website"},"primaryImageOfPage":{"@id":"https:\/\/diariodelsurdigital.com.ar\/?p=2653#primaryimage"},"image":{"@id":"https:\/\/diariodelsurdigital.com.ar\/?p=2653#primaryimage"},"thumbnailUrl":"https:\/\/diariodelsurdigital.com.ar\/wp-content\/uploads\/2025\/05\/md-31.webp","datePublished":"2025-05-15T16:06:26+00:00","dateModified":"2025-05-15T16:06:27+00:00","author":{"@id":"https:\/\/diariodelsurdigital.com.ar\/#\/schema\/person\/1a4992532ed62965c968031b49195c81"},"breadcrumb":{"@id":"https:\/\/diariodelsurdigital.com.ar\/?p=2653#breadcrumb"},"inLanguage":"es","potentialAction":[{"@type":"ReadAction","target":["https:\/\/diariodelsurdigital.com.ar\/?p=2653"]}]},{"@type":"ImageObject","inLanguage":"es","@id":"https:\/\/diariodelsurdigital.com.ar\/?p=2653#primaryimage","url":"https:\/\/diariodelsurdigital.com.ar\/wp-content\/uploads\/2025\/05\/md-31.webp","contentUrl":"https:\/\/diariodelsurdigital.com.ar\/wp-content\/uploads\/2025\/05\/md-31.webp","width":992,"height":558},{"@type":"BreadcrumbList","@id":"https:\/\/diariodelsurdigital.com.ar\/?p=2653#breadcrumb","itemListElement":[{"@type":"ListItem","position":1,"name":"Portada","item":"https:\/\/diariodelsurdigital.com.ar\/"},{"@type":"ListItem","position":2,"name":"Bordet: \u201cEl modelo de desprotecci\u00f3n industrial deja a muchas provincias sin herramientas para sostener el empleo\u201d"}]},{"@type":"WebSite","@id":"https:\/\/diariodelsurdigital.com.ar\/#website","url":"https:\/\/diariodelsurdigital.com.ar\/","name":"Diario del Sur","description":"Digital","potentialAction":[{"@type":"SearchAction","target":{"@type":"EntryPoint","urlTemplate":"https:\/\/diariodelsurdigital.com.ar\/?s={search_term_string}"},"query-input":{"@type":"PropertyValueSpecification","valueRequired":true,"valueName":"search_term_string"}}],"inLanguage":"es"},{"@type":"Person","@id":"https:\/\/diariodelsurdigital.com.ar\/#\/schema\/person\/1a4992532ed62965c968031b49195c81","name":"Diario del Sur Digital","image":{"@type":"ImageObject","inLanguage":"es","@id":"https:\/\/secure.gravatar.com\/avatar\/f0c7c47fc7146d19828273b9b8eda651c9c7ab583767e6338d3d3bee825adf76?s=96&d=mm&r=g","url":"https:\/\/secure.gravatar.com\/avatar\/f0c7c47fc7146d19828273b9b8eda651c9c7ab583767e6338d3d3bee825adf76?s=96&d=mm&r=g","contentUrl":"https:\/\/secure.gravatar.com\/avatar\/f0c7c47fc7146d19828273b9b8eda651c9c7ab583767e6338d3d3bee825adf76?s=96&d=mm&r=g","caption":"Diario del Sur Digital"},"url":"https:\/\/diariodelsurdigital.com.ar\/?author=4"}]}},"_links":{"self":[{"href":"https:\/\/diariodelsurdigital.com.ar\/index.php?rest_route=\/wp\/v2\/posts\/2653","targetHints":{"allow":["GET"]}}],"collection":[{"href":"https:\/\/diariodelsurdigital.com.ar\/index.php?rest_route=\/wp\/v2\/posts"}],"about":[{"href":"https:\/\/diariodelsurdigital.com.ar\/index.php?rest_route=\/wp\/v2\/types\/post"}],"author":[{"embeddable":true,"href":"https:\/\/diariodelsurdigital.com.ar\/index.php?rest_route=\/wp\/v2\/users\/4"}],"replies":[{"embeddable":true,"href":"https:\/\/diariodelsurdigital.com.ar\/index.php?rest_route=%2Fwp%2Fv2%2Fcomments&post=2653"}],"version-history":[{"count":1,"href":"https:\/\/diariodelsurdigital.com.ar\/index.php?rest_route=\/wp\/v2\/posts\/2653\/revisions"}],"predecessor-version":[{"id":2655,"href":"https:\/\/diariodelsurdigital.com.ar\/index.php?rest_route=\/wp\/v2\/posts\/2653\/revisions\/2655"}],"wp:featuredmedia":[{"embeddable":true,"href":"https:\/\/diariodelsurdigital.com.ar\/index.php?rest_route=\/wp\/v2\/media\/2654"}],"wp:attachment":[{"href":"https:\/\/diariodelsurdigital.com.ar\/index.php?rest_route=%2Fwp%2Fv2%2Fmedia&parent=2653"}],"wp:term":[{"taxonomy":"category","embeddable":true,"href":"https:\/\/diariodelsurdigital.com.ar\/index.php?rest_route=%2Fwp%2Fv2%2Fcategories&post=2653"},{"taxonomy":"post_tag","embeddable":true,"href":"https:\/\/diariodelsurdigital.com.ar\/index.php?rest_route=%2Fwp%2Fv2%2Ftags&post=2653"}],"curies":[{"name":"wp","href":"https:\/\/api.w.org\/{rel}","templated":true}]}}