{"id":2656,"date":"2025-05-15T13:09:22","date_gmt":"2025-05-15T16:09:22","guid":{"rendered":"https:\/\/diariodelsurdigital.com.ar\/?p=2656"},"modified":"2025-05-15T13:09:23","modified_gmt":"2025-05-15T16:09:23","slug":"escandalo-libra-la-justicia-solicito-informacion-financiera-sobre-javier-y-karina-milei","status":"publish","type":"post","link":"https:\/\/diariodelsurdigital.com.ar\/?p=2656","title":{"rendered":"Esc\u00e1ndalo $LIBRA: la Justicia solicit\u00f3 informaci\u00f3n financiera sobre Javier y Karina Milei"},"content":{"rendered":"\n<p>La jueza Mar\u00eda Servini pidi\u00f3 saber con qu\u00e9 entidades financieros operaron desde el 2023 hasta la fecha el jefe de Estado y su hermana.<\/p>\n\n\n\n<p>La jueza Mar\u00eda Servini solicit\u00f3 informaci\u00f3n sobre las entidades financieras con las que tuvo vinculaci\u00f3n el presidente Javier Milei y la secretaria general de Presidencia Karina Milei, en el marco de la investigaci\u00f3n por el esc\u00e1ndalo cripto $LIBRA.<\/p>\n\n\n\n<p>\u00abLa Justicia quiere saber con qu\u00e9 entidades financieros operaron desde el 2023 hasta la fecha los hermanos Milei\u00bb, expuso el periodista Ariel Zak. Seg\u00fan explic\u00f3, se trata de \u00abuna decisi\u00f3n adoptada hace instantes por la jueza Mar\u00eda Servini que libra un oficio al jefe del departamento de Legales del Banco Central de la Rep\u00fablica Argentina (BCRA) a fin de requerirle remitan informaci\u00f3n contenida en su base de datos\u00bb.<\/p>\n\n\n\n<p>Por \u00faltimo, detall\u00f3 que el objetivo del pedido es \u00abconocer las entidades financieras con las que operaron el Presidente, la secretar\u00eda general de Presidencia y los tres cripto emprendedores amigos del presidente, Mauricio Novelli, Manuel Terrones Godoy y Sergio Morales\u00bb, public\u00f3 \u00c1mbito.<\/p>\n\n\n\n<p>Informe clave apunta a uno de los imputados<br>Un informe de la Divisi\u00f3n Lavado de Activos de la Polic\u00eda Federal, Superintendencia de Investigaciones Federales, confirm\u00f3 que la madre y la hermana del empresario Mauricio Novelli, imputado en el caso $LIBRA, se llevaron bolsos \u201caparentemente m\u00e1s abultados \u201cde la caja de seguridad de un banco al que ingresaron tras la publicaci\u00f3n del presidente Javier Milei en la que impuls\u00f3 la criptomoneda.<\/p>\n\n\n\n<p>As\u00ed lo consigna el informe oficial en respuesta a un requerimiento del fiscal Eduardo Taiano a cargo de la investigaci\u00f3n que apunta a movimientos de dinero tras la difusi\u00f3n de $LIBRA a trav\u00e9s de la cuenta de X del presidente.<\/p>\n\n\n\n<p>La madre de Novelli, Mar\u00eda Alicia Rafaele y la hermana del empresario amigo de Milei, Mar\u00eda Pia Novelli ingresaron el 17 de febrero, el primer d\u00eda h\u00e1bil tras la publicaci\u00f3n del presidente, a la sucursal Mart\u00ednez del Banco Galicia para dirigirse al sector de las cajas de seguridad. <\/p>\n","protected":false},"excerpt":{"rendered":"<p>La jueza Mar\u00eda Servini pidi\u00f3 saber con qu\u00e9 entidades financieros operaron desde el 2023 hasta la fecha el jefe de Estado y su hermana. La jueza Mar\u00eda Servini solicit\u00f3 informaci\u00f3n sobre las entidades financieras con las que tuvo vinculaci\u00f3n el presidente Javier Milei y la secretaria general de Presidencia Karina Milei, en el marco de [&hellip;]<\/p>\n","protected":false},"author":4,"featured_media":2657,"comment_status":"open","ping_status":"open","sticky":false,"template":"","format":"standard","meta":{"footnotes":""},"categories":[26,18],"tags":[],"class_list":{"0":"post-2656","1":"post","2":"type-post","3":"status-publish","4":"format-standard","5":"has-post-thumbnail","7":"category-judiciales","8":"category-nacionales"},"yoast_head":"<!-- This site is optimized with the Yoast SEO plugin v27.4 - https:\/\/yoast.com\/product\/yoast-seo-wordpress\/ -->\n<title>Esc\u00e1ndalo $LIBRA: la Justicia solicit\u00f3 informaci\u00f3n financiera sobre Javier y Karina Milei - Diario del Sur<\/title>\n<meta name=\"robots\" content=\"index, follow, max-snippet:-1, max-image-preview:large, max-video-preview:-1\" \/>\n<link rel=\"canonical\" href=\"https:\/\/diariodelsurdigital.com.ar\/?p=2656\" \/>\n<meta property=\"og:locale\" content=\"es_ES\" \/>\n<meta property=\"og:type\" content=\"article\" \/>\n<meta property=\"og:title\" content=\"Esc\u00e1ndalo $LIBRA: la Justicia solicit\u00f3 informaci\u00f3n financiera sobre Javier y Karina Milei - Diario del Sur\" \/>\n<meta property=\"og:description\" content=\"La jueza Mar\u00eda Servini pidi\u00f3 saber con qu\u00e9 entidades financieros operaron desde el 2023 hasta la fecha el jefe de Estado y su hermana. La jueza Mar\u00eda Servini solicit\u00f3 informaci\u00f3n sobre las entidades financieras con las que tuvo vinculaci\u00f3n el presidente Javier Milei y la secretaria general de Presidencia Karina Milei, en el marco de [&hellip;]\" \/>\n<meta property=\"og:url\" content=\"https:\/\/diariodelsurdigital.com.ar\/?p=2656\" \/>\n<meta property=\"og:site_name\" content=\"Diario del Sur\" \/>\n<meta property=\"article:published_time\" content=\"2025-05-15T16:09:22+00:00\" \/>\n<meta property=\"article:modified_time\" content=\"2025-05-15T16:09:23+00:00\" \/>\n<meta property=\"og:image\" content=\"https:\/\/diariodelsurdigital.com.ar\/wp-content\/uploads\/2025\/05\/md-32.webp\" \/>\n\t<meta property=\"og:image:width\" content=\"992\" \/>\n\t<meta property=\"og:image:height\" content=\"550\" \/>\n\t<meta property=\"og:image:type\" content=\"image\/webp\" \/>\n<meta name=\"author\" content=\"Diario del Sur Digital\" \/>\n<meta name=\"twitter:card\" content=\"summary_large_image\" \/>\n<meta name=\"twitter:label1\" content=\"Escrito por\" \/>\n\t<meta name=\"twitter:data1\" content=\"Diario del Sur Digital\" \/>\n\t<meta name=\"twitter:label2\" content=\"Tiempo de lectura\" \/>\n\t<meta name=\"twitter:data2\" content=\"2 minutos\" \/>\n<script type=\"application\/ld+json\" class=\"yoast-schema-graph\">{\"@context\":\"https:\\\/\\\/schema.org\",\"@graph\":[{\"@type\":\"Article\",\"@id\":\"https:\\\/\\\/diariodelsurdigital.com.ar\\\/?p=2656#article\",\"isPartOf\":{\"@id\":\"https:\\\/\\\/diariodelsurdigital.com.ar\\\/?p=2656\"},\"author\":{\"name\":\"Diario del Sur Digital\",\"@id\":\"https:\\\/\\\/diariodelsurdigital.com.ar\\\/#\\\/schema\\\/person\\\/1a4992532ed62965c968031b49195c81\"},\"headline\":\"Esc\u00e1ndalo $LIBRA: la Justicia solicit\u00f3 informaci\u00f3n financiera sobre Javier y Karina Milei\",\"datePublished\":\"2025-05-15T16:09:22+00:00\",\"dateModified\":\"2025-05-15T16:09:23+00:00\",\"mainEntityOfPage\":{\"@id\":\"https:\\\/\\\/diariodelsurdigital.com.ar\\\/?p=2656\"},\"wordCount\":365,\"commentCount\":0,\"image\":{\"@id\":\"https:\\\/\\\/diariodelsurdigital.com.ar\\\/?p=2656#primaryimage\"},\"thumbnailUrl\":\"https:\\\/\\\/diariodelsurdigital.com.ar\\\/wp-content\\\/uploads\\\/2025\\\/05\\\/md-32.webp\",\"articleSection\":[\"Judiciales\",\"Nacionales\"],\"inLanguage\":\"es\",\"potentialAction\":[{\"@type\":\"CommentAction\",\"name\":\"Comment\",\"target\":[\"https:\\\/\\\/diariodelsurdigital.com.ar\\\/?p=2656#respond\"]}]},{\"@type\":\"WebPage\",\"@id\":\"https:\\\/\\\/diariodelsurdigital.com.ar\\\/?p=2656\",\"url\":\"https:\\\/\\\/diariodelsurdigital.com.ar\\\/?p=2656\",\"name\":\"Esc\u00e1ndalo $LIBRA: la Justicia solicit\u00f3 informaci\u00f3n financiera sobre Javier y Karina Milei - Diario del Sur\",\"isPartOf\":{\"@id\":\"https:\\\/\\\/diariodelsurdigital.com.ar\\\/#website\"},\"primaryImageOfPage\":{\"@id\":\"https:\\\/\\\/diariodelsurdigital.com.ar\\\/?p=2656#primaryimage\"},\"image\":{\"@id\":\"https:\\\/\\\/diariodelsurdigital.com.ar\\\/?p=2656#primaryimage\"},\"thumbnailUrl\":\"https:\\\/\\\/diariodelsurdigital.com.ar\\\/wp-content\\\/uploads\\\/2025\\\/05\\\/md-32.webp\",\"datePublished\":\"2025-05-15T16:09:22+00:00\",\"dateModified\":\"2025-05-15T16:09:23+00:00\",\"author\":{\"@id\":\"https:\\\/\\\/diariodelsurdigital.com.ar\\\/#\\\/schema\\\/person\\\/1a4992532ed62965c968031b49195c81\"},\"breadcrumb\":{\"@id\":\"https:\\\/\\\/diariodelsurdigital.com.ar\\\/?p=2656#breadcrumb\"},\"inLanguage\":\"es\",\"potentialAction\":[{\"@type\":\"ReadAction\",\"target\":[\"https:\\\/\\\/diariodelsurdigital.com.ar\\\/?p=2656\"]}]},{\"@type\":\"ImageObject\",\"inLanguage\":\"es\",\"@id\":\"https:\\\/\\\/diariodelsurdigital.com.ar\\\/?p=2656#primaryimage\",\"url\":\"https:\\\/\\\/diariodelsurdigital.com.ar\\\/wp-content\\\/uploads\\\/2025\\\/05\\\/md-32.webp\",\"contentUrl\":\"https:\\\/\\\/diariodelsurdigital.com.ar\\\/wp-content\\\/uploads\\\/2025\\\/05\\\/md-32.webp\",\"width\":992,\"height\":550},{\"@type\":\"BreadcrumbList\",\"@id\":\"https:\\\/\\\/diariodelsurdigital.com.ar\\\/?p=2656#breadcrumb\",\"itemListElement\":[{\"@type\":\"ListItem\",\"position\":1,\"name\":\"Portada\",\"item\":\"https:\\\/\\\/diariodelsurdigital.com.ar\\\/\"},{\"@type\":\"ListItem\",\"position\":2,\"name\":\"Esc\u00e1ndalo $LIBRA: la Justicia solicit\u00f3 informaci\u00f3n financiera sobre Javier y Karina Milei\"}]},{\"@type\":\"WebSite\",\"@id\":\"https:\\\/\\\/diariodelsurdigital.com.ar\\\/#website\",\"url\":\"https:\\\/\\\/diariodelsurdigital.com.ar\\\/\",\"name\":\"Diario del Sur\",\"description\":\"Digital\",\"potentialAction\":[{\"@type\":\"SearchAction\",\"target\":{\"@type\":\"EntryPoint\",\"urlTemplate\":\"https:\\\/\\\/diariodelsurdigital.com.ar\\\/?s={search_term_string}\"},\"query-input\":{\"@type\":\"PropertyValueSpecification\",\"valueRequired\":true,\"valueName\":\"search_term_string\"}}],\"inLanguage\":\"es\"},{\"@type\":\"Person\",\"@id\":\"https:\\\/\\\/diariodelsurdigital.com.ar\\\/#\\\/schema\\\/person\\\/1a4992532ed62965c968031b49195c81\",\"name\":\"Diario del Sur Digital\",\"image\":{\"@type\":\"ImageObject\",\"inLanguage\":\"es\",\"@id\":\"https:\\\/\\\/secure.gravatar.com\\\/avatar\\\/f0c7c47fc7146d19828273b9b8eda651c9c7ab583767e6338d3d3bee825adf76?s=96&d=mm&r=g\",\"url\":\"https:\\\/\\\/secure.gravatar.com\\\/avatar\\\/f0c7c47fc7146d19828273b9b8eda651c9c7ab583767e6338d3d3bee825adf76?s=96&d=mm&r=g\",\"contentUrl\":\"https:\\\/\\\/secure.gravatar.com\\\/avatar\\\/f0c7c47fc7146d19828273b9b8eda651c9c7ab583767e6338d3d3bee825adf76?s=96&d=mm&r=g\",\"caption\":\"Diario del Sur Digital\"},\"url\":\"https:\\\/\\\/diariodelsurdigital.com.ar\\\/?author=4\"}]}<\/script>\n<!-- \/ Yoast SEO plugin. -->","yoast_head_json":{"title":"Esc\u00e1ndalo $LIBRA: la Justicia solicit\u00f3 informaci\u00f3n financiera sobre Javier y Karina Milei - Diario del Sur","robots":{"index":"index","follow":"follow","max-snippet":"max-snippet:-1","max-image-preview":"max-image-preview:large","max-video-preview":"max-video-preview:-1"},"canonical":"https:\/\/diariodelsurdigital.com.ar\/?p=2656","og_locale":"es_ES","og_type":"article","og_title":"Esc\u00e1ndalo $LIBRA: la Justicia solicit\u00f3 informaci\u00f3n financiera sobre Javier y Karina Milei - Diario del Sur","og_description":"La jueza Mar\u00eda Servini pidi\u00f3 saber con qu\u00e9 entidades financieros operaron desde el 2023 hasta la fecha el jefe de Estado y su hermana. La jueza Mar\u00eda Servini solicit\u00f3 informaci\u00f3n sobre las entidades financieras con las que tuvo vinculaci\u00f3n el presidente Javier Milei y la secretaria general de Presidencia Karina Milei, en el marco de [&hellip;]","og_url":"https:\/\/diariodelsurdigital.com.ar\/?p=2656","og_site_name":"Diario del Sur","article_published_time":"2025-05-15T16:09:22+00:00","article_modified_time":"2025-05-15T16:09:23+00:00","og_image":[{"width":992,"height":550,"url":"https:\/\/diariodelsurdigital.com.ar\/wp-content\/uploads\/2025\/05\/md-32.webp","type":"image\/webp"}],"author":"Diario del Sur Digital","twitter_card":"summary_large_image","twitter_misc":{"Escrito por":"Diario del Sur Digital","Tiempo de lectura":"2 minutos"},"schema":{"@context":"https:\/\/schema.org","@graph":[{"@type":"Article","@id":"https:\/\/diariodelsurdigital.com.ar\/?p=2656#article","isPartOf":{"@id":"https:\/\/diariodelsurdigital.com.ar\/?p=2656"},"author":{"name":"Diario del Sur Digital","@id":"https:\/\/diariodelsurdigital.com.ar\/#\/schema\/person\/1a4992532ed62965c968031b49195c81"},"headline":"Esc\u00e1ndalo $LIBRA: la Justicia solicit\u00f3 informaci\u00f3n financiera sobre Javier y Karina Milei","datePublished":"2025-05-15T16:09:22+00:00","dateModified":"2025-05-15T16:09:23+00:00","mainEntityOfPage":{"@id":"https:\/\/diariodelsurdigital.com.ar\/?p=2656"},"wordCount":365,"commentCount":0,"image":{"@id":"https:\/\/diariodelsurdigital.com.ar\/?p=2656#primaryimage"},"thumbnailUrl":"https:\/\/diariodelsurdigital.com.ar\/wp-content\/uploads\/2025\/05\/md-32.webp","articleSection":["Judiciales","Nacionales"],"inLanguage":"es","potentialAction":[{"@type":"CommentAction","name":"Comment","target":["https:\/\/diariodelsurdigital.com.ar\/?p=2656#respond"]}]},{"@type":"WebPage","@id":"https:\/\/diariodelsurdigital.com.ar\/?p=2656","url":"https:\/\/diariodelsurdigital.com.ar\/?p=2656","name":"Esc\u00e1ndalo $LIBRA: la Justicia solicit\u00f3 informaci\u00f3n financiera sobre Javier y Karina Milei - Diario del Sur","isPartOf":{"@id":"https:\/\/diariodelsurdigital.com.ar\/#website"},"primaryImageOfPage":{"@id":"https:\/\/diariodelsurdigital.com.ar\/?p=2656#primaryimage"},"image":{"@id":"https:\/\/diariodelsurdigital.com.ar\/?p=2656#primaryimage"},"thumbnailUrl":"https:\/\/diariodelsurdigital.com.ar\/wp-content\/uploads\/2025\/05\/md-32.webp","datePublished":"2025-05-15T16:09:22+00:00","dateModified":"2025-05-15T16:09:23+00:00","author":{"@id":"https:\/\/diariodelsurdigital.com.ar\/#\/schema\/person\/1a4992532ed62965c968031b49195c81"},"breadcrumb":{"@id":"https:\/\/diariodelsurdigital.com.ar\/?p=2656#breadcrumb"},"inLanguage":"es","potentialAction":[{"@type":"ReadAction","target":["https:\/\/diariodelsurdigital.com.ar\/?p=2656"]}]},{"@type":"ImageObject","inLanguage":"es","@id":"https:\/\/diariodelsurdigital.com.ar\/?p=2656#primaryimage","url":"https:\/\/diariodelsurdigital.com.ar\/wp-content\/uploads\/2025\/05\/md-32.webp","contentUrl":"https:\/\/diariodelsurdigital.com.ar\/wp-content\/uploads\/2025\/05\/md-32.webp","width":992,"height":550},{"@type":"BreadcrumbList","@id":"https:\/\/diariodelsurdigital.com.ar\/?p=2656#breadcrumb","itemListElement":[{"@type":"ListItem","position":1,"name":"Portada","item":"https:\/\/diariodelsurdigital.com.ar\/"},{"@type":"ListItem","position":2,"name":"Esc\u00e1ndalo $LIBRA: la Justicia solicit\u00f3 informaci\u00f3n financiera sobre Javier y Karina Milei"}]},{"@type":"WebSite","@id":"https:\/\/diariodelsurdigital.com.ar\/#website","url":"https:\/\/diariodelsurdigital.com.ar\/","name":"Diario del Sur","description":"Digital","potentialAction":[{"@type":"SearchAction","target":{"@type":"EntryPoint","urlTemplate":"https:\/\/diariodelsurdigital.com.ar\/?s={search_term_string}"},"query-input":{"@type":"PropertyValueSpecification","valueRequired":true,"valueName":"search_term_string"}}],"inLanguage":"es"},{"@type":"Person","@id":"https:\/\/diariodelsurdigital.com.ar\/#\/schema\/person\/1a4992532ed62965c968031b49195c81","name":"Diario del Sur Digital","image":{"@type":"ImageObject","inLanguage":"es","@id":"https:\/\/secure.gravatar.com\/avatar\/f0c7c47fc7146d19828273b9b8eda651c9c7ab583767e6338d3d3bee825adf76?s=96&d=mm&r=g","url":"https:\/\/secure.gravatar.com\/avatar\/f0c7c47fc7146d19828273b9b8eda651c9c7ab583767e6338d3d3bee825adf76?s=96&d=mm&r=g","contentUrl":"https:\/\/secure.gravatar.com\/avatar\/f0c7c47fc7146d19828273b9b8eda651c9c7ab583767e6338d3d3bee825adf76?s=96&d=mm&r=g","caption":"Diario del Sur Digital"},"url":"https:\/\/diariodelsurdigital.com.ar\/?author=4"}]}},"_links":{"self":[{"href":"https:\/\/diariodelsurdigital.com.ar\/index.php?rest_route=\/wp\/v2\/posts\/2656","targetHints":{"allow":["GET"]}}],"collection":[{"href":"https:\/\/diariodelsurdigital.com.ar\/index.php?rest_route=\/wp\/v2\/posts"}],"about":[{"href":"https:\/\/diariodelsurdigital.com.ar\/index.php?rest_route=\/wp\/v2\/types\/post"}],"author":[{"embeddable":true,"href":"https:\/\/diariodelsurdigital.com.ar\/index.php?rest_route=\/wp\/v2\/users\/4"}],"replies":[{"embeddable":true,"href":"https:\/\/diariodelsurdigital.com.ar\/index.php?rest_route=%2Fwp%2Fv2%2Fcomments&post=2656"}],"version-history":[{"count":1,"href":"https:\/\/diariodelsurdigital.com.ar\/index.php?rest_route=\/wp\/v2\/posts\/2656\/revisions"}],"predecessor-version":[{"id":2658,"href":"https:\/\/diariodelsurdigital.com.ar\/index.php?rest_route=\/wp\/v2\/posts\/2656\/revisions\/2658"}],"wp:featuredmedia":[{"embeddable":true,"href":"https:\/\/diariodelsurdigital.com.ar\/index.php?rest_route=\/wp\/v2\/media\/2657"}],"wp:attachment":[{"href":"https:\/\/diariodelsurdigital.com.ar\/index.php?rest_route=%2Fwp%2Fv2%2Fmedia&parent=2656"}],"wp:term":[{"taxonomy":"category","embeddable":true,"href":"https:\/\/diariodelsurdigital.com.ar\/index.php?rest_route=%2Fwp%2Fv2%2Fcategories&post=2656"},{"taxonomy":"post_tag","embeddable":true,"href":"https:\/\/diariodelsurdigital.com.ar\/index.php?rest_route=%2Fwp%2Fv2%2Ftags&post=2656"}],"curies":[{"name":"wp","href":"https:\/\/api.w.org\/{rel}","templated":true}]}}