{"id":2671,"date":"2025-05-16T12:04:14","date_gmt":"2025-05-16T15:04:14","guid":{"rendered":"https:\/\/diariodelsurdigital.com.ar\/?p=2671"},"modified":"2025-05-16T12:04:15","modified_gmt":"2025-05-16T15:04:15","slug":"los-presidentes-lula-da-silva-y-gabriel-boric-despidieron-a-jose-pepe-mujica-en-montevideo","status":"publish","type":"post","link":"https:\/\/diariodelsurdigital.com.ar\/?p=2671","title":{"rendered":"Los presidentes Lula da Silva y Gabriel Boric despidieron a Jos\u00e9 \u201cPepe\u201d Mujica en Montevideo"},"content":{"rendered":"\n<p>El presidente brasile\u00f1o, Luiz In\u00e1cio Lula da Silva, y su par chileno, Gabriel Boric, despidieron este jueves al fallecido ex presidente de Uruguay, Jos\u00e9 \u201cPepe\u201d Mujica en el Palacio Legislativo de Montevideo, por el que desfilaron en dos d\u00edas decenas de miles de personas.<\/p>\n\n\n\n<p><\/p>\n\n\n\n<p>Mujica muri\u00f3 el martes a los 89 a\u00f1os en su modesta finca en la periferia de Montevideo, acompa\u00f1ado por su esposa, la ex vicepresidenta Luc\u00eda Topolansky. La misma casa donde vivieron durante la presidencia del ex guerrillero (2010-2015) y donde descansar\u00e1n las cenizas del pol\u00edtico.<\/p>\n\n\n\n<p>La emoci\u00f3n ya palpable en el imponente Sal\u00f3n de los Pasos Perdidos del Parlamento, donde es velado Mujica aument\u00f3 pasado el mediod\u00eda con la llegada de Boric, primero, y Lula, poco despu\u00e9s.<\/p>\n\n\n\n<p>Boric ingres\u00f3 al sal\u00f3n acompa\u00f1ado por el presidente uruguayo, Yamand\u00fa Orsi, y su vicepresidenta, Carolina Cosse.<\/p>\n\n\n\n<p>Vistiendo una camisa blanca y un traje negro, el mandatario chileno salud\u00f3 primero al secretario de la Presidencia, Alejandro S\u00e1nchez, y luego se fundi\u00f3 en un sentido y prolongado abrazo con Topolansky.<\/p>\n\n\n\n<p>Luego, y en un clima de absoluto silencio, se acerc\u00f3 al f\u00e9retro de Mujica, apoy\u00f3 sus dos manos sobre la bandera uruguaya que lo cubr\u00eda y permaneci\u00f3 en silencio durante casi un minuto.<\/p>\n\n\n\n<p>Boric se sent\u00f3 luego junto a Topolansky, con quien mantuvo un c\u00e1lido di\u00e1logo, mientras ciudadanos uruguayos segu\u00edan entrando al Palacio para despedir a Mujica, fallecido este martes a los 89 a\u00f1os.<\/p>\n\n\n\n<p>Lula, por su parte, fue recibido en las escalinatas del Palacio Legislativo de Montevideo por Orsi, e ingres\u00f3 al sal\u00f3n junto a su esposa, Ros\u00e2ngela da Silva.<\/p>\n\n\n\n<p>El mandatario brasile\u00f1o arrib\u00f3 junto a una enorme comitiva, cuyo ingreso oblig\u00f3 a interrumpir la entrada de los ciudadanos uruguayos que se acercaron a despedir a su ex mandatario.<\/p>\n\n\n\n<p>Antes de acercarse al f\u00e9retro, Lula se abraz\u00f3 con Topolansky, antes de besarla en la frente, un gesto que ya hab\u00eda tenido con su fallecido amigo la \u00faltima vez que lo vio, el 1 de marzo de este a\u00f1o.<\/p>\n\n\n\n<p>El mandatario brasile\u00f1o se par\u00f3 luego frente a los restos de Mujica, donde permaneci\u00f3 unos segundos en silencio.<\/p>\n\n\n\n<p>Lula mantuvo despu\u00e9s un di\u00e1logo con el presidente Boric.<\/p>\n\n\n\n<p>Antes de retirarse, y tras mantener un extenso di\u00e1logo con Topolansky, el l\u00edder brasile\u00f1o se acerc\u00f3 una vez m\u00e1s al f\u00e9retro, junto al cual, con los ojos humedecidos, pronunci\u00f3 unas \u00faltimas palabras a Orsi antes de retirarse del sal\u00f3n.<\/p>\n\n\n\n<p>En una nota oficial publicada poco despu\u00e9s del fallecimiento de Mujica, el l\u00edder progresista brasile\u00f1o destac\u00f3 su \u201cgrandeza humana\u201d, que dijo \u201ctrascendi\u00f3 las fronteras de Uruguay y de su mandato presidencial\u201d.<\/p>\n\n\n\n<p>\u201cLa sabidur\u00eda de sus palabras se convirti\u00f3 en un verdadero canto de unidad y fraternidad para Am\u00e9rica Latina\u201d, subray\u00f3.<\/p>\n\n\n\n<p>Lula y Boric, aliados de la izquierda latinoamericana, estaban en Beijing participando del Foro Ministerial China-Celac cuando recibieron la noticia de su muerte.<\/p>\n\n\n\n<p>\u201cUn vac\u00edo muy grande\u201d<\/p>\n\n\n\n<p>Desde la ma\u00f1ana, y por segundo d\u00eda, miles de uruguayos hicieron largas filas camino a la capilla ardiente. Algunos con flores en sus manos, otros con banderas en los hombros, simpatizantes de Mujica de todas las edades hac\u00edan su duelo.<\/p>\n\n\n\n<p>\u201cNo me voy, estoy llegando\u201d, rezaba en la explanada del parlamento una bandera gigante del Movimiento de Participaci\u00f3n Popular (MPP), agrupaci\u00f3n pol\u00edtica de Mujica y sector de la izquierda m\u00e1s votado en el pa\u00eds, de 3,4 millones de habitantes.<\/p>\n\n\n\n<p>A pocos metros, puestos callejeros vend\u00edan chorip\u00e1n (s\u00e1ndwich t\u00edpico rioplatense), bebidas, banderas de la izquierda y llaveros con el rostro del \u201cPepe\u201d.<\/p>\n\n\n\n<p>\u201cFue un l\u00edder, un caudillo, con una forma de vida que no es normal en la pol\u00edtica\u201d, dijo a la AFP el jubilado Roberto P\u00e9rez, emocionado.<\/p>\n\n\n\n<p>Con su forma de ser \u201cnos dej\u00f3 un legado ac\u00e1 y a nivel mundial y deja un vac\u00edo muy grande\u201d, dijo antes de entrar al Palacio.<\/p>\n\n\n\n<p>Referente, legado: dos palabras que se repiten una y otra vez para definir a Mujica, conocido mundialmente por su estilo de vida austero, su lenguaje llano y su pr\u00e9dica anticonsumista.<\/p>\n\n\n\n<p>Para Aurea Nascimento, una turista brasile\u00f1a que se acerc\u00f3 a la capilla ardiente con una flor en la mano, Mujica era digno de admiraci\u00f3n.<\/p>\n\n\n\n<p>\u201cNo era un pol\u00edtico com\u00fan, era un fil\u00f3sofo, un humanista, entrega valores que son universales y diferentes a los que estamos acostumbrados a ver en personas con poder\u201d, dijo.<\/p>\n\n\n\n<p>Despedida anunciada<\/p>\n\n\n\n<p>Desde que el actual presidente Orsi, delf\u00edn de Mujica, anunci\u00f3 por la red X su fallecimiento, el pa\u00eds inici\u00f3 lo que era una despedida anunciada.<\/p>\n\n\n\n<p>El ex mandatario atravesaba la fase final de un c\u00e1ncer de es\u00f3fago, diagnosticado un a\u00f1o atr\u00e1s.<\/p>\n\n\n\n<p>La esperanza de \u201cPepe\u201d y su entorno era que pudiera llegar a los 90 a\u00f1os, el 20 de mayo.<\/p>\n\n\n\n<p>Este jueves ser\u00e1 el \u00faltimo d\u00eda de la capilla ardiente.<\/p>\n\n\n\n<p>En su mandato como presidente (2010-2015), Mujica se caracteriz\u00f3 por romper los esquemas de sus predecesores.<\/p>\n\n\n\n<p>A su discurso llano, estilo campechano y alejado del protocolo, el izquierdista sum\u00f3 durante sus a\u00f1os de presidente reformas y decisiones que marcaron al pa\u00eds de 3,4 millones de habitantes.<\/p>\n\n\n\n<p>La m\u00e1s novedosa fue el impulso que dio a la legalizaci\u00f3n de la marihuana con un in\u00e9dito plan que puso al Estado a manejar el cannabis desde la producci\u00f3n hasta la comercializaci\u00f3n.<\/p>\n\n\n\n<p>Tambi\u00e9n tom\u00f3 otras decisiones pol\u00e9micas, como recibir presos de Guant\u00e1namo, a pedido de Estados Unidos, y a refugiados sirios, public\u00f3 InfoBae.<\/p>\n\n\n\n<p>Ese esp\u00edritu contra lo establecido lo llev\u00f3 en su juventud a ser uno de los l\u00edderes de la guerrilla urbana Movimiento de Liberaci\u00f3n Nacional-Tupamaros (MLN-T) y soportar a manos de la dictadura 13 a\u00f1os de prisi\u00f3n en condiciones infrahumanas.<\/p>\n","protected":false},"excerpt":{"rendered":"<p>El presidente brasile\u00f1o, Luiz In\u00e1cio Lula da Silva, y su par chileno, Gabriel Boric, despidieron este jueves al fallecido ex presidente de Uruguay, Jos\u00e9 \u201cPepe\u201d Mujica en el Palacio Legislativo de Montevideo, por el que desfilaron en dos d\u00edas decenas de miles de personas. Mujica muri\u00f3 el martes a los 89 a\u00f1os en su modesta [&hellip;]<\/p>\n","protected":false},"author":4,"featured_media":2672,"comment_status":"open","ping_status":"open","sticky":false,"template":"","format":"standard","meta":{"footnotes":""},"categories":[20,22],"tags":[],"class_list":{"0":"post-2671","1":"post","2":"type-post","3":"status-publish","4":"format-standard","5":"has-post-thumbnail","7":"category-internacionales","8":"category-politica"},"yoast_head":"<!-- This site is optimized with the Yoast SEO plugin v27.4 - https:\/\/yoast.com\/product\/yoast-seo-wordpress\/ -->\n<title>Los presidentes Lula da Silva y Gabriel Boric despidieron a Jos\u00e9 \u201cPepe\u201d Mujica en Montevideo - Diario del Sur<\/title>\n<meta name=\"robots\" content=\"index, follow, max-snippet:-1, max-image-preview:large, max-video-preview:-1\" \/>\n<link rel=\"canonical\" href=\"https:\/\/diariodelsurdigital.com.ar\/?p=2671\" \/>\n<meta property=\"og:locale\" content=\"es_ES\" \/>\n<meta property=\"og:type\" content=\"article\" \/>\n<meta property=\"og:title\" content=\"Los presidentes Lula da Silva y Gabriel Boric despidieron a Jos\u00e9 \u201cPepe\u201d Mujica en Montevideo - Diario del Sur\" \/>\n<meta property=\"og:description\" content=\"El presidente brasile\u00f1o, Luiz In\u00e1cio Lula da Silva, y su par chileno, Gabriel Boric, despidieron este jueves al fallecido ex presidente de Uruguay, Jos\u00e9 \u201cPepe\u201d Mujica en el Palacio Legislativo de Montevideo, por el que desfilaron en dos d\u00edas decenas de miles de personas. Mujica muri\u00f3 el martes a los 89 a\u00f1os en su modesta [&hellip;]\" \/>\n<meta property=\"og:url\" content=\"https:\/\/diariodelsurdigital.com.ar\/?p=2671\" \/>\n<meta property=\"og:site_name\" content=\"Diario del Sur\" \/>\n<meta property=\"article:published_time\" content=\"2025-05-16T15:04:14+00:00\" \/>\n<meta property=\"article:modified_time\" content=\"2025-05-16T15:04:15+00:00\" \/>\n<meta property=\"og:image\" content=\"https:\/\/diariodelsurdigital.com.ar\/wp-content\/uploads\/2025\/05\/md-35-1.webp\" \/>\n\t<meta property=\"og:image:width\" content=\"992\" \/>\n\t<meta property=\"og:image:height\" content=\"791\" \/>\n\t<meta property=\"og:image:type\" content=\"image\/webp\" \/>\n<meta name=\"author\" content=\"Diario del Sur Digital\" \/>\n<meta name=\"twitter:card\" content=\"summary_large_image\" \/>\n<meta name=\"twitter:label1\" content=\"Escrito por\" \/>\n\t<meta name=\"twitter:data1\" content=\"Diario del Sur Digital\" \/>\n\t<meta name=\"twitter:label2\" content=\"Tiempo de lectura\" \/>\n\t<meta name=\"twitter:data2\" content=\"5 minutos\" \/>\n<script type=\"application\/ld+json\" class=\"yoast-schema-graph\">{\"@context\":\"https:\\\/\\\/schema.org\",\"@graph\":[{\"@type\":\"Article\",\"@id\":\"https:\\\/\\\/diariodelsurdigital.com.ar\\\/?p=2671#article\",\"isPartOf\":{\"@id\":\"https:\\\/\\\/diariodelsurdigital.com.ar\\\/?p=2671\"},\"author\":{\"name\":\"Diario del Sur Digital\",\"@id\":\"https:\\\/\\\/diariodelsurdigital.com.ar\\\/#\\\/schema\\\/person\\\/1a4992532ed62965c968031b49195c81\"},\"headline\":\"Los presidentes Lula da Silva y Gabriel Boric despidieron a Jos\u00e9 \u201cPepe\u201d Mujica en Montevideo\",\"datePublished\":\"2025-05-16T15:04:14+00:00\",\"dateModified\":\"2025-05-16T15:04:15+00:00\",\"mainEntityOfPage\":{\"@id\":\"https:\\\/\\\/diariodelsurdigital.com.ar\\\/?p=2671\"},\"wordCount\":1011,\"commentCount\":0,\"image\":{\"@id\":\"https:\\\/\\\/diariodelsurdigital.com.ar\\\/?p=2671#primaryimage\"},\"thumbnailUrl\":\"https:\\\/\\\/diariodelsurdigital.com.ar\\\/wp-content\\\/uploads\\\/2025\\\/05\\\/md-35-1.webp\",\"articleSection\":[\"Internacionales\",\"Pol\u00edtica\"],\"inLanguage\":\"es\",\"potentialAction\":[{\"@type\":\"CommentAction\",\"name\":\"Comment\",\"target\":[\"https:\\\/\\\/diariodelsurdigital.com.ar\\\/?p=2671#respond\"]}]},{\"@type\":\"WebPage\",\"@id\":\"https:\\\/\\\/diariodelsurdigital.com.ar\\\/?p=2671\",\"url\":\"https:\\\/\\\/diariodelsurdigital.com.ar\\\/?p=2671\",\"name\":\"Los presidentes Lula da Silva y Gabriel Boric despidieron a Jos\u00e9 \u201cPepe\u201d Mujica en Montevideo - Diario del Sur\",\"isPartOf\":{\"@id\":\"https:\\\/\\\/diariodelsurdigital.com.ar\\\/#website\"},\"primaryImageOfPage\":{\"@id\":\"https:\\\/\\\/diariodelsurdigital.com.ar\\\/?p=2671#primaryimage\"},\"image\":{\"@id\":\"https:\\\/\\\/diariodelsurdigital.com.ar\\\/?p=2671#primaryimage\"},\"thumbnailUrl\":\"https:\\\/\\\/diariodelsurdigital.com.ar\\\/wp-content\\\/uploads\\\/2025\\\/05\\\/md-35-1.webp\",\"datePublished\":\"2025-05-16T15:04:14+00:00\",\"dateModified\":\"2025-05-16T15:04:15+00:00\",\"author\":{\"@id\":\"https:\\\/\\\/diariodelsurdigital.com.ar\\\/#\\\/schema\\\/person\\\/1a4992532ed62965c968031b49195c81\"},\"breadcrumb\":{\"@id\":\"https:\\\/\\\/diariodelsurdigital.com.ar\\\/?p=2671#breadcrumb\"},\"inLanguage\":\"es\",\"potentialAction\":[{\"@type\":\"ReadAction\",\"target\":[\"https:\\\/\\\/diariodelsurdigital.com.ar\\\/?p=2671\"]}]},{\"@type\":\"ImageObject\",\"inLanguage\":\"es\",\"@id\":\"https:\\\/\\\/diariodelsurdigital.com.ar\\\/?p=2671#primaryimage\",\"url\":\"https:\\\/\\\/diariodelsurdigital.com.ar\\\/wp-content\\\/uploads\\\/2025\\\/05\\\/md-35-1.webp\",\"contentUrl\":\"https:\\\/\\\/diariodelsurdigital.com.ar\\\/wp-content\\\/uploads\\\/2025\\\/05\\\/md-35-1.webp\",\"width\":992,\"height\":791},{\"@type\":\"BreadcrumbList\",\"@id\":\"https:\\\/\\\/diariodelsurdigital.com.ar\\\/?p=2671#breadcrumb\",\"itemListElement\":[{\"@type\":\"ListItem\",\"position\":1,\"name\":\"Portada\",\"item\":\"https:\\\/\\\/diariodelsurdigital.com.ar\\\/\"},{\"@type\":\"ListItem\",\"position\":2,\"name\":\"Los presidentes Lula da Silva y Gabriel Boric despidieron a Jos\u00e9 \u201cPepe\u201d Mujica en Montevideo\"}]},{\"@type\":\"WebSite\",\"@id\":\"https:\\\/\\\/diariodelsurdigital.com.ar\\\/#website\",\"url\":\"https:\\\/\\\/diariodelsurdigital.com.ar\\\/\",\"name\":\"Diario del Sur\",\"description\":\"Digital\",\"potentialAction\":[{\"@type\":\"SearchAction\",\"target\":{\"@type\":\"EntryPoint\",\"urlTemplate\":\"https:\\\/\\\/diariodelsurdigital.com.ar\\\/?s={search_term_string}\"},\"query-input\":{\"@type\":\"PropertyValueSpecification\",\"valueRequired\":true,\"valueName\":\"search_term_string\"}}],\"inLanguage\":\"es\"},{\"@type\":\"Person\",\"@id\":\"https:\\\/\\\/diariodelsurdigital.com.ar\\\/#\\\/schema\\\/person\\\/1a4992532ed62965c968031b49195c81\",\"name\":\"Diario del Sur Digital\",\"image\":{\"@type\":\"ImageObject\",\"inLanguage\":\"es\",\"@id\":\"https:\\\/\\\/secure.gravatar.com\\\/avatar\\\/f0c7c47fc7146d19828273b9b8eda651c9c7ab583767e6338d3d3bee825adf76?s=96&d=mm&r=g\",\"url\":\"https:\\\/\\\/secure.gravatar.com\\\/avatar\\\/f0c7c47fc7146d19828273b9b8eda651c9c7ab583767e6338d3d3bee825adf76?s=96&d=mm&r=g\",\"contentUrl\":\"https:\\\/\\\/secure.gravatar.com\\\/avatar\\\/f0c7c47fc7146d19828273b9b8eda651c9c7ab583767e6338d3d3bee825adf76?s=96&d=mm&r=g\",\"caption\":\"Diario del Sur Digital\"},\"url\":\"https:\\\/\\\/diariodelsurdigital.com.ar\\\/?author=4\"}]}<\/script>\n<!-- \/ Yoast SEO plugin. -->","yoast_head_json":{"title":"Los presidentes Lula da Silva y Gabriel Boric despidieron a Jos\u00e9 \u201cPepe\u201d Mujica en Montevideo - Diario del Sur","robots":{"index":"index","follow":"follow","max-snippet":"max-snippet:-1","max-image-preview":"max-image-preview:large","max-video-preview":"max-video-preview:-1"},"canonical":"https:\/\/diariodelsurdigital.com.ar\/?p=2671","og_locale":"es_ES","og_type":"article","og_title":"Los presidentes Lula da Silva y Gabriel Boric despidieron a Jos\u00e9 \u201cPepe\u201d Mujica en Montevideo - Diario del Sur","og_description":"El presidente brasile\u00f1o, Luiz In\u00e1cio Lula da Silva, y su par chileno, Gabriel Boric, despidieron este jueves al fallecido ex presidente de Uruguay, Jos\u00e9 \u201cPepe\u201d Mujica en el Palacio Legislativo de Montevideo, por el que desfilaron en dos d\u00edas decenas de miles de personas. Mujica muri\u00f3 el martes a los 89 a\u00f1os en su modesta [&hellip;]","og_url":"https:\/\/diariodelsurdigital.com.ar\/?p=2671","og_site_name":"Diario del Sur","article_published_time":"2025-05-16T15:04:14+00:00","article_modified_time":"2025-05-16T15:04:15+00:00","og_image":[{"width":992,"height":791,"url":"https:\/\/diariodelsurdigital.com.ar\/wp-content\/uploads\/2025\/05\/md-35-1.webp","type":"image\/webp"}],"author":"Diario del Sur Digital","twitter_card":"summary_large_image","twitter_misc":{"Escrito por":"Diario del Sur Digital","Tiempo de lectura":"5 minutos"},"schema":{"@context":"https:\/\/schema.org","@graph":[{"@type":"Article","@id":"https:\/\/diariodelsurdigital.com.ar\/?p=2671#article","isPartOf":{"@id":"https:\/\/diariodelsurdigital.com.ar\/?p=2671"},"author":{"name":"Diario del Sur Digital","@id":"https:\/\/diariodelsurdigital.com.ar\/#\/schema\/person\/1a4992532ed62965c968031b49195c81"},"headline":"Los presidentes Lula da Silva y Gabriel Boric despidieron a Jos\u00e9 \u201cPepe\u201d Mujica en Montevideo","datePublished":"2025-05-16T15:04:14+00:00","dateModified":"2025-05-16T15:04:15+00:00","mainEntityOfPage":{"@id":"https:\/\/diariodelsurdigital.com.ar\/?p=2671"},"wordCount":1011,"commentCount":0,"image":{"@id":"https:\/\/diariodelsurdigital.com.ar\/?p=2671#primaryimage"},"thumbnailUrl":"https:\/\/diariodelsurdigital.com.ar\/wp-content\/uploads\/2025\/05\/md-35-1.webp","articleSection":["Internacionales","Pol\u00edtica"],"inLanguage":"es","potentialAction":[{"@type":"CommentAction","name":"Comment","target":["https:\/\/diariodelsurdigital.com.ar\/?p=2671#respond"]}]},{"@type":"WebPage","@id":"https:\/\/diariodelsurdigital.com.ar\/?p=2671","url":"https:\/\/diariodelsurdigital.com.ar\/?p=2671","name":"Los presidentes Lula da Silva y Gabriel Boric despidieron a Jos\u00e9 \u201cPepe\u201d Mujica en Montevideo - Diario del Sur","isPartOf":{"@id":"https:\/\/diariodelsurdigital.com.ar\/#website"},"primaryImageOfPage":{"@id":"https:\/\/diariodelsurdigital.com.ar\/?p=2671#primaryimage"},"image":{"@id":"https:\/\/diariodelsurdigital.com.ar\/?p=2671#primaryimage"},"thumbnailUrl":"https:\/\/diariodelsurdigital.com.ar\/wp-content\/uploads\/2025\/05\/md-35-1.webp","datePublished":"2025-05-16T15:04:14+00:00","dateModified":"2025-05-16T15:04:15+00:00","author":{"@id":"https:\/\/diariodelsurdigital.com.ar\/#\/schema\/person\/1a4992532ed62965c968031b49195c81"},"breadcrumb":{"@id":"https:\/\/diariodelsurdigital.com.ar\/?p=2671#breadcrumb"},"inLanguage":"es","potentialAction":[{"@type":"ReadAction","target":["https:\/\/diariodelsurdigital.com.ar\/?p=2671"]}]},{"@type":"ImageObject","inLanguage":"es","@id":"https:\/\/diariodelsurdigital.com.ar\/?p=2671#primaryimage","url":"https:\/\/diariodelsurdigital.com.ar\/wp-content\/uploads\/2025\/05\/md-35-1.webp","contentUrl":"https:\/\/diariodelsurdigital.com.ar\/wp-content\/uploads\/2025\/05\/md-35-1.webp","width":992,"height":791},{"@type":"BreadcrumbList","@id":"https:\/\/diariodelsurdigital.com.ar\/?p=2671#breadcrumb","itemListElement":[{"@type":"ListItem","position":1,"name":"Portada","item":"https:\/\/diariodelsurdigital.com.ar\/"},{"@type":"ListItem","position":2,"name":"Los presidentes Lula da Silva y Gabriel Boric despidieron a Jos\u00e9 \u201cPepe\u201d Mujica en Montevideo"}]},{"@type":"WebSite","@id":"https:\/\/diariodelsurdigital.com.ar\/#website","url":"https:\/\/diariodelsurdigital.com.ar\/","name":"Diario del Sur","description":"Digital","potentialAction":[{"@type":"SearchAction","target":{"@type":"EntryPoint","urlTemplate":"https:\/\/diariodelsurdigital.com.ar\/?s={search_term_string}"},"query-input":{"@type":"PropertyValueSpecification","valueRequired":true,"valueName":"search_term_string"}}],"inLanguage":"es"},{"@type":"Person","@id":"https:\/\/diariodelsurdigital.com.ar\/#\/schema\/person\/1a4992532ed62965c968031b49195c81","name":"Diario del Sur Digital","image":{"@type":"ImageObject","inLanguage":"es","@id":"https:\/\/secure.gravatar.com\/avatar\/f0c7c47fc7146d19828273b9b8eda651c9c7ab583767e6338d3d3bee825adf76?s=96&d=mm&r=g","url":"https:\/\/secure.gravatar.com\/avatar\/f0c7c47fc7146d19828273b9b8eda651c9c7ab583767e6338d3d3bee825adf76?s=96&d=mm&r=g","contentUrl":"https:\/\/secure.gravatar.com\/avatar\/f0c7c47fc7146d19828273b9b8eda651c9c7ab583767e6338d3d3bee825adf76?s=96&d=mm&r=g","caption":"Diario del Sur Digital"},"url":"https:\/\/diariodelsurdigital.com.ar\/?author=4"}]}},"_links":{"self":[{"href":"https:\/\/diariodelsurdigital.com.ar\/index.php?rest_route=\/wp\/v2\/posts\/2671","targetHints":{"allow":["GET"]}}],"collection":[{"href":"https:\/\/diariodelsurdigital.com.ar\/index.php?rest_route=\/wp\/v2\/posts"}],"about":[{"href":"https:\/\/diariodelsurdigital.com.ar\/index.php?rest_route=\/wp\/v2\/types\/post"}],"author":[{"embeddable":true,"href":"https:\/\/diariodelsurdigital.com.ar\/index.php?rest_route=\/wp\/v2\/users\/4"}],"replies":[{"embeddable":true,"href":"https:\/\/diariodelsurdigital.com.ar\/index.php?rest_route=%2Fwp%2Fv2%2Fcomments&post=2671"}],"version-history":[{"count":1,"href":"https:\/\/diariodelsurdigital.com.ar\/index.php?rest_route=\/wp\/v2\/posts\/2671\/revisions"}],"predecessor-version":[{"id":2673,"href":"https:\/\/diariodelsurdigital.com.ar\/index.php?rest_route=\/wp\/v2\/posts\/2671\/revisions\/2673"}],"wp:featuredmedia":[{"embeddable":true,"href":"https:\/\/diariodelsurdigital.com.ar\/index.php?rest_route=\/wp\/v2\/media\/2672"}],"wp:attachment":[{"href":"https:\/\/diariodelsurdigital.com.ar\/index.php?rest_route=%2Fwp%2Fv2%2Fmedia&parent=2671"}],"wp:term":[{"taxonomy":"category","embeddable":true,"href":"https:\/\/diariodelsurdigital.com.ar\/index.php?rest_route=%2Fwp%2Fv2%2Fcategories&post=2671"},{"taxonomy":"post_tag","embeddable":true,"href":"https:\/\/diariodelsurdigital.com.ar\/index.php?rest_route=%2Fwp%2Fv2%2Ftags&post=2671"}],"curies":[{"name":"wp","href":"https:\/\/api.w.org\/{rel}","templated":true}]}}