{"id":2678,"date":"2025-05-16T19:20:10","date_gmt":"2025-05-16T22:20:10","guid":{"rendered":"https:\/\/diariodelsurdigital.com.ar\/?p=2678"},"modified":"2025-05-16T19:20:10","modified_gmt":"2025-05-16T22:20:10","slug":"leon-xiv-ofrece-su-mediacion-para-poner-fin-a-las-guerras-en-todo-el-mundo","status":"publish","type":"post","link":"https:\/\/diariodelsurdigital.com.ar\/?p=2678","title":{"rendered":"Le\u00f3n XIV ofrece su mediaci\u00f3n para poner fin a las guerras en todo el mundo"},"content":{"rendered":"\n<p><strong>\u00abLa Santa Sede est\u00e1 en todo momento lista para ayudar a que los enemigos se acerquen, cara a cara, y hablen, de manera que los pueblos puedan recuperar la esperanza y la dignidad que merecen, la dignidad de la paz\u00bb, dijo el pont\u00edfice.<\/strong><\/p>\n\n\n\n<figure class=\"wp-block-image\"><img decoding=\"async\" src=\"https:\/\/cdnartic.ar\/U4OrZpn4_Dpyj_OOJvYkgHf2D8k=\/1500x0\/https:\/\/elheraldocdn.eleco.com.ar\/media\/2025\/05\/papa_7.jpeg\" alt=\"Le\u00f3n XIV ofrece su mediaci\u00f3n para poner fin a las guerras en todo el mundo\"\/><\/figure>\n\n\n\n<p>El papa Le\u00f3n XIV ofreci\u00f3 este mi\u00e9rcoles su mediaci\u00f3n entre los dirigentes de pa\u00edses en conflicto, y afirm\u00f3 que har\u00e1 personalmente \u00abtodo el esfuerzo necesario para que prevalezca la paz\u00bb. \u00abLa Santa Sede est\u00e1 en todo momento lista para ayudar a que los enemigos se acerquen, cara a cara, y hablen, de manera que los pueblos puedan recuperar la esperanza y la dignidad que merecen, la dignidad de la paz\u00bb, dijo el pont\u00edfice al recibir en el Vaticano a representantes de las 23 Iglesias cat\u00f3licas de Oriente que est\u00e1n en comuni\u00f3n con Roma.<br>\u00abLos pueblos quieren la paz, y a sus l\u00edderes les digo, de todo coraz\u00f3n: \u00a1reun\u00e1monos, hablemos, negociemos!\u00bb, a\u00f1adi\u00f3 el papa, nombrado por el c\u00f3nclave cardenalicio la semana pasada. Mencionando los numerosos conflictos que desangran el mundo, \u00abdesde la Tierra Santa hasta Ucrania\u00bb, as\u00ed como L\u00edbano, Siria, la regi\u00f3n del Tigr\u00e9 en Etiop\u00eda, y \u00abel C\u00e1ucaso\u00bb, el segundo papa venido de las Am\u00e9ricas lament\u00f3 la violencia y pidi\u00f3 trabajar intensamente por la paz. \u00abLa guerra nunca es inevitable, las armas pueden y deben callar, porque no resuelven los problemas, los agravan\u00bb, a\u00f1adi\u00f3 Le\u00f3n XIV, nacido en Estados Unidos y pero que tambi\u00e9n tiene la nacionalidad peruana por su trabajo como misionero en el pa\u00eds. \u00abPor mi parte, har\u00e9 todo el esfuerzo necesario para que prevalezca la paz\u00bb, enfatiz\u00f3 el santo padre, que sigue la senda pacifista de su predecesor Francisco. El papa dio igualmente las gracias a los cristianos que, \u00absobre todo en Oriente Medio, perseveran y resisten en sus tierras, m\u00e1s fuertes que la tentaci\u00f3n de abandonarlas\u00bb. \u00abSe debe dar a los cristianos la oportunidad, y no solo con palabras, de permanecer en sus tierras natales con todos los derechos necesarios para una existencia segura. \u00a1Por favor, luchemos por ello!\u00bb, destac\u00f3.<br>Los cristianos de Oriente Medio son minor\u00edas importantes en Irak, Siria, Israel, Cisjordania, L\u00edbano y Egipto. Igualmente hay comunidades cristianas en Ir\u00e1n, Turqu\u00eda, India y Pakist\u00e1n. Presentes en Oriente Medio desde los or\u00edgenes del cristianismo, en las \u00faltimas d\u00e9cadas los cristianos se han visto discriminados por distintos reg\u00edmenes en esta convulsa regi\u00f3n, o incluso han sido exterminados.<\/p>\n\n\n\n<p>Fuente: El Heraldo<\/p>\n","protected":false},"excerpt":{"rendered":"<p>\u00abLa Santa Sede est\u00e1 en todo momento lista para ayudar a que los enemigos se acerquen, cara a cara, y hablen, de manera que los pueblos puedan recuperar la esperanza y la dignidad que merecen, la dignidad de la paz\u00bb, dijo el pont\u00edfice. El papa Le\u00f3n XIV ofreci\u00f3 este mi\u00e9rcoles su mediaci\u00f3n entre los dirigentes [&hellip;]<\/p>\n","protected":false},"author":3,"featured_media":2679,"comment_status":"open","ping_status":"open","sticky":false,"template":"","format":"standard","meta":{"footnotes":""},"categories":[19],"tags":[],"class_list":{"0":"post-2678","1":"post","2":"type-post","3":"status-publish","4":"format-standard","5":"has-post-thumbnail","7":"category-interes-general"},"yoast_head":"<!-- This site is optimized with the Yoast SEO plugin v27.4 - https:\/\/yoast.com\/product\/yoast-seo-wordpress\/ -->\n<title>Le\u00f3n XIV ofrece su mediaci\u00f3n para poner fin a las guerras en todo el mundo - Diario del Sur<\/title>\n<meta name=\"robots\" content=\"index, follow, max-snippet:-1, max-image-preview:large, max-video-preview:-1\" \/>\n<link rel=\"canonical\" href=\"https:\/\/diariodelsurdigital.com.ar\/?p=2678\" \/>\n<meta property=\"og:locale\" content=\"es_ES\" \/>\n<meta property=\"og:type\" content=\"article\" \/>\n<meta property=\"og:title\" content=\"Le\u00f3n XIV ofrece su mediaci\u00f3n para poner fin a las guerras en todo el mundo - Diario del Sur\" \/>\n<meta property=\"og:description\" content=\"\u00abLa Santa Sede est\u00e1 en todo momento lista para ayudar a que los enemigos se acerquen, cara a cara, y hablen, de manera que los pueblos puedan recuperar la esperanza y la dignidad que merecen, la dignidad de la paz\u00bb, dijo el pont\u00edfice. El papa Le\u00f3n XIV ofreci\u00f3 este mi\u00e9rcoles su mediaci\u00f3n entre los dirigentes [&hellip;]\" \/>\n<meta property=\"og:url\" content=\"https:\/\/diariodelsurdigital.com.ar\/?p=2678\" \/>\n<meta property=\"og:site_name\" content=\"Diario del Sur\" \/>\n<meta property=\"article:published_time\" content=\"2025-05-16T22:20:10+00:00\" \/>\n<meta property=\"og:image\" content=\"https:\/\/diariodelsurdigital.com.ar\/wp-content\/uploads\/2025\/05\/papa_7.jpg\" \/>\n\t<meta property=\"og:image:width\" content=\"1024\" \/>\n\t<meta property=\"og:image:height\" content=\"768\" \/>\n\t<meta property=\"og:image:type\" content=\"image\/jpeg\" \/>\n<meta name=\"author\" content=\"Diario del Sur Digital\" \/>\n<meta name=\"twitter:card\" content=\"summary_large_image\" \/>\n<meta name=\"twitter:label1\" content=\"Escrito por\" \/>\n\t<meta name=\"twitter:data1\" content=\"Diario del Sur Digital\" \/>\n\t<meta name=\"twitter:label2\" content=\"Tiempo de lectura\" \/>\n\t<meta name=\"twitter:data2\" content=\"3 minutos\" \/>\n<script type=\"application\/ld+json\" class=\"yoast-schema-graph\">{\"@context\":\"https:\\\/\\\/schema.org\",\"@graph\":[{\"@type\":\"Article\",\"@id\":\"https:\\\/\\\/diariodelsurdigital.com.ar\\\/?p=2678#article\",\"isPartOf\":{\"@id\":\"https:\\\/\\\/diariodelsurdigital.com.ar\\\/?p=2678\"},\"author\":{\"name\":\"Diario del Sur Digital\",\"@id\":\"https:\\\/\\\/diariodelsurdigital.com.ar\\\/#\\\/schema\\\/person\\\/d794acb23337e88c6e4004a39c32be62\"},\"headline\":\"Le\u00f3n XIV ofrece su mediaci\u00f3n para poner fin a las guerras en todo el mundo\",\"datePublished\":\"2025-05-16T22:20:10+00:00\",\"mainEntityOfPage\":{\"@id\":\"https:\\\/\\\/diariodelsurdigital.com.ar\\\/?p=2678\"},\"wordCount\":447,\"commentCount\":0,\"image\":{\"@id\":\"https:\\\/\\\/diariodelsurdigital.com.ar\\\/?p=2678#primaryimage\"},\"thumbnailUrl\":\"https:\\\/\\\/diariodelsurdigital.com.ar\\\/wp-content\\\/uploads\\\/2025\\\/05\\\/papa_7.jpg\",\"articleSection\":[\"Inter\u00e9s General\"],\"inLanguage\":\"es\",\"potentialAction\":[{\"@type\":\"CommentAction\",\"name\":\"Comment\",\"target\":[\"https:\\\/\\\/diariodelsurdigital.com.ar\\\/?p=2678#respond\"]}]},{\"@type\":\"WebPage\",\"@id\":\"https:\\\/\\\/diariodelsurdigital.com.ar\\\/?p=2678\",\"url\":\"https:\\\/\\\/diariodelsurdigital.com.ar\\\/?p=2678\",\"name\":\"Le\u00f3n XIV ofrece su mediaci\u00f3n para poner fin a las guerras en todo el mundo - Diario del Sur\",\"isPartOf\":{\"@id\":\"https:\\\/\\\/diariodelsurdigital.com.ar\\\/#website\"},\"primaryImageOfPage\":{\"@id\":\"https:\\\/\\\/diariodelsurdigital.com.ar\\\/?p=2678#primaryimage\"},\"image\":{\"@id\":\"https:\\\/\\\/diariodelsurdigital.com.ar\\\/?p=2678#primaryimage\"},\"thumbnailUrl\":\"https:\\\/\\\/diariodelsurdigital.com.ar\\\/wp-content\\\/uploads\\\/2025\\\/05\\\/papa_7.jpg\",\"datePublished\":\"2025-05-16T22:20:10+00:00\",\"author\":{\"@id\":\"https:\\\/\\\/diariodelsurdigital.com.ar\\\/#\\\/schema\\\/person\\\/d794acb23337e88c6e4004a39c32be62\"},\"breadcrumb\":{\"@id\":\"https:\\\/\\\/diariodelsurdigital.com.ar\\\/?p=2678#breadcrumb\"},\"inLanguage\":\"es\",\"potentialAction\":[{\"@type\":\"ReadAction\",\"target\":[\"https:\\\/\\\/diariodelsurdigital.com.ar\\\/?p=2678\"]}]},{\"@type\":\"ImageObject\",\"inLanguage\":\"es\",\"@id\":\"https:\\\/\\\/diariodelsurdigital.com.ar\\\/?p=2678#primaryimage\",\"url\":\"https:\\\/\\\/diariodelsurdigital.com.ar\\\/wp-content\\\/uploads\\\/2025\\\/05\\\/papa_7.jpg\",\"contentUrl\":\"https:\\\/\\\/diariodelsurdigital.com.ar\\\/wp-content\\\/uploads\\\/2025\\\/05\\\/papa_7.jpg\",\"width\":1024,\"height\":768},{\"@type\":\"BreadcrumbList\",\"@id\":\"https:\\\/\\\/diariodelsurdigital.com.ar\\\/?p=2678#breadcrumb\",\"itemListElement\":[{\"@type\":\"ListItem\",\"position\":1,\"name\":\"Portada\",\"item\":\"https:\\\/\\\/diariodelsurdigital.com.ar\\\/\"},{\"@type\":\"ListItem\",\"position\":2,\"name\":\"Le\u00f3n XIV ofrece su mediaci\u00f3n para poner fin a las guerras en todo el mundo\"}]},{\"@type\":\"WebSite\",\"@id\":\"https:\\\/\\\/diariodelsurdigital.com.ar\\\/#website\",\"url\":\"https:\\\/\\\/diariodelsurdigital.com.ar\\\/\",\"name\":\"Diario del Sur\",\"description\":\"Digital\",\"potentialAction\":[{\"@type\":\"SearchAction\",\"target\":{\"@type\":\"EntryPoint\",\"urlTemplate\":\"https:\\\/\\\/diariodelsurdigital.com.ar\\\/?s={search_term_string}\"},\"query-input\":{\"@type\":\"PropertyValueSpecification\",\"valueRequired\":true,\"valueName\":\"search_term_string\"}}],\"inLanguage\":\"es\"},{\"@type\":\"Person\",\"@id\":\"https:\\\/\\\/diariodelsurdigital.com.ar\\\/#\\\/schema\\\/person\\\/d794acb23337e88c6e4004a39c32be62\",\"name\":\"Diario del Sur Digital\",\"image\":{\"@type\":\"ImageObject\",\"inLanguage\":\"es\",\"@id\":\"https:\\\/\\\/secure.gravatar.com\\\/avatar\\\/47679bcfa15734cfdefc176b6ad58adeeccac22b2e03e095ada6c622af2b463a?s=96&d=mm&r=g\",\"url\":\"https:\\\/\\\/secure.gravatar.com\\\/avatar\\\/47679bcfa15734cfdefc176b6ad58adeeccac22b2e03e095ada6c622af2b463a?s=96&d=mm&r=g\",\"contentUrl\":\"https:\\\/\\\/secure.gravatar.com\\\/avatar\\\/47679bcfa15734cfdefc176b6ad58adeeccac22b2e03e095ada6c622af2b463a?s=96&d=mm&r=g\",\"caption\":\"Diario del Sur Digital\"},\"url\":\"https:\\\/\\\/diariodelsurdigital.com.ar\\\/?author=3\"}]}<\/script>\n<!-- \/ Yoast SEO plugin. -->","yoast_head_json":{"title":"Le\u00f3n XIV ofrece su mediaci\u00f3n para poner fin a las guerras en todo el mundo - Diario del Sur","robots":{"index":"index","follow":"follow","max-snippet":"max-snippet:-1","max-image-preview":"max-image-preview:large","max-video-preview":"max-video-preview:-1"},"canonical":"https:\/\/diariodelsurdigital.com.ar\/?p=2678","og_locale":"es_ES","og_type":"article","og_title":"Le\u00f3n XIV ofrece su mediaci\u00f3n para poner fin a las guerras en todo el mundo - Diario del Sur","og_description":"\u00abLa Santa Sede est\u00e1 en todo momento lista para ayudar a que los enemigos se acerquen, cara a cara, y hablen, de manera que los pueblos puedan recuperar la esperanza y la dignidad que merecen, la dignidad de la paz\u00bb, dijo el pont\u00edfice. El papa Le\u00f3n XIV ofreci\u00f3 este mi\u00e9rcoles su mediaci\u00f3n entre los dirigentes [&hellip;]","og_url":"https:\/\/diariodelsurdigital.com.ar\/?p=2678","og_site_name":"Diario del Sur","article_published_time":"2025-05-16T22:20:10+00:00","og_image":[{"width":1024,"height":768,"url":"https:\/\/diariodelsurdigital.com.ar\/wp-content\/uploads\/2025\/05\/papa_7.jpg","type":"image\/jpeg"}],"author":"Diario del Sur Digital","twitter_card":"summary_large_image","twitter_misc":{"Escrito por":"Diario del Sur Digital","Tiempo de lectura":"3 minutos"},"schema":{"@context":"https:\/\/schema.org","@graph":[{"@type":"Article","@id":"https:\/\/diariodelsurdigital.com.ar\/?p=2678#article","isPartOf":{"@id":"https:\/\/diariodelsurdigital.com.ar\/?p=2678"},"author":{"name":"Diario del Sur Digital","@id":"https:\/\/diariodelsurdigital.com.ar\/#\/schema\/person\/d794acb23337e88c6e4004a39c32be62"},"headline":"Le\u00f3n XIV ofrece su mediaci\u00f3n para poner fin a las guerras en todo el mundo","datePublished":"2025-05-16T22:20:10+00:00","mainEntityOfPage":{"@id":"https:\/\/diariodelsurdigital.com.ar\/?p=2678"},"wordCount":447,"commentCount":0,"image":{"@id":"https:\/\/diariodelsurdigital.com.ar\/?p=2678#primaryimage"},"thumbnailUrl":"https:\/\/diariodelsurdigital.com.ar\/wp-content\/uploads\/2025\/05\/papa_7.jpg","articleSection":["Inter\u00e9s General"],"inLanguage":"es","potentialAction":[{"@type":"CommentAction","name":"Comment","target":["https:\/\/diariodelsurdigital.com.ar\/?p=2678#respond"]}]},{"@type":"WebPage","@id":"https:\/\/diariodelsurdigital.com.ar\/?p=2678","url":"https:\/\/diariodelsurdigital.com.ar\/?p=2678","name":"Le\u00f3n XIV ofrece su mediaci\u00f3n para poner fin a las guerras en todo el mundo - Diario del Sur","isPartOf":{"@id":"https:\/\/diariodelsurdigital.com.ar\/#website"},"primaryImageOfPage":{"@id":"https:\/\/diariodelsurdigital.com.ar\/?p=2678#primaryimage"},"image":{"@id":"https:\/\/diariodelsurdigital.com.ar\/?p=2678#primaryimage"},"thumbnailUrl":"https:\/\/diariodelsurdigital.com.ar\/wp-content\/uploads\/2025\/05\/papa_7.jpg","datePublished":"2025-05-16T22:20:10+00:00","author":{"@id":"https:\/\/diariodelsurdigital.com.ar\/#\/schema\/person\/d794acb23337e88c6e4004a39c32be62"},"breadcrumb":{"@id":"https:\/\/diariodelsurdigital.com.ar\/?p=2678#breadcrumb"},"inLanguage":"es","potentialAction":[{"@type":"ReadAction","target":["https:\/\/diariodelsurdigital.com.ar\/?p=2678"]}]},{"@type":"ImageObject","inLanguage":"es","@id":"https:\/\/diariodelsurdigital.com.ar\/?p=2678#primaryimage","url":"https:\/\/diariodelsurdigital.com.ar\/wp-content\/uploads\/2025\/05\/papa_7.jpg","contentUrl":"https:\/\/diariodelsurdigital.com.ar\/wp-content\/uploads\/2025\/05\/papa_7.jpg","width":1024,"height":768},{"@type":"BreadcrumbList","@id":"https:\/\/diariodelsurdigital.com.ar\/?p=2678#breadcrumb","itemListElement":[{"@type":"ListItem","position":1,"name":"Portada","item":"https:\/\/diariodelsurdigital.com.ar\/"},{"@type":"ListItem","position":2,"name":"Le\u00f3n XIV ofrece su mediaci\u00f3n para poner fin a las guerras en todo el mundo"}]},{"@type":"WebSite","@id":"https:\/\/diariodelsurdigital.com.ar\/#website","url":"https:\/\/diariodelsurdigital.com.ar\/","name":"Diario del Sur","description":"Digital","potentialAction":[{"@type":"SearchAction","target":{"@type":"EntryPoint","urlTemplate":"https:\/\/diariodelsurdigital.com.ar\/?s={search_term_string}"},"query-input":{"@type":"PropertyValueSpecification","valueRequired":true,"valueName":"search_term_string"}}],"inLanguage":"es"},{"@type":"Person","@id":"https:\/\/diariodelsurdigital.com.ar\/#\/schema\/person\/d794acb23337e88c6e4004a39c32be62","name":"Diario del Sur Digital","image":{"@type":"ImageObject","inLanguage":"es","@id":"https:\/\/secure.gravatar.com\/avatar\/47679bcfa15734cfdefc176b6ad58adeeccac22b2e03e095ada6c622af2b463a?s=96&d=mm&r=g","url":"https:\/\/secure.gravatar.com\/avatar\/47679bcfa15734cfdefc176b6ad58adeeccac22b2e03e095ada6c622af2b463a?s=96&d=mm&r=g","contentUrl":"https:\/\/secure.gravatar.com\/avatar\/47679bcfa15734cfdefc176b6ad58adeeccac22b2e03e095ada6c622af2b463a?s=96&d=mm&r=g","caption":"Diario del Sur Digital"},"url":"https:\/\/diariodelsurdigital.com.ar\/?author=3"}]}},"_links":{"self":[{"href":"https:\/\/diariodelsurdigital.com.ar\/index.php?rest_route=\/wp\/v2\/posts\/2678","targetHints":{"allow":["GET"]}}],"collection":[{"href":"https:\/\/diariodelsurdigital.com.ar\/index.php?rest_route=\/wp\/v2\/posts"}],"about":[{"href":"https:\/\/diariodelsurdigital.com.ar\/index.php?rest_route=\/wp\/v2\/types\/post"}],"author":[{"embeddable":true,"href":"https:\/\/diariodelsurdigital.com.ar\/index.php?rest_route=\/wp\/v2\/users\/3"}],"replies":[{"embeddable":true,"href":"https:\/\/diariodelsurdigital.com.ar\/index.php?rest_route=%2Fwp%2Fv2%2Fcomments&post=2678"}],"version-history":[{"count":1,"href":"https:\/\/diariodelsurdigital.com.ar\/index.php?rest_route=\/wp\/v2\/posts\/2678\/revisions"}],"predecessor-version":[{"id":2680,"href":"https:\/\/diariodelsurdigital.com.ar\/index.php?rest_route=\/wp\/v2\/posts\/2678\/revisions\/2680"}],"wp:featuredmedia":[{"embeddable":true,"href":"https:\/\/diariodelsurdigital.com.ar\/index.php?rest_route=\/wp\/v2\/media\/2679"}],"wp:attachment":[{"href":"https:\/\/diariodelsurdigital.com.ar\/index.php?rest_route=%2Fwp%2Fv2%2Fmedia&parent=2678"}],"wp:term":[{"taxonomy":"category","embeddable":true,"href":"https:\/\/diariodelsurdigital.com.ar\/index.php?rest_route=%2Fwp%2Fv2%2Fcategories&post=2678"},{"taxonomy":"post_tag","embeddable":true,"href":"https:\/\/diariodelsurdigital.com.ar\/index.php?rest_route=%2Fwp%2Fv2%2Ftags&post=2678"}],"curies":[{"name":"wp","href":"https:\/\/api.w.org\/{rel}","templated":true}]}}