{"id":2681,"date":"2025-05-16T19:22:30","date_gmt":"2025-05-16T22:22:30","guid":{"rendered":"https:\/\/diariodelsurdigital.com.ar\/?p=2681"},"modified":"2025-05-16T19:22:30","modified_gmt":"2025-05-16T22:22:30","slug":"en-malvinas-con-los-hijos-43-anos-despues-desde-puerto-argentino-exsoldado-entrerriano-cuenta-la-experiencia","status":"publish","type":"post","link":"https:\/\/diariodelsurdigital.com.ar\/?p=2681","title":{"rendered":"En Malvinas, con los hijos, 43 a\u00f1os despu\u00e9s. Desde Puerto Argentino, exsoldado entrerriano cuenta la experiencia"},"content":{"rendered":"\n<figure class=\"wp-block-image\"><img decoding=\"async\" src=\"https:\/\/media.elentrerios.com\/fotos-v2\/2025\/05\/16\/l_1747389313.jpg\" alt=\"\" title=\"\"\/><\/figure>\n\n\n\n<p>Ulises Monz\u00f3n tiene 63 a\u00f1os, es de Concepci\u00f3n del Uruguay y el s\u00e1bado lleg\u00f3 a Puerto Argentino por tercera vez.<\/p>\n\n\n\n<p>La primera fue en 1982, cuando comenz\u00f3 la guerra con los ingleses en el Atl\u00e1ntico Sur. Estaba haciendo el servicio militar en R\u00edo Grande (Tierra del Fuego) y el 10 de abril cruz\u00f3 a las islas donde combati\u00f3 con el Batall\u00f3n de Infanter\u00eda de Marina N\u00b0 5.<\/p>\n\n\n\n<p>\u201cEstar 60 d\u00edas viviendo en trincheras es duro; no ten\u00edamos para ba\u00f1arnos y hab\u00eda poca comida. Las trincheras no se pod\u00edan hacer muy hondas porque se inundaban; en esta \u00e9poca del a\u00f1o el 80 por ciento de los d\u00edas son lluviosos o nublados. Al estar durante un a\u00f1o en Tierra del Fuego est\u00e1bamos acostumbrados al clima, pero fue dif\u00edcil estar mojados y sobrevivir\u201d.<\/p>\n\n\n\n<figure class=\"wp-block-image\"><img decoding=\"async\" src=\"https:\/\/media.elentrerios.com\/fotos-emb\/2025\/05\/16\/o_1747389364.jpg\" alt=\"\"\/><\/figure>\n\n\n\n<p>A lo largo de los d\u00edas de combate sufrieron la p\u00e9rdida de 16 compa\u00f1eros. \u201cNuestra unidad tuvo una buena actuaci\u00f3n, rechazamos unos cuantos ataques y nunca nos pudieron tomar. Fuimos el \u00faltimo basti\u00f3n. Durante 40 d\u00edas vivimos bajo los bombardeos y el 13 de junio a la noche fue el combate m\u00e1s fuerte, hicimos el repliegue al amanecer para hacer un contraataque, pero todas las unidades ya estaban en el pueblo. Nuestro comandante no quer\u00eda torcer su brazo y nos preparamos; sufrimos un bombardeo durante 40-45 minutos sin parar, de fragata y artiller\u00eda terrestre, e incluso un intento de desembarco en helic\u00f3ptero que tambi\u00e9n se repeli\u00f3. A las 13.00 se decidi\u00f3 ir al pueblo\u201d. La guerra hab\u00eda terminado.<\/p>\n\n\n\n<p>La segunda vez fue en 2012 junto a otro dos veteranos uruguayenses, Armando Sc\u00e9vola y Ricardo Lucero, compa\u00f1eros de unidad. \u201cEse viaje fue sanador\u201d cuando se cumpl\u00edan 30 a\u00f1os de la gesta.<\/p>\n\n\n\n<p>El relato lo hace Monz\u00f3n desde la capital de las Islas Malvinas. Ahora le toca la misi\u00f3n de contar la experiencia en vivo a dos de sus cinco hijos, Lucas (34) y Mateo (13). \u201cEstamos recorriendo las trincheras, los lugares de combate, el cementerio\u201d, dice a&nbsp;<strong>El Entre R\u00edos<\/strong>.<\/p>\n\n\n\n<p>Quiso que el viaje se concrete en la misma \u00e9poca del a\u00f1o en que fue la guerra \u201cpara que vean algo de lo que vivimos. Ya hemos tenido temperaturas bajo cero en los cerros, con vientos de 80 km\/h\u201d. Permanecen alojados en casa de una familia chilena, donde se quedar\u00e1n hasta el pr\u00f3ximo s\u00e1bado.<\/p>\n\n\n\n<p>Lo que m\u00e1s les impact\u00f3 fueron \u201clos agujeros de las bombas y los elementos que todav\u00eda se encuentran, como borcegu\u00edes, cobijas, vainas de los proyectiles, cubiertos, pasta dental que antes ven\u00eda en plomo y hoy encontr\u00e9 una granada de humo. Cuando vine en 2012, las cobijas todav\u00eda ten\u00edan los sellos pese a estar al aire libre; y en la que hab\u00eda sido mi trinchera, m\u00e1s all\u00e1 de que estaba derrumbada, encontr\u00e9 mi poncho de agua, que ahora est\u00e1 en el museo de Malvinas en Concepci\u00f3n del Uruguay\u201d.<\/p>\n\n\n\n<p>Fuente: El Entre Rios<\/p>\n","protected":false},"excerpt":{"rendered":"<p>Ulises Monz\u00f3n tiene 63 a\u00f1os, es de Concepci\u00f3n del Uruguay y el s\u00e1bado lleg\u00f3 a Puerto Argentino por tercera vez. La primera fue en 1982, cuando comenz\u00f3 la guerra con los ingleses en el Atl\u00e1ntico Sur. Estaba haciendo el servicio militar en R\u00edo Grande (Tierra del Fuego) y el 10 de abril cruz\u00f3 a las [&hellip;]<\/p>\n","protected":false},"author":3,"featured_media":2682,"comment_status":"open","ping_status":"open","sticky":false,"template":"","format":"standard","meta":{"footnotes":""},"categories":[19,20],"tags":[],"class_list":{"0":"post-2681","1":"post","2":"type-post","3":"status-publish","4":"format-standard","5":"has-post-thumbnail","7":"category-interes-general","8":"category-internacionales"},"yoast_head":"<!-- This site is optimized with the Yoast SEO plugin v27.4 - https:\/\/yoast.com\/product\/yoast-seo-wordpress\/ -->\n<title>En Malvinas, con los hijos, 43 a\u00f1os despu\u00e9s. Desde Puerto Argentino, exsoldado entrerriano cuenta la experiencia - Diario del Sur<\/title>\n<meta name=\"robots\" content=\"index, follow, max-snippet:-1, max-image-preview:large, max-video-preview:-1\" \/>\n<link rel=\"canonical\" href=\"https:\/\/diariodelsurdigital.com.ar\/?p=2681\" \/>\n<meta property=\"og:locale\" content=\"es_ES\" \/>\n<meta property=\"og:type\" content=\"article\" \/>\n<meta property=\"og:title\" content=\"En Malvinas, con los hijos, 43 a\u00f1os despu\u00e9s. Desde Puerto Argentino, exsoldado entrerriano cuenta la experiencia - Diario del Sur\" \/>\n<meta property=\"og:description\" content=\"Ulises Monz\u00f3n tiene 63 a\u00f1os, es de Concepci\u00f3n del Uruguay y el s\u00e1bado lleg\u00f3 a Puerto Argentino por tercera vez. La primera fue en 1982, cuando comenz\u00f3 la guerra con los ingleses en el Atl\u00e1ntico Sur. Estaba haciendo el servicio militar en R\u00edo Grande (Tierra del Fuego) y el 10 de abril cruz\u00f3 a las [&hellip;]\" \/>\n<meta property=\"og:url\" content=\"https:\/\/diariodelsurdigital.com.ar\/?p=2681\" \/>\n<meta property=\"og:site_name\" content=\"Diario del Sur\" \/>\n<meta property=\"article:published_time\" content=\"2025-05-16T22:22:30+00:00\" \/>\n<meta property=\"og:image\" content=\"https:\/\/diariodelsurdigital.com.ar\/wp-content\/uploads\/2025\/05\/l_1747389313.jpg\" \/>\n\t<meta property=\"og:image:width\" content=\"870\" \/>\n\t<meta property=\"og:image:height\" content=\"580\" \/>\n\t<meta property=\"og:image:type\" content=\"image\/jpeg\" \/>\n<meta name=\"author\" content=\"Diario del Sur Digital\" \/>\n<meta name=\"twitter:card\" content=\"summary_large_image\" \/>\n<meta name=\"twitter:label1\" content=\"Escrito por\" \/>\n\t<meta name=\"twitter:data1\" content=\"Diario del Sur Digital\" \/>\n\t<meta name=\"twitter:label2\" content=\"Tiempo de lectura\" \/>\n\t<meta name=\"twitter:data2\" content=\"3 minutos\" \/>\n<script type=\"application\/ld+json\" class=\"yoast-schema-graph\">{\"@context\":\"https:\\\/\\\/schema.org\",\"@graph\":[{\"@type\":\"Article\",\"@id\":\"https:\\\/\\\/diariodelsurdigital.com.ar\\\/?p=2681#article\",\"isPartOf\":{\"@id\":\"https:\\\/\\\/diariodelsurdigital.com.ar\\\/?p=2681\"},\"author\":{\"name\":\"Diario del Sur Digital\",\"@id\":\"https:\\\/\\\/diariodelsurdigital.com.ar\\\/#\\\/schema\\\/person\\\/d794acb23337e88c6e4004a39c32be62\"},\"headline\":\"En Malvinas, con los hijos, 43 a\u00f1os despu\u00e9s. Desde Puerto Argentino, exsoldado entrerriano cuenta la experiencia\",\"datePublished\":\"2025-05-16T22:22:30+00:00\",\"mainEntityOfPage\":{\"@id\":\"https:\\\/\\\/diariodelsurdigital.com.ar\\\/?p=2681\"},\"wordCount\":527,\"commentCount\":0,\"image\":{\"@id\":\"https:\\\/\\\/diariodelsurdigital.com.ar\\\/?p=2681#primaryimage\"},\"thumbnailUrl\":\"https:\\\/\\\/diariodelsurdigital.com.ar\\\/wp-content\\\/uploads\\\/2025\\\/05\\\/l_1747389313.jpg\",\"articleSection\":[\"Inter\u00e9s General\",\"Internacionales\"],\"inLanguage\":\"es\",\"potentialAction\":[{\"@type\":\"CommentAction\",\"name\":\"Comment\",\"target\":[\"https:\\\/\\\/diariodelsurdigital.com.ar\\\/?p=2681#respond\"]}]},{\"@type\":\"WebPage\",\"@id\":\"https:\\\/\\\/diariodelsurdigital.com.ar\\\/?p=2681\",\"url\":\"https:\\\/\\\/diariodelsurdigital.com.ar\\\/?p=2681\",\"name\":\"En Malvinas, con los hijos, 43 a\u00f1os despu\u00e9s. Desde Puerto Argentino, exsoldado entrerriano cuenta la experiencia - Diario del Sur\",\"isPartOf\":{\"@id\":\"https:\\\/\\\/diariodelsurdigital.com.ar\\\/#website\"},\"primaryImageOfPage\":{\"@id\":\"https:\\\/\\\/diariodelsurdigital.com.ar\\\/?p=2681#primaryimage\"},\"image\":{\"@id\":\"https:\\\/\\\/diariodelsurdigital.com.ar\\\/?p=2681#primaryimage\"},\"thumbnailUrl\":\"https:\\\/\\\/diariodelsurdigital.com.ar\\\/wp-content\\\/uploads\\\/2025\\\/05\\\/l_1747389313.jpg\",\"datePublished\":\"2025-05-16T22:22:30+00:00\",\"author\":{\"@id\":\"https:\\\/\\\/diariodelsurdigital.com.ar\\\/#\\\/schema\\\/person\\\/d794acb23337e88c6e4004a39c32be62\"},\"breadcrumb\":{\"@id\":\"https:\\\/\\\/diariodelsurdigital.com.ar\\\/?p=2681#breadcrumb\"},\"inLanguage\":\"es\",\"potentialAction\":[{\"@type\":\"ReadAction\",\"target\":[\"https:\\\/\\\/diariodelsurdigital.com.ar\\\/?p=2681\"]}]},{\"@type\":\"ImageObject\",\"inLanguage\":\"es\",\"@id\":\"https:\\\/\\\/diariodelsurdigital.com.ar\\\/?p=2681#primaryimage\",\"url\":\"https:\\\/\\\/diariodelsurdigital.com.ar\\\/wp-content\\\/uploads\\\/2025\\\/05\\\/l_1747389313.jpg\",\"contentUrl\":\"https:\\\/\\\/diariodelsurdigital.com.ar\\\/wp-content\\\/uploads\\\/2025\\\/05\\\/l_1747389313.jpg\",\"width\":870,\"height\":580},{\"@type\":\"BreadcrumbList\",\"@id\":\"https:\\\/\\\/diariodelsurdigital.com.ar\\\/?p=2681#breadcrumb\",\"itemListElement\":[{\"@type\":\"ListItem\",\"position\":1,\"name\":\"Portada\",\"item\":\"https:\\\/\\\/diariodelsurdigital.com.ar\\\/\"},{\"@type\":\"ListItem\",\"position\":2,\"name\":\"En Malvinas, con los hijos, 43 a\u00f1os despu\u00e9s. Desde Puerto Argentino, exsoldado entrerriano cuenta la experiencia\"}]},{\"@type\":\"WebSite\",\"@id\":\"https:\\\/\\\/diariodelsurdigital.com.ar\\\/#website\",\"url\":\"https:\\\/\\\/diariodelsurdigital.com.ar\\\/\",\"name\":\"Diario del Sur\",\"description\":\"Digital\",\"potentialAction\":[{\"@type\":\"SearchAction\",\"target\":{\"@type\":\"EntryPoint\",\"urlTemplate\":\"https:\\\/\\\/diariodelsurdigital.com.ar\\\/?s={search_term_string}\"},\"query-input\":{\"@type\":\"PropertyValueSpecification\",\"valueRequired\":true,\"valueName\":\"search_term_string\"}}],\"inLanguage\":\"es\"},{\"@type\":\"Person\",\"@id\":\"https:\\\/\\\/diariodelsurdigital.com.ar\\\/#\\\/schema\\\/person\\\/d794acb23337e88c6e4004a39c32be62\",\"name\":\"Diario del Sur Digital\",\"image\":{\"@type\":\"ImageObject\",\"inLanguage\":\"es\",\"@id\":\"https:\\\/\\\/secure.gravatar.com\\\/avatar\\\/47679bcfa15734cfdefc176b6ad58adeeccac22b2e03e095ada6c622af2b463a?s=96&d=mm&r=g\",\"url\":\"https:\\\/\\\/secure.gravatar.com\\\/avatar\\\/47679bcfa15734cfdefc176b6ad58adeeccac22b2e03e095ada6c622af2b463a?s=96&d=mm&r=g\",\"contentUrl\":\"https:\\\/\\\/secure.gravatar.com\\\/avatar\\\/47679bcfa15734cfdefc176b6ad58adeeccac22b2e03e095ada6c622af2b463a?s=96&d=mm&r=g\",\"caption\":\"Diario del Sur Digital\"},\"url\":\"https:\\\/\\\/diariodelsurdigital.com.ar\\\/?author=3\"}]}<\/script>\n<!-- \/ Yoast SEO plugin. -->","yoast_head_json":{"title":"En Malvinas, con los hijos, 43 a\u00f1os despu\u00e9s. Desde Puerto Argentino, exsoldado entrerriano cuenta la experiencia - Diario del Sur","robots":{"index":"index","follow":"follow","max-snippet":"max-snippet:-1","max-image-preview":"max-image-preview:large","max-video-preview":"max-video-preview:-1"},"canonical":"https:\/\/diariodelsurdigital.com.ar\/?p=2681","og_locale":"es_ES","og_type":"article","og_title":"En Malvinas, con los hijos, 43 a\u00f1os despu\u00e9s. Desde Puerto Argentino, exsoldado entrerriano cuenta la experiencia - Diario del Sur","og_description":"Ulises Monz\u00f3n tiene 63 a\u00f1os, es de Concepci\u00f3n del Uruguay y el s\u00e1bado lleg\u00f3 a Puerto Argentino por tercera vez. La primera fue en 1982, cuando comenz\u00f3 la guerra con los ingleses en el Atl\u00e1ntico Sur. Estaba haciendo el servicio militar en R\u00edo Grande (Tierra del Fuego) y el 10 de abril cruz\u00f3 a las [&hellip;]","og_url":"https:\/\/diariodelsurdigital.com.ar\/?p=2681","og_site_name":"Diario del Sur","article_published_time":"2025-05-16T22:22:30+00:00","og_image":[{"width":870,"height":580,"url":"https:\/\/diariodelsurdigital.com.ar\/wp-content\/uploads\/2025\/05\/l_1747389313.jpg","type":"image\/jpeg"}],"author":"Diario del Sur Digital","twitter_card":"summary_large_image","twitter_misc":{"Escrito por":"Diario del Sur Digital","Tiempo de lectura":"3 minutos"},"schema":{"@context":"https:\/\/schema.org","@graph":[{"@type":"Article","@id":"https:\/\/diariodelsurdigital.com.ar\/?p=2681#article","isPartOf":{"@id":"https:\/\/diariodelsurdigital.com.ar\/?p=2681"},"author":{"name":"Diario del Sur Digital","@id":"https:\/\/diariodelsurdigital.com.ar\/#\/schema\/person\/d794acb23337e88c6e4004a39c32be62"},"headline":"En Malvinas, con los hijos, 43 a\u00f1os despu\u00e9s. Desde Puerto Argentino, exsoldado entrerriano cuenta la experiencia","datePublished":"2025-05-16T22:22:30+00:00","mainEntityOfPage":{"@id":"https:\/\/diariodelsurdigital.com.ar\/?p=2681"},"wordCount":527,"commentCount":0,"image":{"@id":"https:\/\/diariodelsurdigital.com.ar\/?p=2681#primaryimage"},"thumbnailUrl":"https:\/\/diariodelsurdigital.com.ar\/wp-content\/uploads\/2025\/05\/l_1747389313.jpg","articleSection":["Inter\u00e9s General","Internacionales"],"inLanguage":"es","potentialAction":[{"@type":"CommentAction","name":"Comment","target":["https:\/\/diariodelsurdigital.com.ar\/?p=2681#respond"]}]},{"@type":"WebPage","@id":"https:\/\/diariodelsurdigital.com.ar\/?p=2681","url":"https:\/\/diariodelsurdigital.com.ar\/?p=2681","name":"En Malvinas, con los hijos, 43 a\u00f1os despu\u00e9s. Desde Puerto Argentino, exsoldado entrerriano cuenta la experiencia - Diario del Sur","isPartOf":{"@id":"https:\/\/diariodelsurdigital.com.ar\/#website"},"primaryImageOfPage":{"@id":"https:\/\/diariodelsurdigital.com.ar\/?p=2681#primaryimage"},"image":{"@id":"https:\/\/diariodelsurdigital.com.ar\/?p=2681#primaryimage"},"thumbnailUrl":"https:\/\/diariodelsurdigital.com.ar\/wp-content\/uploads\/2025\/05\/l_1747389313.jpg","datePublished":"2025-05-16T22:22:30+00:00","author":{"@id":"https:\/\/diariodelsurdigital.com.ar\/#\/schema\/person\/d794acb23337e88c6e4004a39c32be62"},"breadcrumb":{"@id":"https:\/\/diariodelsurdigital.com.ar\/?p=2681#breadcrumb"},"inLanguage":"es","potentialAction":[{"@type":"ReadAction","target":["https:\/\/diariodelsurdigital.com.ar\/?p=2681"]}]},{"@type":"ImageObject","inLanguage":"es","@id":"https:\/\/diariodelsurdigital.com.ar\/?p=2681#primaryimage","url":"https:\/\/diariodelsurdigital.com.ar\/wp-content\/uploads\/2025\/05\/l_1747389313.jpg","contentUrl":"https:\/\/diariodelsurdigital.com.ar\/wp-content\/uploads\/2025\/05\/l_1747389313.jpg","width":870,"height":580},{"@type":"BreadcrumbList","@id":"https:\/\/diariodelsurdigital.com.ar\/?p=2681#breadcrumb","itemListElement":[{"@type":"ListItem","position":1,"name":"Portada","item":"https:\/\/diariodelsurdigital.com.ar\/"},{"@type":"ListItem","position":2,"name":"En Malvinas, con los hijos, 43 a\u00f1os despu\u00e9s. Desde Puerto Argentino, exsoldado entrerriano cuenta la experiencia"}]},{"@type":"WebSite","@id":"https:\/\/diariodelsurdigital.com.ar\/#website","url":"https:\/\/diariodelsurdigital.com.ar\/","name":"Diario del Sur","description":"Digital","potentialAction":[{"@type":"SearchAction","target":{"@type":"EntryPoint","urlTemplate":"https:\/\/diariodelsurdigital.com.ar\/?s={search_term_string}"},"query-input":{"@type":"PropertyValueSpecification","valueRequired":true,"valueName":"search_term_string"}}],"inLanguage":"es"},{"@type":"Person","@id":"https:\/\/diariodelsurdigital.com.ar\/#\/schema\/person\/d794acb23337e88c6e4004a39c32be62","name":"Diario del Sur Digital","image":{"@type":"ImageObject","inLanguage":"es","@id":"https:\/\/secure.gravatar.com\/avatar\/47679bcfa15734cfdefc176b6ad58adeeccac22b2e03e095ada6c622af2b463a?s=96&d=mm&r=g","url":"https:\/\/secure.gravatar.com\/avatar\/47679bcfa15734cfdefc176b6ad58adeeccac22b2e03e095ada6c622af2b463a?s=96&d=mm&r=g","contentUrl":"https:\/\/secure.gravatar.com\/avatar\/47679bcfa15734cfdefc176b6ad58adeeccac22b2e03e095ada6c622af2b463a?s=96&d=mm&r=g","caption":"Diario del Sur Digital"},"url":"https:\/\/diariodelsurdigital.com.ar\/?author=3"}]}},"_links":{"self":[{"href":"https:\/\/diariodelsurdigital.com.ar\/index.php?rest_route=\/wp\/v2\/posts\/2681","targetHints":{"allow":["GET"]}}],"collection":[{"href":"https:\/\/diariodelsurdigital.com.ar\/index.php?rest_route=\/wp\/v2\/posts"}],"about":[{"href":"https:\/\/diariodelsurdigital.com.ar\/index.php?rest_route=\/wp\/v2\/types\/post"}],"author":[{"embeddable":true,"href":"https:\/\/diariodelsurdigital.com.ar\/index.php?rest_route=\/wp\/v2\/users\/3"}],"replies":[{"embeddable":true,"href":"https:\/\/diariodelsurdigital.com.ar\/index.php?rest_route=%2Fwp%2Fv2%2Fcomments&post=2681"}],"version-history":[{"count":1,"href":"https:\/\/diariodelsurdigital.com.ar\/index.php?rest_route=\/wp\/v2\/posts\/2681\/revisions"}],"predecessor-version":[{"id":2683,"href":"https:\/\/diariodelsurdigital.com.ar\/index.php?rest_route=\/wp\/v2\/posts\/2681\/revisions\/2683"}],"wp:featuredmedia":[{"embeddable":true,"href":"https:\/\/diariodelsurdigital.com.ar\/index.php?rest_route=\/wp\/v2\/media\/2682"}],"wp:attachment":[{"href":"https:\/\/diariodelsurdigital.com.ar\/index.php?rest_route=%2Fwp%2Fv2%2Fmedia&parent=2681"}],"wp:term":[{"taxonomy":"category","embeddable":true,"href":"https:\/\/diariodelsurdigital.com.ar\/index.php?rest_route=%2Fwp%2Fv2%2Fcategories&post=2681"},{"taxonomy":"post_tag","embeddable":true,"href":"https:\/\/diariodelsurdigital.com.ar\/index.php?rest_route=%2Fwp%2Fv2%2Ftags&post=2681"}],"curies":[{"name":"wp","href":"https:\/\/api.w.org\/{rel}","templated":true}]}}