{"id":2685,"date":"2025-05-16T22:08:05","date_gmt":"2025-05-17T01:08:05","guid":{"rendered":"https:\/\/diariodelsurdigital.com.ar\/?p=2685"},"modified":"2025-05-16T22:08:05","modified_gmt":"2025-05-17T01:08:05","slug":"cresto-destaco-la-recuperacion-del-hotel-ayui","status":"publish","type":"post","link":"https:\/\/diariodelsurdigital.com.ar\/?p=2685","title":{"rendered":"Cresto destac\u00f3 la recuperaci\u00f3n del Hotel Ayu\u00ed"},"content":{"rendered":"\n<h2 class=\"wp-block-heading\" id=\"nota-title\"> <\/h2>\n\n\n\n<p>\u00a0\u00a0 El exintendente de Concordia destac\u00f3 la recuperaci\u00f3n del Hotel Ayu\u00ed por parte del Estado entrerriano.<\/p>\n\n\n\n<p><a href=\"https:\/\/www.elentrerios.com\/uid-214371\"><\/a><\/p>\n\n\n\n<p><a href=\"https:\/\/www.elentrerios.com\/uid-214371\"> <\/a>A trav\u00e9s de la red social X (exTwitter), Enrique Cresto, actualmente diputado provincial, public\u00f3 un comentario elogioso a la gesti\u00f3n de Rogelio Frigerio por tomar posesi\u00f3n del emblem\u00e1tico hotel de la ciudad.<a href=\"https:\/\/www.elentrerios.com\/uid-214202\"><\/a><\/p>\n\n\n\n<p><a href=\"https:\/\/www.elentrerios.com\/uid-214202\"> <\/a>\u201cHotel Ayu\u00ed de Concordia, monumento a la desidia, hoy recuperado por el gobierno provincial. Esperemos que pronto volvamos a tener ese hotel que era un icono en la regi\u00f3n Salto Grande. Haciendo lo que hay que hacer!\u201d, poste\u00f3 Cresto.<\/p>\n\n\n\n<p>R\u00e1pidamente se hicieron eco de la publicaci\u00f3n los funcionarios Mauricio Colello, secretario General de la Gobernaci\u00f3n, que ha asumido el objetivo de ordenar y recuperar los bienes p\u00fablicos vinculados a Salto Grande; y el ministro de Gobierno, Manuel Troncoso.<\/p>\n\n\n\n<p><\/p>\n\n\n\n<p><a href=\"https:\/\/www.elentrerios.com\/uid-214204\"><\/a><\/p>\n","protected":false},"excerpt":{"rendered":"<p>\u00a0\u00a0 El exintendente de Concordia destac\u00f3 la recuperaci\u00f3n del Hotel Ayu\u00ed por parte del Estado entrerriano. A trav\u00e9s de la red social X (exTwitter), Enrique Cresto, actualmente diputado provincial, public\u00f3 un comentario elogioso a la gesti\u00f3n de Rogelio Frigerio por tomar posesi\u00f3n del emblem\u00e1tico hotel de la ciudad. \u201cHotel Ayu\u00ed de Concordia, monumento a la [&hellip;]<\/p>\n","protected":false},"author":2,"featured_media":2686,"comment_status":"open","ping_status":"open","sticky":false,"template":"","format":"standard","meta":{"footnotes":""},"categories":[16],"tags":[],"class_list":{"0":"post-2685","1":"post","2":"type-post","3":"status-publish","4":"format-standard","5":"has-post-thumbnail","7":"category-locales"},"yoast_head":"<!-- This site is optimized with the Yoast SEO plugin v27.4 - https:\/\/yoast.com\/product\/yoast-seo-wordpress\/ -->\n<title>Cresto destac\u00f3 la recuperaci\u00f3n del Hotel Ayu\u00ed - Diario del Sur<\/title>\n<meta name=\"robots\" content=\"index, follow, max-snippet:-1, max-image-preview:large, max-video-preview:-1\" \/>\n<link rel=\"canonical\" href=\"https:\/\/diariodelsurdigital.com.ar\/?p=2685\" \/>\n<meta property=\"og:locale\" content=\"es_ES\" \/>\n<meta property=\"og:type\" content=\"article\" \/>\n<meta property=\"og:title\" content=\"Cresto destac\u00f3 la recuperaci\u00f3n del Hotel Ayu\u00ed - Diario del Sur\" \/>\n<meta property=\"og:description\" content=\"\u00a0\u00a0 El exintendente de Concordia destac\u00f3 la recuperaci\u00f3n del Hotel Ayu\u00ed por parte del Estado entrerriano. A trav\u00e9s de la red social X (exTwitter), Enrique Cresto, actualmente diputado provincial, public\u00f3 un comentario elogioso a la gesti\u00f3n de Rogelio Frigerio por tomar posesi\u00f3n del emblem\u00e1tico hotel de la ciudad. \u201cHotel Ayu\u00ed de Concordia, monumento a la [&hellip;]\" \/>\n<meta property=\"og:url\" content=\"https:\/\/diariodelsurdigital.com.ar\/?p=2685\" \/>\n<meta property=\"og:site_name\" content=\"Diario del Sur\" \/>\n<meta property=\"article:published_time\" content=\"2025-05-17T01:08:05+00:00\" \/>\n<meta property=\"og:image\" content=\"https:\/\/diariodelsurdigital.com.ar\/wp-content\/uploads\/2025\/05\/images-9.jpg\" \/>\n\t<meta property=\"og:image:width\" content=\"537\" \/>\n\t<meta property=\"og:image:height\" content=\"341\" \/>\n\t<meta property=\"og:image:type\" content=\"image\/jpeg\" \/>\n<meta name=\"author\" content=\"Diario del Sur Digital\" \/>\n<meta name=\"twitter:card\" content=\"summary_large_image\" \/>\n<meta name=\"twitter:label1\" content=\"Escrito por\" \/>\n\t<meta name=\"twitter:data1\" content=\"Diario del Sur Digital\" \/>\n\t<meta name=\"twitter:label2\" content=\"Tiempo de lectura\" \/>\n\t<meta name=\"twitter:data2\" content=\"1 minuto\" \/>\n<script type=\"application\/ld+json\" class=\"yoast-schema-graph\">{\"@context\":\"https:\\\/\\\/schema.org\",\"@graph\":[{\"@type\":\"Article\",\"@id\":\"https:\\\/\\\/diariodelsurdigital.com.ar\\\/?p=2685#article\",\"isPartOf\":{\"@id\":\"https:\\\/\\\/diariodelsurdigital.com.ar\\\/?p=2685\"},\"author\":{\"name\":\"Diario del Sur Digital\",\"@id\":\"https:\\\/\\\/diariodelsurdigital.com.ar\\\/#\\\/schema\\\/person\\\/6136a32571657f7dba980b88b04c5465\"},\"headline\":\"Cresto destac\u00f3 la recuperaci\u00f3n del Hotel Ayu\u00ed\",\"datePublished\":\"2025-05-17T01:08:05+00:00\",\"mainEntityOfPage\":{\"@id\":\"https:\\\/\\\/diariodelsurdigital.com.ar\\\/?p=2685\"},\"wordCount\":143,\"commentCount\":0,\"image\":{\"@id\":\"https:\\\/\\\/diariodelsurdigital.com.ar\\\/?p=2685#primaryimage\"},\"thumbnailUrl\":\"https:\\\/\\\/diariodelsurdigital.com.ar\\\/wp-content\\\/uploads\\\/2025\\\/05\\\/images-9.jpg\",\"articleSection\":[\"Locales\"],\"inLanguage\":\"es\",\"potentialAction\":[{\"@type\":\"CommentAction\",\"name\":\"Comment\",\"target\":[\"https:\\\/\\\/diariodelsurdigital.com.ar\\\/?p=2685#respond\"]}]},{\"@type\":\"WebPage\",\"@id\":\"https:\\\/\\\/diariodelsurdigital.com.ar\\\/?p=2685\",\"url\":\"https:\\\/\\\/diariodelsurdigital.com.ar\\\/?p=2685\",\"name\":\"Cresto destac\u00f3 la recuperaci\u00f3n del Hotel Ayu\u00ed - Diario del Sur\",\"isPartOf\":{\"@id\":\"https:\\\/\\\/diariodelsurdigital.com.ar\\\/#website\"},\"primaryImageOfPage\":{\"@id\":\"https:\\\/\\\/diariodelsurdigital.com.ar\\\/?p=2685#primaryimage\"},\"image\":{\"@id\":\"https:\\\/\\\/diariodelsurdigital.com.ar\\\/?p=2685#primaryimage\"},\"thumbnailUrl\":\"https:\\\/\\\/diariodelsurdigital.com.ar\\\/wp-content\\\/uploads\\\/2025\\\/05\\\/images-9.jpg\",\"datePublished\":\"2025-05-17T01:08:05+00:00\",\"author\":{\"@id\":\"https:\\\/\\\/diariodelsurdigital.com.ar\\\/#\\\/schema\\\/person\\\/6136a32571657f7dba980b88b04c5465\"},\"breadcrumb\":{\"@id\":\"https:\\\/\\\/diariodelsurdigital.com.ar\\\/?p=2685#breadcrumb\"},\"inLanguage\":\"es\",\"potentialAction\":[{\"@type\":\"ReadAction\",\"target\":[\"https:\\\/\\\/diariodelsurdigital.com.ar\\\/?p=2685\"]}]},{\"@type\":\"ImageObject\",\"inLanguage\":\"es\",\"@id\":\"https:\\\/\\\/diariodelsurdigital.com.ar\\\/?p=2685#primaryimage\",\"url\":\"https:\\\/\\\/diariodelsurdigital.com.ar\\\/wp-content\\\/uploads\\\/2025\\\/05\\\/images-9.jpg\",\"contentUrl\":\"https:\\\/\\\/diariodelsurdigital.com.ar\\\/wp-content\\\/uploads\\\/2025\\\/05\\\/images-9.jpg\",\"width\":537,\"height\":341},{\"@type\":\"BreadcrumbList\",\"@id\":\"https:\\\/\\\/diariodelsurdigital.com.ar\\\/?p=2685#breadcrumb\",\"itemListElement\":[{\"@type\":\"ListItem\",\"position\":1,\"name\":\"Portada\",\"item\":\"https:\\\/\\\/diariodelsurdigital.com.ar\\\/\"},{\"@type\":\"ListItem\",\"position\":2,\"name\":\"Cresto destac\u00f3 la recuperaci\u00f3n del Hotel Ayu\u00ed\"}]},{\"@type\":\"WebSite\",\"@id\":\"https:\\\/\\\/diariodelsurdigital.com.ar\\\/#website\",\"url\":\"https:\\\/\\\/diariodelsurdigital.com.ar\\\/\",\"name\":\"Diario del Sur\",\"description\":\"Digital\",\"potentialAction\":[{\"@type\":\"SearchAction\",\"target\":{\"@type\":\"EntryPoint\",\"urlTemplate\":\"https:\\\/\\\/diariodelsurdigital.com.ar\\\/?s={search_term_string}\"},\"query-input\":{\"@type\":\"PropertyValueSpecification\",\"valueRequired\":true,\"valueName\":\"search_term_string\"}}],\"inLanguage\":\"es\"},{\"@type\":\"Person\",\"@id\":\"https:\\\/\\\/diariodelsurdigital.com.ar\\\/#\\\/schema\\\/person\\\/6136a32571657f7dba980b88b04c5465\",\"name\":\"Diario del Sur Digital\",\"image\":{\"@type\":\"ImageObject\",\"inLanguage\":\"es\",\"@id\":\"https:\\\/\\\/secure.gravatar.com\\\/avatar\\\/4c29ceac98541dd42460b2474aaa5dd37594d6ce6cb3cf2c101d09b48ee287ba?s=96&d=mm&r=g\",\"url\":\"https:\\\/\\\/secure.gravatar.com\\\/avatar\\\/4c29ceac98541dd42460b2474aaa5dd37594d6ce6cb3cf2c101d09b48ee287ba?s=96&d=mm&r=g\",\"contentUrl\":\"https:\\\/\\\/secure.gravatar.com\\\/avatar\\\/4c29ceac98541dd42460b2474aaa5dd37594d6ce6cb3cf2c101d09b48ee287ba?s=96&d=mm&r=g\",\"caption\":\"Diario del Sur Digital\"},\"url\":\"https:\\\/\\\/diariodelsurdigital.com.ar\\\/?author=2\"}]}<\/script>\n<!-- \/ Yoast SEO plugin. -->","yoast_head_json":{"title":"Cresto destac\u00f3 la recuperaci\u00f3n del Hotel Ayu\u00ed - Diario del Sur","robots":{"index":"index","follow":"follow","max-snippet":"max-snippet:-1","max-image-preview":"max-image-preview:large","max-video-preview":"max-video-preview:-1"},"canonical":"https:\/\/diariodelsurdigital.com.ar\/?p=2685","og_locale":"es_ES","og_type":"article","og_title":"Cresto destac\u00f3 la recuperaci\u00f3n del Hotel Ayu\u00ed - Diario del Sur","og_description":"\u00a0\u00a0 El exintendente de Concordia destac\u00f3 la recuperaci\u00f3n del Hotel Ayu\u00ed por parte del Estado entrerriano. A trav\u00e9s de la red social X (exTwitter), Enrique Cresto, actualmente diputado provincial, public\u00f3 un comentario elogioso a la gesti\u00f3n de Rogelio Frigerio por tomar posesi\u00f3n del emblem\u00e1tico hotel de la ciudad. \u201cHotel Ayu\u00ed de Concordia, monumento a la [&hellip;]","og_url":"https:\/\/diariodelsurdigital.com.ar\/?p=2685","og_site_name":"Diario del Sur","article_published_time":"2025-05-17T01:08:05+00:00","og_image":[{"width":537,"height":341,"url":"https:\/\/diariodelsurdigital.com.ar\/wp-content\/uploads\/2025\/05\/images-9.jpg","type":"image\/jpeg"}],"author":"Diario del Sur Digital","twitter_card":"summary_large_image","twitter_misc":{"Escrito por":"Diario del Sur Digital","Tiempo de lectura":"1 minuto"},"schema":{"@context":"https:\/\/schema.org","@graph":[{"@type":"Article","@id":"https:\/\/diariodelsurdigital.com.ar\/?p=2685#article","isPartOf":{"@id":"https:\/\/diariodelsurdigital.com.ar\/?p=2685"},"author":{"name":"Diario del Sur Digital","@id":"https:\/\/diariodelsurdigital.com.ar\/#\/schema\/person\/6136a32571657f7dba980b88b04c5465"},"headline":"Cresto destac\u00f3 la recuperaci\u00f3n del Hotel Ayu\u00ed","datePublished":"2025-05-17T01:08:05+00:00","mainEntityOfPage":{"@id":"https:\/\/diariodelsurdigital.com.ar\/?p=2685"},"wordCount":143,"commentCount":0,"image":{"@id":"https:\/\/diariodelsurdigital.com.ar\/?p=2685#primaryimage"},"thumbnailUrl":"https:\/\/diariodelsurdigital.com.ar\/wp-content\/uploads\/2025\/05\/images-9.jpg","articleSection":["Locales"],"inLanguage":"es","potentialAction":[{"@type":"CommentAction","name":"Comment","target":["https:\/\/diariodelsurdigital.com.ar\/?p=2685#respond"]}]},{"@type":"WebPage","@id":"https:\/\/diariodelsurdigital.com.ar\/?p=2685","url":"https:\/\/diariodelsurdigital.com.ar\/?p=2685","name":"Cresto destac\u00f3 la recuperaci\u00f3n del Hotel Ayu\u00ed - Diario del Sur","isPartOf":{"@id":"https:\/\/diariodelsurdigital.com.ar\/#website"},"primaryImageOfPage":{"@id":"https:\/\/diariodelsurdigital.com.ar\/?p=2685#primaryimage"},"image":{"@id":"https:\/\/diariodelsurdigital.com.ar\/?p=2685#primaryimage"},"thumbnailUrl":"https:\/\/diariodelsurdigital.com.ar\/wp-content\/uploads\/2025\/05\/images-9.jpg","datePublished":"2025-05-17T01:08:05+00:00","author":{"@id":"https:\/\/diariodelsurdigital.com.ar\/#\/schema\/person\/6136a32571657f7dba980b88b04c5465"},"breadcrumb":{"@id":"https:\/\/diariodelsurdigital.com.ar\/?p=2685#breadcrumb"},"inLanguage":"es","potentialAction":[{"@type":"ReadAction","target":["https:\/\/diariodelsurdigital.com.ar\/?p=2685"]}]},{"@type":"ImageObject","inLanguage":"es","@id":"https:\/\/diariodelsurdigital.com.ar\/?p=2685#primaryimage","url":"https:\/\/diariodelsurdigital.com.ar\/wp-content\/uploads\/2025\/05\/images-9.jpg","contentUrl":"https:\/\/diariodelsurdigital.com.ar\/wp-content\/uploads\/2025\/05\/images-9.jpg","width":537,"height":341},{"@type":"BreadcrumbList","@id":"https:\/\/diariodelsurdigital.com.ar\/?p=2685#breadcrumb","itemListElement":[{"@type":"ListItem","position":1,"name":"Portada","item":"https:\/\/diariodelsurdigital.com.ar\/"},{"@type":"ListItem","position":2,"name":"Cresto destac\u00f3 la recuperaci\u00f3n del Hotel Ayu\u00ed"}]},{"@type":"WebSite","@id":"https:\/\/diariodelsurdigital.com.ar\/#website","url":"https:\/\/diariodelsurdigital.com.ar\/","name":"Diario del Sur","description":"Digital","potentialAction":[{"@type":"SearchAction","target":{"@type":"EntryPoint","urlTemplate":"https:\/\/diariodelsurdigital.com.ar\/?s={search_term_string}"},"query-input":{"@type":"PropertyValueSpecification","valueRequired":true,"valueName":"search_term_string"}}],"inLanguage":"es"},{"@type":"Person","@id":"https:\/\/diariodelsurdigital.com.ar\/#\/schema\/person\/6136a32571657f7dba980b88b04c5465","name":"Diario del Sur Digital","image":{"@type":"ImageObject","inLanguage":"es","@id":"https:\/\/secure.gravatar.com\/avatar\/4c29ceac98541dd42460b2474aaa5dd37594d6ce6cb3cf2c101d09b48ee287ba?s=96&d=mm&r=g","url":"https:\/\/secure.gravatar.com\/avatar\/4c29ceac98541dd42460b2474aaa5dd37594d6ce6cb3cf2c101d09b48ee287ba?s=96&d=mm&r=g","contentUrl":"https:\/\/secure.gravatar.com\/avatar\/4c29ceac98541dd42460b2474aaa5dd37594d6ce6cb3cf2c101d09b48ee287ba?s=96&d=mm&r=g","caption":"Diario del Sur Digital"},"url":"https:\/\/diariodelsurdigital.com.ar\/?author=2"}]}},"_links":{"self":[{"href":"https:\/\/diariodelsurdigital.com.ar\/index.php?rest_route=\/wp\/v2\/posts\/2685","targetHints":{"allow":["GET"]}}],"collection":[{"href":"https:\/\/diariodelsurdigital.com.ar\/index.php?rest_route=\/wp\/v2\/posts"}],"about":[{"href":"https:\/\/diariodelsurdigital.com.ar\/index.php?rest_route=\/wp\/v2\/types\/post"}],"author":[{"embeddable":true,"href":"https:\/\/diariodelsurdigital.com.ar\/index.php?rest_route=\/wp\/v2\/users\/2"}],"replies":[{"embeddable":true,"href":"https:\/\/diariodelsurdigital.com.ar\/index.php?rest_route=%2Fwp%2Fv2%2Fcomments&post=2685"}],"version-history":[{"count":1,"href":"https:\/\/diariodelsurdigital.com.ar\/index.php?rest_route=\/wp\/v2\/posts\/2685\/revisions"}],"predecessor-version":[{"id":2687,"href":"https:\/\/diariodelsurdigital.com.ar\/index.php?rest_route=\/wp\/v2\/posts\/2685\/revisions\/2687"}],"wp:featuredmedia":[{"embeddable":true,"href":"https:\/\/diariodelsurdigital.com.ar\/index.php?rest_route=\/wp\/v2\/media\/2686"}],"wp:attachment":[{"href":"https:\/\/diariodelsurdigital.com.ar\/index.php?rest_route=%2Fwp%2Fv2%2Fmedia&parent=2685"}],"wp:term":[{"taxonomy":"category","embeddable":true,"href":"https:\/\/diariodelsurdigital.com.ar\/index.php?rest_route=%2Fwp%2Fv2%2Fcategories&post=2685"},{"taxonomy":"post_tag","embeddable":true,"href":"https:\/\/diariodelsurdigital.com.ar\/index.php?rest_route=%2Fwp%2Fv2%2Ftags&post=2685"}],"curies":[{"name":"wp","href":"https:\/\/api.w.org\/{rel}","templated":true}]}}