{"id":2692,"date":"2025-05-17T20:26:40","date_gmt":"2025-05-17T23:26:40","guid":{"rendered":"https:\/\/diariodelsurdigital.com.ar\/?p=2692"},"modified":"2025-05-17T20:26:41","modified_gmt":"2025-05-17T23:26:41","slug":"lluvias-de-hasta-140-milimetros-en-el-sur-entrerriano-causaron-anegamientos-en-calles","status":"publish","type":"post","link":"https:\/\/diariodelsurdigital.com.ar\/?p=2692","title":{"rendered":"Lluvias de hasta 140 mil\u00edmetros en el sur entrerriano causaron anegamientos en calles"},"content":{"rendered":"\n<figure class=\"wp-block-image\"><img decoding=\"async\" src=\"https:\/\/media.elentrerios.com\/fotos-v2\/2025\/05\/17\/l_1747518988.jpg\" alt=\"Gualeguay. Cr\u00e9dito: El metr\u00f3nomo\" title=\"Gualeguay. Cr\u00e9dito: El metr\u00f3nomo\"\/><\/figure>\n\n\n\n<p>Las intensas lluvias registradas las \u00faltimas horas en Buenos Aires y otras provincias tambi\u00e9n se hicieron sentir en el sur entrerriano.<\/p>\n\n\n\n<p>Seg\u00fan se inform\u00f3 desde la Polic\u00eda, el reporte de este s\u00e1bado al mediod\u00eda indic\u00f3 que en Ibicuy llovieron 140 mil\u00edmetros, as\u00ed como tambi\u00e9n en Brazo Largo.<\/p>\n\n\n\n<p>Adem\u00e1s, en la localidad de Mazaruca la lluvia fue de 130 mil\u00edmetros; en Ceibas 120; M\u00e9danos 100 y Villa Paranacito, 64.<\/p>\n\n\n\n<p>Sobre las consecuencias del temporal, se inform\u00f3 que hay varias calles anegadas de diferentes localidades de la zona, pero sin evacuados hasta el momento.<\/p>\n\n\n\n<figure class=\"wp-block-image\"><img decoding=\"async\" src=\"https:\/\/media.elentrerios.com\/fotos-emb\/2025\/05\/17\/o_1747518655.jpg\" alt=\"Ibicuy, bajo agua. Captura de video de Milva Durrels\"\/><\/figure>\n\n\n\n<h3 class=\"wp-block-heading\"><strong>Gualeguay<\/strong><\/h3>\n\n\n\n<p>La ciudad de Gualeguay amaneci\u00f3 bajo agua este s\u00e1bado tras una jornada marcada por lluvias torrenciales. Las calles se anegaron y hubo cortes en arterias de la ciudad, dejando barrios enteros con complicaciones para circular. Algunos sectores presentan inundaciones de cord\u00f3n a cord\u00f3n, y los vecinos reportan que incluso veh\u00edculos de gran porte tienen dificultades para desplazarse.<\/p>\n\n\n\n<p>Desde el municipio se activaron canales de comunicaci\u00f3n de emergencia, recordando que la l\u00ednea 103 del Centro de Atenci\u00f3n al Ciudadano est\u00e1 disponible para canalizar reclamos o asistencias necesarias. Se solicita a la comunidad mantenerse en sus hogares en la medida de lo posible y extremar las precauciones en caso de salir.<\/p>\n\n\n\n<p>Mientras tanto, cuadrillas municipales trabajan desde horas tempranas para liberar desag\u00fces y asistir a los sectores m\u00e1s comprometidos.<\/p>\n\n\n\n<p>Fuente: El Entre Rios<\/p>\n","protected":false},"excerpt":{"rendered":"<p>Las intensas lluvias registradas las \u00faltimas horas en Buenos Aires y otras provincias tambi\u00e9n se hicieron sentir en el sur entrerriano. Seg\u00fan se inform\u00f3 desde la Polic\u00eda, el reporte de este s\u00e1bado al mediod\u00eda indic\u00f3 que en Ibicuy llovieron 140 mil\u00edmetros, as\u00ed como tambi\u00e9n en Brazo Largo. Adem\u00e1s, en la localidad de Mazaruca la lluvia [&hellip;]<\/p>\n","protected":false},"author":3,"featured_media":2693,"comment_status":"open","ping_status":"open","sticky":false,"template":"","format":"standard","meta":{"footnotes":""},"categories":[19],"tags":[],"class_list":{"0":"post-2692","1":"post","2":"type-post","3":"status-publish","4":"format-standard","5":"has-post-thumbnail","7":"category-interes-general"},"yoast_head":"<!-- This site is optimized with the Yoast SEO plugin v27.4 - https:\/\/yoast.com\/product\/yoast-seo-wordpress\/ -->\n<title>Lluvias de hasta 140 mil\u00edmetros en el sur entrerriano causaron anegamientos en calles - Diario del Sur<\/title>\n<meta name=\"robots\" content=\"index, follow, max-snippet:-1, max-image-preview:large, max-video-preview:-1\" \/>\n<link rel=\"canonical\" href=\"https:\/\/diariodelsurdigital.com.ar\/?p=2692\" \/>\n<meta property=\"og:locale\" content=\"es_ES\" \/>\n<meta property=\"og:type\" content=\"article\" \/>\n<meta property=\"og:title\" content=\"Lluvias de hasta 140 mil\u00edmetros en el sur entrerriano causaron anegamientos en calles - Diario del Sur\" \/>\n<meta property=\"og:description\" content=\"Las intensas lluvias registradas las \u00faltimas horas en Buenos Aires y otras provincias tambi\u00e9n se hicieron sentir en el sur entrerriano. Seg\u00fan se inform\u00f3 desde la Polic\u00eda, el reporte de este s\u00e1bado al mediod\u00eda indic\u00f3 que en Ibicuy llovieron 140 mil\u00edmetros, as\u00ed como tambi\u00e9n en Brazo Largo. Adem\u00e1s, en la localidad de Mazaruca la lluvia [&hellip;]\" \/>\n<meta property=\"og:url\" content=\"https:\/\/diariodelsurdigital.com.ar\/?p=2692\" \/>\n<meta property=\"og:site_name\" content=\"Diario del Sur\" \/>\n<meta property=\"article:published_time\" content=\"2025-05-17T23:26:40+00:00\" \/>\n<meta property=\"article:modified_time\" content=\"2025-05-17T23:26:41+00:00\" \/>\n<meta property=\"og:image\" content=\"https:\/\/diariodelsurdigital.com.ar\/wp-content\/uploads\/2025\/05\/l_1747518988.jpg\" \/>\n\t<meta property=\"og:image:width\" content=\"870\" \/>\n\t<meta property=\"og:image:height\" content=\"580\" \/>\n\t<meta property=\"og:image:type\" content=\"image\/jpeg\" \/>\n<meta name=\"author\" content=\"Diario del Sur Digital\" \/>\n<meta name=\"twitter:card\" content=\"summary_large_image\" \/>\n<meta name=\"twitter:label1\" content=\"Escrito por\" \/>\n\t<meta name=\"twitter:data1\" content=\"Diario del Sur Digital\" \/>\n\t<meta name=\"twitter:label2\" content=\"Tiempo de lectura\" \/>\n\t<meta name=\"twitter:data2\" content=\"2 minutos\" \/>\n<script type=\"application\/ld+json\" class=\"yoast-schema-graph\">{\"@context\":\"https:\\\/\\\/schema.org\",\"@graph\":[{\"@type\":\"Article\",\"@id\":\"https:\\\/\\\/diariodelsurdigital.com.ar\\\/?p=2692#article\",\"isPartOf\":{\"@id\":\"https:\\\/\\\/diariodelsurdigital.com.ar\\\/?p=2692\"},\"author\":{\"name\":\"Diario del Sur Digital\",\"@id\":\"https:\\\/\\\/diariodelsurdigital.com.ar\\\/#\\\/schema\\\/person\\\/d794acb23337e88c6e4004a39c32be62\"},\"headline\":\"Lluvias de hasta 140 mil\u00edmetros en el sur entrerriano causaron anegamientos en calles\",\"datePublished\":\"2025-05-17T23:26:40+00:00\",\"dateModified\":\"2025-05-17T23:26:41+00:00\",\"mainEntityOfPage\":{\"@id\":\"https:\\\/\\\/diariodelsurdigital.com.ar\\\/?p=2692\"},\"wordCount\":250,\"commentCount\":0,\"image\":{\"@id\":\"https:\\\/\\\/diariodelsurdigital.com.ar\\\/?p=2692#primaryimage\"},\"thumbnailUrl\":\"https:\\\/\\\/diariodelsurdigital.com.ar\\\/wp-content\\\/uploads\\\/2025\\\/05\\\/l_1747518988.jpg\",\"articleSection\":[\"Inter\u00e9s General\"],\"inLanguage\":\"es\",\"potentialAction\":[{\"@type\":\"CommentAction\",\"name\":\"Comment\",\"target\":[\"https:\\\/\\\/diariodelsurdigital.com.ar\\\/?p=2692#respond\"]}]},{\"@type\":\"WebPage\",\"@id\":\"https:\\\/\\\/diariodelsurdigital.com.ar\\\/?p=2692\",\"url\":\"https:\\\/\\\/diariodelsurdigital.com.ar\\\/?p=2692\",\"name\":\"Lluvias de hasta 140 mil\u00edmetros en el sur entrerriano causaron anegamientos en calles - Diario del Sur\",\"isPartOf\":{\"@id\":\"https:\\\/\\\/diariodelsurdigital.com.ar\\\/#website\"},\"primaryImageOfPage\":{\"@id\":\"https:\\\/\\\/diariodelsurdigital.com.ar\\\/?p=2692#primaryimage\"},\"image\":{\"@id\":\"https:\\\/\\\/diariodelsurdigital.com.ar\\\/?p=2692#primaryimage\"},\"thumbnailUrl\":\"https:\\\/\\\/diariodelsurdigital.com.ar\\\/wp-content\\\/uploads\\\/2025\\\/05\\\/l_1747518988.jpg\",\"datePublished\":\"2025-05-17T23:26:40+00:00\",\"dateModified\":\"2025-05-17T23:26:41+00:00\",\"author\":{\"@id\":\"https:\\\/\\\/diariodelsurdigital.com.ar\\\/#\\\/schema\\\/person\\\/d794acb23337e88c6e4004a39c32be62\"},\"breadcrumb\":{\"@id\":\"https:\\\/\\\/diariodelsurdigital.com.ar\\\/?p=2692#breadcrumb\"},\"inLanguage\":\"es\",\"potentialAction\":[{\"@type\":\"ReadAction\",\"target\":[\"https:\\\/\\\/diariodelsurdigital.com.ar\\\/?p=2692\"]}]},{\"@type\":\"ImageObject\",\"inLanguage\":\"es\",\"@id\":\"https:\\\/\\\/diariodelsurdigital.com.ar\\\/?p=2692#primaryimage\",\"url\":\"https:\\\/\\\/diariodelsurdigital.com.ar\\\/wp-content\\\/uploads\\\/2025\\\/05\\\/l_1747518988.jpg\",\"contentUrl\":\"https:\\\/\\\/diariodelsurdigital.com.ar\\\/wp-content\\\/uploads\\\/2025\\\/05\\\/l_1747518988.jpg\",\"width\":870,\"height\":580},{\"@type\":\"BreadcrumbList\",\"@id\":\"https:\\\/\\\/diariodelsurdigital.com.ar\\\/?p=2692#breadcrumb\",\"itemListElement\":[{\"@type\":\"ListItem\",\"position\":1,\"name\":\"Portada\",\"item\":\"https:\\\/\\\/diariodelsurdigital.com.ar\\\/\"},{\"@type\":\"ListItem\",\"position\":2,\"name\":\"Lluvias de hasta 140 mil\u00edmetros en el sur entrerriano causaron anegamientos en calles\"}]},{\"@type\":\"WebSite\",\"@id\":\"https:\\\/\\\/diariodelsurdigital.com.ar\\\/#website\",\"url\":\"https:\\\/\\\/diariodelsurdigital.com.ar\\\/\",\"name\":\"Diario del Sur\",\"description\":\"Digital\",\"potentialAction\":[{\"@type\":\"SearchAction\",\"target\":{\"@type\":\"EntryPoint\",\"urlTemplate\":\"https:\\\/\\\/diariodelsurdigital.com.ar\\\/?s={search_term_string}\"},\"query-input\":{\"@type\":\"PropertyValueSpecification\",\"valueRequired\":true,\"valueName\":\"search_term_string\"}}],\"inLanguage\":\"es\"},{\"@type\":\"Person\",\"@id\":\"https:\\\/\\\/diariodelsurdigital.com.ar\\\/#\\\/schema\\\/person\\\/d794acb23337e88c6e4004a39c32be62\",\"name\":\"Diario del Sur Digital\",\"image\":{\"@type\":\"ImageObject\",\"inLanguage\":\"es\",\"@id\":\"https:\\\/\\\/secure.gravatar.com\\\/avatar\\\/47679bcfa15734cfdefc176b6ad58adeeccac22b2e03e095ada6c622af2b463a?s=96&d=mm&r=g\",\"url\":\"https:\\\/\\\/secure.gravatar.com\\\/avatar\\\/47679bcfa15734cfdefc176b6ad58adeeccac22b2e03e095ada6c622af2b463a?s=96&d=mm&r=g\",\"contentUrl\":\"https:\\\/\\\/secure.gravatar.com\\\/avatar\\\/47679bcfa15734cfdefc176b6ad58adeeccac22b2e03e095ada6c622af2b463a?s=96&d=mm&r=g\",\"caption\":\"Diario del Sur Digital\"},\"url\":\"https:\\\/\\\/diariodelsurdigital.com.ar\\\/?author=3\"}]}<\/script>\n<!-- \/ Yoast SEO plugin. -->","yoast_head_json":{"title":"Lluvias de hasta 140 mil\u00edmetros en el sur entrerriano causaron anegamientos en calles - Diario del Sur","robots":{"index":"index","follow":"follow","max-snippet":"max-snippet:-1","max-image-preview":"max-image-preview:large","max-video-preview":"max-video-preview:-1"},"canonical":"https:\/\/diariodelsurdigital.com.ar\/?p=2692","og_locale":"es_ES","og_type":"article","og_title":"Lluvias de hasta 140 mil\u00edmetros en el sur entrerriano causaron anegamientos en calles - Diario del Sur","og_description":"Las intensas lluvias registradas las \u00faltimas horas en Buenos Aires y otras provincias tambi\u00e9n se hicieron sentir en el sur entrerriano. Seg\u00fan se inform\u00f3 desde la Polic\u00eda, el reporte de este s\u00e1bado al mediod\u00eda indic\u00f3 que en Ibicuy llovieron 140 mil\u00edmetros, as\u00ed como tambi\u00e9n en Brazo Largo. Adem\u00e1s, en la localidad de Mazaruca la lluvia [&hellip;]","og_url":"https:\/\/diariodelsurdigital.com.ar\/?p=2692","og_site_name":"Diario del Sur","article_published_time":"2025-05-17T23:26:40+00:00","article_modified_time":"2025-05-17T23:26:41+00:00","og_image":[{"width":870,"height":580,"url":"https:\/\/diariodelsurdigital.com.ar\/wp-content\/uploads\/2025\/05\/l_1747518988.jpg","type":"image\/jpeg"}],"author":"Diario del Sur Digital","twitter_card":"summary_large_image","twitter_misc":{"Escrito por":"Diario del Sur Digital","Tiempo de lectura":"2 minutos"},"schema":{"@context":"https:\/\/schema.org","@graph":[{"@type":"Article","@id":"https:\/\/diariodelsurdigital.com.ar\/?p=2692#article","isPartOf":{"@id":"https:\/\/diariodelsurdigital.com.ar\/?p=2692"},"author":{"name":"Diario del Sur Digital","@id":"https:\/\/diariodelsurdigital.com.ar\/#\/schema\/person\/d794acb23337e88c6e4004a39c32be62"},"headline":"Lluvias de hasta 140 mil\u00edmetros en el sur entrerriano causaron anegamientos en calles","datePublished":"2025-05-17T23:26:40+00:00","dateModified":"2025-05-17T23:26:41+00:00","mainEntityOfPage":{"@id":"https:\/\/diariodelsurdigital.com.ar\/?p=2692"},"wordCount":250,"commentCount":0,"image":{"@id":"https:\/\/diariodelsurdigital.com.ar\/?p=2692#primaryimage"},"thumbnailUrl":"https:\/\/diariodelsurdigital.com.ar\/wp-content\/uploads\/2025\/05\/l_1747518988.jpg","articleSection":["Inter\u00e9s General"],"inLanguage":"es","potentialAction":[{"@type":"CommentAction","name":"Comment","target":["https:\/\/diariodelsurdigital.com.ar\/?p=2692#respond"]}]},{"@type":"WebPage","@id":"https:\/\/diariodelsurdigital.com.ar\/?p=2692","url":"https:\/\/diariodelsurdigital.com.ar\/?p=2692","name":"Lluvias de hasta 140 mil\u00edmetros en el sur entrerriano causaron anegamientos en calles - Diario del Sur","isPartOf":{"@id":"https:\/\/diariodelsurdigital.com.ar\/#website"},"primaryImageOfPage":{"@id":"https:\/\/diariodelsurdigital.com.ar\/?p=2692#primaryimage"},"image":{"@id":"https:\/\/diariodelsurdigital.com.ar\/?p=2692#primaryimage"},"thumbnailUrl":"https:\/\/diariodelsurdigital.com.ar\/wp-content\/uploads\/2025\/05\/l_1747518988.jpg","datePublished":"2025-05-17T23:26:40+00:00","dateModified":"2025-05-17T23:26:41+00:00","author":{"@id":"https:\/\/diariodelsurdigital.com.ar\/#\/schema\/person\/d794acb23337e88c6e4004a39c32be62"},"breadcrumb":{"@id":"https:\/\/diariodelsurdigital.com.ar\/?p=2692#breadcrumb"},"inLanguage":"es","potentialAction":[{"@type":"ReadAction","target":["https:\/\/diariodelsurdigital.com.ar\/?p=2692"]}]},{"@type":"ImageObject","inLanguage":"es","@id":"https:\/\/diariodelsurdigital.com.ar\/?p=2692#primaryimage","url":"https:\/\/diariodelsurdigital.com.ar\/wp-content\/uploads\/2025\/05\/l_1747518988.jpg","contentUrl":"https:\/\/diariodelsurdigital.com.ar\/wp-content\/uploads\/2025\/05\/l_1747518988.jpg","width":870,"height":580},{"@type":"BreadcrumbList","@id":"https:\/\/diariodelsurdigital.com.ar\/?p=2692#breadcrumb","itemListElement":[{"@type":"ListItem","position":1,"name":"Portada","item":"https:\/\/diariodelsurdigital.com.ar\/"},{"@type":"ListItem","position":2,"name":"Lluvias de hasta 140 mil\u00edmetros en el sur entrerriano causaron anegamientos en calles"}]},{"@type":"WebSite","@id":"https:\/\/diariodelsurdigital.com.ar\/#website","url":"https:\/\/diariodelsurdigital.com.ar\/","name":"Diario del Sur","description":"Digital","potentialAction":[{"@type":"SearchAction","target":{"@type":"EntryPoint","urlTemplate":"https:\/\/diariodelsurdigital.com.ar\/?s={search_term_string}"},"query-input":{"@type":"PropertyValueSpecification","valueRequired":true,"valueName":"search_term_string"}}],"inLanguage":"es"},{"@type":"Person","@id":"https:\/\/diariodelsurdigital.com.ar\/#\/schema\/person\/d794acb23337e88c6e4004a39c32be62","name":"Diario del Sur Digital","image":{"@type":"ImageObject","inLanguage":"es","@id":"https:\/\/secure.gravatar.com\/avatar\/47679bcfa15734cfdefc176b6ad58adeeccac22b2e03e095ada6c622af2b463a?s=96&d=mm&r=g","url":"https:\/\/secure.gravatar.com\/avatar\/47679bcfa15734cfdefc176b6ad58adeeccac22b2e03e095ada6c622af2b463a?s=96&d=mm&r=g","contentUrl":"https:\/\/secure.gravatar.com\/avatar\/47679bcfa15734cfdefc176b6ad58adeeccac22b2e03e095ada6c622af2b463a?s=96&d=mm&r=g","caption":"Diario del Sur Digital"},"url":"https:\/\/diariodelsurdigital.com.ar\/?author=3"}]}},"_links":{"self":[{"href":"https:\/\/diariodelsurdigital.com.ar\/index.php?rest_route=\/wp\/v2\/posts\/2692","targetHints":{"allow":["GET"]}}],"collection":[{"href":"https:\/\/diariodelsurdigital.com.ar\/index.php?rest_route=\/wp\/v2\/posts"}],"about":[{"href":"https:\/\/diariodelsurdigital.com.ar\/index.php?rest_route=\/wp\/v2\/types\/post"}],"author":[{"embeddable":true,"href":"https:\/\/diariodelsurdigital.com.ar\/index.php?rest_route=\/wp\/v2\/users\/3"}],"replies":[{"embeddable":true,"href":"https:\/\/diariodelsurdigital.com.ar\/index.php?rest_route=%2Fwp%2Fv2%2Fcomments&post=2692"}],"version-history":[{"count":1,"href":"https:\/\/diariodelsurdigital.com.ar\/index.php?rest_route=\/wp\/v2\/posts\/2692\/revisions"}],"predecessor-version":[{"id":2694,"href":"https:\/\/diariodelsurdigital.com.ar\/index.php?rest_route=\/wp\/v2\/posts\/2692\/revisions\/2694"}],"wp:featuredmedia":[{"embeddable":true,"href":"https:\/\/diariodelsurdigital.com.ar\/index.php?rest_route=\/wp\/v2\/media\/2693"}],"wp:attachment":[{"href":"https:\/\/diariodelsurdigital.com.ar\/index.php?rest_route=%2Fwp%2Fv2%2Fmedia&parent=2692"}],"wp:term":[{"taxonomy":"category","embeddable":true,"href":"https:\/\/diariodelsurdigital.com.ar\/index.php?rest_route=%2Fwp%2Fv2%2Fcategories&post=2692"},{"taxonomy":"post_tag","embeddable":true,"href":"https:\/\/diariodelsurdigital.com.ar\/index.php?rest_route=%2Fwp%2Fv2%2Ftags&post=2692"}],"curies":[{"name":"wp","href":"https:\/\/api.w.org\/{rel}","templated":true}]}}