{"id":2695,"date":"2025-05-17T20:31:54","date_gmt":"2025-05-17T23:31:54","guid":{"rendered":"https:\/\/diariodelsurdigital.com.ar\/?p=2695"},"modified":"2025-05-17T23:16:39","modified_gmt":"2025-05-18T02:16:39","slug":"tiempo-de-cierre-y-silencio-tiempo-de-reapertura-y-aplausos","status":"publish","type":"post","link":"https:\/\/diariodelsurdigital.com.ar\/?p=2695","title":{"rendered":"Tiempo de cierre y silencio, tiempo de reapertura y aplausos"},"content":{"rendered":"\n<p><strong>Como les coment\u00e9 el s\u00e1bado pasado, el Ode\u00f3n tuvo sus tiempos de esplendor, y sorpresivamente al morir su due\u00f1o el se\u00f1or Alberto Oria el teatro cerr\u00f3 sus puertas, por m\u00e1s de una d\u00e9cada. All\u00ed comenz\u00f3 el tiempo de abandono y tristeza, de vidrios rotos y palomas adue\u00f1adas del lugar, que d\u00eda a d\u00eda se iba deteriorando m\u00e1s. Esto ocurri\u00f3 en 1989. La poblaci\u00f3n concordiense pasaba por all\u00ed y se preguntaba cu\u00e1l ser\u00eda su destino. Hab\u00eda gente dispuesta a comprarlo para hacer un S\u00faper mercado oriental, como le pas\u00f3 al cine de a Paso de los Libres, y otra oferta era una gente de la R.O. del Uruguay para convertirlo en un templo.<\/strong><\/p>\n\n\n\n<figure class=\"wp-block-image\"><img decoding=\"async\" src=\"https:\/\/cdnartic.ar\/0pXEwIA2FfcXYn3Rwzob-ubVSBA=\/1500x0\/https:\/\/elheraldocdn.eleco.com.ar\/media\/2025\/05\/tere_minones.jpeg\" alt=\"Tiempo de cierre y silencio, tiempo de reapertura y aplausos\"\/><\/figure>\n\n\n\n<p>Logramos que el 13 y 14 de setiembre de 1991 se abriera para que dos d\u00edas mi hija Teresita G .de Costa, con su ballet infantil y juvenil diera una \u00faltima funci\u00f3n, para llenar de esperanza el lugar con la alegr\u00eda del danzar de esas ni\u00f1as y jovencitas, pero, lamentablemente el teatro se cerr\u00f3 definitivamente.<br>Todo esto nos dol\u00eda a los artistas, y el d\u00eda 16 de octubre de 1992 seg\u00fan quedo registrado en este diario, convoque junto al se\u00f1or Peruchena, en la Escuela V\u00e9lez Sarsfield que nos prest\u00f3, para tal fin, a una reuni\u00f3n para escuchar propuestas. Fueron un grupo de 40 artistas, adem\u00e1s el Se\u00f1or Eduardo Taubas que era diputado, y el concejal Alberto Rotman. Uno de los presentes que era abogado, dijo que era como comprar un elefante blanco. Un imposible. No quedamos conforme, y buscamos otro grupo de gente empresarios, y profesionales, y conseguimos un distinguido capit\u00e1n que levantara el barco por encallar y salieran otras ideas, y conseguimos al se\u00f1or Eduardo Caminal, y un grupo de amigos que buscaron otra, alternativa.<br>Desde este diario El Heraldo su due\u00f1o el Doctor Carlos Lieberman y su hermana Graciela, \u00a1ayudaron a conseguir adherentes, y darle trascendencia y amplia difusi\u00f3n, a este tema cultural que nos aflig\u00eda.<br>Comenzaron las nuevas ideas, y nuevos tropezones y ca\u00eddas, pero con el tiempo se lo compr\u00f3, con la ayuda de aportes de la Naci\u00f3n desde el Senado, de aportes de la Provincia, aportes de la Municipalidad y de empresas y gente de la ciudad, con bonos contribuci\u00f3n.<br>La escritura la realiz\u00f3 la escribana Marisa Garc\u00eda colaborando ella tambi\u00e9n sin cobrar, porque hab\u00eda sido bailarina, de mi grupo, y quer\u00eda ver de nuevo su teatro en actuaciones nuevamente. Esto ocurri\u00f3 en setiembre del 1996.<\/p>\n\n\n\n<p><strong>La reconstrucci\u00f3n<\/strong><br>Todo muy lindo, pero&#8230;hab\u00eda que reacondicionarlo y ponerlo en condiciones, ya que en tanto tiempo estaba totalmente deteriorado. El arquitecto Francisco Merro, y el se\u00f1or Oscar Calvet, realizaron el proyecto. Se ten\u00eda que reacomodar todo, desde el techo, los cortinados, las butacas tapizarlas todas, las paredes, la pintura general, del interior y del exterior, iluminaci\u00f3n, el sonido, el escenario. Tambi\u00e9n le toco al foyer todo el piso de porcelanato con granito natural.<br>Se hizo a nuevo los camarines, en un subsuelo, los ba\u00f1os, el foso para las orquestas, el piso del escenario, las bajadas de escalinatas del escenario, todo, todo, era gasto, pero de a poco, y como dice la canci\u00f3n \u00aba puro pulm\u00f3n\u201d, como la canci\u00f3n de Alejandro Lerner, se fue haciendo con la ayuda de la gente, y del Consejo de la Administraci\u00f3n de la Fundaci\u00f3n, que trabajo poniendo su tiempo y empe\u00f1o en forma ad honoren todos por igual. Fue un tiempo de trabajo de hormigas, de paciencia, tropez\u00f3n y ca\u00edda, pero se lleg\u00f3 a buen puerto, a finalizarlo y llegar a ser, lo consideraran Patrimonio Arquitect\u00f3nico de la ciudad, con su propia personer\u00eda jur\u00eddica, y su reglamentaci\u00f3n. Muchos de esos colaboradores se nos adelantaron, y ya no est\u00e1n entre nosotros, muy valiosas personalidades, dignos de con el mayor respeto, recordarlos.<br>Las bellas l\u00e1mparas donde se va a la puerta del pulman, fueron obsequio del Se\u00f1or Osvaldo P\u00e9rez pertenecientes al primer teatro Ode\u00f3n de su familia de 1913.De esa forma se un\u00eda pasado y presente unidos en una conjunci\u00f3n simb\u00f3lica.<\/p>\n\n\n\n<p><strong>Y llego la reapertura tan esperada<\/strong><br>Fue en una noche de gala patri\u00f3tica del 8 y 9 de julio de 1998.Se vio actuar a nuestros artistas locales, ante una concurrencia a pleno teatro, sala llena de luces y aplausos, una noche para el recuerdo. Con danzas y cantos que sacaron del letargo de tantos a\u00f1os, de silencios, vidrios rotos, y palomas, cambiadas por un teatro renovado poniendo de pie a. la Cultura, y la Educaci\u00f3n hacia el arte, que enriquece el esp\u00edritu desde ese momento, a nuestra querida ciudad de Concordia.<\/p>\n\n\n\n<p>Fuente: El Heraldo<\/p>\n","protected":false},"excerpt":{"rendered":"<p>Como les coment\u00e9 el s\u00e1bado pasado, el Ode\u00f3n tuvo sus tiempos de esplendor, y sorpresivamente al morir su due\u00f1o el se\u00f1or Alberto Oria el teatro cerr\u00f3 sus puertas, por m\u00e1s de una d\u00e9cada. All\u00ed comenz\u00f3 el tiempo de abandono y tristeza, de vidrios rotos y palomas adue\u00f1adas del lugar, que d\u00eda a d\u00eda se iba [&hellip;]<\/p>\n","protected":false},"author":3,"featured_media":2698,"comment_status":"open","ping_status":"open","sticky":false,"template":"","format":"standard","meta":{"footnotes":""},"categories":[16],"tags":[],"class_list":{"0":"post-2695","1":"post","2":"type-post","3":"status-publish","4":"format-standard","5":"has-post-thumbnail","7":"category-locales"},"yoast_head":"<!-- This site is optimized with the Yoast SEO plugin v27.4 - https:\/\/yoast.com\/product\/yoast-seo-wordpress\/ -->\n<title>Tiempo de cierre y silencio, tiempo de reapertura y aplausos - Diario del Sur<\/title>\n<meta name=\"robots\" content=\"index, follow, max-snippet:-1, max-image-preview:large, max-video-preview:-1\" \/>\n<link rel=\"canonical\" href=\"https:\/\/diariodelsurdigital.com.ar\/?p=2695\" \/>\n<meta property=\"og:locale\" content=\"es_ES\" \/>\n<meta property=\"og:type\" content=\"article\" \/>\n<meta property=\"og:title\" content=\"Tiempo de cierre y silencio, tiempo de reapertura y aplausos - Diario del Sur\" \/>\n<meta property=\"og:description\" content=\"Como les coment\u00e9 el s\u00e1bado pasado, el Ode\u00f3n tuvo sus tiempos de esplendor, y sorpresivamente al morir su due\u00f1o el se\u00f1or Alberto Oria el teatro cerr\u00f3 sus puertas, por m\u00e1s de una d\u00e9cada. All\u00ed comenz\u00f3 el tiempo de abandono y tristeza, de vidrios rotos y palomas adue\u00f1adas del lugar, que d\u00eda a d\u00eda se iba [&hellip;]\" \/>\n<meta property=\"og:url\" content=\"https:\/\/diariodelsurdigital.com.ar\/?p=2695\" \/>\n<meta property=\"og:site_name\" content=\"Diario del Sur\" \/>\n<meta property=\"article:published_time\" content=\"2025-05-17T23:31:54+00:00\" \/>\n<meta property=\"article:modified_time\" content=\"2025-05-18T02:16:39+00:00\" \/>\n<meta property=\"og:image\" content=\"https:\/\/diariodelsurdigital.com.ar\/wp-content\/uploads\/2025\/05\/tere_minones.jpg\" \/>\n\t<meta property=\"og:image:width\" content=\"1024\" \/>\n\t<meta property=\"og:image:height\" content=\"768\" \/>\n\t<meta property=\"og:image:type\" content=\"image\/jpeg\" \/>\n<meta name=\"author\" content=\"Diario del Sur Digital\" \/>\n<meta name=\"twitter:card\" content=\"summary_large_image\" \/>\n<meta name=\"twitter:label1\" content=\"Escrito por\" \/>\n\t<meta name=\"twitter:data1\" content=\"Diario del Sur Digital\" \/>\n\t<meta name=\"twitter:label2\" content=\"Tiempo de lectura\" \/>\n\t<meta name=\"twitter:data2\" content=\"4 minutos\" \/>\n<script type=\"application\/ld+json\" class=\"yoast-schema-graph\">{\"@context\":\"https:\\\/\\\/schema.org\",\"@graph\":[{\"@type\":\"Article\",\"@id\":\"https:\\\/\\\/diariodelsurdigital.com.ar\\\/?p=2695#article\",\"isPartOf\":{\"@id\":\"https:\\\/\\\/diariodelsurdigital.com.ar\\\/?p=2695\"},\"author\":{\"name\":\"Diario del Sur Digital\",\"@id\":\"https:\\\/\\\/diariodelsurdigital.com.ar\\\/#\\\/schema\\\/person\\\/d794acb23337e88c6e4004a39c32be62\"},\"headline\":\"Tiempo de cierre y silencio, tiempo de reapertura y aplausos\",\"datePublished\":\"2025-05-17T23:31:54+00:00\",\"dateModified\":\"2025-05-18T02:16:39+00:00\",\"mainEntityOfPage\":{\"@id\":\"https:\\\/\\\/diariodelsurdigital.com.ar\\\/?p=2695\"},\"wordCount\":824,\"commentCount\":1,\"image\":{\"@id\":\"https:\\\/\\\/diariodelsurdigital.com.ar\\\/?p=2695#primaryimage\"},\"thumbnailUrl\":\"https:\\\/\\\/diariodelsurdigital.com.ar\\\/wp-content\\\/uploads\\\/2025\\\/05\\\/tere_minones.jpg\",\"articleSection\":[\"Locales\"],\"inLanguage\":\"es\",\"potentialAction\":[{\"@type\":\"CommentAction\",\"name\":\"Comment\",\"target\":[\"https:\\\/\\\/diariodelsurdigital.com.ar\\\/?p=2695#respond\"]}]},{\"@type\":\"WebPage\",\"@id\":\"https:\\\/\\\/diariodelsurdigital.com.ar\\\/?p=2695\",\"url\":\"https:\\\/\\\/diariodelsurdigital.com.ar\\\/?p=2695\",\"name\":\"Tiempo de cierre y silencio, tiempo de reapertura y aplausos - Diario del Sur\",\"isPartOf\":{\"@id\":\"https:\\\/\\\/diariodelsurdigital.com.ar\\\/#website\"},\"primaryImageOfPage\":{\"@id\":\"https:\\\/\\\/diariodelsurdigital.com.ar\\\/?p=2695#primaryimage\"},\"image\":{\"@id\":\"https:\\\/\\\/diariodelsurdigital.com.ar\\\/?p=2695#primaryimage\"},\"thumbnailUrl\":\"https:\\\/\\\/diariodelsurdigital.com.ar\\\/wp-content\\\/uploads\\\/2025\\\/05\\\/tere_minones.jpg\",\"datePublished\":\"2025-05-17T23:31:54+00:00\",\"dateModified\":\"2025-05-18T02:16:39+00:00\",\"author\":{\"@id\":\"https:\\\/\\\/diariodelsurdigital.com.ar\\\/#\\\/schema\\\/person\\\/d794acb23337e88c6e4004a39c32be62\"},\"breadcrumb\":{\"@id\":\"https:\\\/\\\/diariodelsurdigital.com.ar\\\/?p=2695#breadcrumb\"},\"inLanguage\":\"es\",\"potentialAction\":[{\"@type\":\"ReadAction\",\"target\":[\"https:\\\/\\\/diariodelsurdigital.com.ar\\\/?p=2695\"]}]},{\"@type\":\"ImageObject\",\"inLanguage\":\"es\",\"@id\":\"https:\\\/\\\/diariodelsurdigital.com.ar\\\/?p=2695#primaryimage\",\"url\":\"https:\\\/\\\/diariodelsurdigital.com.ar\\\/wp-content\\\/uploads\\\/2025\\\/05\\\/tere_minones.jpg\",\"contentUrl\":\"https:\\\/\\\/diariodelsurdigital.com.ar\\\/wp-content\\\/uploads\\\/2025\\\/05\\\/tere_minones.jpg\",\"width\":1024,\"height\":768},{\"@type\":\"BreadcrumbList\",\"@id\":\"https:\\\/\\\/diariodelsurdigital.com.ar\\\/?p=2695#breadcrumb\",\"itemListElement\":[{\"@type\":\"ListItem\",\"position\":1,\"name\":\"Portada\",\"item\":\"https:\\\/\\\/diariodelsurdigital.com.ar\\\/\"},{\"@type\":\"ListItem\",\"position\":2,\"name\":\"Tiempo de cierre y silencio, tiempo de reapertura y aplausos\"}]},{\"@type\":\"WebSite\",\"@id\":\"https:\\\/\\\/diariodelsurdigital.com.ar\\\/#website\",\"url\":\"https:\\\/\\\/diariodelsurdigital.com.ar\\\/\",\"name\":\"Diario del Sur\",\"description\":\"Digital\",\"potentialAction\":[{\"@type\":\"SearchAction\",\"target\":{\"@type\":\"EntryPoint\",\"urlTemplate\":\"https:\\\/\\\/diariodelsurdigital.com.ar\\\/?s={search_term_string}\"},\"query-input\":{\"@type\":\"PropertyValueSpecification\",\"valueRequired\":true,\"valueName\":\"search_term_string\"}}],\"inLanguage\":\"es\"},{\"@type\":\"Person\",\"@id\":\"https:\\\/\\\/diariodelsurdigital.com.ar\\\/#\\\/schema\\\/person\\\/d794acb23337e88c6e4004a39c32be62\",\"name\":\"Diario del Sur Digital\",\"image\":{\"@type\":\"ImageObject\",\"inLanguage\":\"es\",\"@id\":\"https:\\\/\\\/secure.gravatar.com\\\/avatar\\\/47679bcfa15734cfdefc176b6ad58adeeccac22b2e03e095ada6c622af2b463a?s=96&d=mm&r=g\",\"url\":\"https:\\\/\\\/secure.gravatar.com\\\/avatar\\\/47679bcfa15734cfdefc176b6ad58adeeccac22b2e03e095ada6c622af2b463a?s=96&d=mm&r=g\",\"contentUrl\":\"https:\\\/\\\/secure.gravatar.com\\\/avatar\\\/47679bcfa15734cfdefc176b6ad58adeeccac22b2e03e095ada6c622af2b463a?s=96&d=mm&r=g\",\"caption\":\"Diario del Sur Digital\"},\"url\":\"https:\\\/\\\/diariodelsurdigital.com.ar\\\/?author=3\"}]}<\/script>\n<!-- \/ Yoast SEO plugin. -->","yoast_head_json":{"title":"Tiempo de cierre y silencio, tiempo de reapertura y aplausos - Diario del Sur","robots":{"index":"index","follow":"follow","max-snippet":"max-snippet:-1","max-image-preview":"max-image-preview:large","max-video-preview":"max-video-preview:-1"},"canonical":"https:\/\/diariodelsurdigital.com.ar\/?p=2695","og_locale":"es_ES","og_type":"article","og_title":"Tiempo de cierre y silencio, tiempo de reapertura y aplausos - Diario del Sur","og_description":"Como les coment\u00e9 el s\u00e1bado pasado, el Ode\u00f3n tuvo sus tiempos de esplendor, y sorpresivamente al morir su due\u00f1o el se\u00f1or Alberto Oria el teatro cerr\u00f3 sus puertas, por m\u00e1s de una d\u00e9cada. All\u00ed comenz\u00f3 el tiempo de abandono y tristeza, de vidrios rotos y palomas adue\u00f1adas del lugar, que d\u00eda a d\u00eda se iba [&hellip;]","og_url":"https:\/\/diariodelsurdigital.com.ar\/?p=2695","og_site_name":"Diario del Sur","article_published_time":"2025-05-17T23:31:54+00:00","article_modified_time":"2025-05-18T02:16:39+00:00","og_image":[{"width":1024,"height":768,"url":"https:\/\/diariodelsurdigital.com.ar\/wp-content\/uploads\/2025\/05\/tere_minones.jpg","type":"image\/jpeg"}],"author":"Diario del Sur Digital","twitter_card":"summary_large_image","twitter_misc":{"Escrito por":"Diario del Sur Digital","Tiempo de lectura":"4 minutos"},"schema":{"@context":"https:\/\/schema.org","@graph":[{"@type":"Article","@id":"https:\/\/diariodelsurdigital.com.ar\/?p=2695#article","isPartOf":{"@id":"https:\/\/diariodelsurdigital.com.ar\/?p=2695"},"author":{"name":"Diario del Sur Digital","@id":"https:\/\/diariodelsurdigital.com.ar\/#\/schema\/person\/d794acb23337e88c6e4004a39c32be62"},"headline":"Tiempo de cierre y silencio, tiempo de reapertura y aplausos","datePublished":"2025-05-17T23:31:54+00:00","dateModified":"2025-05-18T02:16:39+00:00","mainEntityOfPage":{"@id":"https:\/\/diariodelsurdigital.com.ar\/?p=2695"},"wordCount":824,"commentCount":1,"image":{"@id":"https:\/\/diariodelsurdigital.com.ar\/?p=2695#primaryimage"},"thumbnailUrl":"https:\/\/diariodelsurdigital.com.ar\/wp-content\/uploads\/2025\/05\/tere_minones.jpg","articleSection":["Locales"],"inLanguage":"es","potentialAction":[{"@type":"CommentAction","name":"Comment","target":["https:\/\/diariodelsurdigital.com.ar\/?p=2695#respond"]}]},{"@type":"WebPage","@id":"https:\/\/diariodelsurdigital.com.ar\/?p=2695","url":"https:\/\/diariodelsurdigital.com.ar\/?p=2695","name":"Tiempo de cierre y silencio, tiempo de reapertura y aplausos - Diario del Sur","isPartOf":{"@id":"https:\/\/diariodelsurdigital.com.ar\/#website"},"primaryImageOfPage":{"@id":"https:\/\/diariodelsurdigital.com.ar\/?p=2695#primaryimage"},"image":{"@id":"https:\/\/diariodelsurdigital.com.ar\/?p=2695#primaryimage"},"thumbnailUrl":"https:\/\/diariodelsurdigital.com.ar\/wp-content\/uploads\/2025\/05\/tere_minones.jpg","datePublished":"2025-05-17T23:31:54+00:00","dateModified":"2025-05-18T02:16:39+00:00","author":{"@id":"https:\/\/diariodelsurdigital.com.ar\/#\/schema\/person\/d794acb23337e88c6e4004a39c32be62"},"breadcrumb":{"@id":"https:\/\/diariodelsurdigital.com.ar\/?p=2695#breadcrumb"},"inLanguage":"es","potentialAction":[{"@type":"ReadAction","target":["https:\/\/diariodelsurdigital.com.ar\/?p=2695"]}]},{"@type":"ImageObject","inLanguage":"es","@id":"https:\/\/diariodelsurdigital.com.ar\/?p=2695#primaryimage","url":"https:\/\/diariodelsurdigital.com.ar\/wp-content\/uploads\/2025\/05\/tere_minones.jpg","contentUrl":"https:\/\/diariodelsurdigital.com.ar\/wp-content\/uploads\/2025\/05\/tere_minones.jpg","width":1024,"height":768},{"@type":"BreadcrumbList","@id":"https:\/\/diariodelsurdigital.com.ar\/?p=2695#breadcrumb","itemListElement":[{"@type":"ListItem","position":1,"name":"Portada","item":"https:\/\/diariodelsurdigital.com.ar\/"},{"@type":"ListItem","position":2,"name":"Tiempo de cierre y silencio, tiempo de reapertura y aplausos"}]},{"@type":"WebSite","@id":"https:\/\/diariodelsurdigital.com.ar\/#website","url":"https:\/\/diariodelsurdigital.com.ar\/","name":"Diario del Sur","description":"Digital","potentialAction":[{"@type":"SearchAction","target":{"@type":"EntryPoint","urlTemplate":"https:\/\/diariodelsurdigital.com.ar\/?s={search_term_string}"},"query-input":{"@type":"PropertyValueSpecification","valueRequired":true,"valueName":"search_term_string"}}],"inLanguage":"es"},{"@type":"Person","@id":"https:\/\/diariodelsurdigital.com.ar\/#\/schema\/person\/d794acb23337e88c6e4004a39c32be62","name":"Diario del Sur Digital","image":{"@type":"ImageObject","inLanguage":"es","@id":"https:\/\/secure.gravatar.com\/avatar\/47679bcfa15734cfdefc176b6ad58adeeccac22b2e03e095ada6c622af2b463a?s=96&d=mm&r=g","url":"https:\/\/secure.gravatar.com\/avatar\/47679bcfa15734cfdefc176b6ad58adeeccac22b2e03e095ada6c622af2b463a?s=96&d=mm&r=g","contentUrl":"https:\/\/secure.gravatar.com\/avatar\/47679bcfa15734cfdefc176b6ad58adeeccac22b2e03e095ada6c622af2b463a?s=96&d=mm&r=g","caption":"Diario del Sur Digital"},"url":"https:\/\/diariodelsurdigital.com.ar\/?author=3"}]}},"_links":{"self":[{"href":"https:\/\/diariodelsurdigital.com.ar\/index.php?rest_route=\/wp\/v2\/posts\/2695","targetHints":{"allow":["GET"]}}],"collection":[{"href":"https:\/\/diariodelsurdigital.com.ar\/index.php?rest_route=\/wp\/v2\/posts"}],"about":[{"href":"https:\/\/diariodelsurdigital.com.ar\/index.php?rest_route=\/wp\/v2\/types\/post"}],"author":[{"embeddable":true,"href":"https:\/\/diariodelsurdigital.com.ar\/index.php?rest_route=\/wp\/v2\/users\/3"}],"replies":[{"embeddable":true,"href":"https:\/\/diariodelsurdigital.com.ar\/index.php?rest_route=%2Fwp%2Fv2%2Fcomments&post=2695"}],"version-history":[{"count":1,"href":"https:\/\/diariodelsurdigital.com.ar\/index.php?rest_route=\/wp\/v2\/posts\/2695\/revisions"}],"predecessor-version":[{"id":2697,"href":"https:\/\/diariodelsurdigital.com.ar\/index.php?rest_route=\/wp\/v2\/posts\/2695\/revisions\/2697"}],"wp:featuredmedia":[{"embeddable":true,"href":"https:\/\/diariodelsurdigital.com.ar\/index.php?rest_route=\/wp\/v2\/media\/2698"}],"wp:attachment":[{"href":"https:\/\/diariodelsurdigital.com.ar\/index.php?rest_route=%2Fwp%2Fv2%2Fmedia&parent=2695"}],"wp:term":[{"taxonomy":"category","embeddable":true,"href":"https:\/\/diariodelsurdigital.com.ar\/index.php?rest_route=%2Fwp%2Fv2%2Fcategories&post=2695"},{"taxonomy":"post_tag","embeddable":true,"href":"https:\/\/diariodelsurdigital.com.ar\/index.php?rest_route=%2Fwp%2Fv2%2Ftags&post=2695"}],"curies":[{"name":"wp","href":"https:\/\/api.w.org\/{rel}","templated":true}]}}