{"id":2699,"date":"2025-05-18T18:44:15","date_gmt":"2025-05-18T21:44:15","guid":{"rendered":"https:\/\/diariodelsurdigital.com.ar\/?p=2699"},"modified":"2025-05-18T18:58:04","modified_gmt":"2025-05-18T21:58:04","slug":"bunker-de-la-libertad-avanza-llego-karina-milei-y-se-habla-de-batacazo","status":"publish","type":"post","link":"https:\/\/diariodelsurdigital.com.ar\/?p=2699","title":{"rendered":"B\u00fanker de La Libertad Avanza: lleg\u00f3 Karina Milei y se habla de \u00abbatacazo\u00bb"},"content":{"rendered":"\n<h1 class=\"wp-block-heading\"><\/h1>\n\n\n\n<h2 class=\"wp-block-heading\">Art\u00edfice de la candidatura de Adorni, arrib\u00f3 escoltada por los Menem. Creen que le arrebataron el corredor norte al PRO. El catering se salv\u00f3 de la motosierra.<a href=\"https:\/\/www.letrap.com.ar\/politica\/mauricio-macri-calienta-mas-la-batalla-javier-milei-denuncia-penal-el-video-falso-n5415992\" rel=\"noreferrer noopener\" target=\"_blank\">Mauricio Macri calienta m\u00e1s la batalla con Javier Milei: denuncia penal por el video falso<\/a><\/h2>\n\n\n\n<p><em>Compartir en:<\/em><\/p>\n\n\n\n<h6 class=\"wp-block-heading\" id=\"audio-message\"> <\/h6>\n\n\n\n<p>Minutos antes que cerraran las mesas de votaci\u00f3n, el b\u00fanker de<strong>\u00a0<a href=\"https:\/\/www.letrap.com.ar\/la-libertad-avanza-a863\">La Libertad Avanza<\/a><\/strong>\u00a0instalado en los primeros dos pisos del Hotel Libertad ya comenzaba a llenarse de miembros del gobierno de<strong>\u00a0<a href=\"https:\/\/www.letrap.com.ar\/\/javier-milei-a256\">Javier Milei<\/a><\/strong>. Sin arriesgar n\u00fameros de boca de urna, una palabra auspiciosa se repet\u00eda: \u00abbatacazo\u00bb.<\/p>\n\n\n\n<p><a href=\"https:\/\/www.letrap.com.ar\/politica\/vota-la-ciudad-buenos-aires-fractura-expuesta-saludo-negado-ovacion-e-insultos-adorni-y-desmayo-n5415994\"><\/a><\/p>\n\n\n\n<p>Una de las primeras figuras relevantes del ecosistema libertario en hacer su ingreso triunfal por la entrada principal del hotel, que da a la intersecci\u00f3n de la calle Maip\u00fa y avenida C\u00f3rdoba, fue la secretaria general de la Presidencia,&nbsp;<strong><a href=\"https:\/\/www.letrap.com.ar\/karina-milei-a902\">Karina Milei<\/a><\/strong>: fue su lapicera la que anot\u00f3, en base a una estrategia electoral purista, la que se pone en riesgo este domingo al haber anotado al vocero&nbsp;<strong><a href=\"https:\/\/www.letrap.com.ar\/manuel-adorni-a1156\">Manuel Adorni<\/a><\/strong>&nbsp;como primer candidato a legislador.<\/p>\n\n\n\n<p><\/p>\n\n\n\n<figure class=\"wp-block-image\"><img loading=\"lazy\" decoding=\"async\" width=\"790\" height=\"592\" src=\"https:\/\/diariodelsurdigital.com.ar\/wp-content\/uploads\/2025\/05\/escenario-llajfif.jpg\" alt=\"\" class=\"wp-image-2702\" title=\"\" srcset=\"https:\/\/diariodelsurdigital.com.ar\/wp-content\/uploads\/2025\/05\/escenario-llajfif.jpg 790w, https:\/\/diariodelsurdigital.com.ar\/wp-content\/uploads\/2025\/05\/escenario-llajfif-300x225.jpg 300w, https:\/\/diariodelsurdigital.com.ar\/wp-content\/uploads\/2025\/05\/escenario-llajfif-768x576.jpg 768w, https:\/\/diariodelsurdigital.com.ar\/wp-content\/uploads\/2025\/05\/escenario-llajfif-560x420.jpg 560w, https:\/\/diariodelsurdigital.com.ar\/wp-content\/uploads\/2025\/05\/escenario-llajfif-80x60.jpg 80w, https:\/\/diariodelsurdigital.com.ar\/wp-content\/uploads\/2025\/05\/escenario-llajfif-696x522.jpg 696w, https:\/\/diariodelsurdigital.com.ar\/wp-content\/uploads\/2025\/05\/escenario-llajfif-265x198.jpg 265w\" sizes=\"auto, (max-width: 790px) 100vw, 790px\" \/><\/figure>\n\n\n\n<p>La hermana presidencial subi\u00f3 al VIP sin hacer declaraciones ante la prensa. En el lobby central del hotel la esperaba la legisladora&nbsp;<strong>Pilar Ram\u00edrez<\/strong>. Poco antes hab\u00eda arribado una comitiva encabezada por&nbsp;<strong>Mart\u00edn Menem&nbsp;<\/strong>y&nbsp;<strong>Lule Menem<\/strong>, que subieron directo al segundo piso del hotel, reservado s\u00f3lo para el gabinete, integrantes de la lista e invitados especiales,&nbsp;<a href=\"https:\/\/www.letrap.com.ar\/politica\/la-intimidad-javier-milei-olivos-mas-rozitchner-que-caputo-inaki-la-pole-y-ministra-cama-adentro-n5415235\" target=\"_blank\" rel=\"noreferrer noopener\">como el modisto&nbsp;<strong>Roberto Piazza<\/strong><\/a>, uno de los rostros m\u00e1s conocidos que se vieron en el b\u00fanker.<\/p>\n\n\n\n<p>En los pasillos, mientras el sal\u00f3n se manten\u00eda vac\u00edo, a la espera del llenarlo de militancia libertaria, una importante figura del oficialismo no dudaba en repetir un augurio: \u00abbatacazo\u00bb. Seg\u00fan algunas fuentes de di\u00e1logo cotidiano con los hermanos Milei, la palabra estaba respaldada por las mesas del electorado del corredor norte, hist\u00f3ricamente referenciado en el PRO. Sin embargo, reconoc\u00edan que tendr\u00edan dificultades de imponerse en la zona sur de la Ciudad, donde el kirchnerismo estar\u00eda haciendo una muy buena elecci\u00f3n.<\/p>\n\n\n\n<figure class=\"wp-block-image\"><img loading=\"lazy\" decoding=\"async\" width=\"790\" height=\"592\" src=\"https:\/\/diariodelsurdigital.com.ar\/wp-content\/uploads\/2025\/05\/catering-llajfif.jpg\" alt=\"\" class=\"wp-image-2701\" title=\"\" srcset=\"https:\/\/diariodelsurdigital.com.ar\/wp-content\/uploads\/2025\/05\/catering-llajfif.jpg 790w, https:\/\/diariodelsurdigital.com.ar\/wp-content\/uploads\/2025\/05\/catering-llajfif-300x225.jpg 300w, https:\/\/diariodelsurdigital.com.ar\/wp-content\/uploads\/2025\/05\/catering-llajfif-768x576.jpg 768w, https:\/\/diariodelsurdigital.com.ar\/wp-content\/uploads\/2025\/05\/catering-llajfif-560x420.jpg 560w, https:\/\/diariodelsurdigital.com.ar\/wp-content\/uploads\/2025\/05\/catering-llajfif-80x60.jpg 80w, https:\/\/diariodelsurdigital.com.ar\/wp-content\/uploads\/2025\/05\/catering-llajfif-696x522.jpg 696w, https:\/\/diariodelsurdigital.com.ar\/wp-content\/uploads\/2025\/05\/catering-llajfif-265x198.jpg 265w\" sizes=\"auto, (max-width: 790px) 100vw, 790px\" \/><\/figure>\n\n\n\n<p>La motosierra libertaria no pas\u00f3 por el catering que, hasta el cierre de esta nota, s\u00f3lo estaba disfrut\u00e1ndolo la prensa. Hab\u00eda caf\u00e9, jugo de naranja y facturas. El resto del auditorio donde se mont\u00f3 el escenario, desde donde se esperan las palabras de Adorni y Milei, estaba vac\u00edo. Un \u00fanico atril los espera, con tres pantallas gigantes y un campo reservado para la militancia.<\/p>\n\n\n\n<p>Fuente: Letra P &#8211; Pablo Lapuente<\/p>\n","protected":false},"excerpt":{"rendered":"<p>Art\u00edfice de la candidatura de Adorni, arrib\u00f3 escoltada por los Menem. Creen que le arrebataron el corredor norte al PRO. El catering se salv\u00f3 de la motosierra.Mauricio Macri calienta m\u00e1s la batalla con Javier Milei: denuncia penal por el video falso Compartir en: Minutos antes que cerraran las mesas de votaci\u00f3n, el b\u00fanker de\u00a0La Libertad [&hellip;]<\/p>\n","protected":false},"author":2,"featured_media":2700,"comment_status":"open","ping_status":"open","sticky":false,"template":"","format":"standard","meta":{"footnotes":""},"categories":[18],"tags":[],"class_list":{"0":"post-2699","1":"post","2":"type-post","3":"status-publish","4":"format-standard","5":"has-post-thumbnail","7":"category-nacionales"},"yoast_head":"<!-- This site is optimized with the Yoast SEO plugin v27.4 - https:\/\/yoast.com\/product\/yoast-seo-wordpress\/ -->\n<title>B\u00fanker de La Libertad Avanza: lleg\u00f3 Karina Milei y se habla de &quot;batacazo&quot; - Diario del Sur<\/title>\n<meta name=\"robots\" content=\"index, follow, max-snippet:-1, max-image-preview:large, max-video-preview:-1\" \/>\n<link rel=\"canonical\" href=\"https:\/\/diariodelsurdigital.com.ar\/?p=2699\" \/>\n<meta property=\"og:locale\" content=\"es_ES\" \/>\n<meta property=\"og:type\" content=\"article\" \/>\n<meta property=\"og:title\" content=\"B\u00fanker de La Libertad Avanza: lleg\u00f3 Karina Milei y se habla de &quot;batacazo&quot; - Diario del Sur\" \/>\n<meta property=\"og:description\" content=\"Art\u00edfice de la candidatura de Adorni, arrib\u00f3 escoltada por los Menem. Creen que le arrebataron el corredor norte al PRO. El catering se salv\u00f3 de la motosierra.Mauricio Macri calienta m\u00e1s la batalla con Javier Milei: denuncia penal por el video falso Compartir en: Minutos antes que cerraran las mesas de votaci\u00f3n, el b\u00fanker de\u00a0La Libertad [&hellip;]\" \/>\n<meta property=\"og:url\" content=\"https:\/\/diariodelsurdigital.com.ar\/?p=2699\" \/>\n<meta property=\"og:site_name\" content=\"Diario del Sur\" \/>\n<meta property=\"article:published_time\" content=\"2025-05-18T21:44:15+00:00\" \/>\n<meta property=\"article:modified_time\" content=\"2025-05-18T21:58:04+00:00\" \/>\n<meta property=\"og:image\" content=\"https:\/\/diariodelsurdigital.com.ar\/wp-content\/uploads\/2025\/05\/piazza-el-bunkerjfif.png\" \/>\n\t<meta property=\"og:image:width\" content=\"513\" \/>\n\t<meta property=\"og:image:height\" content=\"343\" \/>\n\t<meta property=\"og:image:type\" content=\"image\/png\" \/>\n<meta name=\"author\" content=\"Diario del Sur Digital\" \/>\n<meta name=\"twitter:card\" content=\"summary_large_image\" \/>\n<meta name=\"twitter:label1\" content=\"Escrito por\" \/>\n\t<meta name=\"twitter:data1\" content=\"Diario del Sur Digital\" \/>\n\t<meta name=\"twitter:label2\" content=\"Tiempo de lectura\" \/>\n\t<meta name=\"twitter:data2\" content=\"3 minutos\" \/>\n<script type=\"application\/ld+json\" class=\"yoast-schema-graph\">{\"@context\":\"https:\\\/\\\/schema.org\",\"@graph\":[{\"@type\":\"Article\",\"@id\":\"https:\\\/\\\/diariodelsurdigital.com.ar\\\/?p=2699#article\",\"isPartOf\":{\"@id\":\"https:\\\/\\\/diariodelsurdigital.com.ar\\\/?p=2699\"},\"author\":{\"name\":\"Diario del Sur Digital\",\"@id\":\"https:\\\/\\\/diariodelsurdigital.com.ar\\\/#\\\/schema\\\/person\\\/6136a32571657f7dba980b88b04c5465\"},\"headline\":\"B\u00fanker de La Libertad Avanza: lleg\u00f3 Karina Milei y se habla de \u00abbatacazo\u00bb\",\"datePublished\":\"2025-05-18T21:44:15+00:00\",\"dateModified\":\"2025-05-18T21:58:04+00:00\",\"mainEntityOfPage\":{\"@id\":\"https:\\\/\\\/diariodelsurdigital.com.ar\\\/?p=2699\"},\"wordCount\":440,\"commentCount\":0,\"image\":{\"@id\":\"https:\\\/\\\/diariodelsurdigital.com.ar\\\/?p=2699#primaryimage\"},\"thumbnailUrl\":\"https:\\\/\\\/diariodelsurdigital.com.ar\\\/wp-content\\\/uploads\\\/2025\\\/05\\\/piazza-el-bunkerjfif.png\",\"articleSection\":[\"Nacionales\"],\"inLanguage\":\"es\",\"potentialAction\":[{\"@type\":\"CommentAction\",\"name\":\"Comment\",\"target\":[\"https:\\\/\\\/diariodelsurdigital.com.ar\\\/?p=2699#respond\"]}]},{\"@type\":\"WebPage\",\"@id\":\"https:\\\/\\\/diariodelsurdigital.com.ar\\\/?p=2699\",\"url\":\"https:\\\/\\\/diariodelsurdigital.com.ar\\\/?p=2699\",\"name\":\"B\u00fanker de La Libertad Avanza: lleg\u00f3 Karina Milei y se habla de \\\"batacazo\\\" - Diario del Sur\",\"isPartOf\":{\"@id\":\"https:\\\/\\\/diariodelsurdigital.com.ar\\\/#website\"},\"primaryImageOfPage\":{\"@id\":\"https:\\\/\\\/diariodelsurdigital.com.ar\\\/?p=2699#primaryimage\"},\"image\":{\"@id\":\"https:\\\/\\\/diariodelsurdigital.com.ar\\\/?p=2699#primaryimage\"},\"thumbnailUrl\":\"https:\\\/\\\/diariodelsurdigital.com.ar\\\/wp-content\\\/uploads\\\/2025\\\/05\\\/piazza-el-bunkerjfif.png\",\"datePublished\":\"2025-05-18T21:44:15+00:00\",\"dateModified\":\"2025-05-18T21:58:04+00:00\",\"author\":{\"@id\":\"https:\\\/\\\/diariodelsurdigital.com.ar\\\/#\\\/schema\\\/person\\\/6136a32571657f7dba980b88b04c5465\"},\"breadcrumb\":{\"@id\":\"https:\\\/\\\/diariodelsurdigital.com.ar\\\/?p=2699#breadcrumb\"},\"inLanguage\":\"es\",\"potentialAction\":[{\"@type\":\"ReadAction\",\"target\":[\"https:\\\/\\\/diariodelsurdigital.com.ar\\\/?p=2699\"]}]},{\"@type\":\"ImageObject\",\"inLanguage\":\"es\",\"@id\":\"https:\\\/\\\/diariodelsurdigital.com.ar\\\/?p=2699#primaryimage\",\"url\":\"https:\\\/\\\/diariodelsurdigital.com.ar\\\/wp-content\\\/uploads\\\/2025\\\/05\\\/piazza-el-bunkerjfif.png\",\"contentUrl\":\"https:\\\/\\\/diariodelsurdigital.com.ar\\\/wp-content\\\/uploads\\\/2025\\\/05\\\/piazza-el-bunkerjfif.png\",\"width\":513,\"height\":343},{\"@type\":\"BreadcrumbList\",\"@id\":\"https:\\\/\\\/diariodelsurdigital.com.ar\\\/?p=2699#breadcrumb\",\"itemListElement\":[{\"@type\":\"ListItem\",\"position\":1,\"name\":\"Portada\",\"item\":\"https:\\\/\\\/diariodelsurdigital.com.ar\\\/\"},{\"@type\":\"ListItem\",\"position\":2,\"name\":\"B\u00fanker de La Libertad Avanza: lleg\u00f3 Karina Milei y se habla de \u00abbatacazo\u00bb\"}]},{\"@type\":\"WebSite\",\"@id\":\"https:\\\/\\\/diariodelsurdigital.com.ar\\\/#website\",\"url\":\"https:\\\/\\\/diariodelsurdigital.com.ar\\\/\",\"name\":\"Diario del Sur\",\"description\":\"Digital\",\"potentialAction\":[{\"@type\":\"SearchAction\",\"target\":{\"@type\":\"EntryPoint\",\"urlTemplate\":\"https:\\\/\\\/diariodelsurdigital.com.ar\\\/?s={search_term_string}\"},\"query-input\":{\"@type\":\"PropertyValueSpecification\",\"valueRequired\":true,\"valueName\":\"search_term_string\"}}],\"inLanguage\":\"es\"},{\"@type\":\"Person\",\"@id\":\"https:\\\/\\\/diariodelsurdigital.com.ar\\\/#\\\/schema\\\/person\\\/6136a32571657f7dba980b88b04c5465\",\"name\":\"Diario del Sur Digital\",\"image\":{\"@type\":\"ImageObject\",\"inLanguage\":\"es\",\"@id\":\"https:\\\/\\\/secure.gravatar.com\\\/avatar\\\/4c29ceac98541dd42460b2474aaa5dd37594d6ce6cb3cf2c101d09b48ee287ba?s=96&d=mm&r=g\",\"url\":\"https:\\\/\\\/secure.gravatar.com\\\/avatar\\\/4c29ceac98541dd42460b2474aaa5dd37594d6ce6cb3cf2c101d09b48ee287ba?s=96&d=mm&r=g\",\"contentUrl\":\"https:\\\/\\\/secure.gravatar.com\\\/avatar\\\/4c29ceac98541dd42460b2474aaa5dd37594d6ce6cb3cf2c101d09b48ee287ba?s=96&d=mm&r=g\",\"caption\":\"Diario del Sur Digital\"},\"url\":\"https:\\\/\\\/diariodelsurdigital.com.ar\\\/?author=2\"}]}<\/script>\n<!-- \/ Yoast SEO plugin. -->","yoast_head_json":{"title":"B\u00fanker de La Libertad Avanza: lleg\u00f3 Karina Milei y se habla de \"batacazo\" - Diario del Sur","robots":{"index":"index","follow":"follow","max-snippet":"max-snippet:-1","max-image-preview":"max-image-preview:large","max-video-preview":"max-video-preview:-1"},"canonical":"https:\/\/diariodelsurdigital.com.ar\/?p=2699","og_locale":"es_ES","og_type":"article","og_title":"B\u00fanker de La Libertad Avanza: lleg\u00f3 Karina Milei y se habla de \"batacazo\" - Diario del Sur","og_description":"Art\u00edfice de la candidatura de Adorni, arrib\u00f3 escoltada por los Menem. Creen que le arrebataron el corredor norte al PRO. El catering se salv\u00f3 de la motosierra.Mauricio Macri calienta m\u00e1s la batalla con Javier Milei: denuncia penal por el video falso Compartir en: Minutos antes que cerraran las mesas de votaci\u00f3n, el b\u00fanker de\u00a0La Libertad [&hellip;]","og_url":"https:\/\/diariodelsurdigital.com.ar\/?p=2699","og_site_name":"Diario del Sur","article_published_time":"2025-05-18T21:44:15+00:00","article_modified_time":"2025-05-18T21:58:04+00:00","og_image":[{"width":513,"height":343,"url":"https:\/\/diariodelsurdigital.com.ar\/wp-content\/uploads\/2025\/05\/piazza-el-bunkerjfif.png","type":"image\/png"}],"author":"Diario del Sur Digital","twitter_card":"summary_large_image","twitter_misc":{"Escrito por":"Diario del Sur Digital","Tiempo de lectura":"3 minutos"},"schema":{"@context":"https:\/\/schema.org","@graph":[{"@type":"Article","@id":"https:\/\/diariodelsurdigital.com.ar\/?p=2699#article","isPartOf":{"@id":"https:\/\/diariodelsurdigital.com.ar\/?p=2699"},"author":{"name":"Diario del Sur Digital","@id":"https:\/\/diariodelsurdigital.com.ar\/#\/schema\/person\/6136a32571657f7dba980b88b04c5465"},"headline":"B\u00fanker de La Libertad Avanza: lleg\u00f3 Karina Milei y se habla de \u00abbatacazo\u00bb","datePublished":"2025-05-18T21:44:15+00:00","dateModified":"2025-05-18T21:58:04+00:00","mainEntityOfPage":{"@id":"https:\/\/diariodelsurdigital.com.ar\/?p=2699"},"wordCount":440,"commentCount":0,"image":{"@id":"https:\/\/diariodelsurdigital.com.ar\/?p=2699#primaryimage"},"thumbnailUrl":"https:\/\/diariodelsurdigital.com.ar\/wp-content\/uploads\/2025\/05\/piazza-el-bunkerjfif.png","articleSection":["Nacionales"],"inLanguage":"es","potentialAction":[{"@type":"CommentAction","name":"Comment","target":["https:\/\/diariodelsurdigital.com.ar\/?p=2699#respond"]}]},{"@type":"WebPage","@id":"https:\/\/diariodelsurdigital.com.ar\/?p=2699","url":"https:\/\/diariodelsurdigital.com.ar\/?p=2699","name":"B\u00fanker de La Libertad Avanza: lleg\u00f3 Karina Milei y se habla de \"batacazo\" - Diario del Sur","isPartOf":{"@id":"https:\/\/diariodelsurdigital.com.ar\/#website"},"primaryImageOfPage":{"@id":"https:\/\/diariodelsurdigital.com.ar\/?p=2699#primaryimage"},"image":{"@id":"https:\/\/diariodelsurdigital.com.ar\/?p=2699#primaryimage"},"thumbnailUrl":"https:\/\/diariodelsurdigital.com.ar\/wp-content\/uploads\/2025\/05\/piazza-el-bunkerjfif.png","datePublished":"2025-05-18T21:44:15+00:00","dateModified":"2025-05-18T21:58:04+00:00","author":{"@id":"https:\/\/diariodelsurdigital.com.ar\/#\/schema\/person\/6136a32571657f7dba980b88b04c5465"},"breadcrumb":{"@id":"https:\/\/diariodelsurdigital.com.ar\/?p=2699#breadcrumb"},"inLanguage":"es","potentialAction":[{"@type":"ReadAction","target":["https:\/\/diariodelsurdigital.com.ar\/?p=2699"]}]},{"@type":"ImageObject","inLanguage":"es","@id":"https:\/\/diariodelsurdigital.com.ar\/?p=2699#primaryimage","url":"https:\/\/diariodelsurdigital.com.ar\/wp-content\/uploads\/2025\/05\/piazza-el-bunkerjfif.png","contentUrl":"https:\/\/diariodelsurdigital.com.ar\/wp-content\/uploads\/2025\/05\/piazza-el-bunkerjfif.png","width":513,"height":343},{"@type":"BreadcrumbList","@id":"https:\/\/diariodelsurdigital.com.ar\/?p=2699#breadcrumb","itemListElement":[{"@type":"ListItem","position":1,"name":"Portada","item":"https:\/\/diariodelsurdigital.com.ar\/"},{"@type":"ListItem","position":2,"name":"B\u00fanker de La Libertad Avanza: lleg\u00f3 Karina Milei y se habla de \u00abbatacazo\u00bb"}]},{"@type":"WebSite","@id":"https:\/\/diariodelsurdigital.com.ar\/#website","url":"https:\/\/diariodelsurdigital.com.ar\/","name":"Diario del Sur","description":"Digital","potentialAction":[{"@type":"SearchAction","target":{"@type":"EntryPoint","urlTemplate":"https:\/\/diariodelsurdigital.com.ar\/?s={search_term_string}"},"query-input":{"@type":"PropertyValueSpecification","valueRequired":true,"valueName":"search_term_string"}}],"inLanguage":"es"},{"@type":"Person","@id":"https:\/\/diariodelsurdigital.com.ar\/#\/schema\/person\/6136a32571657f7dba980b88b04c5465","name":"Diario del Sur Digital","image":{"@type":"ImageObject","inLanguage":"es","@id":"https:\/\/secure.gravatar.com\/avatar\/4c29ceac98541dd42460b2474aaa5dd37594d6ce6cb3cf2c101d09b48ee287ba?s=96&d=mm&r=g","url":"https:\/\/secure.gravatar.com\/avatar\/4c29ceac98541dd42460b2474aaa5dd37594d6ce6cb3cf2c101d09b48ee287ba?s=96&d=mm&r=g","contentUrl":"https:\/\/secure.gravatar.com\/avatar\/4c29ceac98541dd42460b2474aaa5dd37594d6ce6cb3cf2c101d09b48ee287ba?s=96&d=mm&r=g","caption":"Diario del Sur Digital"},"url":"https:\/\/diariodelsurdigital.com.ar\/?author=2"}]}},"_links":{"self":[{"href":"https:\/\/diariodelsurdigital.com.ar\/index.php?rest_route=\/wp\/v2\/posts\/2699","targetHints":{"allow":["GET"]}}],"collection":[{"href":"https:\/\/diariodelsurdigital.com.ar\/index.php?rest_route=\/wp\/v2\/posts"}],"about":[{"href":"https:\/\/diariodelsurdigital.com.ar\/index.php?rest_route=\/wp\/v2\/types\/post"}],"author":[{"embeddable":true,"href":"https:\/\/diariodelsurdigital.com.ar\/index.php?rest_route=\/wp\/v2\/users\/2"}],"replies":[{"embeddable":true,"href":"https:\/\/diariodelsurdigital.com.ar\/index.php?rest_route=%2Fwp%2Fv2%2Fcomments&post=2699"}],"version-history":[{"count":3,"href":"https:\/\/diariodelsurdigital.com.ar\/index.php?rest_route=\/wp\/v2\/posts\/2699\/revisions"}],"predecessor-version":[{"id":2705,"href":"https:\/\/diariodelsurdigital.com.ar\/index.php?rest_route=\/wp\/v2\/posts\/2699\/revisions\/2705"}],"wp:featuredmedia":[{"embeddable":true,"href":"https:\/\/diariodelsurdigital.com.ar\/index.php?rest_route=\/wp\/v2\/media\/2700"}],"wp:attachment":[{"href":"https:\/\/diariodelsurdigital.com.ar\/index.php?rest_route=%2Fwp%2Fv2%2Fmedia&parent=2699"}],"wp:term":[{"taxonomy":"category","embeddable":true,"href":"https:\/\/diariodelsurdigital.com.ar\/index.php?rest_route=%2Fwp%2Fv2%2Fcategories&post=2699"},{"taxonomy":"post_tag","embeddable":true,"href":"https:\/\/diariodelsurdigital.com.ar\/index.php?rest_route=%2Fwp%2Fv2%2Ftags&post=2699"}],"curies":[{"name":"wp","href":"https:\/\/api.w.org\/{rel}","templated":true}]}}