{"id":2709,"date":"2025-05-19T02:02:47","date_gmt":"2025-05-19T05:02:47","guid":{"rendered":"https:\/\/diariodelsurdigital.com.ar\/?p=2709"},"modified":"2025-05-19T02:02:50","modified_gmt":"2025-05-19T05:02:50","slug":"macri-quedo-adornitizado","status":"publish","type":"post","link":"https:\/\/diariodelsurdigital.com.ar\/?p=2709","title":{"rendered":"Macri qued\u00f3 Adornitizado"},"content":{"rendered":"\n<h1 class=\"wp-block-heading\"> <\/h1>\n\n\n\n<h4 class=\"wp-block-heading\">Manuel Adorni gan\u00f3 con el 30 por ciento. Leandro Santoro obtuvo el 27 y Silvia Lospennato qued\u00f3 lejos con solo 16 puntos. M\u00e1s del 45 por ciento del electorado no fue a votar.<\/h4>\n\n\n\n<p>La Ciudad de Buenos Aires vot\u00f3 en un contexto nacional complejo de preeminencia de un proyecto pol\u00edtico que busca hacer a\u00f1icos el tejido social solidario, el Estado y afianzar la idea del s\u00e1lvese quien pueda. Un escenario de desesperanza que no logra ofrecer, al menos por ahora, una clara alternativa y que como en otros momentos hist\u00f3ricos, la sociedad lo expres\u00f3 con un desapego a la herramienta electoral. Como en Salta, Chaco, San Luis y Jujuy, la concurrencia en la Capital Federal fue escasa (apenas el 53 por ciento) haciendo que se parezca a un 2001 pero sin cacerolas, sin voto Mafalda y sin gente viajando al kil\u00f3metro 501 para evitar la multa por no votar. Un escenario ideal para lo que ofrecen los libertarios que se quedaron con el primer puesto. As\u00ed, Manuel Adorni obtuvo el 30,14 por ciento desplazando de manera contundente al PRO de Mauricio Macri a un lejano tercer lugar (15,92 por ciento). El golpe al macrismo es mucho m\u00e1s contundente si se tiene en cuenta que es el primer oficialismo en ser derrotado desde que comenz\u00f3 el a\u00f1o electoral y, sobre todo, en su lugar de nacimiento. Un resultado que tendr\u00e1 consecuencias imprevisibles para el partido propiedad de la familia Macri. En tanto, el peronismo, que llev\u00f3 a Leandro Santoro como primer candidato a legislador, hizo una buena elecci\u00f3n, sobre todo si se mira los resultados de la semana pasada en las otras provincias. Logr\u00f3 un segundo lugar clave (27,35 por ciento) porque jug\u00f3 a ser una alternativa y adem\u00e1s porque se impuso con claridad sobre las otras opciones peronistas que, tal vez con m\u00e1s unidad y menos ego\u00edsmo, hubiesen obtenido un mejor resultado. La izquierda y opciones de derecha moderada como la de Horacio Rodr\u00edguez Larreta, quedaron al final de la tabla donde todav\u00eda se obtienen bancas.&nbsp;<\/p>\n\n\n\n<p>\u00abHoy se pint\u00f3 de violeta el basti\u00f3n amarillo y ahora a pintar de violeta todo el pa\u00eds\u00bb, grit\u00f3 Javier Milei a modo de verdad lo que en realidad es una falacia. Si bien es cierto que su candidato gan\u00f3 y desplaz\u00f3 al PRO lejos quedaron de pintar la ciudad de violeta. Este domingo La Libertad Avanza (LLA) se qued\u00f3 con ocho comunas porte\u00f1as. En las siete restantes triunf\u00f3 el partido que llev\u00f3 como primer candidato a Santoro.<\/p>\n\n\n\n<p>La estrategia libertaria result\u00f3 efectiva pero a medias. Busc\u00f3 polarizar con el kirchnerismo sin entrar en detalles. Solo dijo que pretend\u00eda clavar el \u00faltimo clavo del caj\u00f3n donde descansen los restos de la fuerza pol\u00edtica que lidera Cristina Kirchner. M\u00e1s detallista fue a la hora de golpear al macrismo. Ah\u00ed no tuvo pruritos y Milei junto a su tropa desplegaron todas las herramientas posibles para arrancarle los votos al PRO en su propio basti\u00f3n.<\/p>\n\n\n\n<p>Con los resultados en las manos, Adorni retom\u00f3 ese discurso antikirchnerista al sostener que la sociedad comprendi\u00f3 que&nbsp;LLA \u00abes el mejor instrumento para terminar de una vez y para siempre con el kirchnerismo\u00bb.<\/p>\n\n\n\n<p>Las redes, el espacio virtual donde el mileismo se mueve con comodidad, se convirti\u00f3 en el lugar ideal para combatir al macrismo con armas non santas. El video realizado con inteligencia artificial donde hac\u00edan decir a Macri que Lospennato levantaba su candidatura para ganarle, justamente, al kirchnerismo fue el que m\u00e1s difusi\u00f3n tuvo.&nbsp;<\/p>\n\n\n\n<p>La justicia, que por ahora responde a Macri, reaccion\u00f3 con una velocidad inusitada ordenando a la red social X que levante ese video. No fue suficiente. En el macrismo sab\u00edan que llegaban al domingo con una herida abierta. Como \u00faltima esperanza hab\u00edan apostado a que la ca\u00edda del proyecto de Ficha Limpia perjudicara al candidato libertario. Ahora, con los n\u00fameros a la vista est\u00e1 claro que ese proyecto nunca fue determinante.&nbsp;&nbsp;<\/p>\n\n\n\n<p>Pero la derrota no es algo que ocurri\u00f3 este domingo. Se fue construyendo desde hace tiempo. En un momento Macri busc\u00f3 recuperar el rol de jefe partidario pero, como sostiene la especialista en comunicaci\u00f3n pol\u00edtica, Julieta Waisgold, lo hizo \u00abcon un discurso solemne, muy institucional sin encontrar el tono y la comunicaci\u00f3n que antes ten\u00eda con su electorado\u00bb. Pero sobre todo, indic\u00f3, \u00abnunca tom\u00f3 una posici\u00f3n clara respecto de Milei\u00bb. Es curioso el v\u00ednculo entre ambos, Milei lo critica con dureza y al mismo tiempo Macri lo ayuda en las aventuras legislativas de la Casa Rosada. Milei desprecia una alianza electoral de super estructuras y Macri todav\u00eda ahora insiste en hacer un esfuerzo por conseguir un armado bonaerense com\u00fan.<\/p>\n\n\n\n<p>As\u00ed fue que el macrismo trabaj\u00f3 su derrota y se convirti\u00f3 en el primer oficialismo en romper la regla que se ven\u00eda aplicando desde las elecciones del domingo 11 de mayo donde los oficialismos se impusieron. Ac\u00e1, en la Capital Federal, el PRO recibi\u00f3 una paliza hist\u00f3rica. En 2021 hab\u00eda ganado 14 de las 15 comunas y el peronismo solo una. El domingo por la noche, el macrismo se fue a dormir sin ning\u00fan triunfo comunero.&nbsp;<\/p>\n\n\n\n<p>Esto tendr\u00e1 consecuencia. Ahora LLA pone condiciones para un gobierno m\u00e1s o menos tranquilo de Jorge Macri, pero sobre todo, para el armado electoral en la provincia de Buenos Aires. Ah\u00ed el expresidente se resist\u00eda a que le impongan una alianza con dirigentes del PRO y no con el partido. Ahora tendr\u00e1 que hacer un esfuerzo, no acostumbrado en un hombre como \u00e9l, para impedir que haya una migraci\u00f3n extraordinaria hacia LLA.<\/p>\n\n\n\n<h2 class=\"wp-block-heading\"><strong>Los otros ganadores&nbsp;<\/strong><\/h2>\n\n\n\n<p>Si bien los votos v\u00e1lidos mostraron c\u00f3mo qued\u00f3 el orden de los candidatos, lo cierto es que hubo uno que no tiene nombre ni apellido pero que se impuso a todos: el ausentismo.&nbsp;<\/p>\n\n\n\n<p>No fue a votar casi el 47 por ciento de los habilitados a sufragar. Manuel Adorni, el ganador de la jornada obtuvo 30,13 por ciento. Para Waisgold esto representa un llamado de atenci\u00f3n para todas las fuerzas pol\u00edticas m\u00e1s tradicionales, \u00abinclusive la LLA a pesar de que se mueve con comodidad en las aguas de la antipol\u00edtica, tambi\u00e9n es sintom\u00e1tico que haya gente que no se haya sentido convocada para votar por La Libertad Avanza\u00bb.<\/p>\n\n\n\n<p>Si bien el resultado final puede resultar halag\u00fce\u00f1o para Es Ahora Buenos Aires, lo cierto es que juntaron pr\u00e1cticamente la misma cantidad de votos que en elecciones pasadas. Igual eso reditu\u00f3 en 10 bancas, una menos que LLA. Eso no es malo en s\u00ed. Pero el ausentismo ayud\u00f3. El desaf\u00edo hacia adelante no s\u00f3lo ser\u00e1 que esos que no votaron regresen sino que fundamentalmente voten a esta expresi\u00f3n pol\u00edtica que llev\u00f3 a Santoro como la cara visible.<\/p>\n\n\n\n<p>Otra lecci\u00f3n que bien puede dejar este comicio es que el peronismo est\u00e1 lejos de ser el gran derrotado, como la Casa Rosada quiso hacer ver con las elecciones de Chaco, Salta, Jujuy y San Luis. La Capital Federal muestra que se puede ser una opci\u00f3n v\u00e1lida y con propuestas. Tambi\u00e9n es cierto que es preciso ajustar m\u00e1s el proceso de unidad porque, haciendo un juego imaginario electoral, podr\u00eda haber resultado mejor si se incorporaban en la boleta a la ortodoxia peronista que representa la lista Principios y Valores (con Alejandro Kim) y tambi\u00e9n a Seamos Libres de Juan Manuel Abal Medina (que hizo una pobr\u00edsima elecci\u00f3n). Pero para eso tal vez haya que ser un poco menos ego\u00edstas.<\/p>\n\n\n\n<p>Otro que se sinti\u00f3 ganador fue Horacio Rodr\u00edguez Larreta que con su partido logr\u00f3 ingresar a la Legislatura porte\u00f1a en lo que para \u00e9l representa un pelda\u00f1o importante en su objetivo de volver a ser jefe de gobieno porte\u00f1o. Adem\u00e1s de \u00e9l, habr\u00e1 dos legisladores m\u00e1s que ser\u00e1n parte del Volvamos Buenos Aires.<\/p>\n\n\n\n<p>El Frente de Izquierda y de Trabajadores-Unidad fue el que se qued\u00f3 con el \u00faltimo curul en juego. Vanina Biasi, actual diputada nacional, ser\u00e1 legisladora desde el pr\u00f3ximo 10 de diciembre. Detr\u00e1s de ella se cerr\u00f3 la lista de las bancas disponibles.&nbsp;<\/p>\n\n\n\n<h2 class=\"wp-block-heading\"><strong>Lo que viene<\/strong><\/h2>\n\n\n\n<p>De las cinco elecciones que ya se desarrollaron, en solo dos se impuso La Libertad Avanza. En Chaco donde forzaron una alianza con el gobernador radical Leandro Zdero y ahora en la Ciudad de Buenos Aires. En los otros distritos tuvo buenos resultados pero en determinados municipios, como el caso de la capital salte\u00f1a.&nbsp;<\/p>\n\n\n\n<p>El mes que viene habr\u00e1 otras elecciones. El 8 de junio Misiones y el 29 en Formosa. Dos provincias complejas en donde Milei no tiene v\u00ednculos con el formose\u00f1o Gildo Insfr\u00e1n y en el caso misioneros las relaciones se enfriaron con el jefe pol\u00edtico de ese distrito, Carlos Rovira.&nbsp;<\/p>\n\n\n\n<p>El gobierno nacional buscar\u00e1 tener all\u00ed por lo menos una buena cantidad de votos porque, reconoce, necesita una sumatoria de buenos resultados que le permitan llegar a los comicios nacionales de octubre en mejores condiciones. El objetivo no puede ser peor para las clases populares, porque lo que quieren es poder profundizar el ajuste, concretar la reforma laboral y castigar a\u00fan m\u00e1s a los jubilados con una nueva reforma previsional.&nbsp;&nbsp;<\/p>\n\n\n\n<p>Fuente: P\u00e1gina 12<\/p>\n","protected":false},"excerpt":{"rendered":"<p>Manuel Adorni gan\u00f3 con el 30 por ciento. Leandro Santoro obtuvo el 27 y Silvia Lospennato qued\u00f3 lejos con solo 16 puntos. M\u00e1s del 45 por ciento del electorado no fue a votar. La Ciudad de Buenos Aires vot\u00f3 en un contexto nacional complejo de preeminencia de un proyecto pol\u00edtico que busca hacer a\u00f1icos el [&hellip;]<\/p>\n","protected":false},"author":2,"featured_media":2710,"comment_status":"open","ping_status":"open","sticky":false,"template":"","format":"standard","meta":{"footnotes":""},"categories":[18],"tags":[],"class_list":{"0":"post-2709","1":"post","2":"type-post","3":"status-publish","4":"format-standard","5":"has-post-thumbnail","7":"category-nacionales"},"yoast_head":"<!-- This site is optimized with the Yoast SEO plugin v27.4 - https:\/\/yoast.com\/product\/yoast-seo-wordpress\/ -->\n<title>Macri qued\u00f3 Adornitizado - Diario del Sur<\/title>\n<meta name=\"robots\" content=\"index, follow, max-snippet:-1, max-image-preview:large, max-video-preview:-1\" \/>\n<link rel=\"canonical\" href=\"https:\/\/diariodelsurdigital.com.ar\/?p=2709\" \/>\n<meta property=\"og:locale\" content=\"es_ES\" \/>\n<meta property=\"og:type\" content=\"article\" \/>\n<meta property=\"og:title\" content=\"Macri qued\u00f3 Adornitizado - Diario del Sur\" \/>\n<meta property=\"og:description\" content=\"Manuel Adorni gan\u00f3 con el 30 por ciento. Leandro Santoro obtuvo el 27 y Silvia Lospennato qued\u00f3 lejos con solo 16 puntos. M\u00e1s del 45 por ciento del electorado no fue a votar. La Ciudad de Buenos Aires vot\u00f3 en un contexto nacional complejo de preeminencia de un proyecto pol\u00edtico que busca hacer a\u00f1icos el [&hellip;]\" \/>\n<meta property=\"og:url\" content=\"https:\/\/diariodelsurdigital.com.ar\/?p=2709\" \/>\n<meta property=\"og:site_name\" content=\"Diario del Sur\" \/>\n<meta property=\"article:published_time\" content=\"2025-05-19T05:02:47+00:00\" \/>\n<meta property=\"article:modified_time\" content=\"2025-05-19T05:02:50+00:00\" \/>\n<meta property=\"og:image\" content=\"https:\/\/diariodelsurdigital.com.ar\/wp-content\/uploads\/2025\/05\/na01fo01-na_11.jpg\" \/>\n\t<meta property=\"og:image:width\" content=\"490\" \/>\n\t<meta property=\"og:image:height\" content=\"309\" \/>\n\t<meta property=\"og:image:type\" content=\"image\/jpeg\" \/>\n<meta name=\"author\" content=\"Diario del Sur Digital\" \/>\n<meta name=\"twitter:card\" content=\"summary_large_image\" \/>\n<meta name=\"twitter:label1\" content=\"Escrito por\" \/>\n\t<meta name=\"twitter:data1\" content=\"Diario del Sur Digital\" \/>\n\t<meta name=\"twitter:label2\" content=\"Tiempo de lectura\" \/>\n\t<meta name=\"twitter:data2\" content=\"8 minutos\" \/>\n<script type=\"application\/ld+json\" class=\"yoast-schema-graph\">{\"@context\":\"https:\\\/\\\/schema.org\",\"@graph\":[{\"@type\":\"Article\",\"@id\":\"https:\\\/\\\/diariodelsurdigital.com.ar\\\/?p=2709#article\",\"isPartOf\":{\"@id\":\"https:\\\/\\\/diariodelsurdigital.com.ar\\\/?p=2709\"},\"author\":{\"name\":\"Diario del Sur Digital\",\"@id\":\"https:\\\/\\\/diariodelsurdigital.com.ar\\\/#\\\/schema\\\/person\\\/6136a32571657f7dba980b88b04c5465\"},\"headline\":\"Macri qued\u00f3 Adornitizado\",\"datePublished\":\"2025-05-19T05:02:47+00:00\",\"dateModified\":\"2025-05-19T05:02:50+00:00\",\"mainEntityOfPage\":{\"@id\":\"https:\\\/\\\/diariodelsurdigital.com.ar\\\/?p=2709\"},\"wordCount\":1574,\"commentCount\":0,\"image\":{\"@id\":\"https:\\\/\\\/diariodelsurdigital.com.ar\\\/?p=2709#primaryimage\"},\"thumbnailUrl\":\"https:\\\/\\\/diariodelsurdigital.com.ar\\\/wp-content\\\/uploads\\\/2025\\\/05\\\/na01fo01-na_11.jpg\",\"articleSection\":[\"Nacionales\"],\"inLanguage\":\"es\",\"potentialAction\":[{\"@type\":\"CommentAction\",\"name\":\"Comment\",\"target\":[\"https:\\\/\\\/diariodelsurdigital.com.ar\\\/?p=2709#respond\"]}]},{\"@type\":\"WebPage\",\"@id\":\"https:\\\/\\\/diariodelsurdigital.com.ar\\\/?p=2709\",\"url\":\"https:\\\/\\\/diariodelsurdigital.com.ar\\\/?p=2709\",\"name\":\"Macri qued\u00f3 Adornitizado - Diario del Sur\",\"isPartOf\":{\"@id\":\"https:\\\/\\\/diariodelsurdigital.com.ar\\\/#website\"},\"primaryImageOfPage\":{\"@id\":\"https:\\\/\\\/diariodelsurdigital.com.ar\\\/?p=2709#primaryimage\"},\"image\":{\"@id\":\"https:\\\/\\\/diariodelsurdigital.com.ar\\\/?p=2709#primaryimage\"},\"thumbnailUrl\":\"https:\\\/\\\/diariodelsurdigital.com.ar\\\/wp-content\\\/uploads\\\/2025\\\/05\\\/na01fo01-na_11.jpg\",\"datePublished\":\"2025-05-19T05:02:47+00:00\",\"dateModified\":\"2025-05-19T05:02:50+00:00\",\"author\":{\"@id\":\"https:\\\/\\\/diariodelsurdigital.com.ar\\\/#\\\/schema\\\/person\\\/6136a32571657f7dba980b88b04c5465\"},\"breadcrumb\":{\"@id\":\"https:\\\/\\\/diariodelsurdigital.com.ar\\\/?p=2709#breadcrumb\"},\"inLanguage\":\"es\",\"potentialAction\":[{\"@type\":\"ReadAction\",\"target\":[\"https:\\\/\\\/diariodelsurdigital.com.ar\\\/?p=2709\"]}]},{\"@type\":\"ImageObject\",\"inLanguage\":\"es\",\"@id\":\"https:\\\/\\\/diariodelsurdigital.com.ar\\\/?p=2709#primaryimage\",\"url\":\"https:\\\/\\\/diariodelsurdigital.com.ar\\\/wp-content\\\/uploads\\\/2025\\\/05\\\/na01fo01-na_11.jpg\",\"contentUrl\":\"https:\\\/\\\/diariodelsurdigital.com.ar\\\/wp-content\\\/uploads\\\/2025\\\/05\\\/na01fo01-na_11.jpg\",\"width\":490,\"height\":309},{\"@type\":\"BreadcrumbList\",\"@id\":\"https:\\\/\\\/diariodelsurdigital.com.ar\\\/?p=2709#breadcrumb\",\"itemListElement\":[{\"@type\":\"ListItem\",\"position\":1,\"name\":\"Portada\",\"item\":\"https:\\\/\\\/diariodelsurdigital.com.ar\\\/\"},{\"@type\":\"ListItem\",\"position\":2,\"name\":\"Macri qued\u00f3 Adornitizado\"}]},{\"@type\":\"WebSite\",\"@id\":\"https:\\\/\\\/diariodelsurdigital.com.ar\\\/#website\",\"url\":\"https:\\\/\\\/diariodelsurdigital.com.ar\\\/\",\"name\":\"Diario del Sur\",\"description\":\"Digital\",\"potentialAction\":[{\"@type\":\"SearchAction\",\"target\":{\"@type\":\"EntryPoint\",\"urlTemplate\":\"https:\\\/\\\/diariodelsurdigital.com.ar\\\/?s={search_term_string}\"},\"query-input\":{\"@type\":\"PropertyValueSpecification\",\"valueRequired\":true,\"valueName\":\"search_term_string\"}}],\"inLanguage\":\"es\"},{\"@type\":\"Person\",\"@id\":\"https:\\\/\\\/diariodelsurdigital.com.ar\\\/#\\\/schema\\\/person\\\/6136a32571657f7dba980b88b04c5465\",\"name\":\"Diario del Sur Digital\",\"image\":{\"@type\":\"ImageObject\",\"inLanguage\":\"es\",\"@id\":\"https:\\\/\\\/secure.gravatar.com\\\/avatar\\\/4c29ceac98541dd42460b2474aaa5dd37594d6ce6cb3cf2c101d09b48ee287ba?s=96&d=mm&r=g\",\"url\":\"https:\\\/\\\/secure.gravatar.com\\\/avatar\\\/4c29ceac98541dd42460b2474aaa5dd37594d6ce6cb3cf2c101d09b48ee287ba?s=96&d=mm&r=g\",\"contentUrl\":\"https:\\\/\\\/secure.gravatar.com\\\/avatar\\\/4c29ceac98541dd42460b2474aaa5dd37594d6ce6cb3cf2c101d09b48ee287ba?s=96&d=mm&r=g\",\"caption\":\"Diario del Sur Digital\"},\"url\":\"https:\\\/\\\/diariodelsurdigital.com.ar\\\/?author=2\"}]}<\/script>\n<!-- \/ Yoast SEO plugin. -->","yoast_head_json":{"title":"Macri qued\u00f3 Adornitizado - Diario del Sur","robots":{"index":"index","follow":"follow","max-snippet":"max-snippet:-1","max-image-preview":"max-image-preview:large","max-video-preview":"max-video-preview:-1"},"canonical":"https:\/\/diariodelsurdigital.com.ar\/?p=2709","og_locale":"es_ES","og_type":"article","og_title":"Macri qued\u00f3 Adornitizado - Diario del Sur","og_description":"Manuel Adorni gan\u00f3 con el 30 por ciento. Leandro Santoro obtuvo el 27 y Silvia Lospennato qued\u00f3 lejos con solo 16 puntos. M\u00e1s del 45 por ciento del electorado no fue a votar. La Ciudad de Buenos Aires vot\u00f3 en un contexto nacional complejo de preeminencia de un proyecto pol\u00edtico que busca hacer a\u00f1icos el [&hellip;]","og_url":"https:\/\/diariodelsurdigital.com.ar\/?p=2709","og_site_name":"Diario del Sur","article_published_time":"2025-05-19T05:02:47+00:00","article_modified_time":"2025-05-19T05:02:50+00:00","og_image":[{"width":490,"height":309,"url":"https:\/\/diariodelsurdigital.com.ar\/wp-content\/uploads\/2025\/05\/na01fo01-na_11.jpg","type":"image\/jpeg"}],"author":"Diario del Sur Digital","twitter_card":"summary_large_image","twitter_misc":{"Escrito por":"Diario del Sur Digital","Tiempo de lectura":"8 minutos"},"schema":{"@context":"https:\/\/schema.org","@graph":[{"@type":"Article","@id":"https:\/\/diariodelsurdigital.com.ar\/?p=2709#article","isPartOf":{"@id":"https:\/\/diariodelsurdigital.com.ar\/?p=2709"},"author":{"name":"Diario del Sur Digital","@id":"https:\/\/diariodelsurdigital.com.ar\/#\/schema\/person\/6136a32571657f7dba980b88b04c5465"},"headline":"Macri qued\u00f3 Adornitizado","datePublished":"2025-05-19T05:02:47+00:00","dateModified":"2025-05-19T05:02:50+00:00","mainEntityOfPage":{"@id":"https:\/\/diariodelsurdigital.com.ar\/?p=2709"},"wordCount":1574,"commentCount":0,"image":{"@id":"https:\/\/diariodelsurdigital.com.ar\/?p=2709#primaryimage"},"thumbnailUrl":"https:\/\/diariodelsurdigital.com.ar\/wp-content\/uploads\/2025\/05\/na01fo01-na_11.jpg","articleSection":["Nacionales"],"inLanguage":"es","potentialAction":[{"@type":"CommentAction","name":"Comment","target":["https:\/\/diariodelsurdigital.com.ar\/?p=2709#respond"]}]},{"@type":"WebPage","@id":"https:\/\/diariodelsurdigital.com.ar\/?p=2709","url":"https:\/\/diariodelsurdigital.com.ar\/?p=2709","name":"Macri qued\u00f3 Adornitizado - Diario del Sur","isPartOf":{"@id":"https:\/\/diariodelsurdigital.com.ar\/#website"},"primaryImageOfPage":{"@id":"https:\/\/diariodelsurdigital.com.ar\/?p=2709#primaryimage"},"image":{"@id":"https:\/\/diariodelsurdigital.com.ar\/?p=2709#primaryimage"},"thumbnailUrl":"https:\/\/diariodelsurdigital.com.ar\/wp-content\/uploads\/2025\/05\/na01fo01-na_11.jpg","datePublished":"2025-05-19T05:02:47+00:00","dateModified":"2025-05-19T05:02:50+00:00","author":{"@id":"https:\/\/diariodelsurdigital.com.ar\/#\/schema\/person\/6136a32571657f7dba980b88b04c5465"},"breadcrumb":{"@id":"https:\/\/diariodelsurdigital.com.ar\/?p=2709#breadcrumb"},"inLanguage":"es","potentialAction":[{"@type":"ReadAction","target":["https:\/\/diariodelsurdigital.com.ar\/?p=2709"]}]},{"@type":"ImageObject","inLanguage":"es","@id":"https:\/\/diariodelsurdigital.com.ar\/?p=2709#primaryimage","url":"https:\/\/diariodelsurdigital.com.ar\/wp-content\/uploads\/2025\/05\/na01fo01-na_11.jpg","contentUrl":"https:\/\/diariodelsurdigital.com.ar\/wp-content\/uploads\/2025\/05\/na01fo01-na_11.jpg","width":490,"height":309},{"@type":"BreadcrumbList","@id":"https:\/\/diariodelsurdigital.com.ar\/?p=2709#breadcrumb","itemListElement":[{"@type":"ListItem","position":1,"name":"Portada","item":"https:\/\/diariodelsurdigital.com.ar\/"},{"@type":"ListItem","position":2,"name":"Macri qued\u00f3 Adornitizado"}]},{"@type":"WebSite","@id":"https:\/\/diariodelsurdigital.com.ar\/#website","url":"https:\/\/diariodelsurdigital.com.ar\/","name":"Diario del Sur","description":"Digital","potentialAction":[{"@type":"SearchAction","target":{"@type":"EntryPoint","urlTemplate":"https:\/\/diariodelsurdigital.com.ar\/?s={search_term_string}"},"query-input":{"@type":"PropertyValueSpecification","valueRequired":true,"valueName":"search_term_string"}}],"inLanguage":"es"},{"@type":"Person","@id":"https:\/\/diariodelsurdigital.com.ar\/#\/schema\/person\/6136a32571657f7dba980b88b04c5465","name":"Diario del Sur Digital","image":{"@type":"ImageObject","inLanguage":"es","@id":"https:\/\/secure.gravatar.com\/avatar\/4c29ceac98541dd42460b2474aaa5dd37594d6ce6cb3cf2c101d09b48ee287ba?s=96&d=mm&r=g","url":"https:\/\/secure.gravatar.com\/avatar\/4c29ceac98541dd42460b2474aaa5dd37594d6ce6cb3cf2c101d09b48ee287ba?s=96&d=mm&r=g","contentUrl":"https:\/\/secure.gravatar.com\/avatar\/4c29ceac98541dd42460b2474aaa5dd37594d6ce6cb3cf2c101d09b48ee287ba?s=96&d=mm&r=g","caption":"Diario del Sur Digital"},"url":"https:\/\/diariodelsurdigital.com.ar\/?author=2"}]}},"_links":{"self":[{"href":"https:\/\/diariodelsurdigital.com.ar\/index.php?rest_route=\/wp\/v2\/posts\/2709","targetHints":{"allow":["GET"]}}],"collection":[{"href":"https:\/\/diariodelsurdigital.com.ar\/index.php?rest_route=\/wp\/v2\/posts"}],"about":[{"href":"https:\/\/diariodelsurdigital.com.ar\/index.php?rest_route=\/wp\/v2\/types\/post"}],"author":[{"embeddable":true,"href":"https:\/\/diariodelsurdigital.com.ar\/index.php?rest_route=\/wp\/v2\/users\/2"}],"replies":[{"embeddable":true,"href":"https:\/\/diariodelsurdigital.com.ar\/index.php?rest_route=%2Fwp%2Fv2%2Fcomments&post=2709"}],"version-history":[{"count":1,"href":"https:\/\/diariodelsurdigital.com.ar\/index.php?rest_route=\/wp\/v2\/posts\/2709\/revisions"}],"predecessor-version":[{"id":2711,"href":"https:\/\/diariodelsurdigital.com.ar\/index.php?rest_route=\/wp\/v2\/posts\/2709\/revisions\/2711"}],"wp:featuredmedia":[{"embeddable":true,"href":"https:\/\/diariodelsurdigital.com.ar\/index.php?rest_route=\/wp\/v2\/media\/2710"}],"wp:attachment":[{"href":"https:\/\/diariodelsurdigital.com.ar\/index.php?rest_route=%2Fwp%2Fv2%2Fmedia&parent=2709"}],"wp:term":[{"taxonomy":"category","embeddable":true,"href":"https:\/\/diariodelsurdigital.com.ar\/index.php?rest_route=%2Fwp%2Fv2%2Fcategories&post=2709"},{"taxonomy":"post_tag","embeddable":true,"href":"https:\/\/diariodelsurdigital.com.ar\/index.php?rest_route=%2Fwp%2Fv2%2Ftags&post=2709"}],"curies":[{"name":"wp","href":"https:\/\/api.w.org\/{rel}","templated":true}]}}