{"id":2717,"date":"2025-05-19T14:23:44","date_gmt":"2025-05-19T17:23:44","guid":{"rendered":"https:\/\/diariodelsurdigital.com.ar\/?p=2717"},"modified":"2025-05-19T14:41:18","modified_gmt":"2025-05-19T17:41:18","slug":"ex-legislador-entrerriano-dijo-que-mitchel-es-un-reconocido-servicio-de-inteligencia","status":"publish","type":"post","link":"https:\/\/diariodelsurdigital.com.ar\/?p=2717","title":{"rendered":"Ex legislador entrerriano dijo que Mitchel \u00abes un reconocido servicio de inteligencia\u00bb"},"content":{"rendered":"\n<p><strong>\u00abEs un hombre que te escucha los tel\u00e9fonos, que te tiene los tel\u00e9fonos pinchados\u00bb, dijo el ex diputado y ex intendente de San Jos\u00e9, Eduardo Jourd\u00e1n<\/strong><\/p>\n\n\n\n<p>El dirigente y ex diputado provincial peronista, Eduardo Jourd\u00e1n, en di\u00e1logo con <em>Radio La Voz<\/em>, analiz\u00f3 los resultados electorales de este domingo en CABA y realiz\u00f3 consideraciones sobre el justicialismo entrerriano.<\/p>\n\n\n\n<p>Con respecto a las elecciones en CABA, analiz\u00f3: \u201cDe cada 100 porte\u00f1os, 15 votaron a Milei, 14 a Santoro y el resto se repartieron. Capital Federal es un nido antipueblo y antiperonistsa; los medios de comunicaci\u00f3n destruyen a la gente\u201d.<\/p>\n\n\n\n<p>Sobre lo que puede ocurrir en Entre R\u00edos, indic\u00f3: \u201cEl personalismo con el que se manej\u00f3 el PJ con Urribarri primero, despu\u00e9s con esta desgracia humana que tuvimos con la dupla Kueider \u2013 Bordet con algunos c\u00f3mplices m\u00e1s, nos llevaron a este estado\u201d.\u201cSiempre tuve una muy buena relaci\u00f3n con Frigerio\u201d, dijo Jourd\u00e1n.<\/p>\n\n\n\n<p>\u201cLo que dice Dani Rossi, que han destruido la obra social, se la han robado toda lo que estaban administrado el IOSPER es una verdad absoluta. Los 011 no van al ritmo que deber\u00edan ir, porque acuerdan a veces cosas, y los nuestros nos culpan a nosotros que estamos hablando con el Gobierno\u201d.<\/p>\n\n\n\n<p>Jourd\u00e1n enfatiz\u00f3: \u201cNosotros a nivel provincial tenemos un gran problema, hemos importado uno de los servicios de inteligencia reconocidos en el pa\u00eds que es Michel, que est\u00e1 intentando ser algo en la provincia, lo pusieron de segundo diputado. Es un hombre que te escucha los tel\u00e9fonos, que te tiene los tel\u00e9fonos pinchados. \u00bfQu\u00e9 perspectiva tiene ir a jugar una interna as\u00ed?\u201d.A Urribarri \u201cya lo fui a buscar en el 2006, comet\u00ed un grave error, porque fue el tipo que me descalific\u00f3 absolutamente. Nunca tuve nada que ver con su Gobierno.<\/p>\n\n\n\n<p>En lo personal, no tropiezo dos veces con la misma piedra\u201d.\u201cCon Urribarri no juego nunca m\u00e1s, nos ha llevado por caminos equivocados\u201d, remarc\u00f3.\u201cHay que armar algo nuevo, hay que repartir las cosas y llamar a elecciones urgentemente, darle participaci\u00f3n a las minor\u00edas\u201d, record\u00f3 Jourd\u00e1n que pidi\u00f3 en reuni\u00f3n en el PJ.<\/p>\n\n\n\n<p>El ministro Troncoso, \u201chabla con todos, se sent\u00f3 a hablar con Beto Bahl que va a ser candidato de un sector, se sent\u00f3 a hablar con Halle, se sent\u00f3 a hablar con Dani Rossi, se ha sentado a hablar con Allende, y se ha sentado a hablar con Hugo Berthet y conmigo en t\u00e9rminos de los acuerdos que tiene que haber para el respeto mutuo\u201d.Se\u00f1al\u00f3 que \u201ctodos van a ser candidatos, por adentro o por afuera\u201d del PJ.<\/p>\n\n\n\n<p>Troncoso, como ministro de Gobierno, \u201ctiene que hablar con todos los grupos. Este es un tema que lo arm\u00f3 Michel con el grupo del PJ con el que \u00e9l conversa, f\u00edjate a qui\u00e9n no le pegan en los medios que \u00e9l maneja y te vas a dar cuenta qui\u00e9nes son sus socios. \u00c9l cree saber todas las conversaciones nuestras\u201d.<\/p>\n\n\n\n<p>\u201cSi Frigerio hace alianza con LLA es una cosa, si no hace alianza es otra, son dos realidades diferentes\u201d, consider\u00f3 de cara a las elecciones en Entre R\u00edos.\u201cCelebro lo que est\u00e1 ocurriendo con el tema de descubrir los negocios y negociados de la provincia, todas las causas que se est\u00e1n llevando a cabo, me pone muy contento porque no tengo nada que ver con eso. Al que le pica que se rasque, pero que no nos embarren a todos, hay algunos que son chorros y peronistas, otros que somos peronistas solamente\u201d, enfatiz\u00f3.<\/p>\n\n\n\n<p>Fuente: Radio La Voz<\/p>\n","protected":false},"excerpt":{"rendered":"<p>\u00abEs un hombre que te escucha los tel\u00e9fonos, que te tiene los tel\u00e9fonos pinchados\u00bb, dijo el ex diputado y ex intendente de San Jos\u00e9, Eduardo Jourd\u00e1n El dirigente y ex diputado provincial peronista, Eduardo Jourd\u00e1n, en di\u00e1logo con Radio La Voz, analiz\u00f3 los resultados electorales de este domingo en CABA y realiz\u00f3 consideraciones sobre el [&hellip;]<\/p>\n","protected":false},"author":2,"featured_media":2718,"comment_status":"open","ping_status":"open","sticky":false,"template":"","format":"standard","meta":{"footnotes":""},"categories":[17],"tags":[],"class_list":{"0":"post-2717","1":"post","2":"type-post","3":"status-publish","4":"format-standard","5":"has-post-thumbnail","7":"category-provinciales"},"yoast_head":"<!-- This site is optimized with the Yoast SEO plugin v27.4 - https:\/\/yoast.com\/product\/yoast-seo-wordpress\/ -->\n<title>Ex legislador entrerriano dijo que Mitchel &quot;es un reconocido servicio de inteligencia&quot; - Diario del Sur<\/title>\n<meta name=\"robots\" content=\"index, follow, max-snippet:-1, max-image-preview:large, max-video-preview:-1\" \/>\n<link rel=\"canonical\" href=\"https:\/\/diariodelsurdigital.com.ar\/?p=2717\" \/>\n<meta property=\"og:locale\" content=\"es_ES\" \/>\n<meta property=\"og:type\" content=\"article\" \/>\n<meta property=\"og:title\" content=\"Ex legislador entrerriano dijo que Mitchel &quot;es un reconocido servicio de inteligencia&quot; - Diario del Sur\" \/>\n<meta property=\"og:description\" content=\"\u00abEs un hombre que te escucha los tel\u00e9fonos, que te tiene los tel\u00e9fonos pinchados\u00bb, dijo el ex diputado y ex intendente de San Jos\u00e9, Eduardo Jourd\u00e1n El dirigente y ex diputado provincial peronista, Eduardo Jourd\u00e1n, en di\u00e1logo con Radio La Voz, analiz\u00f3 los resultados electorales de este domingo en CABA y realiz\u00f3 consideraciones sobre el [&hellip;]\" \/>\n<meta property=\"og:url\" content=\"https:\/\/diariodelsurdigital.com.ar\/?p=2717\" \/>\n<meta property=\"og:site_name\" content=\"Diario del Sur\" \/>\n<meta property=\"article:published_time\" content=\"2025-05-19T17:23:44+00:00\" \/>\n<meta property=\"article:modified_time\" content=\"2025-05-19T17:41:18+00:00\" \/>\n<meta property=\"og:image\" content=\"https:\/\/diariodelsurdigital.com.ar\/wp-content\/uploads\/2025\/05\/jourdan_eduardo-1.jpg\" \/>\n\t<meta property=\"og:image:width\" content=\"465\" \/>\n\t<meta property=\"og:image:height\" content=\"308\" \/>\n\t<meta property=\"og:image:type\" content=\"image\/jpeg\" \/>\n<meta name=\"author\" content=\"Diario del Sur Digital\" \/>\n<meta name=\"twitter:card\" content=\"summary_large_image\" \/>\n<meta name=\"twitter:label1\" content=\"Escrito por\" \/>\n\t<meta name=\"twitter:data1\" content=\"Diario del Sur Digital\" \/>\n\t<meta name=\"twitter:label2\" content=\"Tiempo de lectura\" \/>\n\t<meta name=\"twitter:data2\" content=\"3 minutos\" \/>\n<script type=\"application\/ld+json\" class=\"yoast-schema-graph\">{\"@context\":\"https:\\\/\\\/schema.org\",\"@graph\":[{\"@type\":\"Article\",\"@id\":\"https:\\\/\\\/diariodelsurdigital.com.ar\\\/?p=2717#article\",\"isPartOf\":{\"@id\":\"https:\\\/\\\/diariodelsurdigital.com.ar\\\/?p=2717\"},\"author\":{\"name\":\"Diario del Sur Digital\",\"@id\":\"https:\\\/\\\/diariodelsurdigital.com.ar\\\/#\\\/schema\\\/person\\\/6136a32571657f7dba980b88b04c5465\"},\"headline\":\"Ex legislador entrerriano dijo que Mitchel \u00abes un reconocido servicio de inteligencia\u00bb\",\"datePublished\":\"2025-05-19T17:23:44+00:00\",\"dateModified\":\"2025-05-19T17:41:18+00:00\",\"mainEntityOfPage\":{\"@id\":\"https:\\\/\\\/diariodelsurdigital.com.ar\\\/?p=2717\"},\"wordCount\":618,\"commentCount\":0,\"image\":{\"@id\":\"https:\\\/\\\/diariodelsurdigital.com.ar\\\/?p=2717#primaryimage\"},\"thumbnailUrl\":\"https:\\\/\\\/diariodelsurdigital.com.ar\\\/wp-content\\\/uploads\\\/2025\\\/05\\\/jourdan_eduardo-1.jpg\",\"articleSection\":[\"Provinciales\"],\"inLanguage\":\"es\",\"potentialAction\":[{\"@type\":\"CommentAction\",\"name\":\"Comment\",\"target\":[\"https:\\\/\\\/diariodelsurdigital.com.ar\\\/?p=2717#respond\"]}]},{\"@type\":\"WebPage\",\"@id\":\"https:\\\/\\\/diariodelsurdigital.com.ar\\\/?p=2717\",\"url\":\"https:\\\/\\\/diariodelsurdigital.com.ar\\\/?p=2717\",\"name\":\"Ex legislador entrerriano dijo que Mitchel \\\"es un reconocido servicio de inteligencia\\\" - Diario del Sur\",\"isPartOf\":{\"@id\":\"https:\\\/\\\/diariodelsurdigital.com.ar\\\/#website\"},\"primaryImageOfPage\":{\"@id\":\"https:\\\/\\\/diariodelsurdigital.com.ar\\\/?p=2717#primaryimage\"},\"image\":{\"@id\":\"https:\\\/\\\/diariodelsurdigital.com.ar\\\/?p=2717#primaryimage\"},\"thumbnailUrl\":\"https:\\\/\\\/diariodelsurdigital.com.ar\\\/wp-content\\\/uploads\\\/2025\\\/05\\\/jourdan_eduardo-1.jpg\",\"datePublished\":\"2025-05-19T17:23:44+00:00\",\"dateModified\":\"2025-05-19T17:41:18+00:00\",\"author\":{\"@id\":\"https:\\\/\\\/diariodelsurdigital.com.ar\\\/#\\\/schema\\\/person\\\/6136a32571657f7dba980b88b04c5465\"},\"breadcrumb\":{\"@id\":\"https:\\\/\\\/diariodelsurdigital.com.ar\\\/?p=2717#breadcrumb\"},\"inLanguage\":\"es\",\"potentialAction\":[{\"@type\":\"ReadAction\",\"target\":[\"https:\\\/\\\/diariodelsurdigital.com.ar\\\/?p=2717\"]}]},{\"@type\":\"ImageObject\",\"inLanguage\":\"es\",\"@id\":\"https:\\\/\\\/diariodelsurdigital.com.ar\\\/?p=2717#primaryimage\",\"url\":\"https:\\\/\\\/diariodelsurdigital.com.ar\\\/wp-content\\\/uploads\\\/2025\\\/05\\\/jourdan_eduardo-1.jpg\",\"contentUrl\":\"https:\\\/\\\/diariodelsurdigital.com.ar\\\/wp-content\\\/uploads\\\/2025\\\/05\\\/jourdan_eduardo-1.jpg\",\"width\":465,\"height\":308},{\"@type\":\"BreadcrumbList\",\"@id\":\"https:\\\/\\\/diariodelsurdigital.com.ar\\\/?p=2717#breadcrumb\",\"itemListElement\":[{\"@type\":\"ListItem\",\"position\":1,\"name\":\"Portada\",\"item\":\"https:\\\/\\\/diariodelsurdigital.com.ar\\\/\"},{\"@type\":\"ListItem\",\"position\":2,\"name\":\"Ex legislador entrerriano dijo que Mitchel \u00abes un reconocido servicio de inteligencia\u00bb\"}]},{\"@type\":\"WebSite\",\"@id\":\"https:\\\/\\\/diariodelsurdigital.com.ar\\\/#website\",\"url\":\"https:\\\/\\\/diariodelsurdigital.com.ar\\\/\",\"name\":\"Diario del Sur\",\"description\":\"Digital\",\"potentialAction\":[{\"@type\":\"SearchAction\",\"target\":{\"@type\":\"EntryPoint\",\"urlTemplate\":\"https:\\\/\\\/diariodelsurdigital.com.ar\\\/?s={search_term_string}\"},\"query-input\":{\"@type\":\"PropertyValueSpecification\",\"valueRequired\":true,\"valueName\":\"search_term_string\"}}],\"inLanguage\":\"es\"},{\"@type\":\"Person\",\"@id\":\"https:\\\/\\\/diariodelsurdigital.com.ar\\\/#\\\/schema\\\/person\\\/6136a32571657f7dba980b88b04c5465\",\"name\":\"Diario del Sur Digital\",\"image\":{\"@type\":\"ImageObject\",\"inLanguage\":\"es\",\"@id\":\"https:\\\/\\\/secure.gravatar.com\\\/avatar\\\/4c29ceac98541dd42460b2474aaa5dd37594d6ce6cb3cf2c101d09b48ee287ba?s=96&d=mm&r=g\",\"url\":\"https:\\\/\\\/secure.gravatar.com\\\/avatar\\\/4c29ceac98541dd42460b2474aaa5dd37594d6ce6cb3cf2c101d09b48ee287ba?s=96&d=mm&r=g\",\"contentUrl\":\"https:\\\/\\\/secure.gravatar.com\\\/avatar\\\/4c29ceac98541dd42460b2474aaa5dd37594d6ce6cb3cf2c101d09b48ee287ba?s=96&d=mm&r=g\",\"caption\":\"Diario del Sur Digital\"},\"url\":\"https:\\\/\\\/diariodelsurdigital.com.ar\\\/?author=2\"}]}<\/script>\n<!-- \/ Yoast SEO plugin. -->","yoast_head_json":{"title":"Ex legislador entrerriano dijo que Mitchel \"es un reconocido servicio de inteligencia\" - Diario del Sur","robots":{"index":"index","follow":"follow","max-snippet":"max-snippet:-1","max-image-preview":"max-image-preview:large","max-video-preview":"max-video-preview:-1"},"canonical":"https:\/\/diariodelsurdigital.com.ar\/?p=2717","og_locale":"es_ES","og_type":"article","og_title":"Ex legislador entrerriano dijo que Mitchel \"es un reconocido servicio de inteligencia\" - Diario del Sur","og_description":"\u00abEs un hombre que te escucha los tel\u00e9fonos, que te tiene los tel\u00e9fonos pinchados\u00bb, dijo el ex diputado y ex intendente de San Jos\u00e9, Eduardo Jourd\u00e1n El dirigente y ex diputado provincial peronista, Eduardo Jourd\u00e1n, en di\u00e1logo con Radio La Voz, analiz\u00f3 los resultados electorales de este domingo en CABA y realiz\u00f3 consideraciones sobre el [&hellip;]","og_url":"https:\/\/diariodelsurdigital.com.ar\/?p=2717","og_site_name":"Diario del Sur","article_published_time":"2025-05-19T17:23:44+00:00","article_modified_time":"2025-05-19T17:41:18+00:00","og_image":[{"width":465,"height":308,"url":"https:\/\/diariodelsurdigital.com.ar\/wp-content\/uploads\/2025\/05\/jourdan_eduardo-1.jpg","type":"image\/jpeg"}],"author":"Diario del Sur Digital","twitter_card":"summary_large_image","twitter_misc":{"Escrito por":"Diario del Sur Digital","Tiempo de lectura":"3 minutos"},"schema":{"@context":"https:\/\/schema.org","@graph":[{"@type":"Article","@id":"https:\/\/diariodelsurdigital.com.ar\/?p=2717#article","isPartOf":{"@id":"https:\/\/diariodelsurdigital.com.ar\/?p=2717"},"author":{"name":"Diario del Sur Digital","@id":"https:\/\/diariodelsurdigital.com.ar\/#\/schema\/person\/6136a32571657f7dba980b88b04c5465"},"headline":"Ex legislador entrerriano dijo que Mitchel \u00abes un reconocido servicio de inteligencia\u00bb","datePublished":"2025-05-19T17:23:44+00:00","dateModified":"2025-05-19T17:41:18+00:00","mainEntityOfPage":{"@id":"https:\/\/diariodelsurdigital.com.ar\/?p=2717"},"wordCount":618,"commentCount":0,"image":{"@id":"https:\/\/diariodelsurdigital.com.ar\/?p=2717#primaryimage"},"thumbnailUrl":"https:\/\/diariodelsurdigital.com.ar\/wp-content\/uploads\/2025\/05\/jourdan_eduardo-1.jpg","articleSection":["Provinciales"],"inLanguage":"es","potentialAction":[{"@type":"CommentAction","name":"Comment","target":["https:\/\/diariodelsurdigital.com.ar\/?p=2717#respond"]}]},{"@type":"WebPage","@id":"https:\/\/diariodelsurdigital.com.ar\/?p=2717","url":"https:\/\/diariodelsurdigital.com.ar\/?p=2717","name":"Ex legislador entrerriano dijo que Mitchel \"es un reconocido servicio de inteligencia\" - Diario del Sur","isPartOf":{"@id":"https:\/\/diariodelsurdigital.com.ar\/#website"},"primaryImageOfPage":{"@id":"https:\/\/diariodelsurdigital.com.ar\/?p=2717#primaryimage"},"image":{"@id":"https:\/\/diariodelsurdigital.com.ar\/?p=2717#primaryimage"},"thumbnailUrl":"https:\/\/diariodelsurdigital.com.ar\/wp-content\/uploads\/2025\/05\/jourdan_eduardo-1.jpg","datePublished":"2025-05-19T17:23:44+00:00","dateModified":"2025-05-19T17:41:18+00:00","author":{"@id":"https:\/\/diariodelsurdigital.com.ar\/#\/schema\/person\/6136a32571657f7dba980b88b04c5465"},"breadcrumb":{"@id":"https:\/\/diariodelsurdigital.com.ar\/?p=2717#breadcrumb"},"inLanguage":"es","potentialAction":[{"@type":"ReadAction","target":["https:\/\/diariodelsurdigital.com.ar\/?p=2717"]}]},{"@type":"ImageObject","inLanguage":"es","@id":"https:\/\/diariodelsurdigital.com.ar\/?p=2717#primaryimage","url":"https:\/\/diariodelsurdigital.com.ar\/wp-content\/uploads\/2025\/05\/jourdan_eduardo-1.jpg","contentUrl":"https:\/\/diariodelsurdigital.com.ar\/wp-content\/uploads\/2025\/05\/jourdan_eduardo-1.jpg","width":465,"height":308},{"@type":"BreadcrumbList","@id":"https:\/\/diariodelsurdigital.com.ar\/?p=2717#breadcrumb","itemListElement":[{"@type":"ListItem","position":1,"name":"Portada","item":"https:\/\/diariodelsurdigital.com.ar\/"},{"@type":"ListItem","position":2,"name":"Ex legislador entrerriano dijo que Mitchel \u00abes un reconocido servicio de inteligencia\u00bb"}]},{"@type":"WebSite","@id":"https:\/\/diariodelsurdigital.com.ar\/#website","url":"https:\/\/diariodelsurdigital.com.ar\/","name":"Diario del Sur","description":"Digital","potentialAction":[{"@type":"SearchAction","target":{"@type":"EntryPoint","urlTemplate":"https:\/\/diariodelsurdigital.com.ar\/?s={search_term_string}"},"query-input":{"@type":"PropertyValueSpecification","valueRequired":true,"valueName":"search_term_string"}}],"inLanguage":"es"},{"@type":"Person","@id":"https:\/\/diariodelsurdigital.com.ar\/#\/schema\/person\/6136a32571657f7dba980b88b04c5465","name":"Diario del Sur Digital","image":{"@type":"ImageObject","inLanguage":"es","@id":"https:\/\/secure.gravatar.com\/avatar\/4c29ceac98541dd42460b2474aaa5dd37594d6ce6cb3cf2c101d09b48ee287ba?s=96&d=mm&r=g","url":"https:\/\/secure.gravatar.com\/avatar\/4c29ceac98541dd42460b2474aaa5dd37594d6ce6cb3cf2c101d09b48ee287ba?s=96&d=mm&r=g","contentUrl":"https:\/\/secure.gravatar.com\/avatar\/4c29ceac98541dd42460b2474aaa5dd37594d6ce6cb3cf2c101d09b48ee287ba?s=96&d=mm&r=g","caption":"Diario del Sur Digital"},"url":"https:\/\/diariodelsurdigital.com.ar\/?author=2"}]}},"_links":{"self":[{"href":"https:\/\/diariodelsurdigital.com.ar\/index.php?rest_route=\/wp\/v2\/posts\/2717","targetHints":{"allow":["GET"]}}],"collection":[{"href":"https:\/\/diariodelsurdigital.com.ar\/index.php?rest_route=\/wp\/v2\/posts"}],"about":[{"href":"https:\/\/diariodelsurdigital.com.ar\/index.php?rest_route=\/wp\/v2\/types\/post"}],"author":[{"embeddable":true,"href":"https:\/\/diariodelsurdigital.com.ar\/index.php?rest_route=\/wp\/v2\/users\/2"}],"replies":[{"embeddable":true,"href":"https:\/\/diariodelsurdigital.com.ar\/index.php?rest_route=%2Fwp%2Fv2%2Fcomments&post=2717"}],"version-history":[{"count":2,"href":"https:\/\/diariodelsurdigital.com.ar\/index.php?rest_route=\/wp\/v2\/posts\/2717\/revisions"}],"predecessor-version":[{"id":2720,"href":"https:\/\/diariodelsurdigital.com.ar\/index.php?rest_route=\/wp\/v2\/posts\/2717\/revisions\/2720"}],"wp:featuredmedia":[{"embeddable":true,"href":"https:\/\/diariodelsurdigital.com.ar\/index.php?rest_route=\/wp\/v2\/media\/2718"}],"wp:attachment":[{"href":"https:\/\/diariodelsurdigital.com.ar\/index.php?rest_route=%2Fwp%2Fv2%2Fmedia&parent=2717"}],"wp:term":[{"taxonomy":"category","embeddable":true,"href":"https:\/\/diariodelsurdigital.com.ar\/index.php?rest_route=%2Fwp%2Fv2%2Fcategories&post=2717"},{"taxonomy":"post_tag","embeddable":true,"href":"https:\/\/diariodelsurdigital.com.ar\/index.php?rest_route=%2Fwp%2Fv2%2Ftags&post=2717"}],"curies":[{"name":"wp","href":"https:\/\/api.w.org\/{rel}","templated":true}]}}