{"id":2729,"date":"2025-05-19T15:43:53","date_gmt":"2025-05-19T18:43:53","guid":{"rendered":"https:\/\/diariodelsurdigital.com.ar\/?p=2729"},"modified":"2025-05-19T15:43:54","modified_gmt":"2025-05-19T18:43:54","slug":"javier-milei-entiendo-que-para-algunas-cosas-macri-esta-grande-y-no-las-entiende","status":"publish","type":"post","link":"https:\/\/diariodelsurdigital.com.ar\/?p=2729","title":{"rendered":"Javier Milei: \u201cEntiendo que para algunas cosas Macri est\u00e1 grande y no las entiende\u201d"},"content":{"rendered":"\n<p>El Presidente escal\u00f3 el enfrentamiento con el l\u00edder del PRO el d\u00eda despu\u00e9s de la victoria en CABA. Dijo que \u201cest\u00e1 grande\u201d para entender algunas cosas y plante\u00f3 que el acuerdo en la provincia de Buenos Aires se va a cerrar directamente con los dirigentes que est\u00e1n dispuestos a dar el salto. Volvi\u00f3 acusar al ex mandatario y a su primo Jorge de hacer negocios en la Ciudad de Buenos Aires.<\/p>\n\n\n\n<p><\/p>\n\n\n\n<p>El presidente Javier Milei redobl\u00f3 las cr\u00edticas a Mauricio Macri luego de ganar las elecciones en la Ciudad de Buenos Aires con Manuel Adorni como principal candidato.<\/p>\n\n\n\n<p>\u201cYo entiendo que para algunas cosas est\u00e1 grande y no las entiende y su espacio parece que tampoco las entiende\u201d, asegur\u00f3 el jefe de Estado al abordar las cr\u00edticas del PRO a la Libertad Avanza por los videos fake que circularon durante el fin de semana en redes sociales.<\/p>\n\n\n\n<p>Milei dijo, adem\u00e1s, que Macri no entiende nada de econom\u00eda y que la diputada nacional Silvia Lospennato, cuya lista termin\u00f3 tercera en CABA, era una \u201cp\u00e9sima candidata\u201d.<\/p>\n\n\n\n<p>En ese contexto, el mandatario plante\u00f3 que el acuerdo electoral en la provincia de Buenos Aires para competir contra el peronismo est\u00e1 avanzado \u201ca pesar de que le guste o no a Macri\u201d, y sugiri\u00f3 que muchos dirigentes que actualmente est\u00e1n en el PRO est\u00e1n dispuestos a cerrar el entendimiento sin el aval del presidente del partido.<\/p>\n\n\n\n<p>\u201cEso est\u00e1 avanzado independientemente de Macri. O acaso ignoran las fotos con mi hermana, \u201cLule\u201d Menem, Cristian Ritondo, el Colo Santilli y Jos\u00e9 Luis Espert. Quiz\u00e1s Macri deba entender que su momento pas\u00f3\u201d, insisti\u00f3 el jefe de Estado.<\/p>\n\n\n\n<p>\u201cA aquellos dirigentes que est\u00e9n dispuestos a abrazar las ideas de la libertad, nosotros los vamos a abrazar a todos y vamos a hacer un espacio con todo lo que es centroderecha y las negociaciones est\u00e1n muy avanzadas\u201d, analiz\u00f3 durante otro tramo del reportaje concedido al periodista Antonio Laje en A24.<\/p>\n\n\n\n<p>Al evaluar el resultado en la Ciudad de Buenos Aires, donde La Libertad Avanza obtuvo m\u00e1s del 30% de los votos y dej\u00f3 en segundo lugar al peronismo, que apost\u00f3 por la candidatura de Leandro Santoro, Milei sostuvo que el resultado es \u201cinapelable\u201d y \u201cun puntapi\u00e9 fundamental para avanzar en una construcci\u00f3n m\u00e1s profunda y pintar de violeta todo el pa\u00eds\u201d.<\/p>\n\n\n\n<p>Tambi\u00e9n apunt\u00f3 directamente contra el jefe de Gobierno, Jorge Macri, por desdoblar los comicios, y lo responsabiliz\u00f3 por la participaci\u00f3n electoral que hubo, la m\u00e1s baja en 28 a\u00f1os.<\/p>\n\n\n\n<p>\u201cYo hab\u00eda se\u00f1alado que ten\u00edamos que ir juntos en todos lados, eso hizo que el jefe de Gobierno y su espacio se pusieran paranoicos y temerosos con el control de algunos aspectos de la Ciudad, desdoblaron las elecciones, lo cual genera fastidio en la gente, y los pol\u00edticos para cuidar sus territorios o sus negocios llaman espuriamente a una elecci\u00f3n desdoblada y eso tiene como contraparte que la gente se cansa\u201d, dijo Milei.<\/p>\n\n\n\n<p>Y redonde\u00f3: \u201cEs un claro golpe a la decisi\u00f3n del jefe de gobierno\u201d.<\/p>\n\n\n\n<p>Milei en el bunker libertario<\/p>\n\n\n\n<p>Pasadas las 20:30 de ayer, y con m\u00e1s del 99% de las mesas escrutadas, el Presidente sali\u00f3 al escenario del bunker libertario donde Adorni, y el resto de los dirigentes aguardaron los primeros resultados. \u201c\u00a1Hola a todos! La verdad que es importante tener conciencia que hoy es un d\u00eda bisagra para las ideas de la libertad. Hoy se pint\u00f3 de violeta el basti\u00f3n amarillo y a partir de ahora \u00a1a pintar de violeta todo el pa\u00eds! \u00a1Gracias!\u201c, comenz\u00f3 en su discurso.<\/p>\n\n\n\n<p>\u201cPero, sin lugar a dudas, este trabajo y este triunfo tiene claros responsables. Quiero agradecer a todo el equipo de Gobierno, porque entendiendo el desaf\u00edo hist\u00f3rico le pusieron el cuerpo a la campa\u00f1a a cada uno de los ministros\u201d, agreg\u00f3 Milei en el euf\u00f3rico festejo en el b\u00fanker instalado en los primeros dos pisos del Hotel Libertad, public\u00f3 InfoBae.<\/p>\n\n\n\n<p>\u201cPero, adem\u00e1s, esto no hubiera sido posible si no fuera por esos gigantes que constituyen el Tri\u00e1ngulo de Hierro. Santiago Caputo y ella, el gran arquitecto, El Jefe, Karina\u201d, concluy\u00f3, para darle m\u00e9rito a la Secretaria General de la Presidencia.<\/p>\n","protected":false},"excerpt":{"rendered":"<p>El Presidente escal\u00f3 el enfrentamiento con el l\u00edder del PRO el d\u00eda despu\u00e9s de la victoria en CABA. Dijo que \u201cest\u00e1 grande\u201d para entender algunas cosas y plante\u00f3 que el acuerdo en la provincia de Buenos Aires se va a cerrar directamente con los dirigentes que est\u00e1n dispuestos a dar el salto. Volvi\u00f3 acusar al [&hellip;]<\/p>\n","protected":false},"author":4,"featured_media":2730,"comment_status":"open","ping_status":"open","sticky":false,"template":"","format":"standard","meta":{"footnotes":""},"categories":[18,22],"tags":[],"class_list":{"0":"post-2729","1":"post","2":"type-post","3":"status-publish","4":"format-standard","5":"has-post-thumbnail","7":"category-nacionales","8":"category-politica"},"yoast_head":"<!-- This site is optimized with the Yoast SEO plugin v27.4 - https:\/\/yoast.com\/product\/yoast-seo-wordpress\/ -->\n<title>Javier Milei: \u201cEntiendo que para algunas cosas Macri est\u00e1 grande y no las entiende\u201d - Diario del Sur<\/title>\n<meta name=\"robots\" content=\"index, follow, max-snippet:-1, max-image-preview:large, max-video-preview:-1\" \/>\n<link rel=\"canonical\" href=\"https:\/\/diariodelsurdigital.com.ar\/?p=2729\" \/>\n<meta property=\"og:locale\" content=\"es_ES\" \/>\n<meta property=\"og:type\" content=\"article\" \/>\n<meta property=\"og:title\" content=\"Javier Milei: \u201cEntiendo que para algunas cosas Macri est\u00e1 grande y no las entiende\u201d - Diario del Sur\" \/>\n<meta property=\"og:description\" content=\"El Presidente escal\u00f3 el enfrentamiento con el l\u00edder del PRO el d\u00eda despu\u00e9s de la victoria en CABA. Dijo que \u201cest\u00e1 grande\u201d para entender algunas cosas y plante\u00f3 que el acuerdo en la provincia de Buenos Aires se va a cerrar directamente con los dirigentes que est\u00e1n dispuestos a dar el salto. Volvi\u00f3 acusar al [&hellip;]\" \/>\n<meta property=\"og:url\" content=\"https:\/\/diariodelsurdigital.com.ar\/?p=2729\" \/>\n<meta property=\"og:site_name\" content=\"Diario del Sur\" \/>\n<meta property=\"article:published_time\" content=\"2025-05-19T18:43:53+00:00\" \/>\n<meta property=\"article:modified_time\" content=\"2025-05-19T18:43:54+00:00\" \/>\n<meta property=\"og:image\" content=\"https:\/\/diariodelsurdigital.com.ar\/wp-content\/uploads\/2025\/05\/md-39.webp\" \/>\n\t<meta property=\"og:image:width\" content=\"992\" \/>\n\t<meta property=\"og:image:height\" content=\"892\" \/>\n\t<meta property=\"og:image:type\" content=\"image\/webp\" \/>\n<meta name=\"author\" content=\"Diario del Sur Digital\" \/>\n<meta name=\"twitter:card\" content=\"summary_large_image\" \/>\n<meta name=\"twitter:label1\" content=\"Escrito por\" \/>\n\t<meta name=\"twitter:data1\" content=\"Diario del Sur Digital\" \/>\n\t<meta name=\"twitter:label2\" content=\"Tiempo de lectura\" \/>\n\t<meta name=\"twitter:data2\" content=\"4 minutos\" \/>\n<script type=\"application\/ld+json\" class=\"yoast-schema-graph\">{\"@context\":\"https:\\\/\\\/schema.org\",\"@graph\":[{\"@type\":\"Article\",\"@id\":\"https:\\\/\\\/diariodelsurdigital.com.ar\\\/?p=2729#article\",\"isPartOf\":{\"@id\":\"https:\\\/\\\/diariodelsurdigital.com.ar\\\/?p=2729\"},\"author\":{\"name\":\"Diario del Sur Digital\",\"@id\":\"https:\\\/\\\/diariodelsurdigital.com.ar\\\/#\\\/schema\\\/person\\\/1a4992532ed62965c968031b49195c81\"},\"headline\":\"Javier Milei: \u201cEntiendo que para algunas cosas Macri est\u00e1 grande y no las entiende\u201d\",\"datePublished\":\"2025-05-19T18:43:53+00:00\",\"dateModified\":\"2025-05-19T18:43:54+00:00\",\"mainEntityOfPage\":{\"@id\":\"https:\\\/\\\/diariodelsurdigital.com.ar\\\/?p=2729\"},\"wordCount\":731,\"commentCount\":0,\"image\":{\"@id\":\"https:\\\/\\\/diariodelsurdigital.com.ar\\\/?p=2729#primaryimage\"},\"thumbnailUrl\":\"https:\\\/\\\/diariodelsurdigital.com.ar\\\/wp-content\\\/uploads\\\/2025\\\/05\\\/md-39.webp\",\"articleSection\":[\"Nacionales\",\"Pol\u00edtica\"],\"inLanguage\":\"es\",\"potentialAction\":[{\"@type\":\"CommentAction\",\"name\":\"Comment\",\"target\":[\"https:\\\/\\\/diariodelsurdigital.com.ar\\\/?p=2729#respond\"]}]},{\"@type\":\"WebPage\",\"@id\":\"https:\\\/\\\/diariodelsurdigital.com.ar\\\/?p=2729\",\"url\":\"https:\\\/\\\/diariodelsurdigital.com.ar\\\/?p=2729\",\"name\":\"Javier Milei: \u201cEntiendo que para algunas cosas Macri est\u00e1 grande y no las entiende\u201d - Diario del Sur\",\"isPartOf\":{\"@id\":\"https:\\\/\\\/diariodelsurdigital.com.ar\\\/#website\"},\"primaryImageOfPage\":{\"@id\":\"https:\\\/\\\/diariodelsurdigital.com.ar\\\/?p=2729#primaryimage\"},\"image\":{\"@id\":\"https:\\\/\\\/diariodelsurdigital.com.ar\\\/?p=2729#primaryimage\"},\"thumbnailUrl\":\"https:\\\/\\\/diariodelsurdigital.com.ar\\\/wp-content\\\/uploads\\\/2025\\\/05\\\/md-39.webp\",\"datePublished\":\"2025-05-19T18:43:53+00:00\",\"dateModified\":\"2025-05-19T18:43:54+00:00\",\"author\":{\"@id\":\"https:\\\/\\\/diariodelsurdigital.com.ar\\\/#\\\/schema\\\/person\\\/1a4992532ed62965c968031b49195c81\"},\"breadcrumb\":{\"@id\":\"https:\\\/\\\/diariodelsurdigital.com.ar\\\/?p=2729#breadcrumb\"},\"inLanguage\":\"es\",\"potentialAction\":[{\"@type\":\"ReadAction\",\"target\":[\"https:\\\/\\\/diariodelsurdigital.com.ar\\\/?p=2729\"]}]},{\"@type\":\"ImageObject\",\"inLanguage\":\"es\",\"@id\":\"https:\\\/\\\/diariodelsurdigital.com.ar\\\/?p=2729#primaryimage\",\"url\":\"https:\\\/\\\/diariodelsurdigital.com.ar\\\/wp-content\\\/uploads\\\/2025\\\/05\\\/md-39.webp\",\"contentUrl\":\"https:\\\/\\\/diariodelsurdigital.com.ar\\\/wp-content\\\/uploads\\\/2025\\\/05\\\/md-39.webp\",\"width\":992,\"height\":892},{\"@type\":\"BreadcrumbList\",\"@id\":\"https:\\\/\\\/diariodelsurdigital.com.ar\\\/?p=2729#breadcrumb\",\"itemListElement\":[{\"@type\":\"ListItem\",\"position\":1,\"name\":\"Portada\",\"item\":\"https:\\\/\\\/diariodelsurdigital.com.ar\\\/\"},{\"@type\":\"ListItem\",\"position\":2,\"name\":\"Javier Milei: \u201cEntiendo que para algunas cosas Macri est\u00e1 grande y no las entiende\u201d\"}]},{\"@type\":\"WebSite\",\"@id\":\"https:\\\/\\\/diariodelsurdigital.com.ar\\\/#website\",\"url\":\"https:\\\/\\\/diariodelsurdigital.com.ar\\\/\",\"name\":\"Diario del Sur\",\"description\":\"Digital\",\"potentialAction\":[{\"@type\":\"SearchAction\",\"target\":{\"@type\":\"EntryPoint\",\"urlTemplate\":\"https:\\\/\\\/diariodelsurdigital.com.ar\\\/?s={search_term_string}\"},\"query-input\":{\"@type\":\"PropertyValueSpecification\",\"valueRequired\":true,\"valueName\":\"search_term_string\"}}],\"inLanguage\":\"es\"},{\"@type\":\"Person\",\"@id\":\"https:\\\/\\\/diariodelsurdigital.com.ar\\\/#\\\/schema\\\/person\\\/1a4992532ed62965c968031b49195c81\",\"name\":\"Diario del Sur Digital\",\"image\":{\"@type\":\"ImageObject\",\"inLanguage\":\"es\",\"@id\":\"https:\\\/\\\/secure.gravatar.com\\\/avatar\\\/f0c7c47fc7146d19828273b9b8eda651c9c7ab583767e6338d3d3bee825adf76?s=96&d=mm&r=g\",\"url\":\"https:\\\/\\\/secure.gravatar.com\\\/avatar\\\/f0c7c47fc7146d19828273b9b8eda651c9c7ab583767e6338d3d3bee825adf76?s=96&d=mm&r=g\",\"contentUrl\":\"https:\\\/\\\/secure.gravatar.com\\\/avatar\\\/f0c7c47fc7146d19828273b9b8eda651c9c7ab583767e6338d3d3bee825adf76?s=96&d=mm&r=g\",\"caption\":\"Diario del Sur Digital\"},\"url\":\"https:\\\/\\\/diariodelsurdigital.com.ar\\\/?author=4\"}]}<\/script>\n<!-- \/ Yoast SEO plugin. -->","yoast_head_json":{"title":"Javier Milei: \u201cEntiendo que para algunas cosas Macri est\u00e1 grande y no las entiende\u201d - Diario del Sur","robots":{"index":"index","follow":"follow","max-snippet":"max-snippet:-1","max-image-preview":"max-image-preview:large","max-video-preview":"max-video-preview:-1"},"canonical":"https:\/\/diariodelsurdigital.com.ar\/?p=2729","og_locale":"es_ES","og_type":"article","og_title":"Javier Milei: \u201cEntiendo que para algunas cosas Macri est\u00e1 grande y no las entiende\u201d - Diario del Sur","og_description":"El Presidente escal\u00f3 el enfrentamiento con el l\u00edder del PRO el d\u00eda despu\u00e9s de la victoria en CABA. Dijo que \u201cest\u00e1 grande\u201d para entender algunas cosas y plante\u00f3 que el acuerdo en la provincia de Buenos Aires se va a cerrar directamente con los dirigentes que est\u00e1n dispuestos a dar el salto. Volvi\u00f3 acusar al [&hellip;]","og_url":"https:\/\/diariodelsurdigital.com.ar\/?p=2729","og_site_name":"Diario del Sur","article_published_time":"2025-05-19T18:43:53+00:00","article_modified_time":"2025-05-19T18:43:54+00:00","og_image":[{"width":992,"height":892,"url":"https:\/\/diariodelsurdigital.com.ar\/wp-content\/uploads\/2025\/05\/md-39.webp","type":"image\/webp"}],"author":"Diario del Sur Digital","twitter_card":"summary_large_image","twitter_misc":{"Escrito por":"Diario del Sur Digital","Tiempo de lectura":"4 minutos"},"schema":{"@context":"https:\/\/schema.org","@graph":[{"@type":"Article","@id":"https:\/\/diariodelsurdigital.com.ar\/?p=2729#article","isPartOf":{"@id":"https:\/\/diariodelsurdigital.com.ar\/?p=2729"},"author":{"name":"Diario del Sur Digital","@id":"https:\/\/diariodelsurdigital.com.ar\/#\/schema\/person\/1a4992532ed62965c968031b49195c81"},"headline":"Javier Milei: \u201cEntiendo que para algunas cosas Macri est\u00e1 grande y no las entiende\u201d","datePublished":"2025-05-19T18:43:53+00:00","dateModified":"2025-05-19T18:43:54+00:00","mainEntityOfPage":{"@id":"https:\/\/diariodelsurdigital.com.ar\/?p=2729"},"wordCount":731,"commentCount":0,"image":{"@id":"https:\/\/diariodelsurdigital.com.ar\/?p=2729#primaryimage"},"thumbnailUrl":"https:\/\/diariodelsurdigital.com.ar\/wp-content\/uploads\/2025\/05\/md-39.webp","articleSection":["Nacionales","Pol\u00edtica"],"inLanguage":"es","potentialAction":[{"@type":"CommentAction","name":"Comment","target":["https:\/\/diariodelsurdigital.com.ar\/?p=2729#respond"]}]},{"@type":"WebPage","@id":"https:\/\/diariodelsurdigital.com.ar\/?p=2729","url":"https:\/\/diariodelsurdigital.com.ar\/?p=2729","name":"Javier Milei: \u201cEntiendo que para algunas cosas Macri est\u00e1 grande y no las entiende\u201d - Diario del Sur","isPartOf":{"@id":"https:\/\/diariodelsurdigital.com.ar\/#website"},"primaryImageOfPage":{"@id":"https:\/\/diariodelsurdigital.com.ar\/?p=2729#primaryimage"},"image":{"@id":"https:\/\/diariodelsurdigital.com.ar\/?p=2729#primaryimage"},"thumbnailUrl":"https:\/\/diariodelsurdigital.com.ar\/wp-content\/uploads\/2025\/05\/md-39.webp","datePublished":"2025-05-19T18:43:53+00:00","dateModified":"2025-05-19T18:43:54+00:00","author":{"@id":"https:\/\/diariodelsurdigital.com.ar\/#\/schema\/person\/1a4992532ed62965c968031b49195c81"},"breadcrumb":{"@id":"https:\/\/diariodelsurdigital.com.ar\/?p=2729#breadcrumb"},"inLanguage":"es","potentialAction":[{"@type":"ReadAction","target":["https:\/\/diariodelsurdigital.com.ar\/?p=2729"]}]},{"@type":"ImageObject","inLanguage":"es","@id":"https:\/\/diariodelsurdigital.com.ar\/?p=2729#primaryimage","url":"https:\/\/diariodelsurdigital.com.ar\/wp-content\/uploads\/2025\/05\/md-39.webp","contentUrl":"https:\/\/diariodelsurdigital.com.ar\/wp-content\/uploads\/2025\/05\/md-39.webp","width":992,"height":892},{"@type":"BreadcrumbList","@id":"https:\/\/diariodelsurdigital.com.ar\/?p=2729#breadcrumb","itemListElement":[{"@type":"ListItem","position":1,"name":"Portada","item":"https:\/\/diariodelsurdigital.com.ar\/"},{"@type":"ListItem","position":2,"name":"Javier Milei: \u201cEntiendo que para algunas cosas Macri est\u00e1 grande y no las entiende\u201d"}]},{"@type":"WebSite","@id":"https:\/\/diariodelsurdigital.com.ar\/#website","url":"https:\/\/diariodelsurdigital.com.ar\/","name":"Diario del Sur","description":"Digital","potentialAction":[{"@type":"SearchAction","target":{"@type":"EntryPoint","urlTemplate":"https:\/\/diariodelsurdigital.com.ar\/?s={search_term_string}"},"query-input":{"@type":"PropertyValueSpecification","valueRequired":true,"valueName":"search_term_string"}}],"inLanguage":"es"},{"@type":"Person","@id":"https:\/\/diariodelsurdigital.com.ar\/#\/schema\/person\/1a4992532ed62965c968031b49195c81","name":"Diario del Sur Digital","image":{"@type":"ImageObject","inLanguage":"es","@id":"https:\/\/secure.gravatar.com\/avatar\/f0c7c47fc7146d19828273b9b8eda651c9c7ab583767e6338d3d3bee825adf76?s=96&d=mm&r=g","url":"https:\/\/secure.gravatar.com\/avatar\/f0c7c47fc7146d19828273b9b8eda651c9c7ab583767e6338d3d3bee825adf76?s=96&d=mm&r=g","contentUrl":"https:\/\/secure.gravatar.com\/avatar\/f0c7c47fc7146d19828273b9b8eda651c9c7ab583767e6338d3d3bee825adf76?s=96&d=mm&r=g","caption":"Diario del Sur Digital"},"url":"https:\/\/diariodelsurdigital.com.ar\/?author=4"}]}},"_links":{"self":[{"href":"https:\/\/diariodelsurdigital.com.ar\/index.php?rest_route=\/wp\/v2\/posts\/2729","targetHints":{"allow":["GET"]}}],"collection":[{"href":"https:\/\/diariodelsurdigital.com.ar\/index.php?rest_route=\/wp\/v2\/posts"}],"about":[{"href":"https:\/\/diariodelsurdigital.com.ar\/index.php?rest_route=\/wp\/v2\/types\/post"}],"author":[{"embeddable":true,"href":"https:\/\/diariodelsurdigital.com.ar\/index.php?rest_route=\/wp\/v2\/users\/4"}],"replies":[{"embeddable":true,"href":"https:\/\/diariodelsurdigital.com.ar\/index.php?rest_route=%2Fwp%2Fv2%2Fcomments&post=2729"}],"version-history":[{"count":1,"href":"https:\/\/diariodelsurdigital.com.ar\/index.php?rest_route=\/wp\/v2\/posts\/2729\/revisions"}],"predecessor-version":[{"id":2731,"href":"https:\/\/diariodelsurdigital.com.ar\/index.php?rest_route=\/wp\/v2\/posts\/2729\/revisions\/2731"}],"wp:featuredmedia":[{"embeddable":true,"href":"https:\/\/diariodelsurdigital.com.ar\/index.php?rest_route=\/wp\/v2\/media\/2730"}],"wp:attachment":[{"href":"https:\/\/diariodelsurdigital.com.ar\/index.php?rest_route=%2Fwp%2Fv2%2Fmedia&parent=2729"}],"wp:term":[{"taxonomy":"category","embeddable":true,"href":"https:\/\/diariodelsurdigital.com.ar\/index.php?rest_route=%2Fwp%2Fv2%2Fcategories&post=2729"},{"taxonomy":"post_tag","embeddable":true,"href":"https:\/\/diariodelsurdigital.com.ar\/index.php?rest_route=%2Fwp%2Fv2%2Ftags&post=2729"}],"curies":[{"name":"wp","href":"https:\/\/api.w.org\/{rel}","templated":true}]}}