{"id":2732,"date":"2025-05-19T15:46:12","date_gmt":"2025-05-19T18:46:12","guid":{"rendered":"https:\/\/diariodelsurdigital.com.ar\/?p=2732"},"modified":"2025-05-19T15:46:13","modified_gmt":"2025-05-19T18:46:13","slug":"la-senadora-silva-admite-que-el-iosper-necesita-cambios-pero-sostuvo-que-deben-darse-dentro-de-la-ley-vigente","status":"publish","type":"post","link":"https:\/\/diariodelsurdigital.com.ar\/?p=2732","title":{"rendered":"La senadora Silva admite que el Iosper necesita cambios, pero sostuvo que deben darse dentro de la ley vigente"},"content":{"rendered":"\n<p>\u201cComo legisladora, estoy plenamente dispuesta a acompa\u00f1ar los cambios que el Iosper necesita\u201d, sostuvo la senadora provincial Claudia Silva (PJ), pero aclar\u00f3 que tales transformaciones \u201cdeben realizarse sobre la base de la ley vigente, fortaleciendo las instituciones existentes y no reemplaz\u00e1ndolas por estructuras nuevas sin la debida participaci\u00f3n de los verdaderos protagonistas: los afiliados\u201d.<\/p>\n\n\n\n<p>A continuaci\u00f3n, la columna de opini\u00f3n de la senadora Claudia Silva sobre el presente y el futuro del Iosper:<\/p>\n\n\n\n<p>Iosper, un debate necesario con los afiliados como protagonistas<\/p>\n\n\n\n<p>\u201cLa situaci\u00f3n del Iosper al momento de su intervenci\u00f3n presentaba serias dificultades que no pueden ser ignoradas. Desde mi rol como senadora reconozco la necesidad de introducir cambios urgentes y profundos en su funcionamiento tales como: mejorar sobre bases tecnol\u00f3gicas la gesti\u00f3n, profesionaliz\u00e1ndolo y orient\u00e1ndolo a resultados y a la calidad de servicio, eficacia en la gobernanza y los mecanismos de control, establecer l\u00edmites claros en las remuneraciones de sus directores y avanzar hacia una mayor transparencia.<\/p>\n\n\n\n<p>Sin embargo, entiendo que estas transformaciones deben realizarse sobre la base de la ley vigente, fortaleciendo las instituciones existentes y no reemplaz\u00e1ndolas por estructuras nuevas sin la debida participaci\u00f3n de los verdaderos protagonistas: los afiliados.<\/p>\n\n\n\n<p>Soy partidaria, dado que el Iosper es una instituci\u00f3n con un objeto especializado que involucra a miles de personas y familias, de una reforma de la ley que haga foco no s\u00f3lo en la representaci\u00f3n, sino en la calidad de la representaci\u00f3n.<\/p>\n\n\n\n<p>El Iosper ha garantizado durante d\u00e9cadas el acceso a la salud en igualdad de condiciones, desde una portera hasta un magistrado del Poder Judicial. Esa solidaridad no es un slogan: todos conocemos casos concretos de personas que han superado enfermedades graves gracias a su cobertura y tambi\u00e9n de pacientes operados en instituciones de excelencia como la Fundaci\u00f3n Favaloro.<\/p>\n\n\n\n<p>Eso no implica avalar desmanejos ni cerrar los ojos ante errores. Al contrario: es necesario actualizar una ley que lleva m\u00e1s de 50 a\u00f1os. Pero esa actualizaci\u00f3n no puede significar borrar la identidad de una obra social que es de los trabajadores y para los trabajadores.<\/p>\n\n\n\n<p>Desde el ingreso del proyecto de creaci\u00f3n de OSER a la C\u00e1mara de Senadores, he mantenido reuniones con empleados y afiliados que han compartido su preocupaci\u00f3n y que en muchos casos dan cuenta de que la intervenci\u00f3n no ha mejorado la situaci\u00f3n previa, sino que incluso ha generado nuevos conflictos.<\/p>\n\n\n\n<p>En lo personal, fui autora de un pedido de informe aprobado por esta C\u00e1mara el pasado 6 de marzo, mediante el cual solicitamos detalles claves como: qui\u00e9n realiz\u00f3 la auditor\u00eda que motiv\u00f3 la intervenci\u00f3n, qu\u00e9 se encontr\u00f3, cu\u00e1nto cost\u00f3, c\u00f3mo se contrat\u00f3 y qu\u00e9 medidas concretas ha tomado la intervenci\u00f3n hasta el momento. Tambi\u00e9n se requiri\u00f3 informaci\u00f3n sobre la existencia de denuncias formales, si fueron giradas a los \u00f3rganos de control, y qu\u00e9 resultados ha tenido la gesti\u00f3n intervenida.<\/p>\n\n\n\n<p>Lamentablemente, ese informe a\u00fan no ha sido contestado por el Poder Ejecutivo. Este silencio, frente a un requerimiento leg\u00edtimo y formal del Poder Legislativo no solo retrasa el debate, sino que deja una sombra de duda sobre las verdaderas razones y efectos de esta intervenci\u00f3n.<\/p>\n\n\n\n<p>Como legisladora, estoy plenamente dispuesta a acompa\u00f1ar los cambios que el Iosper necesita, siempre que se construyan con seriedad, sobre la base legal vigente, con control ciudadano efectivo y preservando su car\u00e1cter solidario y participativo.<\/p>\n\n\n\n<p>Lo que est\u00e1 en juego no es un tr\u00e1mite administrativo: es el derecho a la salud de m\u00e1s de 300.000 entrerrianos y entrerrianas. Gobernar no es destruir: es mejorar, fortalecer y cuidar lo que durante d\u00e9cadas garantiz\u00f3 derechos esenciales para miles de familias entrerrianas\u201d.<\/p>\n","protected":false},"excerpt":{"rendered":"<p>\u201cComo legisladora, estoy plenamente dispuesta a acompa\u00f1ar los cambios que el Iosper necesita\u201d, sostuvo la senadora provincial Claudia Silva (PJ), pero aclar\u00f3 que tales transformaciones \u201cdeben realizarse sobre la base de la ley vigente, fortaleciendo las instituciones existentes y no reemplaz\u00e1ndolas por estructuras nuevas sin la debida participaci\u00f3n de los verdaderos protagonistas: los afiliados\u201d. A [&hellip;]<\/p>\n","protected":false},"author":4,"featured_media":2733,"comment_status":"open","ping_status":"open","sticky":false,"template":"","format":"standard","meta":{"footnotes":""},"categories":[22,17],"tags":[],"class_list":{"0":"post-2732","1":"post","2":"type-post","3":"status-publish","4":"format-standard","5":"has-post-thumbnail","7":"category-politica","8":"category-provinciales"},"yoast_head":"<!-- This site is optimized with the Yoast SEO plugin v27.4 - https:\/\/yoast.com\/product\/yoast-seo-wordpress\/ -->\n<title>La senadora Silva admite que el Iosper necesita cambios, pero sostuvo que deben darse dentro de la ley vigente - Diario del Sur<\/title>\n<meta name=\"robots\" content=\"index, follow, max-snippet:-1, max-image-preview:large, max-video-preview:-1\" \/>\n<link rel=\"canonical\" href=\"https:\/\/diariodelsurdigital.com.ar\/?p=2732\" \/>\n<meta property=\"og:locale\" content=\"es_ES\" \/>\n<meta property=\"og:type\" content=\"article\" \/>\n<meta property=\"og:title\" content=\"La senadora Silva admite que el Iosper necesita cambios, pero sostuvo que deben darse dentro de la ley vigente - Diario del Sur\" \/>\n<meta property=\"og:description\" content=\"\u201cComo legisladora, estoy plenamente dispuesta a acompa\u00f1ar los cambios que el Iosper necesita\u201d, sostuvo la senadora provincial Claudia Silva (PJ), pero aclar\u00f3 que tales transformaciones \u201cdeben realizarse sobre la base de la ley vigente, fortaleciendo las instituciones existentes y no reemplaz\u00e1ndolas por estructuras nuevas sin la debida participaci\u00f3n de los verdaderos protagonistas: los afiliados\u201d. A [&hellip;]\" \/>\n<meta property=\"og:url\" content=\"https:\/\/diariodelsurdigital.com.ar\/?p=2732\" \/>\n<meta property=\"og:site_name\" content=\"Diario del Sur\" \/>\n<meta property=\"article:published_time\" content=\"2025-05-19T18:46:12+00:00\" \/>\n<meta property=\"article:modified_time\" content=\"2025-05-19T18:46:13+00:00\" \/>\n<meta property=\"og:image\" content=\"https:\/\/diariodelsurdigital.com.ar\/wp-content\/uploads\/2025\/05\/md-40.webp\" \/>\n\t<meta property=\"og:image:width\" content=\"992\" \/>\n\t<meta property=\"og:image:height\" content=\"992\" \/>\n\t<meta property=\"og:image:type\" content=\"image\/webp\" \/>\n<meta name=\"author\" content=\"Diario del Sur Digital\" \/>\n<meta name=\"twitter:card\" content=\"summary_large_image\" \/>\n<meta name=\"twitter:label1\" content=\"Escrito por\" \/>\n\t<meta name=\"twitter:data1\" content=\"Diario del Sur Digital\" \/>\n\t<meta name=\"twitter:label2\" content=\"Tiempo de lectura\" \/>\n\t<meta name=\"twitter:data2\" content=\"3 minutos\" \/>\n<script type=\"application\/ld+json\" class=\"yoast-schema-graph\">{\"@context\":\"https:\\\/\\\/schema.org\",\"@graph\":[{\"@type\":\"Article\",\"@id\":\"https:\\\/\\\/diariodelsurdigital.com.ar\\\/?p=2732#article\",\"isPartOf\":{\"@id\":\"https:\\\/\\\/diariodelsurdigital.com.ar\\\/?p=2732\"},\"author\":{\"name\":\"Diario del Sur Digital\",\"@id\":\"https:\\\/\\\/diariodelsurdigital.com.ar\\\/#\\\/schema\\\/person\\\/1a4992532ed62965c968031b49195c81\"},\"headline\":\"La senadora Silva admite que el Iosper necesita cambios, pero sostuvo que deben darse dentro de la ley vigente\",\"datePublished\":\"2025-05-19T18:46:12+00:00\",\"dateModified\":\"2025-05-19T18:46:13+00:00\",\"mainEntityOfPage\":{\"@id\":\"https:\\\/\\\/diariodelsurdigital.com.ar\\\/?p=2732\"},\"wordCount\":656,\"commentCount\":0,\"image\":{\"@id\":\"https:\\\/\\\/diariodelsurdigital.com.ar\\\/?p=2732#primaryimage\"},\"thumbnailUrl\":\"https:\\\/\\\/diariodelsurdigital.com.ar\\\/wp-content\\\/uploads\\\/2025\\\/05\\\/md-40.webp\",\"articleSection\":[\"Pol\u00edtica\",\"Provinciales\"],\"inLanguage\":\"es\",\"potentialAction\":[{\"@type\":\"CommentAction\",\"name\":\"Comment\",\"target\":[\"https:\\\/\\\/diariodelsurdigital.com.ar\\\/?p=2732#respond\"]}]},{\"@type\":\"WebPage\",\"@id\":\"https:\\\/\\\/diariodelsurdigital.com.ar\\\/?p=2732\",\"url\":\"https:\\\/\\\/diariodelsurdigital.com.ar\\\/?p=2732\",\"name\":\"La senadora Silva admite que el Iosper necesita cambios, pero sostuvo que deben darse dentro de la ley vigente - Diario del Sur\",\"isPartOf\":{\"@id\":\"https:\\\/\\\/diariodelsurdigital.com.ar\\\/#website\"},\"primaryImageOfPage\":{\"@id\":\"https:\\\/\\\/diariodelsurdigital.com.ar\\\/?p=2732#primaryimage\"},\"image\":{\"@id\":\"https:\\\/\\\/diariodelsurdigital.com.ar\\\/?p=2732#primaryimage\"},\"thumbnailUrl\":\"https:\\\/\\\/diariodelsurdigital.com.ar\\\/wp-content\\\/uploads\\\/2025\\\/05\\\/md-40.webp\",\"datePublished\":\"2025-05-19T18:46:12+00:00\",\"dateModified\":\"2025-05-19T18:46:13+00:00\",\"author\":{\"@id\":\"https:\\\/\\\/diariodelsurdigital.com.ar\\\/#\\\/schema\\\/person\\\/1a4992532ed62965c968031b49195c81\"},\"breadcrumb\":{\"@id\":\"https:\\\/\\\/diariodelsurdigital.com.ar\\\/?p=2732#breadcrumb\"},\"inLanguage\":\"es\",\"potentialAction\":[{\"@type\":\"ReadAction\",\"target\":[\"https:\\\/\\\/diariodelsurdigital.com.ar\\\/?p=2732\"]}]},{\"@type\":\"ImageObject\",\"inLanguage\":\"es\",\"@id\":\"https:\\\/\\\/diariodelsurdigital.com.ar\\\/?p=2732#primaryimage\",\"url\":\"https:\\\/\\\/diariodelsurdigital.com.ar\\\/wp-content\\\/uploads\\\/2025\\\/05\\\/md-40.webp\",\"contentUrl\":\"https:\\\/\\\/diariodelsurdigital.com.ar\\\/wp-content\\\/uploads\\\/2025\\\/05\\\/md-40.webp\",\"width\":992,\"height\":992},{\"@type\":\"BreadcrumbList\",\"@id\":\"https:\\\/\\\/diariodelsurdigital.com.ar\\\/?p=2732#breadcrumb\",\"itemListElement\":[{\"@type\":\"ListItem\",\"position\":1,\"name\":\"Portada\",\"item\":\"https:\\\/\\\/diariodelsurdigital.com.ar\\\/\"},{\"@type\":\"ListItem\",\"position\":2,\"name\":\"La senadora Silva admite que el Iosper necesita cambios, pero sostuvo que deben darse dentro de la ley vigente\"}]},{\"@type\":\"WebSite\",\"@id\":\"https:\\\/\\\/diariodelsurdigital.com.ar\\\/#website\",\"url\":\"https:\\\/\\\/diariodelsurdigital.com.ar\\\/\",\"name\":\"Diario del Sur\",\"description\":\"Digital\",\"potentialAction\":[{\"@type\":\"SearchAction\",\"target\":{\"@type\":\"EntryPoint\",\"urlTemplate\":\"https:\\\/\\\/diariodelsurdigital.com.ar\\\/?s={search_term_string}\"},\"query-input\":{\"@type\":\"PropertyValueSpecification\",\"valueRequired\":true,\"valueName\":\"search_term_string\"}}],\"inLanguage\":\"es\"},{\"@type\":\"Person\",\"@id\":\"https:\\\/\\\/diariodelsurdigital.com.ar\\\/#\\\/schema\\\/person\\\/1a4992532ed62965c968031b49195c81\",\"name\":\"Diario del Sur Digital\",\"image\":{\"@type\":\"ImageObject\",\"inLanguage\":\"es\",\"@id\":\"https:\\\/\\\/secure.gravatar.com\\\/avatar\\\/f0c7c47fc7146d19828273b9b8eda651c9c7ab583767e6338d3d3bee825adf76?s=96&d=mm&r=g\",\"url\":\"https:\\\/\\\/secure.gravatar.com\\\/avatar\\\/f0c7c47fc7146d19828273b9b8eda651c9c7ab583767e6338d3d3bee825adf76?s=96&d=mm&r=g\",\"contentUrl\":\"https:\\\/\\\/secure.gravatar.com\\\/avatar\\\/f0c7c47fc7146d19828273b9b8eda651c9c7ab583767e6338d3d3bee825adf76?s=96&d=mm&r=g\",\"caption\":\"Diario del Sur Digital\"},\"url\":\"https:\\\/\\\/diariodelsurdigital.com.ar\\\/?author=4\"}]}<\/script>\n<!-- \/ Yoast SEO plugin. -->","yoast_head_json":{"title":"La senadora Silva admite que el Iosper necesita cambios, pero sostuvo que deben darse dentro de la ley vigente - Diario del Sur","robots":{"index":"index","follow":"follow","max-snippet":"max-snippet:-1","max-image-preview":"max-image-preview:large","max-video-preview":"max-video-preview:-1"},"canonical":"https:\/\/diariodelsurdigital.com.ar\/?p=2732","og_locale":"es_ES","og_type":"article","og_title":"La senadora Silva admite que el Iosper necesita cambios, pero sostuvo que deben darse dentro de la ley vigente - Diario del Sur","og_description":"\u201cComo legisladora, estoy plenamente dispuesta a acompa\u00f1ar los cambios que el Iosper necesita\u201d, sostuvo la senadora provincial Claudia Silva (PJ), pero aclar\u00f3 que tales transformaciones \u201cdeben realizarse sobre la base de la ley vigente, fortaleciendo las instituciones existentes y no reemplaz\u00e1ndolas por estructuras nuevas sin la debida participaci\u00f3n de los verdaderos protagonistas: los afiliados\u201d. A [&hellip;]","og_url":"https:\/\/diariodelsurdigital.com.ar\/?p=2732","og_site_name":"Diario del Sur","article_published_time":"2025-05-19T18:46:12+00:00","article_modified_time":"2025-05-19T18:46:13+00:00","og_image":[{"width":992,"height":992,"url":"https:\/\/diariodelsurdigital.com.ar\/wp-content\/uploads\/2025\/05\/md-40.webp","type":"image\/webp"}],"author":"Diario del Sur Digital","twitter_card":"summary_large_image","twitter_misc":{"Escrito por":"Diario del Sur Digital","Tiempo de lectura":"3 minutos"},"schema":{"@context":"https:\/\/schema.org","@graph":[{"@type":"Article","@id":"https:\/\/diariodelsurdigital.com.ar\/?p=2732#article","isPartOf":{"@id":"https:\/\/diariodelsurdigital.com.ar\/?p=2732"},"author":{"name":"Diario del Sur Digital","@id":"https:\/\/diariodelsurdigital.com.ar\/#\/schema\/person\/1a4992532ed62965c968031b49195c81"},"headline":"La senadora Silva admite que el Iosper necesita cambios, pero sostuvo que deben darse dentro de la ley vigente","datePublished":"2025-05-19T18:46:12+00:00","dateModified":"2025-05-19T18:46:13+00:00","mainEntityOfPage":{"@id":"https:\/\/diariodelsurdigital.com.ar\/?p=2732"},"wordCount":656,"commentCount":0,"image":{"@id":"https:\/\/diariodelsurdigital.com.ar\/?p=2732#primaryimage"},"thumbnailUrl":"https:\/\/diariodelsurdigital.com.ar\/wp-content\/uploads\/2025\/05\/md-40.webp","articleSection":["Pol\u00edtica","Provinciales"],"inLanguage":"es","potentialAction":[{"@type":"CommentAction","name":"Comment","target":["https:\/\/diariodelsurdigital.com.ar\/?p=2732#respond"]}]},{"@type":"WebPage","@id":"https:\/\/diariodelsurdigital.com.ar\/?p=2732","url":"https:\/\/diariodelsurdigital.com.ar\/?p=2732","name":"La senadora Silva admite que el Iosper necesita cambios, pero sostuvo que deben darse dentro de la ley vigente - Diario del Sur","isPartOf":{"@id":"https:\/\/diariodelsurdigital.com.ar\/#website"},"primaryImageOfPage":{"@id":"https:\/\/diariodelsurdigital.com.ar\/?p=2732#primaryimage"},"image":{"@id":"https:\/\/diariodelsurdigital.com.ar\/?p=2732#primaryimage"},"thumbnailUrl":"https:\/\/diariodelsurdigital.com.ar\/wp-content\/uploads\/2025\/05\/md-40.webp","datePublished":"2025-05-19T18:46:12+00:00","dateModified":"2025-05-19T18:46:13+00:00","author":{"@id":"https:\/\/diariodelsurdigital.com.ar\/#\/schema\/person\/1a4992532ed62965c968031b49195c81"},"breadcrumb":{"@id":"https:\/\/diariodelsurdigital.com.ar\/?p=2732#breadcrumb"},"inLanguage":"es","potentialAction":[{"@type":"ReadAction","target":["https:\/\/diariodelsurdigital.com.ar\/?p=2732"]}]},{"@type":"ImageObject","inLanguage":"es","@id":"https:\/\/diariodelsurdigital.com.ar\/?p=2732#primaryimage","url":"https:\/\/diariodelsurdigital.com.ar\/wp-content\/uploads\/2025\/05\/md-40.webp","contentUrl":"https:\/\/diariodelsurdigital.com.ar\/wp-content\/uploads\/2025\/05\/md-40.webp","width":992,"height":992},{"@type":"BreadcrumbList","@id":"https:\/\/diariodelsurdigital.com.ar\/?p=2732#breadcrumb","itemListElement":[{"@type":"ListItem","position":1,"name":"Portada","item":"https:\/\/diariodelsurdigital.com.ar\/"},{"@type":"ListItem","position":2,"name":"La senadora Silva admite que el Iosper necesita cambios, pero sostuvo que deben darse dentro de la ley vigente"}]},{"@type":"WebSite","@id":"https:\/\/diariodelsurdigital.com.ar\/#website","url":"https:\/\/diariodelsurdigital.com.ar\/","name":"Diario del Sur","description":"Digital","potentialAction":[{"@type":"SearchAction","target":{"@type":"EntryPoint","urlTemplate":"https:\/\/diariodelsurdigital.com.ar\/?s={search_term_string}"},"query-input":{"@type":"PropertyValueSpecification","valueRequired":true,"valueName":"search_term_string"}}],"inLanguage":"es"},{"@type":"Person","@id":"https:\/\/diariodelsurdigital.com.ar\/#\/schema\/person\/1a4992532ed62965c968031b49195c81","name":"Diario del Sur Digital","image":{"@type":"ImageObject","inLanguage":"es","@id":"https:\/\/secure.gravatar.com\/avatar\/f0c7c47fc7146d19828273b9b8eda651c9c7ab583767e6338d3d3bee825adf76?s=96&d=mm&r=g","url":"https:\/\/secure.gravatar.com\/avatar\/f0c7c47fc7146d19828273b9b8eda651c9c7ab583767e6338d3d3bee825adf76?s=96&d=mm&r=g","contentUrl":"https:\/\/secure.gravatar.com\/avatar\/f0c7c47fc7146d19828273b9b8eda651c9c7ab583767e6338d3d3bee825adf76?s=96&d=mm&r=g","caption":"Diario del Sur Digital"},"url":"https:\/\/diariodelsurdigital.com.ar\/?author=4"}]}},"_links":{"self":[{"href":"https:\/\/diariodelsurdigital.com.ar\/index.php?rest_route=\/wp\/v2\/posts\/2732","targetHints":{"allow":["GET"]}}],"collection":[{"href":"https:\/\/diariodelsurdigital.com.ar\/index.php?rest_route=\/wp\/v2\/posts"}],"about":[{"href":"https:\/\/diariodelsurdigital.com.ar\/index.php?rest_route=\/wp\/v2\/types\/post"}],"author":[{"embeddable":true,"href":"https:\/\/diariodelsurdigital.com.ar\/index.php?rest_route=\/wp\/v2\/users\/4"}],"replies":[{"embeddable":true,"href":"https:\/\/diariodelsurdigital.com.ar\/index.php?rest_route=%2Fwp%2Fv2%2Fcomments&post=2732"}],"version-history":[{"count":1,"href":"https:\/\/diariodelsurdigital.com.ar\/index.php?rest_route=\/wp\/v2\/posts\/2732\/revisions"}],"predecessor-version":[{"id":2734,"href":"https:\/\/diariodelsurdigital.com.ar\/index.php?rest_route=\/wp\/v2\/posts\/2732\/revisions\/2734"}],"wp:featuredmedia":[{"embeddable":true,"href":"https:\/\/diariodelsurdigital.com.ar\/index.php?rest_route=\/wp\/v2\/media\/2733"}],"wp:attachment":[{"href":"https:\/\/diariodelsurdigital.com.ar\/index.php?rest_route=%2Fwp%2Fv2%2Fmedia&parent=2732"}],"wp:term":[{"taxonomy":"category","embeddable":true,"href":"https:\/\/diariodelsurdigital.com.ar\/index.php?rest_route=%2Fwp%2Fv2%2Fcategories&post=2732"},{"taxonomy":"post_tag","embeddable":true,"href":"https:\/\/diariodelsurdigital.com.ar\/index.php?rest_route=%2Fwp%2Fv2%2Ftags&post=2732"}],"curies":[{"name":"wp","href":"https:\/\/api.w.org\/{rel}","templated":true}]}}