{"id":2737,"date":"2025-05-19T20:53:40","date_gmt":"2025-05-19T23:53:40","guid":{"rendered":"https:\/\/diariodelsurdigital.com.ar\/?p=2737"},"modified":"2025-05-19T20:53:44","modified_gmt":"2025-05-19T23:53:44","slug":"leon-xiv-aboga-por-una-iglesia-unida-para-construir-la-paz","status":"publish","type":"post","link":"https:\/\/diariodelsurdigital.com.ar\/?p=2737","title":{"rendered":"Le\u00f3n XIV aboga por una Iglesia unida para construir la paz"},"content":{"rendered":"\n<p><strong>El Papa inici\u00f3 su ministerio petrino con un mensaje de amor y unidad. Asumiendo la intenci\u00f3n de \u00abresponder a las preguntas, preocupaciones y desaf\u00edos de hoy\u00bb.<\/strong><\/p>\n\n\n\n<figure class=\"wp-block-image\"><img decoding=\"async\" src=\"https:\/\/cdnartic.ar\/e9VTEUW0meTXgyIKJS0V57F63p4=\/1500x0\/https:\/\/elheraldocdn.eleco.com.ar\/media\/2025\/05\/papa_9.jpeg\" alt=\"Le\u00f3n XIV aboga por una Iglesia unida para construir la paz\"\/><\/figure>\n\n\n\n<p>El papa Le\u00f3n XIV afirm\u00f3 hoy que desea una Iglesia \u00abunida\u00bb para responder a los desaf\u00edos que plantean las desigualdades y los conflictos que marcan a la humanidad.<br>\u00abEn nuestro tiempo, todav\u00eda vemos demasiadas discordias, demasiadas heridas causadas por el odio, la violencia, los prejuicios, el miedo a las diferencias, por un paradigma econ\u00f3mico que explota los recursos de la tierra y margina a los m\u00e1s pobres\u00bb, dijo en la homil\u00eda de la misa que marca el inicio oficial de su ministerio petrino.<br>\u00abQueremos ser, dentro de esta masa, un peque\u00f1o fermento de unidad, de comuni\u00f3n y de fraternidad\u00bb, a\u00f1adi\u00f3 Le\u00f3n XIV, elegido el 8 de mayo. El nuevo pont\u00edfice lleg\u00f3 a la Plaza de San Pedro en el papam\u00f3vil, pasando varios minutos entre la multitud, que lo salud\u00f3 con aplausos y gritos de \u00abPapa Leone\u00bb.<br>Tras recibir el palio papal y el anillo del pescador, s\u00edmbolos de la autoridad del Obispo de Roma en toda la Iglesia cat\u00f3lica, el primer Papa nacido en Estados Unidos de Am\u00e9rica record\u00f3 los tiempos \u00abparticularmente intensos\u00bb que vive la Iglesia cat\u00f3lica desde la muerte de su predecesor, Francisco, el 21 de abril. \u00abLa muerte del Papa Francisco llen\u00f3 de tristeza nuestros corazones\u00bb, se\u00f1al\u00f3, evocando tambi\u00e9n la \u00faltima bendici\u00f3n del pont\u00edfice argentino, \u00abprecisamente el d\u00eda de Pascua\u00bb.<br>La intervenci\u00f3n tambi\u00e9n abord\u00f3 el C\u00f3nclave que tuvo lugar entre el 7 y el 8 de mayo, con cardenales de los cinco continentes, destacando la misi\u00f3n de \u00abelegir al nuevo sucesor de Pedro, Obispo de Roma, un pastor capaz de custodiar el rico patrimonio de la fe cristiana y, al mismo tiempo, de mirar m\u00e1s all\u00e1, para afrontar las preguntas, las preocupaciones y los desaf\u00edos de hoy\u00bb.<br>\u00abFui elegido sin m\u00e9rito alguno y, con temor y temblor, vengo a ustedes como un hermano que quiere hacerse servidor de su fe y de su alegr\u00eda, recorriendo con ustedes el camino del amor de Dios, que nos quiere a todos unidos en una sola familia\u00bb.<br>Le\u00f3n XIV declar\u00f3 que la misi\u00f3n de Pedro, primer Papa de la Iglesia cat\u00f3lica, ten\u00eda como dimensiones fundamentales \u00abel amor y la unidad\u00bb, asumiendo el desaf\u00edo de \u00abnavegar en el mar de la vida para que todos puedan reencontrarse en el abrazo de Dios\u00bb.<br>Queremos decir al mundo, con humildad y alegr\u00eda: &#8216;\u00a1Miren a Cristo! \u00a1Ac\u00e9rquense a \u00e9l! \u00a1Acojan su palabra que ilumina y consuela! Escuchen su propuesta de amor para ser su \u00fanica familia. En el \u00fanico Cristo somos uno solo&#8217;, a\u00f1adi\u00f3, citando su lema episcopal.<br>A Pedro se le conf\u00eda la tarea de amar m\u00e1s y dar la vida por el reba\u00f1o. El ministerio de Pedro est\u00e1 marcado precisamente por este amor oblativo, porque la Iglesia de Roma preside en la caridad y su verdadera autoridad es la caridad de Cristo. \u00abNunca se trata de capturar a los dem\u00e1s con la arrogancia, con la propaganda religiosa o con los medios de poder, sino siempre y s\u00f3lo se trata de amar como Jes\u00fas lo hizo\u00bb.<br>En una reflexi\u00f3n sobre su propia misi\u00f3n, Le\u00f3n XIV sostuvo que \u00abPedro [el Papa] debe pastorear el reba\u00f1o sin ceder jam\u00e1s a la tentaci\u00f3n de ser un l\u00edder solitario o un jefe puesto por encima de los dem\u00e1s, llegando a dominar al pueblo a \u00e9l confiado\u00bb.<br>Ante representantes de varias Iglesias cristianas y de otras religiones, el Papa manifest\u00f3 su intenci\u00f3n de trabajar juntos, tambi\u00e9n con \u00abcuantos cultivan la inquietud de la b\u00fasqueda de Dios, con todas las mujeres y todos los hombres de buena voluntad para construir un mundo nuevo donde reine la paz\u00bb, en uno de los pasajes resaltado por los aplausos de los participantes.<br>\u00abEstamos llamados a ofrecer el amor de Dios a todos, para que se logre una unidad que no elimine las diferencias, sino que valore la historia personal de cada persona y la cultura social y religiosa de cada pueblo\u00bb, se\u00f1al\u00f3.<\/p>\n\n\n\n<p>Le\u00f3n XIV invit\u00f3 a las comunidades cat\u00f3licas a vivir la \u00abhora del amor\u00bb, por una \u00abIglesia fundada en el amor de Dios y signo de unidad, una Iglesia misionera, que abre los brazos al mundo, que anuncia la Palabra, que se deja perturbar por la historia y que se convierte en fermento de concordia para la humanidad\u00bb.<br>\u00abJuntos, como un solo pueblo, todos hermanos, caminemos hacia Dios y am\u00e9monos unos a otros\u00bb, concluy\u00f3.<br>Despu\u00e9s de recitar la oraci\u00f3n del &#8216;Regina Coeli&#8217; en la Plaza de San Pedro, Le\u00f3n XIV regres\u00f3 a la Bas\u00edlica, donde salud\u00f3 a m\u00e1s de 150 delegaciones representantes de Estados y organizaciones internacionales, as\u00ed como a l\u00edderes cristianos y de otras religiones.<br>(AICA)<\/p>\n\n\n\n<p>Fuente: El Heraldo<\/p>\n","protected":false},"excerpt":{"rendered":"<p>El Papa inici\u00f3 su ministerio petrino con un mensaje de amor y unidad. Asumiendo la intenci\u00f3n de \u00abresponder a las preguntas, preocupaciones y desaf\u00edos de hoy\u00bb. El papa Le\u00f3n XIV afirm\u00f3 hoy que desea una Iglesia \u00abunida\u00bb para responder a los desaf\u00edos que plantean las desigualdades y los conflictos que marcan a la humanidad.\u00abEn nuestro [&hellip;]<\/p>\n","protected":false},"author":3,"featured_media":2738,"comment_status":"open","ping_status":"open","sticky":false,"template":"","format":"standard","meta":{"footnotes":""},"categories":[19],"tags":[],"class_list":{"0":"post-2737","1":"post","2":"type-post","3":"status-publish","4":"format-standard","5":"has-post-thumbnail","7":"category-interes-general"},"yoast_head":"<!-- This site is optimized with the Yoast SEO plugin v27.4 - https:\/\/yoast.com\/product\/yoast-seo-wordpress\/ -->\n<title>Le\u00f3n XIV aboga por una Iglesia unida para construir la paz - Diario del Sur<\/title>\n<meta name=\"robots\" content=\"index, follow, max-snippet:-1, max-image-preview:large, max-video-preview:-1\" \/>\n<link rel=\"canonical\" href=\"https:\/\/diariodelsurdigital.com.ar\/?p=2737\" \/>\n<meta property=\"og:locale\" content=\"es_ES\" \/>\n<meta property=\"og:type\" content=\"article\" \/>\n<meta property=\"og:title\" content=\"Le\u00f3n XIV aboga por una Iglesia unida para construir la paz - Diario del Sur\" \/>\n<meta property=\"og:description\" content=\"El Papa inici\u00f3 su ministerio petrino con un mensaje de amor y unidad. Asumiendo la intenci\u00f3n de \u00abresponder a las preguntas, preocupaciones y desaf\u00edos de hoy\u00bb. El papa Le\u00f3n XIV afirm\u00f3 hoy que desea una Iglesia \u00abunida\u00bb para responder a los desaf\u00edos que plantean las desigualdades y los conflictos que marcan a la humanidad.\u00abEn nuestro [&hellip;]\" \/>\n<meta property=\"og:url\" content=\"https:\/\/diariodelsurdigital.com.ar\/?p=2737\" \/>\n<meta property=\"og:site_name\" content=\"Diario del Sur\" \/>\n<meta property=\"article:published_time\" content=\"2025-05-19T23:53:40+00:00\" \/>\n<meta property=\"article:modified_time\" content=\"2025-05-19T23:53:44+00:00\" \/>\n<meta property=\"og:image\" content=\"https:\/\/diariodelsurdigital.com.ar\/wp-content\/uploads\/2025\/05\/papa_9.jpg\" \/>\n\t<meta property=\"og:image:width\" content=\"1024\" \/>\n\t<meta property=\"og:image:height\" content=\"768\" \/>\n\t<meta property=\"og:image:type\" content=\"image\/jpeg\" \/>\n<meta name=\"author\" content=\"Diario del Sur Digital\" \/>\n<meta name=\"twitter:card\" content=\"summary_large_image\" \/>\n<meta name=\"twitter:label1\" content=\"Escrito por\" \/>\n\t<meta name=\"twitter:data1\" content=\"Diario del Sur Digital\" \/>\n\t<meta name=\"twitter:label2\" content=\"Tiempo de lectura\" \/>\n\t<meta name=\"twitter:data2\" content=\"4 minutos\" \/>\n<script type=\"application\/ld+json\" class=\"yoast-schema-graph\">{\"@context\":\"https:\\\/\\\/schema.org\",\"@graph\":[{\"@type\":\"Article\",\"@id\":\"https:\\\/\\\/diariodelsurdigital.com.ar\\\/?p=2737#article\",\"isPartOf\":{\"@id\":\"https:\\\/\\\/diariodelsurdigital.com.ar\\\/?p=2737\"},\"author\":{\"name\":\"Diario del Sur Digital\",\"@id\":\"https:\\\/\\\/diariodelsurdigital.com.ar\\\/#\\\/schema\\\/person\\\/d794acb23337e88c6e4004a39c32be62\"},\"headline\":\"Le\u00f3n XIV aboga por una Iglesia unida para construir la paz\",\"datePublished\":\"2025-05-19T23:53:40+00:00\",\"dateModified\":\"2025-05-19T23:53:44+00:00\",\"mainEntityOfPage\":{\"@id\":\"https:\\\/\\\/diariodelsurdigital.com.ar\\\/?p=2737\"},\"wordCount\":858,\"commentCount\":0,\"image\":{\"@id\":\"https:\\\/\\\/diariodelsurdigital.com.ar\\\/?p=2737#primaryimage\"},\"thumbnailUrl\":\"https:\\\/\\\/diariodelsurdigital.com.ar\\\/wp-content\\\/uploads\\\/2025\\\/05\\\/papa_9.jpg\",\"articleSection\":[\"Inter\u00e9s General\"],\"inLanguage\":\"es\",\"potentialAction\":[{\"@type\":\"CommentAction\",\"name\":\"Comment\",\"target\":[\"https:\\\/\\\/diariodelsurdigital.com.ar\\\/?p=2737#respond\"]}]},{\"@type\":\"WebPage\",\"@id\":\"https:\\\/\\\/diariodelsurdigital.com.ar\\\/?p=2737\",\"url\":\"https:\\\/\\\/diariodelsurdigital.com.ar\\\/?p=2737\",\"name\":\"Le\u00f3n XIV aboga por una Iglesia unida para construir la paz - Diario del Sur\",\"isPartOf\":{\"@id\":\"https:\\\/\\\/diariodelsurdigital.com.ar\\\/#website\"},\"primaryImageOfPage\":{\"@id\":\"https:\\\/\\\/diariodelsurdigital.com.ar\\\/?p=2737#primaryimage\"},\"image\":{\"@id\":\"https:\\\/\\\/diariodelsurdigital.com.ar\\\/?p=2737#primaryimage\"},\"thumbnailUrl\":\"https:\\\/\\\/diariodelsurdigital.com.ar\\\/wp-content\\\/uploads\\\/2025\\\/05\\\/papa_9.jpg\",\"datePublished\":\"2025-05-19T23:53:40+00:00\",\"dateModified\":\"2025-05-19T23:53:44+00:00\",\"author\":{\"@id\":\"https:\\\/\\\/diariodelsurdigital.com.ar\\\/#\\\/schema\\\/person\\\/d794acb23337e88c6e4004a39c32be62\"},\"breadcrumb\":{\"@id\":\"https:\\\/\\\/diariodelsurdigital.com.ar\\\/?p=2737#breadcrumb\"},\"inLanguage\":\"es\",\"potentialAction\":[{\"@type\":\"ReadAction\",\"target\":[\"https:\\\/\\\/diariodelsurdigital.com.ar\\\/?p=2737\"]}]},{\"@type\":\"ImageObject\",\"inLanguage\":\"es\",\"@id\":\"https:\\\/\\\/diariodelsurdigital.com.ar\\\/?p=2737#primaryimage\",\"url\":\"https:\\\/\\\/diariodelsurdigital.com.ar\\\/wp-content\\\/uploads\\\/2025\\\/05\\\/papa_9.jpg\",\"contentUrl\":\"https:\\\/\\\/diariodelsurdigital.com.ar\\\/wp-content\\\/uploads\\\/2025\\\/05\\\/papa_9.jpg\",\"width\":1024,\"height\":768},{\"@type\":\"BreadcrumbList\",\"@id\":\"https:\\\/\\\/diariodelsurdigital.com.ar\\\/?p=2737#breadcrumb\",\"itemListElement\":[{\"@type\":\"ListItem\",\"position\":1,\"name\":\"Portada\",\"item\":\"https:\\\/\\\/diariodelsurdigital.com.ar\\\/\"},{\"@type\":\"ListItem\",\"position\":2,\"name\":\"Le\u00f3n XIV aboga por una Iglesia unida para construir la paz\"}]},{\"@type\":\"WebSite\",\"@id\":\"https:\\\/\\\/diariodelsurdigital.com.ar\\\/#website\",\"url\":\"https:\\\/\\\/diariodelsurdigital.com.ar\\\/\",\"name\":\"Diario del Sur\",\"description\":\"Digital\",\"potentialAction\":[{\"@type\":\"SearchAction\",\"target\":{\"@type\":\"EntryPoint\",\"urlTemplate\":\"https:\\\/\\\/diariodelsurdigital.com.ar\\\/?s={search_term_string}\"},\"query-input\":{\"@type\":\"PropertyValueSpecification\",\"valueRequired\":true,\"valueName\":\"search_term_string\"}}],\"inLanguage\":\"es\"},{\"@type\":\"Person\",\"@id\":\"https:\\\/\\\/diariodelsurdigital.com.ar\\\/#\\\/schema\\\/person\\\/d794acb23337e88c6e4004a39c32be62\",\"name\":\"Diario del Sur Digital\",\"image\":{\"@type\":\"ImageObject\",\"inLanguage\":\"es\",\"@id\":\"https:\\\/\\\/secure.gravatar.com\\\/avatar\\\/47679bcfa15734cfdefc176b6ad58adeeccac22b2e03e095ada6c622af2b463a?s=96&d=mm&r=g\",\"url\":\"https:\\\/\\\/secure.gravatar.com\\\/avatar\\\/47679bcfa15734cfdefc176b6ad58adeeccac22b2e03e095ada6c622af2b463a?s=96&d=mm&r=g\",\"contentUrl\":\"https:\\\/\\\/secure.gravatar.com\\\/avatar\\\/47679bcfa15734cfdefc176b6ad58adeeccac22b2e03e095ada6c622af2b463a?s=96&d=mm&r=g\",\"caption\":\"Diario del Sur Digital\"},\"url\":\"https:\\\/\\\/diariodelsurdigital.com.ar\\\/?author=3\"}]}<\/script>\n<!-- \/ Yoast SEO plugin. -->","yoast_head_json":{"title":"Le\u00f3n XIV aboga por una Iglesia unida para construir la paz - Diario del Sur","robots":{"index":"index","follow":"follow","max-snippet":"max-snippet:-1","max-image-preview":"max-image-preview:large","max-video-preview":"max-video-preview:-1"},"canonical":"https:\/\/diariodelsurdigital.com.ar\/?p=2737","og_locale":"es_ES","og_type":"article","og_title":"Le\u00f3n XIV aboga por una Iglesia unida para construir la paz - Diario del Sur","og_description":"El Papa inici\u00f3 su ministerio petrino con un mensaje de amor y unidad. Asumiendo la intenci\u00f3n de \u00abresponder a las preguntas, preocupaciones y desaf\u00edos de hoy\u00bb. El papa Le\u00f3n XIV afirm\u00f3 hoy que desea una Iglesia \u00abunida\u00bb para responder a los desaf\u00edos que plantean las desigualdades y los conflictos que marcan a la humanidad.\u00abEn nuestro [&hellip;]","og_url":"https:\/\/diariodelsurdigital.com.ar\/?p=2737","og_site_name":"Diario del Sur","article_published_time":"2025-05-19T23:53:40+00:00","article_modified_time":"2025-05-19T23:53:44+00:00","og_image":[{"width":1024,"height":768,"url":"https:\/\/diariodelsurdigital.com.ar\/wp-content\/uploads\/2025\/05\/papa_9.jpg","type":"image\/jpeg"}],"author":"Diario del Sur Digital","twitter_card":"summary_large_image","twitter_misc":{"Escrito por":"Diario del Sur Digital","Tiempo de lectura":"4 minutos"},"schema":{"@context":"https:\/\/schema.org","@graph":[{"@type":"Article","@id":"https:\/\/diariodelsurdigital.com.ar\/?p=2737#article","isPartOf":{"@id":"https:\/\/diariodelsurdigital.com.ar\/?p=2737"},"author":{"name":"Diario del Sur Digital","@id":"https:\/\/diariodelsurdigital.com.ar\/#\/schema\/person\/d794acb23337e88c6e4004a39c32be62"},"headline":"Le\u00f3n XIV aboga por una Iglesia unida para construir la paz","datePublished":"2025-05-19T23:53:40+00:00","dateModified":"2025-05-19T23:53:44+00:00","mainEntityOfPage":{"@id":"https:\/\/diariodelsurdigital.com.ar\/?p=2737"},"wordCount":858,"commentCount":0,"image":{"@id":"https:\/\/diariodelsurdigital.com.ar\/?p=2737#primaryimage"},"thumbnailUrl":"https:\/\/diariodelsurdigital.com.ar\/wp-content\/uploads\/2025\/05\/papa_9.jpg","articleSection":["Inter\u00e9s General"],"inLanguage":"es","potentialAction":[{"@type":"CommentAction","name":"Comment","target":["https:\/\/diariodelsurdigital.com.ar\/?p=2737#respond"]}]},{"@type":"WebPage","@id":"https:\/\/diariodelsurdigital.com.ar\/?p=2737","url":"https:\/\/diariodelsurdigital.com.ar\/?p=2737","name":"Le\u00f3n XIV aboga por una Iglesia unida para construir la paz - Diario del Sur","isPartOf":{"@id":"https:\/\/diariodelsurdigital.com.ar\/#website"},"primaryImageOfPage":{"@id":"https:\/\/diariodelsurdigital.com.ar\/?p=2737#primaryimage"},"image":{"@id":"https:\/\/diariodelsurdigital.com.ar\/?p=2737#primaryimage"},"thumbnailUrl":"https:\/\/diariodelsurdigital.com.ar\/wp-content\/uploads\/2025\/05\/papa_9.jpg","datePublished":"2025-05-19T23:53:40+00:00","dateModified":"2025-05-19T23:53:44+00:00","author":{"@id":"https:\/\/diariodelsurdigital.com.ar\/#\/schema\/person\/d794acb23337e88c6e4004a39c32be62"},"breadcrumb":{"@id":"https:\/\/diariodelsurdigital.com.ar\/?p=2737#breadcrumb"},"inLanguage":"es","potentialAction":[{"@type":"ReadAction","target":["https:\/\/diariodelsurdigital.com.ar\/?p=2737"]}]},{"@type":"ImageObject","inLanguage":"es","@id":"https:\/\/diariodelsurdigital.com.ar\/?p=2737#primaryimage","url":"https:\/\/diariodelsurdigital.com.ar\/wp-content\/uploads\/2025\/05\/papa_9.jpg","contentUrl":"https:\/\/diariodelsurdigital.com.ar\/wp-content\/uploads\/2025\/05\/papa_9.jpg","width":1024,"height":768},{"@type":"BreadcrumbList","@id":"https:\/\/diariodelsurdigital.com.ar\/?p=2737#breadcrumb","itemListElement":[{"@type":"ListItem","position":1,"name":"Portada","item":"https:\/\/diariodelsurdigital.com.ar\/"},{"@type":"ListItem","position":2,"name":"Le\u00f3n XIV aboga por una Iglesia unida para construir la paz"}]},{"@type":"WebSite","@id":"https:\/\/diariodelsurdigital.com.ar\/#website","url":"https:\/\/diariodelsurdigital.com.ar\/","name":"Diario del Sur","description":"Digital","potentialAction":[{"@type":"SearchAction","target":{"@type":"EntryPoint","urlTemplate":"https:\/\/diariodelsurdigital.com.ar\/?s={search_term_string}"},"query-input":{"@type":"PropertyValueSpecification","valueRequired":true,"valueName":"search_term_string"}}],"inLanguage":"es"},{"@type":"Person","@id":"https:\/\/diariodelsurdigital.com.ar\/#\/schema\/person\/d794acb23337e88c6e4004a39c32be62","name":"Diario del Sur Digital","image":{"@type":"ImageObject","inLanguage":"es","@id":"https:\/\/secure.gravatar.com\/avatar\/47679bcfa15734cfdefc176b6ad58adeeccac22b2e03e095ada6c622af2b463a?s=96&d=mm&r=g","url":"https:\/\/secure.gravatar.com\/avatar\/47679bcfa15734cfdefc176b6ad58adeeccac22b2e03e095ada6c622af2b463a?s=96&d=mm&r=g","contentUrl":"https:\/\/secure.gravatar.com\/avatar\/47679bcfa15734cfdefc176b6ad58adeeccac22b2e03e095ada6c622af2b463a?s=96&d=mm&r=g","caption":"Diario del Sur Digital"},"url":"https:\/\/diariodelsurdigital.com.ar\/?author=3"}]}},"_links":{"self":[{"href":"https:\/\/diariodelsurdigital.com.ar\/index.php?rest_route=\/wp\/v2\/posts\/2737","targetHints":{"allow":["GET"]}}],"collection":[{"href":"https:\/\/diariodelsurdigital.com.ar\/index.php?rest_route=\/wp\/v2\/posts"}],"about":[{"href":"https:\/\/diariodelsurdigital.com.ar\/index.php?rest_route=\/wp\/v2\/types\/post"}],"author":[{"embeddable":true,"href":"https:\/\/diariodelsurdigital.com.ar\/index.php?rest_route=\/wp\/v2\/users\/3"}],"replies":[{"embeddable":true,"href":"https:\/\/diariodelsurdigital.com.ar\/index.php?rest_route=%2Fwp%2Fv2%2Fcomments&post=2737"}],"version-history":[{"count":1,"href":"https:\/\/diariodelsurdigital.com.ar\/index.php?rest_route=\/wp\/v2\/posts\/2737\/revisions"}],"predecessor-version":[{"id":2739,"href":"https:\/\/diariodelsurdigital.com.ar\/index.php?rest_route=\/wp\/v2\/posts\/2737\/revisions\/2739"}],"wp:featuredmedia":[{"embeddable":true,"href":"https:\/\/diariodelsurdigital.com.ar\/index.php?rest_route=\/wp\/v2\/media\/2738"}],"wp:attachment":[{"href":"https:\/\/diariodelsurdigital.com.ar\/index.php?rest_route=%2Fwp%2Fv2%2Fmedia&parent=2737"}],"wp:term":[{"taxonomy":"category","embeddable":true,"href":"https:\/\/diariodelsurdigital.com.ar\/index.php?rest_route=%2Fwp%2Fv2%2Fcategories&post=2737"},{"taxonomy":"post_tag","embeddable":true,"href":"https:\/\/diariodelsurdigital.com.ar\/index.php?rest_route=%2Fwp%2Fv2%2Ftags&post=2737"}],"curies":[{"name":"wp","href":"https:\/\/api.w.org\/{rel}","templated":true}]}}